{"id":101636,"date":"2023-02-09T00:53:25","date_gmt":"2023-02-09T03:53:25","guid":{"rendered":"https:\/\/infoecos.com.ar\/?p=101636"},"modified":"2023-02-11T11:01:30","modified_gmt":"2023-02-11T14:01:30","slug":"101636","status":"publish","type":"post","link":"https:\/\/infoecos.com.ar\/index.php\/101636\/","title":{"rendered":"Triatl\u00f3n en Barrio Alegre: se realizar\u00e1 el domingo 12"},"content":{"rendered":"\n<p>El pr\u00f3ximo domingo 12 habr\u00e1 un Triatl\u00f3n en Barrio Alegre de Trenque Lauquen. La entidad ha dado a conocer los detalles para quienes est\u00e9n interesados en participar y concurrir. <\/p>\n\n\n\n<figure class=\"wp-block-image aligncenter size-large is-resized\"><img loading=\"lazy\" decoding=\"async\" src=\"https:\/\/infoecos.com.ar\/wp-content\/uploads\/pileta-920x690.jpg\" alt=\"\" class=\"wp-image-32344\" width=\"460\" height=\"345\"\/><figcaption class=\"wp-element-caption\">Barrio Alegre natatorio<\/figcaption><\/figure>\n\n\n\n<p><strong>(500 mts en pileta \/ 18 km Rural Bike \/ 6 km pedestrismo)<\/strong><\/p>\n\n\n\n<p><strong>Costo Inscripci\u00f3n:<\/strong><\/p>\n\n\n\n<p>\u00b7&nbsp;&nbsp;&nbsp;&nbsp;&nbsp;&nbsp;&nbsp;&nbsp;&nbsp;Individual $1.500.-<\/p>\n\n\n\n<p>\u00b7&nbsp;&nbsp;&nbsp;&nbsp;&nbsp;&nbsp;&nbsp;&nbsp;&nbsp;Equipos: $4.500.-<\/p>\n\n\n\n<p>\u00b7&nbsp;&nbsp;&nbsp;&nbsp;&nbsp;&nbsp;&nbsp;&nbsp;&nbsp;Equipo: Si el nadador corre individual: $4.000.-<\/p>\n\n\n\n<p><strong>Acreditaci\u00f3n: S\u00e1bado 11 de 17 a 20 hs y domingo de 8 a 9 hs<\/strong><\/p>\n\n\n\n<p>Largada primera serie de nataci\u00f3n: 9:00 hs<\/p>\n\n\n\n<p>Una vez finalizada la nataci\u00f3n, largan los ciclistas de acuerdo al tiempo de nataci\u00f3n.<\/p>\n\n\n\n<p><strong>Modalidad Individual (F\/M) \/ Equipos (F\/M\/Mix)<\/strong><\/p>\n\n\n\n<p>Categor\u00eda Equipos (Femenino, Masculino)<\/p>\n\n\n\n<p>A &#8211; Hasta 19 a\u00f1os<\/p>\n\n\n\n<p>B &#8211; 20 a 29<\/p>\n\n\n\n<p>C &#8211; 30 a 39<\/p>\n\n\n\n<p>D &#8211; 40 a 49<\/p>\n\n\n\n<p>E &#8211; 50 a 59<\/p>\n\n\n\n<p>F &#8211; 60 en adelante<\/p>\n\n\n\n<p>(La categor\u00eda se define por el promedio de edades).<\/p>\n\n\n\n<p><strong>Categor\u00eda Equipos (Mixto)<\/strong><\/p>\n\n\n\n<p>A &#8211; Hasta 29 a\u00f1os<\/p>\n\n\n\n<p>B &#8211; 30 a 49<\/p>\n\n\n\n<p>C &#8211; 50 en adelante<\/p>\n\n\n\n<p>(La categor\u00eda se define por el promedio de edades).<\/p>\n\n\n\n<p><strong>Categor\u00eda Individual (Femenino y Masculino)<\/strong><\/p>\n\n\n\n<p>A &#8211; Hasta 19 a\u00f1os<\/p>\n\n\n\n<p>B &#8211; 20 a 29 a\u00f1os<\/p>\n\n\n\n<p>C &#8211; 30 a 39 a\u00f1os<\/p>\n\n\n\n<p>D &#8211; 40 a 49 a\u00f1os<\/p>\n\n\n\n<p>E &#8211; 50 a 59 a\u00f1os<\/p>\n\n\n\n<p>F &#8211; 60 en adelante<\/p>\n\n\n\n<p>Inscripciones en:&nbsp;<a href=\"https:\/\/forms.gle\/9kaRXiBUuX9XvxNU6\" target=\"_blank\" rel=\"noreferrer noopener\">https:\/\/forms.gle\/9kaRXiBUuX9XvxNU6<\/a><\/p>\n\n\n\n<p>\u00b7&nbsp;&nbsp;&nbsp;&nbsp;&nbsp;&nbsp;&nbsp;&nbsp;&nbsp;<strong>Premiaci\u00f3n a los tres primeros de la general y de cada categor\u00eda.<\/strong><\/p>\n\n\n\n<p>\u00b7&nbsp;&nbsp;&nbsp;&nbsp;&nbsp;&nbsp;&nbsp;&nbsp;&nbsp;Solicitamos tiempo aproximado de nataci\u00f3n, para armar las series m\u00e1s parejas. Primero nadan los individuales, despu\u00e9s los nadadores de los equipos.<\/p>\n\n\n\n<p>\u00b7&nbsp;&nbsp;&nbsp;&nbsp;&nbsp;&nbsp;&nbsp;&nbsp;&nbsp;Un mismo deportista puede hacer dos disciplinas (Paga una inscripci\u00f3n).<\/p>\n\n\n\n<p>\u00b7&nbsp;&nbsp;&nbsp;&nbsp;&nbsp;&nbsp;&nbsp;&nbsp;&nbsp;Un nadador de un equipo, puede participar tambi\u00e9n de forma individual.<\/p>\n\n\n\n<p>\u00b7&nbsp;&nbsp;&nbsp;&nbsp;&nbsp;&nbsp;&nbsp;&nbsp;&nbsp;No se permite traje de neoprene.<\/p>\n\n\n\n<p><strong>Contacto: 2392-460135 (Ruben) \/ 2392-633076 (Germ\u00e1n)<\/strong><\/p>\n","protected":false},"excerpt":{"rendered":"<p>La primera de las pruebas se largar\u00e1 a las 9 horas<\/p>\n","protected":false},"author":2,"featured_media":29199,"comment_status":"closed","ping_status":"open","sticky":false,"template":"","format":"standard","meta":{"footnotes":""},"categories":[198],"tags":[7292],"class_list":["post-101636","post","type-post","status-publish","format-standard","has-post-thumbnail","hentry","category-c1nota5","tag-los-detalles-de-la-realizacion"],"yoast_head":"<!-- This site is optimized with the Yoast SEO plugin v23.4 - https:\/\/yoast.com\/wordpress\/plugins\/seo\/ -->\n<title>Triatl\u00f3n en Barrio Alegre: se realizar\u00e1 el domingo 12 - Infoecos<\/title>\n<meta name=\"robots\" content=\"index, follow, max-snippet:-1, max-image-preview:large, max-video-preview:-1\" \/>\n<link rel=\"canonical\" href=\"https:\/\/infoecos.com.ar\/index.php\/101636\/\" \/>\n<meta property=\"og:locale\" content=\"es_ES\" \/>\n<meta property=\"og:type\" content=\"article\" \/>\n<meta property=\"og:title\" content=\"Triatl\u00f3n en Barrio Alegre: se realizar\u00e1 el domingo 12 - Infoecos\" \/>\n<meta property=\"og:description\" content=\"La primera de las pruebas se largar\u00e1 a las 9 horas\" \/>\n<meta property=\"og:url\" content=\"https:\/\/infoecos.com.ar\/index.php\/101636\/\" \/>\n<meta property=\"og:site_name\" content=\"Infoecos\" \/>\n<meta property=\"article:publisher\" content=\"https:\/\/www.facebook.com\/profile.php?id=100063200290284\" \/>\n<meta property=\"article:published_time\" content=\"2023-02-09T03:53:25+00:00\" \/>\n<meta property=\"article:modified_time\" content=\"2023-02-11T14:01:30+00:00\" \/>\n<meta property=\"og:image\" content=\"https:\/\/infoecos.com.ar\/wp-content\/uploads\/8bd744b2a17fa85ced7cd16e6d96645126072016150736n.jpg\" \/>\n\t<meta property=\"og:image:width\" content=\"500\" \/>\n\t<meta property=\"og:image:height\" content=\"500\" \/>\n\t<meta property=\"og:image:type\" content=\"image\/jpeg\" \/>\n<meta name=\"author\" content=\"Jorge Matheus\" \/>\n<meta name=\"twitter:card\" content=\"summary_large_image\" \/>\n<meta name=\"twitter:creator\" content=\"@infoecos\" \/>\n<meta name=\"twitter:site\" content=\"@infoecos\" \/>\n<meta name=\"twitter:label1\" content=\"Escrito por\" \/>\n\t<meta name=\"twitter:data1\" content=\"Jorge Matheus\" \/>\n\t<meta name=\"twitter:label2\" content=\"Tiempo de lectura\" \/>\n\t<meta name=\"twitter:data2\" content=\"2 minutos\" \/>\n<script type=\"application\/ld+json\" class=\"yoast-schema-graph\">{\"@context\":\"https:\/\/schema.org\",\"@graph\":[{\"@type\":\"Article\",\"@id\":\"https:\/\/infoecos.com.ar\/index.php\/101636\/#article\",\"isPartOf\":{\"@id\":\"https:\/\/infoecos.com.ar\/index.php\/101636\/\"},\"author\":{\"name\":\"Jorge Matheus\",\"@id\":\"https:\/\/infoecos.com.ar\/#\/schema\/person\/8f5ace5ce73b4b4aac4b7245aee6f191\"},\"headline\":\"Triatl\u00f3n en Barrio Alegre: se realizar\u00e1 el domingo 12\",\"datePublished\":\"2023-02-09T03:53:25+00:00\",\"dateModified\":\"2023-02-11T14:01:30+00:00\",\"mainEntityOfPage\":{\"@id\":\"https:\/\/infoecos.com.ar\/index.php\/101636\/\"},\"wordCount\":358,\"publisher\":{\"@id\":\"https:\/\/infoecos.com.ar\/#organization\"},\"image\":{\"@id\":\"https:\/\/infoecos.com.ar\/index.php\/101636\/#primaryimage\"},\"thumbnailUrl\":\"\",\"keywords\":[\"LOS DETALLES DE LA REALIZACI\u00d3N\"],\"articleSection\":[\"C1 nota 5\"],\"inLanguage\":\"es\"},{\"@type\":\"WebPage\",\"@id\":\"https:\/\/infoecos.com.ar\/index.php\/101636\/\",\"url\":\"https:\/\/infoecos.com.ar\/index.php\/101636\/\",\"name\":\"Triatl\u00f3n en Barrio Alegre: se realizar\u00e1 el domingo 12 - Infoecos\",\"isPartOf\":{\"@id\":\"https:\/\/infoecos.com.ar\/#website\"},\"primaryImageOfPage\":{\"@id\":\"https:\/\/infoecos.com.ar\/index.php\/101636\/#primaryimage\"},\"image\":{\"@id\":\"https:\/\/infoecos.com.ar\/index.php\/101636\/#primaryimage\"},\"thumbnailUrl\":\"\",\"datePublished\":\"2023-02-09T03:53:25+00:00\",\"dateModified\":\"2023-02-11T14:01:30+00:00\",\"breadcrumb\":{\"@id\":\"https:\/\/infoecos.com.ar\/index.php\/101636\/#breadcrumb\"},\"inLanguage\":\"es\",\"potentialAction\":[{\"@type\":\"ReadAction\",\"target\":[\"https:\/\/infoecos.com.ar\/index.php\/101636\/\"]}]},{\"@type\":\"ImageObject\",\"inLanguage\":\"es\",\"@id\":\"https:\/\/infoecos.com.ar\/index.php\/101636\/#primaryimage\",\"url\":\"\",\"contentUrl\":\"\"},{\"@type\":\"BreadcrumbList\",\"@id\":\"https:\/\/infoecos.com.ar\/index.php\/101636\/#breadcrumb\",\"itemListElement\":[{\"@type\":\"ListItem\",\"position\":1,\"name\":\"Portada\",\"item\":\"https:\/\/infoecos.com.ar\/\"},{\"@type\":\"ListItem\",\"position\":2,\"name\":\"Triatl\u00f3n en Barrio Alegre: se realizar\u00e1 el domingo 12\"}]},{\"@type\":\"WebSite\",\"@id\":\"https:\/\/infoecos.com.ar\/#website\",\"url\":\"https:\/\/infoecos.com.ar\/\",\"name\":\"Infoecos\",\"description\":\"Noticias de trenque lauquen y la zona\",\"publisher\":{\"@id\":\"https:\/\/infoecos.com.ar\/#organization\"},\"alternateName\":\"Noticias\",\"potentialAction\":[{\"@type\":\"SearchAction\",\"target\":{\"@type\":\"EntryPoint\",\"urlTemplate\":\"https:\/\/infoecos.com.ar\/?s={search_term_string}\"},\"query-input\":{\"@type\":\"PropertyValueSpecification\",\"valueRequired\":true,\"valueName\":\"search_term_string\"}}],\"inLanguage\":\"es\"},{\"@type\":\"Organization\",\"@id\":\"https:\/\/infoecos.com.ar\/#organization\",\"name\":\"Infoecos\",\"alternateName\":\"Noticias\",\"url\":\"https:\/\/infoecos.com.ar\/\",\"logo\":{\"@type\":\"ImageObject\",\"inLanguage\":\"es\",\"@id\":\"https:\/\/infoecos.com.ar\/#\/schema\/logo\/image\/\",\"url\":\"https:\/\/infoecos.com.ar\/wp-content\/uploads\/2024\/03\/cropped-logo.png\",\"contentUrl\":\"https:\/\/infoecos.com.ar\/wp-content\/uploads\/2024\/03\/cropped-logo.png\",\"width\":374,\"height\":90,\"caption\":\"Infoecos\"},\"image\":{\"@id\":\"https:\/\/infoecos.com.ar\/#\/schema\/logo\/image\/\"},\"sameAs\":[\"https:\/\/www.facebook.com\/profile.php?id=100063200290284\",\"https:\/\/x.com\/infoecos\"]},{\"@type\":\"Person\",\"@id\":\"https:\/\/infoecos.com.ar\/#\/schema\/person\/8f5ace5ce73b4b4aac4b7245aee6f191\",\"name\":\"Jorge Matheus\",\"url\":\"https:\/\/infoecos.com.ar\/index.php\/author\/jomatheus\/\"}]}<\/script>\n<!-- \/ Yoast SEO plugin. -->","yoast_head_json":{"title":"Triatl\u00f3n en Barrio Alegre: se realizar\u00e1 el domingo 12 - Infoecos","robots":{"index":"index","follow":"follow","max-snippet":"max-snippet:-1","max-image-preview":"max-image-preview:large","max-video-preview":"max-video-preview:-1"},"canonical":"https:\/\/infoecos.com.ar\/index.php\/101636\/","og_locale":"es_ES","og_type":"article","og_title":"Triatl\u00f3n en Barrio Alegre: se realizar\u00e1 el domingo 12 - Infoecos","og_description":"La primera de las pruebas se largar\u00e1 a las 9 horas","og_url":"https:\/\/infoecos.com.ar\/index.php\/101636\/","og_site_name":"Infoecos","article_publisher":"https:\/\/www.facebook.com\/profile.php?id=100063200290284","article_published_time":"2023-02-09T03:53:25+00:00","article_modified_time":"2023-02-11T14:01:30+00:00","og_image":[{"width":500,"height":500,"url":"https:\/\/infoecos.com.ar\/wp-content\/uploads\/8bd744b2a17fa85ced7cd16e6d96645126072016150736n.jpg","type":"image\/jpeg"}],"author":"Jorge Matheus","twitter_card":"summary_large_image","twitter_creator":"@infoecos","twitter_site":"@infoecos","twitter_misc":{"Escrito por":"Jorge Matheus","Tiempo de lectura":"2 minutos"},"schema":{"@context":"https:\/\/schema.org","@graph":[{"@type":"Article","@id":"https:\/\/infoecos.com.ar\/index.php\/101636\/#article","isPartOf":{"@id":"https:\/\/infoecos.com.ar\/index.php\/101636\/"},"author":{"name":"Jorge Matheus","@id":"https:\/\/infoecos.com.ar\/#\/schema\/person\/8f5ace5ce73b4b4aac4b7245aee6f191"},"headline":"Triatl\u00f3n en Barrio Alegre: se realizar\u00e1 el domingo 12","datePublished":"2023-02-09T03:53:25+00:00","dateModified":"2023-02-11T14:01:30+00:00","mainEntityOfPage":{"@id":"https:\/\/infoecos.com.ar\/index.php\/101636\/"},"wordCount":358,"publisher":{"@id":"https:\/\/infoecos.com.ar\/#organization"},"image":{"@id":"https:\/\/infoecos.com.ar\/index.php\/101636\/#primaryimage"},"thumbnailUrl":"","keywords":["LOS DETALLES DE LA REALIZACI\u00d3N"],"articleSection":["C1 nota 5"],"inLanguage":"es"},{"@type":"WebPage","@id":"https:\/\/infoecos.com.ar\/index.php\/101636\/","url":"https:\/\/infoecos.com.ar\/index.php\/101636\/","name":"Triatl\u00f3n en Barrio Alegre: se realizar\u00e1 el domingo 12 - Infoecos","isPartOf":{"@id":"https:\/\/infoecos.com.ar\/#website"},"primaryImageOfPage":{"@id":"https:\/\/infoecos.com.ar\/index.php\/101636\/#primaryimage"},"image":{"@id":"https:\/\/infoecos.com.ar\/index.php\/101636\/#primaryimage"},"thumbnailUrl":"","datePublished":"2023-02-09T03:53:25+00:00","dateModified":"2023-02-11T14:01:30+00:00","breadcrumb":{"@id":"https:\/\/infoecos.com.ar\/index.php\/101636\/#breadcrumb"},"inLanguage":"es","potentialAction":[{"@type":"ReadAction","target":["https:\/\/infoecos.com.ar\/index.php\/101636\/"]}]},{"@type":"ImageObject","inLanguage":"es","@id":"https:\/\/infoecos.com.ar\/index.php\/101636\/#primaryimage","url":"","contentUrl":""},{"@type":"BreadcrumbList","@id":"https:\/\/infoecos.com.ar\/index.php\/101636\/#breadcrumb","itemListElement":[{"@type":"ListItem","position":1,"name":"Portada","item":"https:\/\/infoecos.com.ar\/"},{"@type":"ListItem","position":2,"name":"Triatl\u00f3n en Barrio Alegre: se realizar\u00e1 el domingo 12"}]},{"@type":"WebSite","@id":"https:\/\/infoecos.com.ar\/#website","url":"https:\/\/infoecos.com.ar\/","name":"Infoecos","description":"Noticias de trenque lauquen y la zona","publisher":{"@id":"https:\/\/infoecos.com.ar\/#organization"},"alternateName":"Noticias","potentialAction":[{"@type":"SearchAction","target":{"@type":"EntryPoint","urlTemplate":"https:\/\/infoecos.com.ar\/?s={search_term_string}"},"query-input":{"@type":"PropertyValueSpecification","valueRequired":true,"valueName":"search_term_string"}}],"inLanguage":"es"},{"@type":"Organization","@id":"https:\/\/infoecos.com.ar\/#organization","name":"Infoecos","alternateName":"Noticias","url":"https:\/\/infoecos.com.ar\/","logo":{"@type":"ImageObject","inLanguage":"es","@id":"https:\/\/infoecos.com.ar\/#\/schema\/logo\/image\/","url":"https:\/\/infoecos.com.ar\/wp-content\/uploads\/2024\/03\/cropped-logo.png","contentUrl":"https:\/\/infoecos.com.ar\/wp-content\/uploads\/2024\/03\/cropped-logo.png","width":374,"height":90,"caption":"Infoecos"},"image":{"@id":"https:\/\/infoecos.com.ar\/#\/schema\/logo\/image\/"},"sameAs":["https:\/\/www.facebook.com\/profile.php?id=100063200290284","https:\/\/x.com\/infoecos"]},{"@type":"Person","@id":"https:\/\/infoecos.com.ar\/#\/schema\/person\/8f5ace5ce73b4b4aac4b7245aee6f191","name":"Jorge Matheus","url":"https:\/\/infoecos.com.ar\/index.php\/author\/jomatheus\/"}]}},"featured_image_urls":{"full":"","thumbnail":"","medium":"","medium_large":"","large":"","1536x1536":"","2048x2048":"","covernews-slider-full":"","covernews-slider-center":"","covernews-featured":"","covernews-medium":"","covernews-medium-square":""},"author_info":{"info":["Jorge Matheus"]},"category_info":"<a href=\"https:\/\/infoecos.com.ar\/index.php\/category\/c1nota5\/\" rel=\"category tag\">C1 nota 5<\/a>","tag_info":"C1 nota 5","comment_count":"0","_links":{"self":[{"href":"https:\/\/infoecos.com.ar\/index.php\/wp-json\/wp\/v2\/posts\/101636"}],"collection":[{"href":"https:\/\/infoecos.com.ar\/index.php\/wp-json\/wp\/v2\/posts"}],"about":[{"href":"https:\/\/infoecos.com.ar\/index.php\/wp-json\/wp\/v2\/types\/post"}],"author":[{"embeddable":true,"href":"https:\/\/infoecos.com.ar\/index.php\/wp-json\/wp\/v2\/users\/2"}],"replies":[{"embeddable":true,"href":"https:\/\/infoecos.com.ar\/index.php\/wp-json\/wp\/v2\/comments?post=101636"}],"version-history":[{"count":2,"href":"https:\/\/infoecos.com.ar\/index.php\/wp-json\/wp\/v2\/posts\/101636\/revisions"}],"predecessor-version":[{"id":101647,"href":"https:\/\/infoecos.com.ar\/index.php\/wp-json\/wp\/v2\/posts\/101636\/revisions\/101647"}],"wp:featuredmedia":[{"embeddable":true,"href":"https:\/\/infoecos.com.ar\/index.php\/wp-json\/"}],"wp:attachment":[{"href":"https:\/\/infoecos.com.ar\/index.php\/wp-json\/wp\/v2\/media?parent=101636"}],"wp:term":[{"taxonomy":"category","embeddable":true,"href":"https:\/\/infoecos.com.ar\/index.php\/wp-json\/wp\/v2\/categories?post=101636"},{"taxonomy":"post_tag","embeddable":true,"href":"https:\/\/infoecos.com.ar\/index.php\/wp-json\/wp\/v2\/tags?post=101636"}],"curies":[{"name":"wp","href":"https:\/\/api.w.org\/{rel}","templated":true}]}}