{"id":101681,"date":"2023-02-09T13:16:30","date_gmt":"2023-02-09T16:16:30","guid":{"rendered":"https:\/\/infoecos.com.ar\/?p=101681"},"modified":"2023-02-10T03:46:48","modified_gmt":"2023-02-10T06:46:48","slug":"se-modificaria-la-condena-a-perpetua-de-asesinos-del-joven-de-pehuajo-char-pavon","status":"publish","type":"post","link":"https:\/\/infoecos.com.ar\/index.php\/se-modificaria-la-condena-a-perpetua-de-asesinos-del-joven-de-pehuajo-char-pavon\/","title":{"rendered":"Se modificar\u00eda la condena a perpetua de asesinos del joven de Pehuaj\u00f3, \u00abChar\u00bb Pav\u00f3n"},"content":{"rendered":"\n<p>La C\u00e1mara de Casaci\u00f3n habr\u00eda hecho lugar a una solicitud de quienes fueron condenados a cadena perpetua por el asesinato del joven pehuajense, Carlos \u00abChar\u00bb Pav\u00f3n, ocurrido en octubre del 2018. El joven fue asesinado a golpes a la salida de una fiesta que se desarroll\u00f3 en el Sindicato de Trabajadores Municipales de Pehuaj\u00f3. <\/p>\n\n\n\n<figure class=\"wp-block-image aligncenter size-full\"><img loading=\"lazy\" decoding=\"async\" width=\"620\" height=\"350\" src=\"https:\/\/infoecos.com.ar\/wp-content\/uploads\/2023\/02\/pavonchar.jpg\" alt=\"\" class=\"wp-image-101682\"\/><\/figure>\n\n\n\n<p>La causa que se origin\u00f3 fue sustanciada en los tribunales de Trenque Lauquen. El fiscal, Teodoro Ruiz Schenstr\u00f6m hab\u00eda pedido para los imputados Lucas Ahumada y Tom\u00e1s M\u00e9ndez, prisi\u00f3n perpetua por homicidio calificado por alevos\u00eda, agravado por la intervenci\u00f3n de menores de edad. En el mismo sentido se hab\u00eda expedido el abogado de la familia del particular damnificado, Pedro Goldenberg. Mientras que los abogados defensores de Ahumada, Alejandro Meireles y Valeria Cardozo, solicitaron que se absuelva al imputado, y subsidiariamente homicidio preterintencional.&nbsp; En tanto el letrado Ra\u00fal Murgia, defensor de M\u00e9ndez pidi\u00f3 que se califique como homicidio preterintencional, y subsidiariamente como homicidio simple.<\/p>\n\n\n\n<p>La decisi\u00f3n de aplicar prisi\u00f3n perpetua fue del Tribunal Oral y Criminal N\u00b01 del Departamento Judicial Trenque Lauquen, a cargo de los jueces Mar\u00eda Gabriela Mart\u00ednez, Horacio Marcelo Centeno y Pedro Alejandro Guti\u00e9rrez.<\/p>\n\n\n\n<p>Por el asesinato de Pav\u00f3n, ocurrido el 6 de octubre de 2018, fueron detenidos cuatro j\u00f3venes de Pehuaj\u00f3. Dos, que, en el momento del hecho, eran menores de edad, y ya fueron condenados. De esta resoluci\u00f3n que tuvo lugar en mayo del 2019, se pudo saber que uno de los imputados recibi\u00f3 una pena de 9 a\u00f1os, mientras que, del otro joven, se dio a conocer que era culpable del delito, pero no la pena a cumplir.<\/p>\n\n\n\n<figure class=\"wp-block-image aligncenter size-full is-resized\"><img loading=\"lazy\" decoding=\"async\" src=\"https:\/\/infoecos.com.ar\/wp-content\/uploads\/2023\/02\/juiciopehuajo.jpg\" alt=\"\" class=\"wp-image-101683\" width=\"616\" height=\"463\"\/><figcaption class=\"wp-element-caption\">2019 &#8211; D\u00eda en que se conoci\u00f3 la cadena a perpetua<\/figcaption><\/figure>\n\n\n\n<p>Estela Lusetti, t\u00eda de Char Pav\u00f3n, inform\u00f3 que el pasado 29 de diciembre recibieron la informaci\u00f3n por parte de la C\u00e1mara de Casaci\u00f3n, de que la condena para los asesinos del joven se va a reducir, porque revisaron el fallo y entendieron que se trata de un homicidio simple y que no corresponde perpetua, por lo que tuvieron que aguardar que termine la feria judicial para interiorizarse sobre el tema. \u201cViaj\u00e9 a Trenque Lauquen y me comuniqu\u00e9 con La Plata porque esto me parece una falta de respeto a la familia, a nuestro defensor, a la Fiscal\u00eda y a los jueces que dictaron perpetua\u201d, se\u00f1al\u00f3, para agregar que estuvo en contacto con la C\u00e1mara de Apelaciones, y le solicitaron informaci\u00f3n sobre la causa, para brindarle una informaci\u00f3n m\u00e1s certera, pero dejando entrever que no hab\u00eda un cambio.<\/p>\n\n\n\n<p>Estela indic\u00f3 que mantendr\u00e1 una reuni\u00f3n con el defensor y seguir\u00e1 reclamando porque se mantenga la primera decisi\u00f3n de la Justicia, porque corresponde dada la forma en que asesinaron a Char. Dijo que integra un grupo de familiares de v\u00edctimas junto a gente relacionada con Fernando B\u00e1ez Sosa, y anticip\u00f3 que buscar\u00e1n un contacto con Fernando Burlando, porque los hechos son pr\u00e1cticamente iguales. \u201cNo pude mirar nada del juicio de Fernando, porque esto para nosotros es revivir todo, es como volver a empezar de cero\u201d dijo.<\/p>\n","protected":false},"excerpt":{"rendered":"<p>La causa que se origin\u00f3 fue sustanciada en los tribunales de Trenque Lauquen. El fiscal, Teodoro Ruiz Schenstr\u00f6m hab\u00eda pedido para los imputados Lucas Ahumada y Tom\u00e1s M\u00e9ndez, prisi\u00f3n perpetua por homicidio calificado por alevos\u00eda, agravado por la intervenci\u00f3n de menores de edad<\/p>\n","protected":false},"author":2,"featured_media":101682,"comment_status":"closed","ping_status":"open","sticky":false,"template":"","format":"standard","meta":{"footnotes":""},"categories":[28],"tags":[7300],"class_list":["post-101681","post","type-post","status-publish","format-standard","has-post-thumbnail","hentry","category-c1nota1","tag-lo-habria-resuelto-casacion"],"yoast_head":"<!-- This site is optimized with the Yoast SEO plugin v23.4 - https:\/\/yoast.com\/wordpress\/plugins\/seo\/ -->\n<title>Se modificar\u00eda la condena a perpetua de asesinos del joven de Pehuaj\u00f3, &quot;Char&quot; Pav\u00f3n - Infoecos<\/title>\n<meta name=\"robots\" content=\"index, follow, max-snippet:-1, max-image-preview:large, max-video-preview:-1\" \/>\n<link rel=\"canonical\" href=\"https:\/\/infoecos.com.ar\/index.php\/se-modificaria-la-condena-a-perpetua-de-asesinos-del-joven-de-pehuajo-char-pavon\/\" \/>\n<meta property=\"og:locale\" content=\"es_ES\" \/>\n<meta property=\"og:type\" content=\"article\" \/>\n<meta property=\"og:title\" content=\"Se modificar\u00eda la condena a perpetua de asesinos del joven de Pehuaj\u00f3, &quot;Char&quot; Pav\u00f3n - Infoecos\" \/>\n<meta property=\"og:description\" content=\"La causa que se origin\u00f3 fue sustanciada en los tribunales de Trenque Lauquen. El fiscal, Teodoro Ruiz Schenstr\u00f6m hab\u00eda pedido para los imputados Lucas Ahumada y Tom\u00e1s M\u00e9ndez, prisi\u00f3n perpetua por homicidio calificado por alevos\u00eda, agravado por la intervenci\u00f3n de menores de edad\" \/>\n<meta property=\"og:url\" content=\"https:\/\/infoecos.com.ar\/index.php\/se-modificaria-la-condena-a-perpetua-de-asesinos-del-joven-de-pehuajo-char-pavon\/\" \/>\n<meta property=\"og:site_name\" content=\"Infoecos\" \/>\n<meta property=\"article:publisher\" content=\"https:\/\/www.facebook.com\/profile.php?id=100063200290284\" \/>\n<meta property=\"article:published_time\" content=\"2023-02-09T16:16:30+00:00\" \/>\n<meta property=\"article:modified_time\" content=\"2023-02-10T06:46:48+00:00\" \/>\n<meta property=\"og:image\" content=\"https:\/\/infoecos.com.ar\/wp-content\/uploads\/2023\/02\/pavonchar.jpg\" \/>\n\t<meta property=\"og:image:width\" content=\"620\" \/>\n\t<meta property=\"og:image:height\" content=\"350\" \/>\n\t<meta property=\"og:image:type\" content=\"image\/jpeg\" \/>\n<meta name=\"author\" content=\"Jorge Matheus\" \/>\n<meta name=\"twitter:card\" content=\"summary_large_image\" \/>\n<meta name=\"twitter:creator\" content=\"@infoecos\" \/>\n<meta name=\"twitter:site\" content=\"@infoecos\" \/>\n<meta name=\"twitter:label1\" content=\"Escrito por\" \/>\n\t<meta name=\"twitter:data1\" content=\"Jorge Matheus\" \/>\n\t<meta name=\"twitter:label2\" content=\"Tiempo de lectura\" \/>\n\t<meta name=\"twitter:data2\" content=\"3 minutos\" \/>\n<script type=\"application\/ld+json\" class=\"yoast-schema-graph\">{\"@context\":\"https:\/\/schema.org\",\"@graph\":[{\"@type\":\"Article\",\"@id\":\"https:\/\/infoecos.com.ar\/index.php\/se-modificaria-la-condena-a-perpetua-de-asesinos-del-joven-de-pehuajo-char-pavon\/#article\",\"isPartOf\":{\"@id\":\"https:\/\/infoecos.com.ar\/index.php\/se-modificaria-la-condena-a-perpetua-de-asesinos-del-joven-de-pehuajo-char-pavon\/\"},\"author\":{\"name\":\"Jorge Matheus\",\"@id\":\"https:\/\/infoecos.com.ar\/#\/schema\/person\/8f5ace5ce73b4b4aac4b7245aee6f191\"},\"headline\":\"Se modificar\u00eda la condena a perpetua de asesinos del joven de Pehuaj\u00f3, \u00abChar\u00bb Pav\u00f3n\",\"datePublished\":\"2023-02-09T16:16:30+00:00\",\"dateModified\":\"2023-02-10T06:46:48+00:00\",\"mainEntityOfPage\":{\"@id\":\"https:\/\/infoecos.com.ar\/index.php\/se-modificaria-la-condena-a-perpetua-de-asesinos-del-joven-de-pehuajo-char-pavon\/\"},\"wordCount\":553,\"publisher\":{\"@id\":\"https:\/\/infoecos.com.ar\/#organization\"},\"image\":{\"@id\":\"https:\/\/infoecos.com.ar\/index.php\/se-modificaria-la-condena-a-perpetua-de-asesinos-del-joven-de-pehuajo-char-pavon\/#primaryimage\"},\"thumbnailUrl\":\"https:\/\/infoecos.com.ar\/wp-content\/uploads\/2023\/02\/pavonchar.jpg\",\"keywords\":[\"LO HABR\u00cdA RESUELTO CASACI\u00d3N\"],\"articleSection\":[\"C1 N1\"],\"inLanguage\":\"es\"},{\"@type\":\"WebPage\",\"@id\":\"https:\/\/infoecos.com.ar\/index.php\/se-modificaria-la-condena-a-perpetua-de-asesinos-del-joven-de-pehuajo-char-pavon\/\",\"url\":\"https:\/\/infoecos.com.ar\/index.php\/se-modificaria-la-condena-a-perpetua-de-asesinos-del-joven-de-pehuajo-char-pavon\/\",\"name\":\"Se modificar\u00eda la condena a perpetua de asesinos del joven de Pehuaj\u00f3, \\\"Char\\\" Pav\u00f3n - Infoecos\",\"isPartOf\":{\"@id\":\"https:\/\/infoecos.com.ar\/#website\"},\"primaryImageOfPage\":{\"@id\":\"https:\/\/infoecos.com.ar\/index.php\/se-modificaria-la-condena-a-perpetua-de-asesinos-del-joven-de-pehuajo-char-pavon\/#primaryimage\"},\"image\":{\"@id\":\"https:\/\/infoecos.com.ar\/index.php\/se-modificaria-la-condena-a-perpetua-de-asesinos-del-joven-de-pehuajo-char-pavon\/#primaryimage\"},\"thumbnailUrl\":\"https:\/\/infoecos.com.ar\/wp-content\/uploads\/2023\/02\/pavonchar.jpg\",\"datePublished\":\"2023-02-09T16:16:30+00:00\",\"dateModified\":\"2023-02-10T06:46:48+00:00\",\"breadcrumb\":{\"@id\":\"https:\/\/infoecos.com.ar\/index.php\/se-modificaria-la-condena-a-perpetua-de-asesinos-del-joven-de-pehuajo-char-pavon\/#breadcrumb\"},\"inLanguage\":\"es\",\"potentialAction\":[{\"@type\":\"ReadAction\",\"target\":[\"https:\/\/infoecos.com.ar\/index.php\/se-modificaria-la-condena-a-perpetua-de-asesinos-del-joven-de-pehuajo-char-pavon\/\"]}]},{\"@type\":\"ImageObject\",\"inLanguage\":\"es\",\"@id\":\"https:\/\/infoecos.com.ar\/index.php\/se-modificaria-la-condena-a-perpetua-de-asesinos-del-joven-de-pehuajo-char-pavon\/#primaryimage\",\"url\":\"https:\/\/infoecos.com.ar\/wp-content\/uploads\/2023\/02\/pavonchar.jpg\",\"contentUrl\":\"https:\/\/infoecos.com.ar\/wp-content\/uploads\/2023\/02\/pavonchar.jpg\",\"width\":620,\"height\":350},{\"@type\":\"BreadcrumbList\",\"@id\":\"https:\/\/infoecos.com.ar\/index.php\/se-modificaria-la-condena-a-perpetua-de-asesinos-del-joven-de-pehuajo-char-pavon\/#breadcrumb\",\"itemListElement\":[{\"@type\":\"ListItem\",\"position\":1,\"name\":\"Portada\",\"item\":\"https:\/\/infoecos.com.ar\/\"},{\"@type\":\"ListItem\",\"position\":2,\"name\":\"Se modificar\u00eda la condena a perpetua de asesinos del joven de Pehuaj\u00f3, \u00abChar\u00bb Pav\u00f3n\"}]},{\"@type\":\"WebSite\",\"@id\":\"https:\/\/infoecos.com.ar\/#website\",\"url\":\"https:\/\/infoecos.com.ar\/\",\"name\":\"Infoecos\",\"description\":\"Noticias de trenque lauquen y la zona\",\"publisher\":{\"@id\":\"https:\/\/infoecos.com.ar\/#organization\"},\"alternateName\":\"Noticias\",\"potentialAction\":[{\"@type\":\"SearchAction\",\"target\":{\"@type\":\"EntryPoint\",\"urlTemplate\":\"https:\/\/infoecos.com.ar\/?s={search_term_string}\"},\"query-input\":{\"@type\":\"PropertyValueSpecification\",\"valueRequired\":true,\"valueName\":\"search_term_string\"}}],\"inLanguage\":\"es\"},{\"@type\":\"Organization\",\"@id\":\"https:\/\/infoecos.com.ar\/#organization\",\"name\":\"Infoecos\",\"alternateName\":\"Noticias\",\"url\":\"https:\/\/infoecos.com.ar\/\",\"logo\":{\"@type\":\"ImageObject\",\"inLanguage\":\"es\",\"@id\":\"https:\/\/infoecos.com.ar\/#\/schema\/logo\/image\/\",\"url\":\"https:\/\/infoecos.com.ar\/wp-content\/uploads\/2024\/03\/cropped-logo.png\",\"contentUrl\":\"https:\/\/infoecos.com.ar\/wp-content\/uploads\/2024\/03\/cropped-logo.png\",\"width\":374,\"height\":90,\"caption\":\"Infoecos\"},\"image\":{\"@id\":\"https:\/\/infoecos.com.ar\/#\/schema\/logo\/image\/\"},\"sameAs\":[\"https:\/\/www.facebook.com\/profile.php?id=100063200290284\",\"https:\/\/x.com\/infoecos\"]},{\"@type\":\"Person\",\"@id\":\"https:\/\/infoecos.com.ar\/#\/schema\/person\/8f5ace5ce73b4b4aac4b7245aee6f191\",\"name\":\"Jorge Matheus\",\"url\":\"https:\/\/infoecos.com.ar\/index.php\/author\/jomatheus\/\"}]}<\/script>\n<!-- \/ Yoast SEO plugin. -->","yoast_head_json":{"title":"Se modificar\u00eda la condena a perpetua de asesinos del joven de Pehuaj\u00f3, \"Char\" Pav\u00f3n - Infoecos","robots":{"index":"index","follow":"follow","max-snippet":"max-snippet:-1","max-image-preview":"max-image-preview:large","max-video-preview":"max-video-preview:-1"},"canonical":"https:\/\/infoecos.com.ar\/index.php\/se-modificaria-la-condena-a-perpetua-de-asesinos-del-joven-de-pehuajo-char-pavon\/","og_locale":"es_ES","og_type":"article","og_title":"Se modificar\u00eda la condena a perpetua de asesinos del joven de Pehuaj\u00f3, \"Char\" Pav\u00f3n - Infoecos","og_description":"La causa que se origin\u00f3 fue sustanciada en los tribunales de Trenque Lauquen. El fiscal, Teodoro Ruiz Schenstr\u00f6m hab\u00eda pedido para los imputados Lucas Ahumada y Tom\u00e1s M\u00e9ndez, prisi\u00f3n perpetua por homicidio calificado por alevos\u00eda, agravado por la intervenci\u00f3n de menores de edad","og_url":"https:\/\/infoecos.com.ar\/index.php\/se-modificaria-la-condena-a-perpetua-de-asesinos-del-joven-de-pehuajo-char-pavon\/","og_site_name":"Infoecos","article_publisher":"https:\/\/www.facebook.com\/profile.php?id=100063200290284","article_published_time":"2023-02-09T16:16:30+00:00","article_modified_time":"2023-02-10T06:46:48+00:00","og_image":[{"width":620,"height":350,"url":"https:\/\/infoecos.com.ar\/wp-content\/uploads\/2023\/02\/pavonchar.jpg","type":"image\/jpeg"}],"author":"Jorge Matheus","twitter_card":"summary_large_image","twitter_creator":"@infoecos","twitter_site":"@infoecos","twitter_misc":{"Escrito por":"Jorge Matheus","Tiempo de lectura":"3 minutos"},"schema":{"@context":"https:\/\/schema.org","@graph":[{"@type":"Article","@id":"https:\/\/infoecos.com.ar\/index.php\/se-modificaria-la-condena-a-perpetua-de-asesinos-del-joven-de-pehuajo-char-pavon\/#article","isPartOf":{"@id":"https:\/\/infoecos.com.ar\/index.php\/se-modificaria-la-condena-a-perpetua-de-asesinos-del-joven-de-pehuajo-char-pavon\/"},"author":{"name":"Jorge Matheus","@id":"https:\/\/infoecos.com.ar\/#\/schema\/person\/8f5ace5ce73b4b4aac4b7245aee6f191"},"headline":"Se modificar\u00eda la condena a perpetua de asesinos del joven de Pehuaj\u00f3, \u00abChar\u00bb Pav\u00f3n","datePublished":"2023-02-09T16:16:30+00:00","dateModified":"2023-02-10T06:46:48+00:00","mainEntityOfPage":{"@id":"https:\/\/infoecos.com.ar\/index.php\/se-modificaria-la-condena-a-perpetua-de-asesinos-del-joven-de-pehuajo-char-pavon\/"},"wordCount":553,"publisher":{"@id":"https:\/\/infoecos.com.ar\/#organization"},"image":{"@id":"https:\/\/infoecos.com.ar\/index.php\/se-modificaria-la-condena-a-perpetua-de-asesinos-del-joven-de-pehuajo-char-pavon\/#primaryimage"},"thumbnailUrl":"https:\/\/infoecos.com.ar\/wp-content\/uploads\/2023\/02\/pavonchar.jpg","keywords":["LO HABR\u00cdA RESUELTO CASACI\u00d3N"],"articleSection":["C1 N1"],"inLanguage":"es"},{"@type":"WebPage","@id":"https:\/\/infoecos.com.ar\/index.php\/se-modificaria-la-condena-a-perpetua-de-asesinos-del-joven-de-pehuajo-char-pavon\/","url":"https:\/\/infoecos.com.ar\/index.php\/se-modificaria-la-condena-a-perpetua-de-asesinos-del-joven-de-pehuajo-char-pavon\/","name":"Se modificar\u00eda la condena a perpetua de asesinos del joven de Pehuaj\u00f3, \"Char\" Pav\u00f3n - Infoecos","isPartOf":{"@id":"https:\/\/infoecos.com.ar\/#website"},"primaryImageOfPage":{"@id":"https:\/\/infoecos.com.ar\/index.php\/se-modificaria-la-condena-a-perpetua-de-asesinos-del-joven-de-pehuajo-char-pavon\/#primaryimage"},"image":{"@id":"https:\/\/infoecos.com.ar\/index.php\/se-modificaria-la-condena-a-perpetua-de-asesinos-del-joven-de-pehuajo-char-pavon\/#primaryimage"},"thumbnailUrl":"https:\/\/infoecos.com.ar\/wp-content\/uploads\/2023\/02\/pavonchar.jpg","datePublished":"2023-02-09T16:16:30+00:00","dateModified":"2023-02-10T06:46:48+00:00","breadcrumb":{"@id":"https:\/\/infoecos.com.ar\/index.php\/se-modificaria-la-condena-a-perpetua-de-asesinos-del-joven-de-pehuajo-char-pavon\/#breadcrumb"},"inLanguage":"es","potentialAction":[{"@type":"ReadAction","target":["https:\/\/infoecos.com.ar\/index.php\/se-modificaria-la-condena-a-perpetua-de-asesinos-del-joven-de-pehuajo-char-pavon\/"]}]},{"@type":"ImageObject","inLanguage":"es","@id":"https:\/\/infoecos.com.ar\/index.php\/se-modificaria-la-condena-a-perpetua-de-asesinos-del-joven-de-pehuajo-char-pavon\/#primaryimage","url":"https:\/\/infoecos.com.ar\/wp-content\/uploads\/2023\/02\/pavonchar.jpg","contentUrl":"https:\/\/infoecos.com.ar\/wp-content\/uploads\/2023\/02\/pavonchar.jpg","width":620,"height":350},{"@type":"BreadcrumbList","@id":"https:\/\/infoecos.com.ar\/index.php\/se-modificaria-la-condena-a-perpetua-de-asesinos-del-joven-de-pehuajo-char-pavon\/#breadcrumb","itemListElement":[{"@type":"ListItem","position":1,"name":"Portada","item":"https:\/\/infoecos.com.ar\/"},{"@type":"ListItem","position":2,"name":"Se modificar\u00eda la condena a perpetua de asesinos del joven de Pehuaj\u00f3, \u00abChar\u00bb Pav\u00f3n"}]},{"@type":"WebSite","@id":"https:\/\/infoecos.com.ar\/#website","url":"https:\/\/infoecos.com.ar\/","name":"Infoecos","description":"Noticias de trenque lauquen y la zona","publisher":{"@id":"https:\/\/infoecos.com.ar\/#organization"},"alternateName":"Noticias","potentialAction":[{"@type":"SearchAction","target":{"@type":"EntryPoint","urlTemplate":"https:\/\/infoecos.com.ar\/?s={search_term_string}"},"query-input":{"@type":"PropertyValueSpecification","valueRequired":true,"valueName":"search_term_string"}}],"inLanguage":"es"},{"@type":"Organization","@id":"https:\/\/infoecos.com.ar\/#organization","name":"Infoecos","alternateName":"Noticias","url":"https:\/\/infoecos.com.ar\/","logo":{"@type":"ImageObject","inLanguage":"es","@id":"https:\/\/infoecos.com.ar\/#\/schema\/logo\/image\/","url":"https:\/\/infoecos.com.ar\/wp-content\/uploads\/2024\/03\/cropped-logo.png","contentUrl":"https:\/\/infoecos.com.ar\/wp-content\/uploads\/2024\/03\/cropped-logo.png","width":374,"height":90,"caption":"Infoecos"},"image":{"@id":"https:\/\/infoecos.com.ar\/#\/schema\/logo\/image\/"},"sameAs":["https:\/\/www.facebook.com\/profile.php?id=100063200290284","https:\/\/x.com\/infoecos"]},{"@type":"Person","@id":"https:\/\/infoecos.com.ar\/#\/schema\/person\/8f5ace5ce73b4b4aac4b7245aee6f191","name":"Jorge Matheus","url":"https:\/\/infoecos.com.ar\/index.php\/author\/jomatheus\/"}]}},"featured_image_urls":{"full":["https:\/\/infoecos.com.ar\/wp-content\/uploads\/2023\/02\/pavonchar.jpg",620,350,false],"thumbnail":["https:\/\/infoecos.com.ar\/wp-content\/uploads\/2023\/02\/pavonchar-300x150.jpg",300,150,true],"medium":["https:\/\/infoecos.com.ar\/wp-content\/uploads\/2023\/02\/pavonchar.jpg",620,350,false],"medium_large":["https:\/\/infoecos.com.ar\/wp-content\/uploads\/2023\/02\/pavonchar.jpg",620,350,false],"large":["https:\/\/infoecos.com.ar\/wp-content\/uploads\/2023\/02\/pavonchar.jpg",620,350,false],"1536x1536":["https:\/\/infoecos.com.ar\/wp-content\/uploads\/2023\/02\/pavonchar.jpg",620,350,false],"2048x2048":["https:\/\/infoecos.com.ar\/wp-content\/uploads\/2023\/02\/pavonchar.jpg",620,350,false],"covernews-slider-full":["https:\/\/infoecos.com.ar\/wp-content\/uploads\/2023\/02\/pavonchar.jpg",620,350,false],"covernews-slider-center":["https:\/\/infoecos.com.ar\/wp-content\/uploads\/2023\/02\/pavonchar.jpg",620,350,false],"covernews-featured":["https:\/\/infoecos.com.ar\/wp-content\/uploads\/2023\/02\/pavonchar.jpg",620,350,false],"covernews-medium":["https:\/\/infoecos.com.ar\/wp-content\/uploads\/2023\/02\/pavonchar.jpg",540,305,false],"covernews-medium-square":["https:\/\/infoecos.com.ar\/wp-content\/uploads\/2023\/02\/pavonchar.jpg",400,226,false]},"author_info":{"info":["Jorge Matheus"]},"category_info":"<a href=\"https:\/\/infoecos.com.ar\/index.php\/category\/c1nota1\/\" rel=\"category tag\">C1 N1<\/a>","tag_info":"C1 N1","comment_count":"0","_links":{"self":[{"href":"https:\/\/infoecos.com.ar\/index.php\/wp-json\/wp\/v2\/posts\/101681"}],"collection":[{"href":"https:\/\/infoecos.com.ar\/index.php\/wp-json\/wp\/v2\/posts"}],"about":[{"href":"https:\/\/infoecos.com.ar\/index.php\/wp-json\/wp\/v2\/types\/post"}],"author":[{"embeddable":true,"href":"https:\/\/infoecos.com.ar\/index.php\/wp-json\/wp\/v2\/users\/2"}],"replies":[{"embeddable":true,"href":"https:\/\/infoecos.com.ar\/index.php\/wp-json\/wp\/v2\/comments?post=101681"}],"version-history":[{"count":2,"href":"https:\/\/infoecos.com.ar\/index.php\/wp-json\/wp\/v2\/posts\/101681\/revisions"}],"predecessor-version":[{"id":101701,"href":"https:\/\/infoecos.com.ar\/index.php\/wp-json\/wp\/v2\/posts\/101681\/revisions\/101701"}],"wp:featuredmedia":[{"embeddable":true,"href":"https:\/\/infoecos.com.ar\/index.php\/wp-json\/wp\/v2\/media\/101682"}],"wp:attachment":[{"href":"https:\/\/infoecos.com.ar\/index.php\/wp-json\/wp\/v2\/media?parent=101681"}],"wp:term":[{"taxonomy":"category","embeddable":true,"href":"https:\/\/infoecos.com.ar\/index.php\/wp-json\/wp\/v2\/categories?post=101681"},{"taxonomy":"post_tag","embeddable":true,"href":"https:\/\/infoecos.com.ar\/index.php\/wp-json\/wp\/v2\/tags?post=101681"}],"curies":[{"name":"wp","href":"https:\/\/api.w.org\/{rel}","templated":true}]}}