{"id":101690,"date":"2023-02-10T03:14:28","date_gmt":"2023-02-10T06:14:28","guid":{"rendered":"https:\/\/infoecos.com.ar\/?p=101690"},"modified":"2023-02-10T03:14:29","modified_gmt":"2023-02-10T06:14:29","slug":"calor-intenso-en-t-lauquen-a-las-15-15-del-jueves-la-temperatura-llego-a-375","status":"publish","type":"post","link":"https:\/\/infoecos.com.ar\/index.php\/calor-intenso-en-t-lauquen-a-las-15-15-del-jueves-la-temperatura-llego-a-375\/","title":{"rendered":"Calor intenso en T.Lauquen: a las 15.15 del jueves, la temperatura lleg\u00f3 a 37\u00b05"},"content":{"rendered":"\n<p>Con mucha humedad que lleg\u00f3 a un 99%, la jornada del jueves volvi\u00f3 a ser muy calurosa en Trenque Lauquen y zona. Los sensores clim\u00e1ticos del municipio de Trenque Lauquen reportan 37\u00b05 a las 15.15, mientras que la m\u00ednima se anot\u00f3 a las 6.45, siendo de 16\u00b02. El viento sopl\u00f3 la mayor parte del d\u00eda desde el Noreste con raf\u00e1gas de hasta 23 km 1. <\/p>\n\n\n\n<figure class=\"wp-block-image aligncenter size-full\"><img loading=\"lazy\" decoding=\"async\" width=\"1227\" height=\"637\" src=\"https:\/\/infoecos.com.ar\/wp-content\/uploads\/2023\/02\/MAXIMAMINIMAPRESIONH.jpg\" alt=\"\" class=\"wp-image-101691\" srcset=\"https:\/\/infoecos.com.ar\/wp-content\/uploads\/2023\/02\/MAXIMAMINIMAPRESIONH.jpg 1227w, https:\/\/infoecos.com.ar\/wp-content\/uploads\/2023\/02\/MAXIMAMINIMAPRESIONH-800x415.jpg 800w, https:\/\/infoecos.com.ar\/wp-content\/uploads\/2023\/02\/MAXIMAMINIMAPRESIONH-768x399.jpg 768w, https:\/\/infoecos.com.ar\/wp-content\/uploads\/2023\/02\/MAXIMAMINIMAPRESIONH-1024x532.jpg 1024w\" sizes=\"(max-width: 1227px) 100vw, 1227px\" \/><\/figure>\n","protected":false},"excerpt":{"rendered":"<p>La m\u00ednima se anot\u00f3 a las 6.45, siendo de 16\u00b02. El viento sopl\u00f3 la mayor parte del d\u00eda desde el Noreste con raf\u00e1gas de hasta 23 km 1. <\/p>\n","protected":false},"author":2,"featured_media":96067,"comment_status":"closed","ping_status":"open","sticky":false,"template":"","format":"standard","meta":{"footnotes":""},"categories":[1613],"tags":[6141],"class_list":["post-101690","post","type-post","status-publish","format-standard","has-post-thumbnail","hentry","category-noticia-secundaria","tag-clima-t-lauquen"],"yoast_head":"<!-- This site is optimized with the Yoast SEO plugin v23.4 - https:\/\/yoast.com\/wordpress\/plugins\/seo\/ -->\n<title>Calor intenso en T.Lauquen: a las 15.15 del jueves, la temperatura lleg\u00f3 a 37\u00b05 - Infoecos<\/title>\n<meta name=\"robots\" content=\"index, follow, max-snippet:-1, max-image-preview:large, max-video-preview:-1\" \/>\n<link rel=\"canonical\" href=\"https:\/\/infoecos.com.ar\/index.php\/calor-intenso-en-t-lauquen-a-las-15-15-del-jueves-la-temperatura-llego-a-375\/\" \/>\n<meta property=\"og:locale\" content=\"es_ES\" \/>\n<meta property=\"og:type\" content=\"article\" \/>\n<meta property=\"og:title\" content=\"Calor intenso en T.Lauquen: a las 15.15 del jueves, la temperatura lleg\u00f3 a 37\u00b05 - Infoecos\" \/>\n<meta property=\"og:description\" content=\"La m\u00ednima se anot\u00f3 a las 6.45, siendo de 16\u00b02. El viento sopl\u00f3 la mayor parte del d\u00eda desde el Noreste con raf\u00e1gas de hasta 23 km 1.\" \/>\n<meta property=\"og:url\" content=\"https:\/\/infoecos.com.ar\/index.php\/calor-intenso-en-t-lauquen-a-las-15-15-del-jueves-la-temperatura-llego-a-375\/\" \/>\n<meta property=\"og:site_name\" content=\"Infoecos\" \/>\n<meta property=\"article:publisher\" content=\"https:\/\/www.facebook.com\/profile.php?id=100063200290284\" \/>\n<meta property=\"article:published_time\" content=\"2023-02-10T06:14:28+00:00\" \/>\n<meta property=\"article:modified_time\" content=\"2023-02-10T06:14:29+00:00\" \/>\n<meta property=\"og:image\" content=\"https:\/\/infoecos.com.ar\/wp-content\/uploads\/2022\/08\/SOLAPLENO.jpg\" \/>\n\t<meta property=\"og:image:width\" content=\"992\" \/>\n\t<meta property=\"og:image:height\" content=\"558\" \/>\n\t<meta property=\"og:image:type\" content=\"image\/jpeg\" \/>\n<meta name=\"author\" content=\"Jorge Matheus\" \/>\n<meta name=\"twitter:card\" content=\"summary_large_image\" \/>\n<meta name=\"twitter:creator\" content=\"@infoecos\" \/>\n<meta name=\"twitter:site\" content=\"@infoecos\" \/>\n<meta name=\"twitter:label1\" content=\"Escrito por\" \/>\n\t<meta name=\"twitter:data1\" content=\"Jorge Matheus\" \/>\n\t<meta name=\"twitter:label2\" content=\"Tiempo de lectura\" \/>\n\t<meta name=\"twitter:data2\" content=\"1 minuto\" \/>\n<script type=\"application\/ld+json\" class=\"yoast-schema-graph\">{\"@context\":\"https:\/\/schema.org\",\"@graph\":[{\"@type\":\"Article\",\"@id\":\"https:\/\/infoecos.com.ar\/index.php\/calor-intenso-en-t-lauquen-a-las-15-15-del-jueves-la-temperatura-llego-a-375\/#article\",\"isPartOf\":{\"@id\":\"https:\/\/infoecos.com.ar\/index.php\/calor-intenso-en-t-lauquen-a-las-15-15-del-jueves-la-temperatura-llego-a-375\/\"},\"author\":{\"name\":\"Jorge Matheus\",\"@id\":\"https:\/\/infoecos.com.ar\/#\/schema\/person\/8f5ace5ce73b4b4aac4b7245aee6f191\"},\"headline\":\"Calor intenso en T.Lauquen: a las 15.15 del jueves, la temperatura lleg\u00f3 a 37\u00b05\",\"datePublished\":\"2023-02-10T06:14:28+00:00\",\"dateModified\":\"2023-02-10T06:14:29+00:00\",\"mainEntityOfPage\":{\"@id\":\"https:\/\/infoecos.com.ar\/index.php\/calor-intenso-en-t-lauquen-a-las-15-15-del-jueves-la-temperatura-llego-a-375\/\"},\"wordCount\":75,\"publisher\":{\"@id\":\"https:\/\/infoecos.com.ar\/#organization\"},\"image\":{\"@id\":\"https:\/\/infoecos.com.ar\/index.php\/calor-intenso-en-t-lauquen-a-las-15-15-del-jueves-la-temperatura-llego-a-375\/#primaryimage\"},\"thumbnailUrl\":\"https:\/\/infoecos.com.ar\/wp-content\/uploads\/2022\/08\/SOLAPLENO.jpg\",\"keywords\":[\"CLIMA - T.LAUQUEN\"],\"articleSection\":[\"Noticia Secundaria\"],\"inLanguage\":\"es\"},{\"@type\":\"WebPage\",\"@id\":\"https:\/\/infoecos.com.ar\/index.php\/calor-intenso-en-t-lauquen-a-las-15-15-del-jueves-la-temperatura-llego-a-375\/\",\"url\":\"https:\/\/infoecos.com.ar\/index.php\/calor-intenso-en-t-lauquen-a-las-15-15-del-jueves-la-temperatura-llego-a-375\/\",\"name\":\"Calor intenso en T.Lauquen: a las 15.15 del jueves, la temperatura lleg\u00f3 a 37\u00b05 - Infoecos\",\"isPartOf\":{\"@id\":\"https:\/\/infoecos.com.ar\/#website\"},\"primaryImageOfPage\":{\"@id\":\"https:\/\/infoecos.com.ar\/index.php\/calor-intenso-en-t-lauquen-a-las-15-15-del-jueves-la-temperatura-llego-a-375\/#primaryimage\"},\"image\":{\"@id\":\"https:\/\/infoecos.com.ar\/index.php\/calor-intenso-en-t-lauquen-a-las-15-15-del-jueves-la-temperatura-llego-a-375\/#primaryimage\"},\"thumbnailUrl\":\"https:\/\/infoecos.com.ar\/wp-content\/uploads\/2022\/08\/SOLAPLENO.jpg\",\"datePublished\":\"2023-02-10T06:14:28+00:00\",\"dateModified\":\"2023-02-10T06:14:29+00:00\",\"breadcrumb\":{\"@id\":\"https:\/\/infoecos.com.ar\/index.php\/calor-intenso-en-t-lauquen-a-las-15-15-del-jueves-la-temperatura-llego-a-375\/#breadcrumb\"},\"inLanguage\":\"es\",\"potentialAction\":[{\"@type\":\"ReadAction\",\"target\":[\"https:\/\/infoecos.com.ar\/index.php\/calor-intenso-en-t-lauquen-a-las-15-15-del-jueves-la-temperatura-llego-a-375\/\"]}]},{\"@type\":\"ImageObject\",\"inLanguage\":\"es\",\"@id\":\"https:\/\/infoecos.com.ar\/index.php\/calor-intenso-en-t-lauquen-a-las-15-15-del-jueves-la-temperatura-llego-a-375\/#primaryimage\",\"url\":\"https:\/\/infoecos.com.ar\/wp-content\/uploads\/2022\/08\/SOLAPLENO.jpg\",\"contentUrl\":\"https:\/\/infoecos.com.ar\/wp-content\/uploads\/2022\/08\/SOLAPLENO.jpg\",\"width\":992,\"height\":558},{\"@type\":\"BreadcrumbList\",\"@id\":\"https:\/\/infoecos.com.ar\/index.php\/calor-intenso-en-t-lauquen-a-las-15-15-del-jueves-la-temperatura-llego-a-375\/#breadcrumb\",\"itemListElement\":[{\"@type\":\"ListItem\",\"position\":1,\"name\":\"Portada\",\"item\":\"https:\/\/infoecos.com.ar\/\"},{\"@type\":\"ListItem\",\"position\":2,\"name\":\"Calor intenso en T.Lauquen: a las 15.15 del jueves, la temperatura lleg\u00f3 a 37\u00b05\"}]},{\"@type\":\"WebSite\",\"@id\":\"https:\/\/infoecos.com.ar\/#website\",\"url\":\"https:\/\/infoecos.com.ar\/\",\"name\":\"Infoecos\",\"description\":\"Noticias de trenque lauquen y la zona\",\"publisher\":{\"@id\":\"https:\/\/infoecos.com.ar\/#organization\"},\"alternateName\":\"Noticias\",\"potentialAction\":[{\"@type\":\"SearchAction\",\"target\":{\"@type\":\"EntryPoint\",\"urlTemplate\":\"https:\/\/infoecos.com.ar\/?s={search_term_string}\"},\"query-input\":{\"@type\":\"PropertyValueSpecification\",\"valueRequired\":true,\"valueName\":\"search_term_string\"}}],\"inLanguage\":\"es\"},{\"@type\":\"Organization\",\"@id\":\"https:\/\/infoecos.com.ar\/#organization\",\"name\":\"Infoecos\",\"alternateName\":\"Noticias\",\"url\":\"https:\/\/infoecos.com.ar\/\",\"logo\":{\"@type\":\"ImageObject\",\"inLanguage\":\"es\",\"@id\":\"https:\/\/infoecos.com.ar\/#\/schema\/logo\/image\/\",\"url\":\"https:\/\/infoecos.com.ar\/wp-content\/uploads\/2024\/03\/cropped-logo.png\",\"contentUrl\":\"https:\/\/infoecos.com.ar\/wp-content\/uploads\/2024\/03\/cropped-logo.png\",\"width\":374,\"height\":90,\"caption\":\"Infoecos\"},\"image\":{\"@id\":\"https:\/\/infoecos.com.ar\/#\/schema\/logo\/image\/\"},\"sameAs\":[\"https:\/\/www.facebook.com\/profile.php?id=100063200290284\",\"https:\/\/x.com\/infoecos\"]},{\"@type\":\"Person\",\"@id\":\"https:\/\/infoecos.com.ar\/#\/schema\/person\/8f5ace5ce73b4b4aac4b7245aee6f191\",\"name\":\"Jorge Matheus\",\"url\":\"https:\/\/infoecos.com.ar\/index.php\/author\/jomatheus\/\"}]}<\/script>\n<!-- \/ Yoast SEO plugin. -->","yoast_head_json":{"title":"Calor intenso en T.Lauquen: a las 15.15 del jueves, la temperatura lleg\u00f3 a 37\u00b05 - Infoecos","robots":{"index":"index","follow":"follow","max-snippet":"max-snippet:-1","max-image-preview":"max-image-preview:large","max-video-preview":"max-video-preview:-1"},"canonical":"https:\/\/infoecos.com.ar\/index.php\/calor-intenso-en-t-lauquen-a-las-15-15-del-jueves-la-temperatura-llego-a-375\/","og_locale":"es_ES","og_type":"article","og_title":"Calor intenso en T.Lauquen: a las 15.15 del jueves, la temperatura lleg\u00f3 a 37\u00b05 - Infoecos","og_description":"La m\u00ednima se anot\u00f3 a las 6.45, siendo de 16\u00b02. El viento sopl\u00f3 la mayor parte del d\u00eda desde el Noreste con raf\u00e1gas de hasta 23 km 1.","og_url":"https:\/\/infoecos.com.ar\/index.php\/calor-intenso-en-t-lauquen-a-las-15-15-del-jueves-la-temperatura-llego-a-375\/","og_site_name":"Infoecos","article_publisher":"https:\/\/www.facebook.com\/profile.php?id=100063200290284","article_published_time":"2023-02-10T06:14:28+00:00","article_modified_time":"2023-02-10T06:14:29+00:00","og_image":[{"width":992,"height":558,"url":"https:\/\/infoecos.com.ar\/wp-content\/uploads\/2022\/08\/SOLAPLENO.jpg","type":"image\/jpeg"}],"author":"Jorge Matheus","twitter_card":"summary_large_image","twitter_creator":"@infoecos","twitter_site":"@infoecos","twitter_misc":{"Escrito por":"Jorge Matheus","Tiempo de lectura":"1 minuto"},"schema":{"@context":"https:\/\/schema.org","@graph":[{"@type":"Article","@id":"https:\/\/infoecos.com.ar\/index.php\/calor-intenso-en-t-lauquen-a-las-15-15-del-jueves-la-temperatura-llego-a-375\/#article","isPartOf":{"@id":"https:\/\/infoecos.com.ar\/index.php\/calor-intenso-en-t-lauquen-a-las-15-15-del-jueves-la-temperatura-llego-a-375\/"},"author":{"name":"Jorge Matheus","@id":"https:\/\/infoecos.com.ar\/#\/schema\/person\/8f5ace5ce73b4b4aac4b7245aee6f191"},"headline":"Calor intenso en T.Lauquen: a las 15.15 del jueves, la temperatura lleg\u00f3 a 37\u00b05","datePublished":"2023-02-10T06:14:28+00:00","dateModified":"2023-02-10T06:14:29+00:00","mainEntityOfPage":{"@id":"https:\/\/infoecos.com.ar\/index.php\/calor-intenso-en-t-lauquen-a-las-15-15-del-jueves-la-temperatura-llego-a-375\/"},"wordCount":75,"publisher":{"@id":"https:\/\/infoecos.com.ar\/#organization"},"image":{"@id":"https:\/\/infoecos.com.ar\/index.php\/calor-intenso-en-t-lauquen-a-las-15-15-del-jueves-la-temperatura-llego-a-375\/#primaryimage"},"thumbnailUrl":"https:\/\/infoecos.com.ar\/wp-content\/uploads\/2022\/08\/SOLAPLENO.jpg","keywords":["CLIMA - T.LAUQUEN"],"articleSection":["Noticia Secundaria"],"inLanguage":"es"},{"@type":"WebPage","@id":"https:\/\/infoecos.com.ar\/index.php\/calor-intenso-en-t-lauquen-a-las-15-15-del-jueves-la-temperatura-llego-a-375\/","url":"https:\/\/infoecos.com.ar\/index.php\/calor-intenso-en-t-lauquen-a-las-15-15-del-jueves-la-temperatura-llego-a-375\/","name":"Calor intenso en T.Lauquen: a las 15.15 del jueves, la temperatura lleg\u00f3 a 37\u00b05 - Infoecos","isPartOf":{"@id":"https:\/\/infoecos.com.ar\/#website"},"primaryImageOfPage":{"@id":"https:\/\/infoecos.com.ar\/index.php\/calor-intenso-en-t-lauquen-a-las-15-15-del-jueves-la-temperatura-llego-a-375\/#primaryimage"},"image":{"@id":"https:\/\/infoecos.com.ar\/index.php\/calor-intenso-en-t-lauquen-a-las-15-15-del-jueves-la-temperatura-llego-a-375\/#primaryimage"},"thumbnailUrl":"https:\/\/infoecos.com.ar\/wp-content\/uploads\/2022\/08\/SOLAPLENO.jpg","datePublished":"2023-02-10T06:14:28+00:00","dateModified":"2023-02-10T06:14:29+00:00","breadcrumb":{"@id":"https:\/\/infoecos.com.ar\/index.php\/calor-intenso-en-t-lauquen-a-las-15-15-del-jueves-la-temperatura-llego-a-375\/#breadcrumb"},"inLanguage":"es","potentialAction":[{"@type":"ReadAction","target":["https:\/\/infoecos.com.ar\/index.php\/calor-intenso-en-t-lauquen-a-las-15-15-del-jueves-la-temperatura-llego-a-375\/"]}]},{"@type":"ImageObject","inLanguage":"es","@id":"https:\/\/infoecos.com.ar\/index.php\/calor-intenso-en-t-lauquen-a-las-15-15-del-jueves-la-temperatura-llego-a-375\/#primaryimage","url":"https:\/\/infoecos.com.ar\/wp-content\/uploads\/2022\/08\/SOLAPLENO.jpg","contentUrl":"https:\/\/infoecos.com.ar\/wp-content\/uploads\/2022\/08\/SOLAPLENO.jpg","width":992,"height":558},{"@type":"BreadcrumbList","@id":"https:\/\/infoecos.com.ar\/index.php\/calor-intenso-en-t-lauquen-a-las-15-15-del-jueves-la-temperatura-llego-a-375\/#breadcrumb","itemListElement":[{"@type":"ListItem","position":1,"name":"Portada","item":"https:\/\/infoecos.com.ar\/"},{"@type":"ListItem","position":2,"name":"Calor intenso en T.Lauquen: a las 15.15 del jueves, la temperatura lleg\u00f3 a 37\u00b05"}]},{"@type":"WebSite","@id":"https:\/\/infoecos.com.ar\/#website","url":"https:\/\/infoecos.com.ar\/","name":"Infoecos","description":"Noticias de trenque lauquen y la zona","publisher":{"@id":"https:\/\/infoecos.com.ar\/#organization"},"alternateName":"Noticias","potentialAction":[{"@type":"SearchAction","target":{"@type":"EntryPoint","urlTemplate":"https:\/\/infoecos.com.ar\/?s={search_term_string}"},"query-input":{"@type":"PropertyValueSpecification","valueRequired":true,"valueName":"search_term_string"}}],"inLanguage":"es"},{"@type":"Organization","@id":"https:\/\/infoecos.com.ar\/#organization","name":"Infoecos","alternateName":"Noticias","url":"https:\/\/infoecos.com.ar\/","logo":{"@type":"ImageObject","inLanguage":"es","@id":"https:\/\/infoecos.com.ar\/#\/schema\/logo\/image\/","url":"https:\/\/infoecos.com.ar\/wp-content\/uploads\/2024\/03\/cropped-logo.png","contentUrl":"https:\/\/infoecos.com.ar\/wp-content\/uploads\/2024\/03\/cropped-logo.png","width":374,"height":90,"caption":"Infoecos"},"image":{"@id":"https:\/\/infoecos.com.ar\/#\/schema\/logo\/image\/"},"sameAs":["https:\/\/www.facebook.com\/profile.php?id=100063200290284","https:\/\/x.com\/infoecos"]},{"@type":"Person","@id":"https:\/\/infoecos.com.ar\/#\/schema\/person\/8f5ace5ce73b4b4aac4b7245aee6f191","name":"Jorge Matheus","url":"https:\/\/infoecos.com.ar\/index.php\/author\/jomatheus\/"}]}},"featured_image_urls":{"full":["https:\/\/infoecos.com.ar\/wp-content\/uploads\/2022\/08\/SOLAPLENO.jpg",992,558,false],"thumbnail":["https:\/\/infoecos.com.ar\/wp-content\/uploads\/2022\/08\/SOLAPLENO-150x150.jpg",150,150,true],"medium":["https:\/\/infoecos.com.ar\/wp-content\/uploads\/2022\/08\/SOLAPLENO-460x259.jpg",460,259,true],"medium_large":["https:\/\/infoecos.com.ar\/wp-content\/uploads\/2022\/08\/SOLAPLENO-768x432.jpg",640,360,true],"large":["https:\/\/infoecos.com.ar\/wp-content\/uploads\/2022\/08\/SOLAPLENO-920x518.jpg",640,360,true],"1536x1536":["https:\/\/infoecos.com.ar\/wp-content\/uploads\/2022\/08\/SOLAPLENO.jpg",992,558,false],"2048x2048":["https:\/\/infoecos.com.ar\/wp-content\/uploads\/2022\/08\/SOLAPLENO.jpg",992,558,false],"covernews-slider-full":["https:\/\/infoecos.com.ar\/wp-content\/uploads\/2022\/08\/SOLAPLENO.jpg",992,558,false],"covernews-slider-center":["https:\/\/infoecos.com.ar\/wp-content\/uploads\/2022\/08\/SOLAPLENO-936x558.jpg",800,477,true],"covernews-featured":["https:\/\/infoecos.com.ar\/wp-content\/uploads\/2022\/08\/SOLAPLENO.jpg",992,558,false],"covernews-medium":["https:\/\/infoecos.com.ar\/wp-content\/uploads\/2022\/08\/SOLAPLENO-720x380.jpg",540,285,true],"covernews-medium-square":["https:\/\/infoecos.com.ar\/wp-content\/uploads\/2022\/08\/SOLAPLENO-675x450.jpg",375,250,true]},"author_info":{"info":["Jorge Matheus"]},"category_info":"<a href=\"https:\/\/infoecos.com.ar\/index.php\/category\/noticia-secundaria\/\" rel=\"category tag\">Noticia Secundaria<\/a>","tag_info":"Noticia Secundaria","comment_count":"0","_links":{"self":[{"href":"https:\/\/infoecos.com.ar\/index.php\/wp-json\/wp\/v2\/posts\/101690"}],"collection":[{"href":"https:\/\/infoecos.com.ar\/index.php\/wp-json\/wp\/v2\/posts"}],"about":[{"href":"https:\/\/infoecos.com.ar\/index.php\/wp-json\/wp\/v2\/types\/post"}],"author":[{"embeddable":true,"href":"https:\/\/infoecos.com.ar\/index.php\/wp-json\/wp\/v2\/users\/2"}],"replies":[{"embeddable":true,"href":"https:\/\/infoecos.com.ar\/index.php\/wp-json\/wp\/v2\/comments?post=101690"}],"version-history":[{"count":1,"href":"https:\/\/infoecos.com.ar\/index.php\/wp-json\/wp\/v2\/posts\/101690\/revisions"}],"predecessor-version":[{"id":101692,"href":"https:\/\/infoecos.com.ar\/index.php\/wp-json\/wp\/v2\/posts\/101690\/revisions\/101692"}],"wp:featuredmedia":[{"embeddable":true,"href":"https:\/\/infoecos.com.ar\/index.php\/wp-json\/wp\/v2\/media\/96067"}],"wp:attachment":[{"href":"https:\/\/infoecos.com.ar\/index.php\/wp-json\/wp\/v2\/media?parent=101690"}],"wp:term":[{"taxonomy":"category","embeddable":true,"href":"https:\/\/infoecos.com.ar\/index.php\/wp-json\/wp\/v2\/categories?post=101690"},{"taxonomy":"post_tag","embeddable":true,"href":"https:\/\/infoecos.com.ar\/index.php\/wp-json\/wp\/v2\/tags?post=101690"}],"curies":[{"name":"wp","href":"https:\/\/api.w.org\/{rel}","templated":true}]}}