{"id":101715,"date":"2023-02-10T19:48:30","date_gmt":"2023-02-10T22:48:30","guid":{"rendered":"https:\/\/infoecos.com.ar\/?p=101715"},"modified":"2023-02-14T03:48:26","modified_gmt":"2023-02-14T06:48:26","slug":"bomberos-voluntarios-de-pellegrini-denuncio-que-su-situacion-es-desesperante","status":"publish","type":"post","link":"https:\/\/infoecos.com.ar\/index.php\/bomberos-voluntarios-de-pellegrini-denuncio-que-su-situacion-es-desesperante\/","title":{"rendered":"Bomberos Voluntarios de Pellegrini denunci\u00f3 que su situaci\u00f3n es desesperante"},"content":{"rendered":"\n<p>Los Bomberos Voluntarios de Pellegrini est\u00e1n en emergencia, seg\u00fan la se\u00f1al de noticias TN. <\/p>\n\n\n\n<figure class=\"wp-block-image size-full\"><img loading=\"lazy\" decoding=\"async\" width=\"1440\" height=\"776\" src=\"https:\/\/infoecos.com.ar\/wp-content\/uploads\/2023\/02\/image-68.png\" alt=\"\" class=\"wp-image-101716\" srcset=\"https:\/\/infoecos.com.ar\/wp-content\/uploads\/2023\/02\/image-68.png 1440w, https:\/\/infoecos.com.ar\/wp-content\/uploads\/2023\/02\/image-68-800x431.png 800w, https:\/\/infoecos.com.ar\/wp-content\/uploads\/2023\/02\/image-68-768x414.png 768w, https:\/\/infoecos.com.ar\/wp-content\/uploads\/2023\/02\/image-68-1024x552.png 1024w\" sizes=\"(max-width: 1440px) 100vw, 1440px\" \/><figcaption class=\"wp-element-caption\">Foto publicada en TN Noticias<\/figcaption><\/figure>\n\n\n\n<p>En un informe publicado hace unas horas atr\u00e1s, los servidores p\u00fablicos est\u00e1n necesitando ayuda para seguir cumpliendo con sus funciones. El canal de noticias m\u00e1s visto del pa\u00eds, en Enero, dramatiza la situaci\u00f3n al se\u00f1alar que <strong>a cambio de combustible, les llenan las piletas a los vecinos.<\/strong> Esta actividad, cabe consignar, tambi\u00e9n es desarrollada por otras asociaciones de bomberos, por caso Trenque Lauquen que es un ejemplo de progreso y crecimiento. <\/p>\n\n\n\n<p>En el cuartel de Pellegrini trabajan<strong>&nbsp;15 bomberos<\/strong>, y si bien cuentan con una autobomba, un cami\u00f3n cisterna y una camioneta, muchas son las<strong>&nbsp;necesidades<\/strong>, se\u00f1ala el medio colega.<\/p>\n\n\n\n<p>Los trajes que usan actualmente est\u00e1n vencidos porque tienen m\u00e1s de 15 a\u00f1os y necesitan reponerlos. Tambi\u00e9n tienen que adquirir guantes y necesitan plata para pagar la luz y el gas.<\/p>\n\n\n\n<figure class=\"wp-block-image size-full\"><img loading=\"lazy\" decoding=\"async\" width=\"1440\" height=\"779\" src=\"https:\/\/infoecos.com.ar\/wp-content\/uploads\/2023\/02\/image-69.png\" alt=\"\" class=\"wp-image-101717\" srcset=\"https:\/\/infoecos.com.ar\/wp-content\/uploads\/2023\/02\/image-69.png 1440w, https:\/\/infoecos.com.ar\/wp-content\/uploads\/2023\/02\/image-69-800x433.png 800w, https:\/\/infoecos.com.ar\/wp-content\/uploads\/2023\/02\/image-69-768x415.png 768w, https:\/\/infoecos.com.ar\/wp-content\/uploads\/2023\/02\/image-69-1024x554.png 1024w\" sizes=\"(max-width: 1440px) 100vw, 1440px\" \/><figcaption class=\"wp-element-caption\">Foto publicada en TN Noticias<\/figcaption><\/figure>\n\n\n\n<p>En di\u00e1logo con&nbsp;<strong>TN y La Gente<\/strong>,&nbsp;<strong>Fernando Donda<\/strong>, jefe de cuartel, explic\u00f3 que&nbsp;<strong>un traje completo para un bombero cuesta $ 1 mill\u00f3n y el subsidio que reciben por a\u00f1o es de $3 millones.<\/strong><\/p>\n\n\n\n<p>\u201cCon estos n\u00fameros es imposible seguir adelante. Adem\u00e1s, el<strong>&nbsp;gobierno provincial&nbsp;<\/strong>nos env\u00eda un presupestos de&nbsp;<strong>$235.000 por a\u00f1o<\/strong>. Sinceramente no alcanza para nada. Tuvimos que vender una autobomba que era de 1967 para comprar un cami\u00f3n cisterna\u201d, explic\u00f3<\/p>\n\n\n\n<p>Donda record\u00f3 que se reunieron con el intendente Guillermo Pacheco y la respuesta que recibieron no los dej\u00f3 conformes. \u201cHace unos d\u00edas inaugur\u00f3 una \u2018placita para los bomberos\u2019 cuyo&nbsp;<strong>costo fue de $6 millones<\/strong>, el doble de lo que recibimos de subsidio por a\u00f1o\u201d, reclam\u00f3.<\/p>\n\n\n\n<figure class=\"wp-block-image size-full\"><img loading=\"lazy\" decoding=\"async\" width=\"1440\" height=\"806\" src=\"https:\/\/infoecos.com.ar\/wp-content\/uploads\/2023\/02\/image-70.png\" alt=\"\" class=\"wp-image-101718\" srcset=\"https:\/\/infoecos.com.ar\/wp-content\/uploads\/2023\/02\/image-70.png 1440w, https:\/\/infoecos.com.ar\/wp-content\/uploads\/2023\/02\/image-70-800x448.png 800w, https:\/\/infoecos.com.ar\/wp-content\/uploads\/2023\/02\/image-70-768x430.png 768w, https:\/\/infoecos.com.ar\/wp-content\/uploads\/2023\/02\/image-70-1024x573.png 1024w\" sizes=\"(max-width: 1440px) 100vw, 1440px\" \/><figcaption class=\"wp-element-caption\">Foto publicada en TN Noticias<\/figcaption><\/figure>\n\n\n\n<p>Ante la desesperante situaci\u00f3n por la que est\u00e1n atravesando, decidieron llenarle las piletas a los vecinos a cambio de combustible: \u201cAnte la<strong>&nbsp;falta de recursos<\/strong>, el personal de<strong>&nbsp;bomberos realiza servicios especiale<\/strong>s, como&nbsp;<strong>transporte de agua para piscinas<\/strong>, servicios de prevenci\u00f3n en carreras, y dem\u00e1s. Todos los servicios poseen una tarifa \u00fanica con un costo de&nbsp;<strong>45 litros de gasoil premium por hora de servicio<\/strong>, por cada unidad interviniendo\u201d, publicaron en sus redes sociales.<\/p>\n\n\n\n<p>Para finalizar, Donda explic\u00f3 que se est\u00e1 conformando un consejo directivo para ordenar los n\u00fameros y volvi\u00f3 a reclamar la ayuda y el&nbsp;<strong>compromiso de las autoridades.<\/strong><\/p>\n\n\n\n<figure class=\"wp-block-embed is-type-rich is-provider-twitter wp-block-embed-twitter\"><div class=\"wp-block-embed__wrapper\">\n<blockquote class=\"twitter-tweet\" data-width=\"550\" data-dnt=\"true\"><p lang=\"es\" dir=\"ltr\">En su cuenta de face, los Bomberos Voluntarios anunciaron que ofrecen un &quot;servicio especial&quot;. <br><br>Detallaron que sus trajes de protecci\u00f3n est\u00e1n vencidos, y tuvieron que vender una autobomba para conseguir recursos. &quot;Es imposible seguir adelante&quot;, dijeron. <a href=\"https:\/\/t.co\/U353RLBJ6a\">https:\/\/t.co\/U353RLBJ6a<\/a> <a href=\"https:\/\/t.co\/MRLfUpMvBt\">pic.twitter.com\/MRLfUpMvBt<\/a><\/p>&mdash; TN &#8211; Todo Noticias (@todonoticias) <a href=\"https:\/\/twitter.com\/todonoticias\/status\/1623639787906207747?ref_src=twsrc%5Etfw\">February 9, 2023<\/a><\/blockquote><script async src=\"https:\/\/platform.twitter.com\/widgets.js\" charset=\"utf-8\"><\/script>\n<\/div><figcaption class=\"wp-element-caption\"><br><br><br><br><\/figcaption><\/figure>\n","protected":false},"excerpt":{"rendered":"<p>En un informe publicado hace unas horas atr\u00e1s, los servidores p\u00fablicos est\u00e1n necesitando ayuda para seguir cumpliendo con sus funciones<\/p>\n","protected":false},"author":2,"featured_media":101716,"comment_status":"closed","ping_status":"open","sticky":false,"template":"","format":"standard","meta":{"footnotes":""},"categories":[1326],"tags":[7303],"class_list":["post-101715","post","type-post","status-publish","format-standard","has-post-thumbnail","hentry","category-c2nota6","tag-ligan-kicillof-y-pacheco"],"yoast_head":"<!-- This site is optimized with the Yoast SEO plugin v23.4 - https:\/\/yoast.com\/wordpress\/plugins\/seo\/ -->\n<title>Bomberos Voluntarios de Pellegrini denunci\u00f3 que su situaci\u00f3n es desesperante - Infoecos<\/title>\n<meta name=\"robots\" content=\"index, follow, max-snippet:-1, max-image-preview:large, max-video-preview:-1\" \/>\n<link rel=\"canonical\" href=\"https:\/\/infoecos.com.ar\/index.php\/bomberos-voluntarios-de-pellegrini-denuncio-que-su-situacion-es-desesperante\/\" \/>\n<meta property=\"og:locale\" content=\"es_ES\" \/>\n<meta property=\"og:type\" content=\"article\" \/>\n<meta property=\"og:title\" content=\"Bomberos Voluntarios de Pellegrini denunci\u00f3 que su situaci\u00f3n es desesperante - Infoecos\" \/>\n<meta property=\"og:description\" content=\"En un informe publicado hace unas horas atr\u00e1s, los servidores p\u00fablicos est\u00e1n necesitando ayuda para seguir cumpliendo con sus funciones\" \/>\n<meta property=\"og:url\" content=\"https:\/\/infoecos.com.ar\/index.php\/bomberos-voluntarios-de-pellegrini-denuncio-que-su-situacion-es-desesperante\/\" \/>\n<meta property=\"og:site_name\" content=\"Infoecos\" \/>\n<meta property=\"article:publisher\" content=\"https:\/\/www.facebook.com\/profile.php?id=100063200290284\" \/>\n<meta property=\"article:published_time\" content=\"2023-02-10T22:48:30+00:00\" \/>\n<meta property=\"article:modified_time\" content=\"2023-02-14T06:48:26+00:00\" \/>\n<meta property=\"og:image\" content=\"https:\/\/infoecos.com.ar\/wp-content\/uploads\/2023\/02\/image-68.png\" \/>\n\t<meta property=\"og:image:width\" content=\"1440\" \/>\n\t<meta property=\"og:image:height\" content=\"776\" \/>\n\t<meta property=\"og:image:type\" content=\"image\/png\" \/>\n<meta name=\"author\" content=\"Jorge Matheus\" \/>\n<meta name=\"twitter:card\" content=\"summary_large_image\" \/>\n<meta name=\"twitter:creator\" content=\"@infoecos\" \/>\n<meta name=\"twitter:site\" content=\"@infoecos\" \/>\n<meta name=\"twitter:label1\" content=\"Escrito por\" \/>\n\t<meta name=\"twitter:data1\" content=\"Jorge Matheus\" \/>\n\t<meta name=\"twitter:label2\" content=\"Tiempo de lectura\" \/>\n\t<meta name=\"twitter:data2\" content=\"3 minutos\" \/>\n<script type=\"application\/ld+json\" class=\"yoast-schema-graph\">{\"@context\":\"https:\/\/schema.org\",\"@graph\":[{\"@type\":\"Article\",\"@id\":\"https:\/\/infoecos.com.ar\/index.php\/bomberos-voluntarios-de-pellegrini-denuncio-que-su-situacion-es-desesperante\/#article\",\"isPartOf\":{\"@id\":\"https:\/\/infoecos.com.ar\/index.php\/bomberos-voluntarios-de-pellegrini-denuncio-que-su-situacion-es-desesperante\/\"},\"author\":{\"name\":\"Jorge Matheus\",\"@id\":\"https:\/\/infoecos.com.ar\/#\/schema\/person\/8f5ace5ce73b4b4aac4b7245aee6f191\"},\"headline\":\"Bomberos Voluntarios de Pellegrini denunci\u00f3 que su situaci\u00f3n es desesperante\",\"datePublished\":\"2023-02-10T22:48:30+00:00\",\"dateModified\":\"2023-02-14T06:48:26+00:00\",\"mainEntityOfPage\":{\"@id\":\"https:\/\/infoecos.com.ar\/index.php\/bomberos-voluntarios-de-pellegrini-denuncio-que-su-situacion-es-desesperante\/\"},\"wordCount\":433,\"publisher\":{\"@id\":\"https:\/\/infoecos.com.ar\/#organization\"},\"image\":{\"@id\":\"https:\/\/infoecos.com.ar\/index.php\/bomberos-voluntarios-de-pellegrini-denuncio-que-su-situacion-es-desesperante\/#primaryimage\"},\"thumbnailUrl\":\"https:\/\/infoecos.com.ar\/wp-content\/uploads\/2023\/02\/image-68.png\",\"keywords\":[\"LIGAN KICILLOF Y PACHECO\"],\"articleSection\":[\"C2 N6\"],\"inLanguage\":\"es\"},{\"@type\":\"WebPage\",\"@id\":\"https:\/\/infoecos.com.ar\/index.php\/bomberos-voluntarios-de-pellegrini-denuncio-que-su-situacion-es-desesperante\/\",\"url\":\"https:\/\/infoecos.com.ar\/index.php\/bomberos-voluntarios-de-pellegrini-denuncio-que-su-situacion-es-desesperante\/\",\"name\":\"Bomberos Voluntarios de Pellegrini denunci\u00f3 que su situaci\u00f3n es desesperante - Infoecos\",\"isPartOf\":{\"@id\":\"https:\/\/infoecos.com.ar\/#website\"},\"primaryImageOfPage\":{\"@id\":\"https:\/\/infoecos.com.ar\/index.php\/bomberos-voluntarios-de-pellegrini-denuncio-que-su-situacion-es-desesperante\/#primaryimage\"},\"image\":{\"@id\":\"https:\/\/infoecos.com.ar\/index.php\/bomberos-voluntarios-de-pellegrini-denuncio-que-su-situacion-es-desesperante\/#primaryimage\"},\"thumbnailUrl\":\"https:\/\/infoecos.com.ar\/wp-content\/uploads\/2023\/02\/image-68.png\",\"datePublished\":\"2023-02-10T22:48:30+00:00\",\"dateModified\":\"2023-02-14T06:48:26+00:00\",\"breadcrumb\":{\"@id\":\"https:\/\/infoecos.com.ar\/index.php\/bomberos-voluntarios-de-pellegrini-denuncio-que-su-situacion-es-desesperante\/#breadcrumb\"},\"inLanguage\":\"es\",\"potentialAction\":[{\"@type\":\"ReadAction\",\"target\":[\"https:\/\/infoecos.com.ar\/index.php\/bomberos-voluntarios-de-pellegrini-denuncio-que-su-situacion-es-desesperante\/\"]}]},{\"@type\":\"ImageObject\",\"inLanguage\":\"es\",\"@id\":\"https:\/\/infoecos.com.ar\/index.php\/bomberos-voluntarios-de-pellegrini-denuncio-que-su-situacion-es-desesperante\/#primaryimage\",\"url\":\"https:\/\/infoecos.com.ar\/wp-content\/uploads\/2023\/02\/image-68.png\",\"contentUrl\":\"https:\/\/infoecos.com.ar\/wp-content\/uploads\/2023\/02\/image-68.png\",\"width\":1440,\"height\":776},{\"@type\":\"BreadcrumbList\",\"@id\":\"https:\/\/infoecos.com.ar\/index.php\/bomberos-voluntarios-de-pellegrini-denuncio-que-su-situacion-es-desesperante\/#breadcrumb\",\"itemListElement\":[{\"@type\":\"ListItem\",\"position\":1,\"name\":\"Portada\",\"item\":\"https:\/\/infoecos.com.ar\/\"},{\"@type\":\"ListItem\",\"position\":2,\"name\":\"Bomberos Voluntarios de Pellegrini denunci\u00f3 que su situaci\u00f3n es desesperante\"}]},{\"@type\":\"WebSite\",\"@id\":\"https:\/\/infoecos.com.ar\/#website\",\"url\":\"https:\/\/infoecos.com.ar\/\",\"name\":\"Infoecos\",\"description\":\"Noticias de trenque lauquen y la zona\",\"publisher\":{\"@id\":\"https:\/\/infoecos.com.ar\/#organization\"},\"alternateName\":\"Noticias\",\"potentialAction\":[{\"@type\":\"SearchAction\",\"target\":{\"@type\":\"EntryPoint\",\"urlTemplate\":\"https:\/\/infoecos.com.ar\/?s={search_term_string}\"},\"query-input\":{\"@type\":\"PropertyValueSpecification\",\"valueRequired\":true,\"valueName\":\"search_term_string\"}}],\"inLanguage\":\"es\"},{\"@type\":\"Organization\",\"@id\":\"https:\/\/infoecos.com.ar\/#organization\",\"name\":\"Infoecos\",\"alternateName\":\"Noticias\",\"url\":\"https:\/\/infoecos.com.ar\/\",\"logo\":{\"@type\":\"ImageObject\",\"inLanguage\":\"es\",\"@id\":\"https:\/\/infoecos.com.ar\/#\/schema\/logo\/image\/\",\"url\":\"https:\/\/infoecos.com.ar\/wp-content\/uploads\/2024\/03\/cropped-logo.png\",\"contentUrl\":\"https:\/\/infoecos.com.ar\/wp-content\/uploads\/2024\/03\/cropped-logo.png\",\"width\":374,\"height\":90,\"caption\":\"Infoecos\"},\"image\":{\"@id\":\"https:\/\/infoecos.com.ar\/#\/schema\/logo\/image\/\"},\"sameAs\":[\"https:\/\/www.facebook.com\/profile.php?id=100063200290284\",\"https:\/\/x.com\/infoecos\"]},{\"@type\":\"Person\",\"@id\":\"https:\/\/infoecos.com.ar\/#\/schema\/person\/8f5ace5ce73b4b4aac4b7245aee6f191\",\"name\":\"Jorge Matheus\",\"url\":\"https:\/\/infoecos.com.ar\/index.php\/author\/jomatheus\/\"}]}<\/script>\n<!-- \/ Yoast SEO plugin. -->","yoast_head_json":{"title":"Bomberos Voluntarios de Pellegrini denunci\u00f3 que su situaci\u00f3n es desesperante - Infoecos","robots":{"index":"index","follow":"follow","max-snippet":"max-snippet:-1","max-image-preview":"max-image-preview:large","max-video-preview":"max-video-preview:-1"},"canonical":"https:\/\/infoecos.com.ar\/index.php\/bomberos-voluntarios-de-pellegrini-denuncio-que-su-situacion-es-desesperante\/","og_locale":"es_ES","og_type":"article","og_title":"Bomberos Voluntarios de Pellegrini denunci\u00f3 que su situaci\u00f3n es desesperante - Infoecos","og_description":"En un informe publicado hace unas horas atr\u00e1s, los servidores p\u00fablicos est\u00e1n necesitando ayuda para seguir cumpliendo con sus funciones","og_url":"https:\/\/infoecos.com.ar\/index.php\/bomberos-voluntarios-de-pellegrini-denuncio-que-su-situacion-es-desesperante\/","og_site_name":"Infoecos","article_publisher":"https:\/\/www.facebook.com\/profile.php?id=100063200290284","article_published_time":"2023-02-10T22:48:30+00:00","article_modified_time":"2023-02-14T06:48:26+00:00","og_image":[{"width":1440,"height":776,"url":"https:\/\/infoecos.com.ar\/wp-content\/uploads\/2023\/02\/image-68.png","type":"image\/png"}],"author":"Jorge Matheus","twitter_card":"summary_large_image","twitter_creator":"@infoecos","twitter_site":"@infoecos","twitter_misc":{"Escrito por":"Jorge Matheus","Tiempo de lectura":"3 minutos"},"schema":{"@context":"https:\/\/schema.org","@graph":[{"@type":"Article","@id":"https:\/\/infoecos.com.ar\/index.php\/bomberos-voluntarios-de-pellegrini-denuncio-que-su-situacion-es-desesperante\/#article","isPartOf":{"@id":"https:\/\/infoecos.com.ar\/index.php\/bomberos-voluntarios-de-pellegrini-denuncio-que-su-situacion-es-desesperante\/"},"author":{"name":"Jorge Matheus","@id":"https:\/\/infoecos.com.ar\/#\/schema\/person\/8f5ace5ce73b4b4aac4b7245aee6f191"},"headline":"Bomberos Voluntarios de Pellegrini denunci\u00f3 que su situaci\u00f3n es desesperante","datePublished":"2023-02-10T22:48:30+00:00","dateModified":"2023-02-14T06:48:26+00:00","mainEntityOfPage":{"@id":"https:\/\/infoecos.com.ar\/index.php\/bomberos-voluntarios-de-pellegrini-denuncio-que-su-situacion-es-desesperante\/"},"wordCount":433,"publisher":{"@id":"https:\/\/infoecos.com.ar\/#organization"},"image":{"@id":"https:\/\/infoecos.com.ar\/index.php\/bomberos-voluntarios-de-pellegrini-denuncio-que-su-situacion-es-desesperante\/#primaryimage"},"thumbnailUrl":"https:\/\/infoecos.com.ar\/wp-content\/uploads\/2023\/02\/image-68.png","keywords":["LIGAN KICILLOF Y PACHECO"],"articleSection":["C2 N6"],"inLanguage":"es"},{"@type":"WebPage","@id":"https:\/\/infoecos.com.ar\/index.php\/bomberos-voluntarios-de-pellegrini-denuncio-que-su-situacion-es-desesperante\/","url":"https:\/\/infoecos.com.ar\/index.php\/bomberos-voluntarios-de-pellegrini-denuncio-que-su-situacion-es-desesperante\/","name":"Bomberos Voluntarios de Pellegrini denunci\u00f3 que su situaci\u00f3n es desesperante - Infoecos","isPartOf":{"@id":"https:\/\/infoecos.com.ar\/#website"},"primaryImageOfPage":{"@id":"https:\/\/infoecos.com.ar\/index.php\/bomberos-voluntarios-de-pellegrini-denuncio-que-su-situacion-es-desesperante\/#primaryimage"},"image":{"@id":"https:\/\/infoecos.com.ar\/index.php\/bomberos-voluntarios-de-pellegrini-denuncio-que-su-situacion-es-desesperante\/#primaryimage"},"thumbnailUrl":"https:\/\/infoecos.com.ar\/wp-content\/uploads\/2023\/02\/image-68.png","datePublished":"2023-02-10T22:48:30+00:00","dateModified":"2023-02-14T06:48:26+00:00","breadcrumb":{"@id":"https:\/\/infoecos.com.ar\/index.php\/bomberos-voluntarios-de-pellegrini-denuncio-que-su-situacion-es-desesperante\/#breadcrumb"},"inLanguage":"es","potentialAction":[{"@type":"ReadAction","target":["https:\/\/infoecos.com.ar\/index.php\/bomberos-voluntarios-de-pellegrini-denuncio-que-su-situacion-es-desesperante\/"]}]},{"@type":"ImageObject","inLanguage":"es","@id":"https:\/\/infoecos.com.ar\/index.php\/bomberos-voluntarios-de-pellegrini-denuncio-que-su-situacion-es-desesperante\/#primaryimage","url":"https:\/\/infoecos.com.ar\/wp-content\/uploads\/2023\/02\/image-68.png","contentUrl":"https:\/\/infoecos.com.ar\/wp-content\/uploads\/2023\/02\/image-68.png","width":1440,"height":776},{"@type":"BreadcrumbList","@id":"https:\/\/infoecos.com.ar\/index.php\/bomberos-voluntarios-de-pellegrini-denuncio-que-su-situacion-es-desesperante\/#breadcrumb","itemListElement":[{"@type":"ListItem","position":1,"name":"Portada","item":"https:\/\/infoecos.com.ar\/"},{"@type":"ListItem","position":2,"name":"Bomberos Voluntarios de Pellegrini denunci\u00f3 que su situaci\u00f3n es desesperante"}]},{"@type":"WebSite","@id":"https:\/\/infoecos.com.ar\/#website","url":"https:\/\/infoecos.com.ar\/","name":"Infoecos","description":"Noticias de trenque lauquen y la zona","publisher":{"@id":"https:\/\/infoecos.com.ar\/#organization"},"alternateName":"Noticias","potentialAction":[{"@type":"SearchAction","target":{"@type":"EntryPoint","urlTemplate":"https:\/\/infoecos.com.ar\/?s={search_term_string}"},"query-input":{"@type":"PropertyValueSpecification","valueRequired":true,"valueName":"search_term_string"}}],"inLanguage":"es"},{"@type":"Organization","@id":"https:\/\/infoecos.com.ar\/#organization","name":"Infoecos","alternateName":"Noticias","url":"https:\/\/infoecos.com.ar\/","logo":{"@type":"ImageObject","inLanguage":"es","@id":"https:\/\/infoecos.com.ar\/#\/schema\/logo\/image\/","url":"https:\/\/infoecos.com.ar\/wp-content\/uploads\/2024\/03\/cropped-logo.png","contentUrl":"https:\/\/infoecos.com.ar\/wp-content\/uploads\/2024\/03\/cropped-logo.png","width":374,"height":90,"caption":"Infoecos"},"image":{"@id":"https:\/\/infoecos.com.ar\/#\/schema\/logo\/image\/"},"sameAs":["https:\/\/www.facebook.com\/profile.php?id=100063200290284","https:\/\/x.com\/infoecos"]},{"@type":"Person","@id":"https:\/\/infoecos.com.ar\/#\/schema\/person\/8f5ace5ce73b4b4aac4b7245aee6f191","name":"Jorge Matheus","url":"https:\/\/infoecos.com.ar\/index.php\/author\/jomatheus\/"}]}},"featured_image_urls":{"full":["https:\/\/infoecos.com.ar\/wp-content\/uploads\/2023\/02\/image-68.png",1440,776,false],"thumbnail":["https:\/\/infoecos.com.ar\/wp-content\/uploads\/2023\/02\/image-68-300x150.png",300,150,true],"medium":["https:\/\/infoecos.com.ar\/wp-content\/uploads\/2023\/02\/image-68-800x431.png",800,431,true],"medium_large":["https:\/\/infoecos.com.ar\/wp-content\/uploads\/2023\/02\/image-68-768x414.png",640,345,true],"large":["https:\/\/infoecos.com.ar\/wp-content\/uploads\/2023\/02\/image-68.png",640,345,false],"1536x1536":["https:\/\/infoecos.com.ar\/wp-content\/uploads\/2023\/02\/image-68.png",1440,776,false],"2048x2048":["https:\/\/infoecos.com.ar\/wp-content\/uploads\/2023\/02\/image-68.png",1440,776,false],"covernews-slider-full":["https:\/\/infoecos.com.ar\/wp-content\/uploads\/2023\/02\/image-68.png",1115,601,false],"covernews-slider-center":["https:\/\/infoecos.com.ar\/wp-content\/uploads\/2023\/02\/image-68-936x776.png",603,500,true],"covernews-featured":["https:\/\/infoecos.com.ar\/wp-content\/uploads\/2023\/02\/image-68-1024x552.png",1024,552,true],"covernews-medium":["https:\/\/infoecos.com.ar\/wp-content\/uploads\/2023\/02\/image-68-720x380.png",540,285,true],"covernews-medium-square":["https:\/\/infoecos.com.ar\/wp-content\/uploads\/2023\/02\/image-68-675x450.png",375,250,true]},"author_info":{"info":["Jorge Matheus"]},"category_info":"<a href=\"https:\/\/infoecos.com.ar\/index.php\/category\/c2nota6\/\" rel=\"category tag\">C2 N6<\/a>","tag_info":"C2 N6","comment_count":"0","_links":{"self":[{"href":"https:\/\/infoecos.com.ar\/index.php\/wp-json\/wp\/v2\/posts\/101715"}],"collection":[{"href":"https:\/\/infoecos.com.ar\/index.php\/wp-json\/wp\/v2\/posts"}],"about":[{"href":"https:\/\/infoecos.com.ar\/index.php\/wp-json\/wp\/v2\/types\/post"}],"author":[{"embeddable":true,"href":"https:\/\/infoecos.com.ar\/index.php\/wp-json\/wp\/v2\/users\/2"}],"replies":[{"embeddable":true,"href":"https:\/\/infoecos.com.ar\/index.php\/wp-json\/wp\/v2\/comments?post=101715"}],"version-history":[{"count":2,"href":"https:\/\/infoecos.com.ar\/index.php\/wp-json\/wp\/v2\/posts\/101715\/revisions"}],"predecessor-version":[{"id":101830,"href":"https:\/\/infoecos.com.ar\/index.php\/wp-json\/wp\/v2\/posts\/101715\/revisions\/101830"}],"wp:featuredmedia":[{"embeddable":true,"href":"https:\/\/infoecos.com.ar\/index.php\/wp-json\/wp\/v2\/media\/101716"}],"wp:attachment":[{"href":"https:\/\/infoecos.com.ar\/index.php\/wp-json\/wp\/v2\/media?parent=101715"}],"wp:term":[{"taxonomy":"category","embeddable":true,"href":"https:\/\/infoecos.com.ar\/index.php\/wp-json\/wp\/v2\/categories?post=101715"},{"taxonomy":"post_tag","embeddable":true,"href":"https:\/\/infoecos.com.ar\/index.php\/wp-json\/wp\/v2\/tags?post=101715"}],"curies":[{"name":"wp","href":"https:\/\/api.w.org\/{rel}","templated":true}]}}