{"id":101723,"date":"2023-02-10T20:15:52","date_gmt":"2023-02-10T23:15:52","guid":{"rendered":"https:\/\/infoecos.com.ar\/?p=101723"},"modified":"2023-02-10T20:15:52","modified_gmt":"2023-02-10T23:15:52","slug":"pablo-zurro-el-presidente-fernandez-no-puede-ir-por-la-reeleccion","status":"publish","type":"post","link":"https:\/\/infoecos.com.ar\/index.php\/pablo-zurro-el-presidente-fernandez-no-puede-ir-por-la-reeleccion\/","title":{"rendered":"Pablo Zurro: \u00abel presidente Fern\u00e1ndez no puede ir por la reelecci\u00f3n\u00bb"},"content":{"rendered":"\n<p><strong>Fuente: cuartopolitico.com y 365pehuajo.com.ar<\/strong><\/p>\n\n\n\n<p>El intendente de Pehuaj\u00f3, Pablo Zurro, analiz\u00f3 el escenario pol\u00edtico y electoral del Frente de Todos de cara a los comicios de este a\u00f1o, donde reiter\u00f3 que la vicepresidenta Cristina Fern\u00e1ndez de Kirchner est\u00e1 proscripta y que el presidente Alberto Fern\u00e1ndez no puede ir por la reelecci\u00f3n: \u201cAlguien se lo tiene que decir\u201d.<\/p>\n\n\n\n<figure class=\"wp-block-image aligncenter size-large\"><img loading=\"lazy\" decoding=\"async\" width=\"920\" height=\"551\" src=\"https:\/\/infoecos.com.ar\/wp-content\/uploads\/2022\/04\/zurro-2-920x551.png\" alt=\"\" class=\"wp-image-90676\" srcset=\"https:\/\/infoecos.com.ar\/wp-content\/uploads\/2022\/04\/zurro-2-920x551.png 920w, https:\/\/infoecos.com.ar\/wp-content\/uploads\/2022\/04\/zurro-2-460x276.png 460w, https:\/\/infoecos.com.ar\/wp-content\/uploads\/2022\/04\/zurro-2-768x460.png 768w, https:\/\/infoecos.com.ar\/wp-content\/uploads\/2022\/04\/zurro-2-1024x613.png 1024w, https:\/\/infoecos.com.ar\/wp-content\/uploads\/2022\/04\/zurro-2.png 1282w\" sizes=\"(max-width: 920px) 100vw, 920px\" \/><\/figure>\n\n\n\n<p>En esa l\u00ednea, el jefe comunal expres\u00f3 a&nbsp;<strong>Cuarto Pol\u00edtico&nbsp;<\/strong>que \u201cme parece que quien tiene que convocar a una mesa pol\u00edtica es la principal referente, que es Cristina. Porque los periodistas hacen un balance como si el Frente tuviera tres patas. Y en verdad tiene tres patas, pero&nbsp;la mayoritaria es la que representa Cristina. El albertismo no existe;&nbsp;es una figura de funcionarios y legisladores funcionales al presidente\u201d.<\/p>\n\n\n\n<p>\u201cEstas cosas habr\u00eda que dec\u00edrselas a Alberto. La realidad es que pasamos la pandemia y la guerra, pero tambi\u00e9n pasamos una parte tuya que podr\u00edas haber estado a la altura de las circuntas. Da un paso al costado en tu candidatura, acompa\u00f1\u00e1 y la historia te va a dejar mejor parado\u201d, ampli\u00f3 el jefe comunal y m\u00e1ximo referente del kirchnerismo en la regi\u00f3n.<\/p>\n\n\n\n<p>En ese sentido, Zurro manifest\u00f3 que es \u201cuna verg\u00fcenza\u201d que la vicepresienta est\u00e9 proscripta: \u201cCristina es quien&nbsp;tiene que decidir si es candidata o no\u201d. Y agreg\u00f3: \u201cCristina tiene la centralidad de la pol\u00edtica, pero puede ser Wado, M\u00e1ximo, Axel, y hasta Massa, que es de otro espacio interno\u201d.<\/p>\n\n\n\n<p>Consultado respecto a una posible candidatura a la reelecci\u00f3n del gobernador Axel Kicillof, expres\u00f3 que \u201ccuando no se entorpecen las cuestiones es todo m\u00e1s claro. Ac\u00e1 no hablamos s\u00f3lo de una charla electoral, hay que redicutir la distrubuci\u00f3n&nbsp;de la riqueza, la ley de medios, la inserci\u00f3n del pa\u00eds en la regi\u00f3n, muchas cosas de lo que quiere&nbsp;el 35% del kirchnerismo, que vamos a llegar rapidamente al 50 y vamos a&nbsp;ganar\u201d.<\/p>\n","protected":false},"excerpt":{"rendered":"<p>El jefe comunal expres\u00f3 a\u00a0Cuarto Pol\u00edtico\u00a0que \u201cme parece que quien tiene que convocar a una mesa pol\u00edtica es la principal referente, que es Cristina\u00bb<\/p>\n","protected":false},"author":2,"featured_media":90676,"comment_status":"closed","ping_status":"open","sticky":false,"template":"","format":"standard","meta":{"footnotes":""},"categories":[51],"tags":[6789],"class_list":["post-101723","post","type-post","status-publish","format-standard","has-post-thumbnail","hentry","category-c2nota4","tag-elecciones-2023"],"yoast_head":"<!-- This site is optimized with the Yoast SEO plugin v23.4 - https:\/\/yoast.com\/wordpress\/plugins\/seo\/ -->\n<title>Pablo Zurro: &quot;el presidente Fern\u00e1ndez no puede ir por la reelecci\u00f3n&quot; - Infoecos<\/title>\n<meta name=\"robots\" content=\"index, follow, max-snippet:-1, max-image-preview:large, max-video-preview:-1\" \/>\n<link rel=\"canonical\" href=\"https:\/\/infoecos.com.ar\/index.php\/pablo-zurro-el-presidente-fernandez-no-puede-ir-por-la-reeleccion\/\" \/>\n<meta property=\"og:locale\" content=\"es_ES\" \/>\n<meta property=\"og:type\" content=\"article\" \/>\n<meta property=\"og:title\" content=\"Pablo Zurro: &quot;el presidente Fern\u00e1ndez no puede ir por la reelecci\u00f3n&quot; - Infoecos\" \/>\n<meta property=\"og:description\" content=\"El jefe comunal expres\u00f3 a\u00a0Cuarto Pol\u00edtico\u00a0que \u201cme parece que quien tiene que convocar a una mesa pol\u00edtica es la principal referente, que es Cristina&quot;\" \/>\n<meta property=\"og:url\" content=\"https:\/\/infoecos.com.ar\/index.php\/pablo-zurro-el-presidente-fernandez-no-puede-ir-por-la-reeleccion\/\" \/>\n<meta property=\"og:site_name\" content=\"Infoecos\" \/>\n<meta property=\"article:publisher\" content=\"https:\/\/www.facebook.com\/profile.php?id=100063200290284\" \/>\n<meta property=\"article:published_time\" content=\"2023-02-10T23:15:52+00:00\" \/>\n<meta property=\"og:image\" content=\"https:\/\/infoecos.com.ar\/wp-content\/uploads\/2022\/04\/zurro-2.png\" \/>\n\t<meta property=\"og:image:width\" content=\"1282\" \/>\n\t<meta property=\"og:image:height\" content=\"768\" \/>\n\t<meta property=\"og:image:type\" content=\"image\/png\" \/>\n<meta name=\"author\" content=\"Jorge Matheus\" \/>\n<meta name=\"twitter:card\" content=\"summary_large_image\" \/>\n<meta name=\"twitter:creator\" content=\"@infoecos\" \/>\n<meta name=\"twitter:site\" content=\"@infoecos\" \/>\n<meta name=\"twitter:label1\" content=\"Escrito por\" \/>\n\t<meta name=\"twitter:data1\" content=\"Jorge Matheus\" \/>\n\t<meta name=\"twitter:label2\" content=\"Tiempo de lectura\" \/>\n\t<meta name=\"twitter:data2\" content=\"2 minutos\" \/>\n<script type=\"application\/ld+json\" class=\"yoast-schema-graph\">{\"@context\":\"https:\/\/schema.org\",\"@graph\":[{\"@type\":\"Article\",\"@id\":\"https:\/\/infoecos.com.ar\/index.php\/pablo-zurro-el-presidente-fernandez-no-puede-ir-por-la-reeleccion\/#article\",\"isPartOf\":{\"@id\":\"https:\/\/infoecos.com.ar\/index.php\/pablo-zurro-el-presidente-fernandez-no-puede-ir-por-la-reeleccion\/\"},\"author\":{\"name\":\"Jorge Matheus\",\"@id\":\"https:\/\/infoecos.com.ar\/#\/schema\/person\/8f5ace5ce73b4b4aac4b7245aee6f191\"},\"headline\":\"Pablo Zurro: \u00abel presidente Fern\u00e1ndez no puede ir por la reelecci\u00f3n\u00bb\",\"datePublished\":\"2023-02-10T23:15:52+00:00\",\"dateModified\":\"2023-02-10T23:15:52+00:00\",\"mainEntityOfPage\":{\"@id\":\"https:\/\/infoecos.com.ar\/index.php\/pablo-zurro-el-presidente-fernandez-no-puede-ir-por-la-reeleccion\/\"},\"wordCount\":358,\"publisher\":{\"@id\":\"https:\/\/infoecos.com.ar\/#organization\"},\"image\":{\"@id\":\"https:\/\/infoecos.com.ar\/index.php\/pablo-zurro-el-presidente-fernandez-no-puede-ir-por-la-reeleccion\/#primaryimage\"},\"thumbnailUrl\":\"https:\/\/infoecos.com.ar\/wp-content\/uploads\/2022\/04\/zurro-2.png\",\"keywords\":[\"elecciones 2023\"],\"articleSection\":[\"C2 N4\"],\"inLanguage\":\"es\"},{\"@type\":\"WebPage\",\"@id\":\"https:\/\/infoecos.com.ar\/index.php\/pablo-zurro-el-presidente-fernandez-no-puede-ir-por-la-reeleccion\/\",\"url\":\"https:\/\/infoecos.com.ar\/index.php\/pablo-zurro-el-presidente-fernandez-no-puede-ir-por-la-reeleccion\/\",\"name\":\"Pablo Zurro: \\\"el presidente Fern\u00e1ndez no puede ir por la reelecci\u00f3n\\\" - Infoecos\",\"isPartOf\":{\"@id\":\"https:\/\/infoecos.com.ar\/#website\"},\"primaryImageOfPage\":{\"@id\":\"https:\/\/infoecos.com.ar\/index.php\/pablo-zurro-el-presidente-fernandez-no-puede-ir-por-la-reeleccion\/#primaryimage\"},\"image\":{\"@id\":\"https:\/\/infoecos.com.ar\/index.php\/pablo-zurro-el-presidente-fernandez-no-puede-ir-por-la-reeleccion\/#primaryimage\"},\"thumbnailUrl\":\"https:\/\/infoecos.com.ar\/wp-content\/uploads\/2022\/04\/zurro-2.png\",\"datePublished\":\"2023-02-10T23:15:52+00:00\",\"dateModified\":\"2023-02-10T23:15:52+00:00\",\"breadcrumb\":{\"@id\":\"https:\/\/infoecos.com.ar\/index.php\/pablo-zurro-el-presidente-fernandez-no-puede-ir-por-la-reeleccion\/#breadcrumb\"},\"inLanguage\":\"es\",\"potentialAction\":[{\"@type\":\"ReadAction\",\"target\":[\"https:\/\/infoecos.com.ar\/index.php\/pablo-zurro-el-presidente-fernandez-no-puede-ir-por-la-reeleccion\/\"]}]},{\"@type\":\"ImageObject\",\"inLanguage\":\"es\",\"@id\":\"https:\/\/infoecos.com.ar\/index.php\/pablo-zurro-el-presidente-fernandez-no-puede-ir-por-la-reeleccion\/#primaryimage\",\"url\":\"https:\/\/infoecos.com.ar\/wp-content\/uploads\/2022\/04\/zurro-2.png\",\"contentUrl\":\"https:\/\/infoecos.com.ar\/wp-content\/uploads\/2022\/04\/zurro-2.png\",\"width\":1282,\"height\":768},{\"@type\":\"BreadcrumbList\",\"@id\":\"https:\/\/infoecos.com.ar\/index.php\/pablo-zurro-el-presidente-fernandez-no-puede-ir-por-la-reeleccion\/#breadcrumb\",\"itemListElement\":[{\"@type\":\"ListItem\",\"position\":1,\"name\":\"Portada\",\"item\":\"https:\/\/infoecos.com.ar\/\"},{\"@type\":\"ListItem\",\"position\":2,\"name\":\"Pablo Zurro: \u00abel presidente Fern\u00e1ndez no puede ir por la reelecci\u00f3n\u00bb\"}]},{\"@type\":\"WebSite\",\"@id\":\"https:\/\/infoecos.com.ar\/#website\",\"url\":\"https:\/\/infoecos.com.ar\/\",\"name\":\"Infoecos\",\"description\":\"Noticias de trenque lauquen y la zona\",\"publisher\":{\"@id\":\"https:\/\/infoecos.com.ar\/#organization\"},\"alternateName\":\"Noticias\",\"potentialAction\":[{\"@type\":\"SearchAction\",\"target\":{\"@type\":\"EntryPoint\",\"urlTemplate\":\"https:\/\/infoecos.com.ar\/?s={search_term_string}\"},\"query-input\":{\"@type\":\"PropertyValueSpecification\",\"valueRequired\":true,\"valueName\":\"search_term_string\"}}],\"inLanguage\":\"es\"},{\"@type\":\"Organization\",\"@id\":\"https:\/\/infoecos.com.ar\/#organization\",\"name\":\"Infoecos\",\"alternateName\":\"Noticias\",\"url\":\"https:\/\/infoecos.com.ar\/\",\"logo\":{\"@type\":\"ImageObject\",\"inLanguage\":\"es\",\"@id\":\"https:\/\/infoecos.com.ar\/#\/schema\/logo\/image\/\",\"url\":\"https:\/\/infoecos.com.ar\/wp-content\/uploads\/2024\/03\/cropped-logo.png\",\"contentUrl\":\"https:\/\/infoecos.com.ar\/wp-content\/uploads\/2024\/03\/cropped-logo.png\",\"width\":374,\"height\":90,\"caption\":\"Infoecos\"},\"image\":{\"@id\":\"https:\/\/infoecos.com.ar\/#\/schema\/logo\/image\/\"},\"sameAs\":[\"https:\/\/www.facebook.com\/profile.php?id=100063200290284\",\"https:\/\/x.com\/infoecos\"]},{\"@type\":\"Person\",\"@id\":\"https:\/\/infoecos.com.ar\/#\/schema\/person\/8f5ace5ce73b4b4aac4b7245aee6f191\",\"name\":\"Jorge Matheus\",\"url\":\"https:\/\/infoecos.com.ar\/index.php\/author\/jomatheus\/\"}]}<\/script>\n<!-- \/ Yoast SEO plugin. -->","yoast_head_json":{"title":"Pablo Zurro: \"el presidente Fern\u00e1ndez no puede ir por la reelecci\u00f3n\" - Infoecos","robots":{"index":"index","follow":"follow","max-snippet":"max-snippet:-1","max-image-preview":"max-image-preview:large","max-video-preview":"max-video-preview:-1"},"canonical":"https:\/\/infoecos.com.ar\/index.php\/pablo-zurro-el-presidente-fernandez-no-puede-ir-por-la-reeleccion\/","og_locale":"es_ES","og_type":"article","og_title":"Pablo Zurro: \"el presidente Fern\u00e1ndez no puede ir por la reelecci\u00f3n\" - Infoecos","og_description":"El jefe comunal expres\u00f3 a\u00a0Cuarto Pol\u00edtico\u00a0que \u201cme parece que quien tiene que convocar a una mesa pol\u00edtica es la principal referente, que es Cristina\"","og_url":"https:\/\/infoecos.com.ar\/index.php\/pablo-zurro-el-presidente-fernandez-no-puede-ir-por-la-reeleccion\/","og_site_name":"Infoecos","article_publisher":"https:\/\/www.facebook.com\/profile.php?id=100063200290284","article_published_time":"2023-02-10T23:15:52+00:00","og_image":[{"width":1282,"height":768,"url":"https:\/\/infoecos.com.ar\/wp-content\/uploads\/2022\/04\/zurro-2.png","type":"image\/png"}],"author":"Jorge Matheus","twitter_card":"summary_large_image","twitter_creator":"@infoecos","twitter_site":"@infoecos","twitter_misc":{"Escrito por":"Jorge Matheus","Tiempo de lectura":"2 minutos"},"schema":{"@context":"https:\/\/schema.org","@graph":[{"@type":"Article","@id":"https:\/\/infoecos.com.ar\/index.php\/pablo-zurro-el-presidente-fernandez-no-puede-ir-por-la-reeleccion\/#article","isPartOf":{"@id":"https:\/\/infoecos.com.ar\/index.php\/pablo-zurro-el-presidente-fernandez-no-puede-ir-por-la-reeleccion\/"},"author":{"name":"Jorge Matheus","@id":"https:\/\/infoecos.com.ar\/#\/schema\/person\/8f5ace5ce73b4b4aac4b7245aee6f191"},"headline":"Pablo Zurro: \u00abel presidente Fern\u00e1ndez no puede ir por la reelecci\u00f3n\u00bb","datePublished":"2023-02-10T23:15:52+00:00","dateModified":"2023-02-10T23:15:52+00:00","mainEntityOfPage":{"@id":"https:\/\/infoecos.com.ar\/index.php\/pablo-zurro-el-presidente-fernandez-no-puede-ir-por-la-reeleccion\/"},"wordCount":358,"publisher":{"@id":"https:\/\/infoecos.com.ar\/#organization"},"image":{"@id":"https:\/\/infoecos.com.ar\/index.php\/pablo-zurro-el-presidente-fernandez-no-puede-ir-por-la-reeleccion\/#primaryimage"},"thumbnailUrl":"https:\/\/infoecos.com.ar\/wp-content\/uploads\/2022\/04\/zurro-2.png","keywords":["elecciones 2023"],"articleSection":["C2 N4"],"inLanguage":"es"},{"@type":"WebPage","@id":"https:\/\/infoecos.com.ar\/index.php\/pablo-zurro-el-presidente-fernandez-no-puede-ir-por-la-reeleccion\/","url":"https:\/\/infoecos.com.ar\/index.php\/pablo-zurro-el-presidente-fernandez-no-puede-ir-por-la-reeleccion\/","name":"Pablo Zurro: \"el presidente Fern\u00e1ndez no puede ir por la reelecci\u00f3n\" - Infoecos","isPartOf":{"@id":"https:\/\/infoecos.com.ar\/#website"},"primaryImageOfPage":{"@id":"https:\/\/infoecos.com.ar\/index.php\/pablo-zurro-el-presidente-fernandez-no-puede-ir-por-la-reeleccion\/#primaryimage"},"image":{"@id":"https:\/\/infoecos.com.ar\/index.php\/pablo-zurro-el-presidente-fernandez-no-puede-ir-por-la-reeleccion\/#primaryimage"},"thumbnailUrl":"https:\/\/infoecos.com.ar\/wp-content\/uploads\/2022\/04\/zurro-2.png","datePublished":"2023-02-10T23:15:52+00:00","dateModified":"2023-02-10T23:15:52+00:00","breadcrumb":{"@id":"https:\/\/infoecos.com.ar\/index.php\/pablo-zurro-el-presidente-fernandez-no-puede-ir-por-la-reeleccion\/#breadcrumb"},"inLanguage":"es","potentialAction":[{"@type":"ReadAction","target":["https:\/\/infoecos.com.ar\/index.php\/pablo-zurro-el-presidente-fernandez-no-puede-ir-por-la-reeleccion\/"]}]},{"@type":"ImageObject","inLanguage":"es","@id":"https:\/\/infoecos.com.ar\/index.php\/pablo-zurro-el-presidente-fernandez-no-puede-ir-por-la-reeleccion\/#primaryimage","url":"https:\/\/infoecos.com.ar\/wp-content\/uploads\/2022\/04\/zurro-2.png","contentUrl":"https:\/\/infoecos.com.ar\/wp-content\/uploads\/2022\/04\/zurro-2.png","width":1282,"height":768},{"@type":"BreadcrumbList","@id":"https:\/\/infoecos.com.ar\/index.php\/pablo-zurro-el-presidente-fernandez-no-puede-ir-por-la-reeleccion\/#breadcrumb","itemListElement":[{"@type":"ListItem","position":1,"name":"Portada","item":"https:\/\/infoecos.com.ar\/"},{"@type":"ListItem","position":2,"name":"Pablo Zurro: \u00abel presidente Fern\u00e1ndez no puede ir por la reelecci\u00f3n\u00bb"}]},{"@type":"WebSite","@id":"https:\/\/infoecos.com.ar\/#website","url":"https:\/\/infoecos.com.ar\/","name":"Infoecos","description":"Noticias de trenque lauquen y la zona","publisher":{"@id":"https:\/\/infoecos.com.ar\/#organization"},"alternateName":"Noticias","potentialAction":[{"@type":"SearchAction","target":{"@type":"EntryPoint","urlTemplate":"https:\/\/infoecos.com.ar\/?s={search_term_string}"},"query-input":{"@type":"PropertyValueSpecification","valueRequired":true,"valueName":"search_term_string"}}],"inLanguage":"es"},{"@type":"Organization","@id":"https:\/\/infoecos.com.ar\/#organization","name":"Infoecos","alternateName":"Noticias","url":"https:\/\/infoecos.com.ar\/","logo":{"@type":"ImageObject","inLanguage":"es","@id":"https:\/\/infoecos.com.ar\/#\/schema\/logo\/image\/","url":"https:\/\/infoecos.com.ar\/wp-content\/uploads\/2024\/03\/cropped-logo.png","contentUrl":"https:\/\/infoecos.com.ar\/wp-content\/uploads\/2024\/03\/cropped-logo.png","width":374,"height":90,"caption":"Infoecos"},"image":{"@id":"https:\/\/infoecos.com.ar\/#\/schema\/logo\/image\/"},"sameAs":["https:\/\/www.facebook.com\/profile.php?id=100063200290284","https:\/\/x.com\/infoecos"]},{"@type":"Person","@id":"https:\/\/infoecos.com.ar\/#\/schema\/person\/8f5ace5ce73b4b4aac4b7245aee6f191","name":"Jorge Matheus","url":"https:\/\/infoecos.com.ar\/index.php\/author\/jomatheus\/"}]}},"featured_image_urls":{"full":["https:\/\/infoecos.com.ar\/wp-content\/uploads\/2022\/04\/zurro-2.png",1282,768,false],"thumbnail":["https:\/\/infoecos.com.ar\/wp-content\/uploads\/2022\/04\/zurro-2-150x150.png",150,150,true],"medium":["https:\/\/infoecos.com.ar\/wp-content\/uploads\/2022\/04\/zurro-2-460x276.png",460,276,true],"medium_large":["https:\/\/infoecos.com.ar\/wp-content\/uploads\/2022\/04\/zurro-2-768x460.png",640,383,true],"large":["https:\/\/infoecos.com.ar\/wp-content\/uploads\/2022\/04\/zurro-2-920x551.png",640,383,true],"1536x1536":["https:\/\/infoecos.com.ar\/wp-content\/uploads\/2022\/04\/zurro-2.png",1282,768,false],"2048x2048":["https:\/\/infoecos.com.ar\/wp-content\/uploads\/2022\/04\/zurro-2.png",1282,768,false],"covernews-slider-full":["https:\/\/infoecos.com.ar\/wp-content\/uploads\/2022\/04\/zurro-2.png",1115,668,false],"covernews-slider-center":["https:\/\/infoecos.com.ar\/wp-content\/uploads\/2022\/04\/zurro-2-936x768.png",609,500,true],"covernews-featured":["https:\/\/infoecos.com.ar\/wp-content\/uploads\/2022\/04\/zurro-2-1024x613.png",1024,613,true],"covernews-medium":["https:\/\/infoecos.com.ar\/wp-content\/uploads\/2022\/04\/zurro-2-720x380.png",540,285,true],"covernews-medium-square":["https:\/\/infoecos.com.ar\/wp-content\/uploads\/2022\/04\/zurro-2-675x450.png",375,250,true]},"author_info":{"info":["Jorge Matheus"]},"category_info":"<a href=\"https:\/\/infoecos.com.ar\/index.php\/category\/c2nota4\/\" rel=\"category tag\">C2 N4<\/a>","tag_info":"C2 N4","comment_count":"0","_links":{"self":[{"href":"https:\/\/infoecos.com.ar\/index.php\/wp-json\/wp\/v2\/posts\/101723"}],"collection":[{"href":"https:\/\/infoecos.com.ar\/index.php\/wp-json\/wp\/v2\/posts"}],"about":[{"href":"https:\/\/infoecos.com.ar\/index.php\/wp-json\/wp\/v2\/types\/post"}],"author":[{"embeddable":true,"href":"https:\/\/infoecos.com.ar\/index.php\/wp-json\/wp\/v2\/users\/2"}],"replies":[{"embeddable":true,"href":"https:\/\/infoecos.com.ar\/index.php\/wp-json\/wp\/v2\/comments?post=101723"}],"version-history":[{"count":1,"href":"https:\/\/infoecos.com.ar\/index.php\/wp-json\/wp\/v2\/posts\/101723\/revisions"}],"predecessor-version":[{"id":101724,"href":"https:\/\/infoecos.com.ar\/index.php\/wp-json\/wp\/v2\/posts\/101723\/revisions\/101724"}],"wp:featuredmedia":[{"embeddable":true,"href":"https:\/\/infoecos.com.ar\/index.php\/wp-json\/wp\/v2\/media\/90676"}],"wp:attachment":[{"href":"https:\/\/infoecos.com.ar\/index.php\/wp-json\/wp\/v2\/media?parent=101723"}],"wp:term":[{"taxonomy":"category","embeddable":true,"href":"https:\/\/infoecos.com.ar\/index.php\/wp-json\/wp\/v2\/categories?post=101723"},{"taxonomy":"post_tag","embeddable":true,"href":"https:\/\/infoecos.com.ar\/index.php\/wp-json\/wp\/v2\/tags?post=101723"}],"curies":[{"name":"wp","href":"https:\/\/api.w.org\/{rel}","templated":true}]}}