{"id":101763,"date":"2023-02-13T12:04:14","date_gmt":"2023-02-13T15:04:14","guid":{"rendered":"https:\/\/infoecos.com.ar\/?p=101763"},"modified":"2023-02-14T03:46:45","modified_gmt":"2023-02-14T06:46:45","slug":"esta-noche-y-madrugada-puro-ruido-como-tormenta-de-verano","status":"publish","type":"post","link":"https:\/\/infoecos.com.ar\/index.php\/esta-noche-y-madrugada-puro-ruido-como-tormenta-de-verano\/","title":{"rendered":"\u00abPuro ruido como tormenta de verano\u00bb"},"content":{"rendered":"\n<p>La lluvia caida en la noche y madrugada no alcanz\u00f3 lo esperado. Ha contribuido a que baje la temperatura, pero el milimetraje fue escaso en la mayor\u00eda de los distritos de la Pampa H\u00fameda Arenosa. <\/p>\n\n\n\n<figure class=\"wp-block-image alignright size-full is-resized\"><img loading=\"lazy\" decoding=\"async\" src=\"https:\/\/infoecos.com.ar\/wp-content\/uploads\/2022\/08\/72-1.png\" alt=\"\" class=\"wp-image-95773\" width=\"285\" height=\"284\" srcset=\"https:\/\/infoecos.com.ar\/wp-content\/uploads\/2022\/08\/72-1.png 257w, https:\/\/infoecos.com.ar\/wp-content\/uploads\/2022\/08\/72-1-150x150.png 150w\" sizes=\"(max-width: 285px) 100vw, 285px\" \/><\/figure>\n\n\n\n<p>La informaci\u00f3n rescatada por Infoecos en distintos sitios period\u00edsticos, como tambi\u00e9n en las redes sociales, deja en claro que no fue lo esperado. <\/p>\n\n\n\n<p>El distrito de Trenque Lauquen volvi\u00f3 a ser uno de los beneficiados, donde la marca aportada por el Servicio Meteorol\u00f3gico Nacional, permite conocer que cayeron cerca de los 20 mil\u00edmetros.<\/p>\n\n\n\n<p>La lluvia lleg\u00f3 a la ciudad cabecera acompa\u00f1ada por una tormenta el\u00e9ctrica que no gener\u00f3 demasiados inconvenientes.<\/p>\n\n\n\n<p>El domingo fue un d\u00eda agobiante. La temperatura m\u00e1xima en Trenque Lauquen fue de 40 grados, lleg\u00e1ndose a una Sensaci\u00f3n T\u00e9rmica de 47 grados. <\/p>\n","protected":false},"excerpt":{"rendered":"<p>El distrito de Trenque Lauquen volvi\u00f3 a ser uno de los beneficiados, donde la marca aportada por el Servicio Meteorol\u00f3gico Nacional, permite conocer que cayeron cerca de los 20 mil\u00edmetros<\/p>\n","protected":false},"author":2,"featured_media":95773,"comment_status":"closed","ping_status":"open","sticky":false,"template":"","format":"standard","meta":{"footnotes":""},"categories":[1323],"tags":[7309],"class_list":["post-101763","post","type-post","status-publish","format-standard","has-post-thumbnail","hentry","category-c2nota5","tag-lluvia"],"yoast_head":"<!-- This site is optimized with the Yoast SEO plugin v23.4 - https:\/\/yoast.com\/wordpress\/plugins\/seo\/ -->\n<title>&quot;Puro ruido como tormenta de verano&quot; - Infoecos<\/title>\n<meta name=\"robots\" content=\"index, follow, max-snippet:-1, max-image-preview:large, max-video-preview:-1\" \/>\n<link rel=\"canonical\" href=\"https:\/\/infoecos.com.ar\/index.php\/esta-noche-y-madrugada-puro-ruido-como-tormenta-de-verano\/\" \/>\n<meta property=\"og:locale\" content=\"es_ES\" \/>\n<meta property=\"og:type\" content=\"article\" \/>\n<meta property=\"og:title\" content=\"&quot;Puro ruido como tormenta de verano&quot; - Infoecos\" \/>\n<meta property=\"og:description\" content=\"El distrito de Trenque Lauquen volvi\u00f3 a ser uno de los beneficiados, donde la marca aportada por el Servicio Meteorol\u00f3gico Nacional, permite conocer que cayeron cerca de los 20 mil\u00edmetros\" \/>\n<meta property=\"og:url\" content=\"https:\/\/infoecos.com.ar\/index.php\/esta-noche-y-madrugada-puro-ruido-como-tormenta-de-verano\/\" \/>\n<meta property=\"og:site_name\" content=\"Infoecos\" \/>\n<meta property=\"article:publisher\" content=\"https:\/\/www.facebook.com\/profile.php?id=100063200290284\" \/>\n<meta property=\"article:published_time\" content=\"2023-02-13T15:04:14+00:00\" \/>\n<meta property=\"article:modified_time\" content=\"2023-02-14T06:46:45+00:00\" \/>\n<meta property=\"og:image\" content=\"https:\/\/infoecos.com.ar\/wp-content\/uploads\/2022\/08\/72-1.png\" \/>\n\t<meta property=\"og:image:width\" content=\"257\" \/>\n\t<meta property=\"og:image:height\" content=\"256\" \/>\n\t<meta property=\"og:image:type\" content=\"image\/png\" \/>\n<meta name=\"author\" content=\"Jorge Matheus\" \/>\n<meta name=\"twitter:card\" content=\"summary_large_image\" \/>\n<meta name=\"twitter:creator\" content=\"@infoecos\" \/>\n<meta name=\"twitter:site\" content=\"@infoecos\" \/>\n<meta name=\"twitter:label1\" content=\"Escrito por\" \/>\n\t<meta name=\"twitter:data1\" content=\"Jorge Matheus\" \/>\n\t<meta name=\"twitter:label2\" content=\"Tiempo de lectura\" \/>\n\t<meta name=\"twitter:data2\" content=\"1 minuto\" \/>\n<script type=\"application\/ld+json\" class=\"yoast-schema-graph\">{\"@context\":\"https:\/\/schema.org\",\"@graph\":[{\"@type\":\"Article\",\"@id\":\"https:\/\/infoecos.com.ar\/index.php\/esta-noche-y-madrugada-puro-ruido-como-tormenta-de-verano\/#article\",\"isPartOf\":{\"@id\":\"https:\/\/infoecos.com.ar\/index.php\/esta-noche-y-madrugada-puro-ruido-como-tormenta-de-verano\/\"},\"author\":{\"name\":\"Jorge Matheus\",\"@id\":\"https:\/\/infoecos.com.ar\/#\/schema\/person\/8f5ace5ce73b4b4aac4b7245aee6f191\"},\"headline\":\"\u00abPuro ruido como tormenta de verano\u00bb\",\"datePublished\":\"2023-02-13T15:04:14+00:00\",\"dateModified\":\"2023-02-14T06:46:45+00:00\",\"mainEntityOfPage\":{\"@id\":\"https:\/\/infoecos.com.ar\/index.php\/esta-noche-y-madrugada-puro-ruido-como-tormenta-de-verano\/\"},\"wordCount\":146,\"publisher\":{\"@id\":\"https:\/\/infoecos.com.ar\/#organization\"},\"image\":{\"@id\":\"https:\/\/infoecos.com.ar\/index.php\/esta-noche-y-madrugada-puro-ruido-como-tormenta-de-verano\/#primaryimage\"},\"thumbnailUrl\":\"https:\/\/infoecos.com.ar\/wp-content\/uploads\/2022\/08\/72-1.png\",\"keywords\":[\"LLUVIA\"],\"articleSection\":[\"C2 N5\"],\"inLanguage\":\"es\"},{\"@type\":\"WebPage\",\"@id\":\"https:\/\/infoecos.com.ar\/index.php\/esta-noche-y-madrugada-puro-ruido-como-tormenta-de-verano\/\",\"url\":\"https:\/\/infoecos.com.ar\/index.php\/esta-noche-y-madrugada-puro-ruido-como-tormenta-de-verano\/\",\"name\":\"\\\"Puro ruido como tormenta de verano\\\" - Infoecos\",\"isPartOf\":{\"@id\":\"https:\/\/infoecos.com.ar\/#website\"},\"primaryImageOfPage\":{\"@id\":\"https:\/\/infoecos.com.ar\/index.php\/esta-noche-y-madrugada-puro-ruido-como-tormenta-de-verano\/#primaryimage\"},\"image\":{\"@id\":\"https:\/\/infoecos.com.ar\/index.php\/esta-noche-y-madrugada-puro-ruido-como-tormenta-de-verano\/#primaryimage\"},\"thumbnailUrl\":\"https:\/\/infoecos.com.ar\/wp-content\/uploads\/2022\/08\/72-1.png\",\"datePublished\":\"2023-02-13T15:04:14+00:00\",\"dateModified\":\"2023-02-14T06:46:45+00:00\",\"breadcrumb\":{\"@id\":\"https:\/\/infoecos.com.ar\/index.php\/esta-noche-y-madrugada-puro-ruido-como-tormenta-de-verano\/#breadcrumb\"},\"inLanguage\":\"es\",\"potentialAction\":[{\"@type\":\"ReadAction\",\"target\":[\"https:\/\/infoecos.com.ar\/index.php\/esta-noche-y-madrugada-puro-ruido-como-tormenta-de-verano\/\"]}]},{\"@type\":\"ImageObject\",\"inLanguage\":\"es\",\"@id\":\"https:\/\/infoecos.com.ar\/index.php\/esta-noche-y-madrugada-puro-ruido-como-tormenta-de-verano\/#primaryimage\",\"url\":\"https:\/\/infoecos.com.ar\/wp-content\/uploads\/2022\/08\/72-1.png\",\"contentUrl\":\"https:\/\/infoecos.com.ar\/wp-content\/uploads\/2022\/08\/72-1.png\",\"width\":257,\"height\":256},{\"@type\":\"BreadcrumbList\",\"@id\":\"https:\/\/infoecos.com.ar\/index.php\/esta-noche-y-madrugada-puro-ruido-como-tormenta-de-verano\/#breadcrumb\",\"itemListElement\":[{\"@type\":\"ListItem\",\"position\":1,\"name\":\"Portada\",\"item\":\"https:\/\/infoecos.com.ar\/\"},{\"@type\":\"ListItem\",\"position\":2,\"name\":\"\u00abPuro ruido como tormenta de verano\u00bb\"}]},{\"@type\":\"WebSite\",\"@id\":\"https:\/\/infoecos.com.ar\/#website\",\"url\":\"https:\/\/infoecos.com.ar\/\",\"name\":\"Infoecos\",\"description\":\"Noticias de trenque lauquen y la zona\",\"publisher\":{\"@id\":\"https:\/\/infoecos.com.ar\/#organization\"},\"alternateName\":\"Noticias\",\"potentialAction\":[{\"@type\":\"SearchAction\",\"target\":{\"@type\":\"EntryPoint\",\"urlTemplate\":\"https:\/\/infoecos.com.ar\/?s={search_term_string}\"},\"query-input\":{\"@type\":\"PropertyValueSpecification\",\"valueRequired\":true,\"valueName\":\"search_term_string\"}}],\"inLanguage\":\"es\"},{\"@type\":\"Organization\",\"@id\":\"https:\/\/infoecos.com.ar\/#organization\",\"name\":\"Infoecos\",\"alternateName\":\"Noticias\",\"url\":\"https:\/\/infoecos.com.ar\/\",\"logo\":{\"@type\":\"ImageObject\",\"inLanguage\":\"es\",\"@id\":\"https:\/\/infoecos.com.ar\/#\/schema\/logo\/image\/\",\"url\":\"https:\/\/infoecos.com.ar\/wp-content\/uploads\/2024\/03\/cropped-logo.png\",\"contentUrl\":\"https:\/\/infoecos.com.ar\/wp-content\/uploads\/2024\/03\/cropped-logo.png\",\"width\":374,\"height\":90,\"caption\":\"Infoecos\"},\"image\":{\"@id\":\"https:\/\/infoecos.com.ar\/#\/schema\/logo\/image\/\"},\"sameAs\":[\"https:\/\/www.facebook.com\/profile.php?id=100063200290284\",\"https:\/\/x.com\/infoecos\"]},{\"@type\":\"Person\",\"@id\":\"https:\/\/infoecos.com.ar\/#\/schema\/person\/8f5ace5ce73b4b4aac4b7245aee6f191\",\"name\":\"Jorge Matheus\",\"url\":\"https:\/\/infoecos.com.ar\/index.php\/author\/jomatheus\/\"}]}<\/script>\n<!-- \/ Yoast SEO plugin. -->","yoast_head_json":{"title":"\"Puro ruido como tormenta de verano\" - Infoecos","robots":{"index":"index","follow":"follow","max-snippet":"max-snippet:-1","max-image-preview":"max-image-preview:large","max-video-preview":"max-video-preview:-1"},"canonical":"https:\/\/infoecos.com.ar\/index.php\/esta-noche-y-madrugada-puro-ruido-como-tormenta-de-verano\/","og_locale":"es_ES","og_type":"article","og_title":"\"Puro ruido como tormenta de verano\" - Infoecos","og_description":"El distrito de Trenque Lauquen volvi\u00f3 a ser uno de los beneficiados, donde la marca aportada por el Servicio Meteorol\u00f3gico Nacional, permite conocer que cayeron cerca de los 20 mil\u00edmetros","og_url":"https:\/\/infoecos.com.ar\/index.php\/esta-noche-y-madrugada-puro-ruido-como-tormenta-de-verano\/","og_site_name":"Infoecos","article_publisher":"https:\/\/www.facebook.com\/profile.php?id=100063200290284","article_published_time":"2023-02-13T15:04:14+00:00","article_modified_time":"2023-02-14T06:46:45+00:00","og_image":[{"width":257,"height":256,"url":"https:\/\/infoecos.com.ar\/wp-content\/uploads\/2022\/08\/72-1.png","type":"image\/png"}],"author":"Jorge Matheus","twitter_card":"summary_large_image","twitter_creator":"@infoecos","twitter_site":"@infoecos","twitter_misc":{"Escrito por":"Jorge Matheus","Tiempo de lectura":"1 minuto"},"schema":{"@context":"https:\/\/schema.org","@graph":[{"@type":"Article","@id":"https:\/\/infoecos.com.ar\/index.php\/esta-noche-y-madrugada-puro-ruido-como-tormenta-de-verano\/#article","isPartOf":{"@id":"https:\/\/infoecos.com.ar\/index.php\/esta-noche-y-madrugada-puro-ruido-como-tormenta-de-verano\/"},"author":{"name":"Jorge Matheus","@id":"https:\/\/infoecos.com.ar\/#\/schema\/person\/8f5ace5ce73b4b4aac4b7245aee6f191"},"headline":"\u00abPuro ruido como tormenta de verano\u00bb","datePublished":"2023-02-13T15:04:14+00:00","dateModified":"2023-02-14T06:46:45+00:00","mainEntityOfPage":{"@id":"https:\/\/infoecos.com.ar\/index.php\/esta-noche-y-madrugada-puro-ruido-como-tormenta-de-verano\/"},"wordCount":146,"publisher":{"@id":"https:\/\/infoecos.com.ar\/#organization"},"image":{"@id":"https:\/\/infoecos.com.ar\/index.php\/esta-noche-y-madrugada-puro-ruido-como-tormenta-de-verano\/#primaryimage"},"thumbnailUrl":"https:\/\/infoecos.com.ar\/wp-content\/uploads\/2022\/08\/72-1.png","keywords":["LLUVIA"],"articleSection":["C2 N5"],"inLanguage":"es"},{"@type":"WebPage","@id":"https:\/\/infoecos.com.ar\/index.php\/esta-noche-y-madrugada-puro-ruido-como-tormenta-de-verano\/","url":"https:\/\/infoecos.com.ar\/index.php\/esta-noche-y-madrugada-puro-ruido-como-tormenta-de-verano\/","name":"\"Puro ruido como tormenta de verano\" - Infoecos","isPartOf":{"@id":"https:\/\/infoecos.com.ar\/#website"},"primaryImageOfPage":{"@id":"https:\/\/infoecos.com.ar\/index.php\/esta-noche-y-madrugada-puro-ruido-como-tormenta-de-verano\/#primaryimage"},"image":{"@id":"https:\/\/infoecos.com.ar\/index.php\/esta-noche-y-madrugada-puro-ruido-como-tormenta-de-verano\/#primaryimage"},"thumbnailUrl":"https:\/\/infoecos.com.ar\/wp-content\/uploads\/2022\/08\/72-1.png","datePublished":"2023-02-13T15:04:14+00:00","dateModified":"2023-02-14T06:46:45+00:00","breadcrumb":{"@id":"https:\/\/infoecos.com.ar\/index.php\/esta-noche-y-madrugada-puro-ruido-como-tormenta-de-verano\/#breadcrumb"},"inLanguage":"es","potentialAction":[{"@type":"ReadAction","target":["https:\/\/infoecos.com.ar\/index.php\/esta-noche-y-madrugada-puro-ruido-como-tormenta-de-verano\/"]}]},{"@type":"ImageObject","inLanguage":"es","@id":"https:\/\/infoecos.com.ar\/index.php\/esta-noche-y-madrugada-puro-ruido-como-tormenta-de-verano\/#primaryimage","url":"https:\/\/infoecos.com.ar\/wp-content\/uploads\/2022\/08\/72-1.png","contentUrl":"https:\/\/infoecos.com.ar\/wp-content\/uploads\/2022\/08\/72-1.png","width":257,"height":256},{"@type":"BreadcrumbList","@id":"https:\/\/infoecos.com.ar\/index.php\/esta-noche-y-madrugada-puro-ruido-como-tormenta-de-verano\/#breadcrumb","itemListElement":[{"@type":"ListItem","position":1,"name":"Portada","item":"https:\/\/infoecos.com.ar\/"},{"@type":"ListItem","position":2,"name":"\u00abPuro ruido como tormenta de verano\u00bb"}]},{"@type":"WebSite","@id":"https:\/\/infoecos.com.ar\/#website","url":"https:\/\/infoecos.com.ar\/","name":"Infoecos","description":"Noticias de trenque lauquen y la zona","publisher":{"@id":"https:\/\/infoecos.com.ar\/#organization"},"alternateName":"Noticias","potentialAction":[{"@type":"SearchAction","target":{"@type":"EntryPoint","urlTemplate":"https:\/\/infoecos.com.ar\/?s={search_term_string}"},"query-input":{"@type":"PropertyValueSpecification","valueRequired":true,"valueName":"search_term_string"}}],"inLanguage":"es"},{"@type":"Organization","@id":"https:\/\/infoecos.com.ar\/#organization","name":"Infoecos","alternateName":"Noticias","url":"https:\/\/infoecos.com.ar\/","logo":{"@type":"ImageObject","inLanguage":"es","@id":"https:\/\/infoecos.com.ar\/#\/schema\/logo\/image\/","url":"https:\/\/infoecos.com.ar\/wp-content\/uploads\/2024\/03\/cropped-logo.png","contentUrl":"https:\/\/infoecos.com.ar\/wp-content\/uploads\/2024\/03\/cropped-logo.png","width":374,"height":90,"caption":"Infoecos"},"image":{"@id":"https:\/\/infoecos.com.ar\/#\/schema\/logo\/image\/"},"sameAs":["https:\/\/www.facebook.com\/profile.php?id=100063200290284","https:\/\/x.com\/infoecos"]},{"@type":"Person","@id":"https:\/\/infoecos.com.ar\/#\/schema\/person\/8f5ace5ce73b4b4aac4b7245aee6f191","name":"Jorge Matheus","url":"https:\/\/infoecos.com.ar\/index.php\/author\/jomatheus\/"}]}},"featured_image_urls":{"full":["https:\/\/infoecos.com.ar\/wp-content\/uploads\/2022\/08\/72-1.png",257,256,false],"thumbnail":["https:\/\/infoecos.com.ar\/wp-content\/uploads\/2022\/08\/72-1-150x150.png",150,150,true],"medium":["https:\/\/infoecos.com.ar\/wp-content\/uploads\/2022\/08\/72-1.png",257,256,false],"medium_large":["https:\/\/infoecos.com.ar\/wp-content\/uploads\/2022\/08\/72-1.png",257,256,false],"large":["https:\/\/infoecos.com.ar\/wp-content\/uploads\/2022\/08\/72-1.png",257,256,false],"1536x1536":["https:\/\/infoecos.com.ar\/wp-content\/uploads\/2022\/08\/72-1.png",257,256,false],"2048x2048":["https:\/\/infoecos.com.ar\/wp-content\/uploads\/2022\/08\/72-1.png",257,256,false],"covernews-slider-full":["https:\/\/infoecos.com.ar\/wp-content\/uploads\/2022\/08\/72-1.png",257,256,false],"covernews-slider-center":["https:\/\/infoecos.com.ar\/wp-content\/uploads\/2022\/08\/72-1.png",257,256,false],"covernews-featured":["https:\/\/infoecos.com.ar\/wp-content\/uploads\/2022\/08\/72-1.png",257,256,false],"covernews-medium":["https:\/\/infoecos.com.ar\/wp-content\/uploads\/2022\/08\/72-1.png",257,256,false],"covernews-medium-square":["https:\/\/infoecos.com.ar\/wp-content\/uploads\/2022\/08\/72-1.png",251,250,false]},"author_info":{"info":["Jorge Matheus"]},"category_info":"<a href=\"https:\/\/infoecos.com.ar\/index.php\/category\/c2nota5\/\" rel=\"category tag\">C2 N5<\/a>","tag_info":"C2 N5","comment_count":"0","_links":{"self":[{"href":"https:\/\/infoecos.com.ar\/index.php\/wp-json\/wp\/v2\/posts\/101763"}],"collection":[{"href":"https:\/\/infoecos.com.ar\/index.php\/wp-json\/wp\/v2\/posts"}],"about":[{"href":"https:\/\/infoecos.com.ar\/index.php\/wp-json\/wp\/v2\/types\/post"}],"author":[{"embeddable":true,"href":"https:\/\/infoecos.com.ar\/index.php\/wp-json\/wp\/v2\/users\/2"}],"replies":[{"embeddable":true,"href":"https:\/\/infoecos.com.ar\/index.php\/wp-json\/wp\/v2\/comments?post=101763"}],"version-history":[{"count":3,"href":"https:\/\/infoecos.com.ar\/index.php\/wp-json\/wp\/v2\/posts\/101763\/revisions"}],"predecessor-version":[{"id":101829,"href":"https:\/\/infoecos.com.ar\/index.php\/wp-json\/wp\/v2\/posts\/101763\/revisions\/101829"}],"wp:featuredmedia":[{"embeddable":true,"href":"https:\/\/infoecos.com.ar\/index.php\/wp-json\/wp\/v2\/media\/95773"}],"wp:attachment":[{"href":"https:\/\/infoecos.com.ar\/index.php\/wp-json\/wp\/v2\/media?parent=101763"}],"wp:term":[{"taxonomy":"category","embeddable":true,"href":"https:\/\/infoecos.com.ar\/index.php\/wp-json\/wp\/v2\/categories?post=101763"},{"taxonomy":"post_tag","embeddable":true,"href":"https:\/\/infoecos.com.ar\/index.php\/wp-json\/wp\/v2\/tags?post=101763"}],"curies":[{"name":"wp","href":"https:\/\/api.w.org\/{rel}","templated":true}]}}