{"id":101770,"date":"2023-02-13T13:02:02","date_gmt":"2023-02-13T16:02:02","guid":{"rendered":"https:\/\/infoecos.com.ar\/?p=101770"},"modified":"2023-02-13T13:02:37","modified_gmt":"2023-02-13T16:02:37","slug":"con-el-escaso-10-de-votos-del-padron-la-oposicion-tiene-candidato-en-la-pampa","status":"publish","type":"post","link":"https:\/\/infoecos.com.ar\/index.php\/con-el-escaso-10-de-votos-del-padron-la-oposicion-tiene-candidato-en-la-pampa\/","title":{"rendered":"Con el escaso 10 % de votos del padr\u00f3n, la oposici\u00f3n tiene candidato en La Pampa"},"content":{"rendered":"\n<p>El radical\u00a0Mart\u00edn Berhongaray\u00a0se impuso ayer como candidato a gobernador de La Pampa de Juntos por el Cambio al doblegar en las elecciones primarias al postulante del PRO,\u00a0Mart\u00edn Maquieyra,\u00a0que contaba con el apoyo del resto de los partidos de la coalici\u00f3n opositora.<\/p>\n\n\n\n<figure class=\"wp-block-image alignright size-full is-resized\"><img loading=\"lazy\" decoding=\"async\" src=\"https:\/\/infoecos.com.ar\/wp-content\/uploads\/2023\/02\/berongharaymaquieyra.jpg\" alt=\"\" class=\"wp-image-101771\" width=\"371\" height=\"247\" srcset=\"https:\/\/infoecos.com.ar\/wp-content\/uploads\/2023\/02\/berongharaymaquieyra.jpg 800w, https:\/\/infoecos.com.ar\/wp-content\/uploads\/2023\/02\/berongharaymaquieyra-768x512.jpg 768w, https:\/\/infoecos.com.ar\/wp-content\/uploads\/2023\/02\/berongharaymaquieyra-675x450.jpg 675w\" sizes=\"(max-width: 371px) 100vw, 371px\" \/><\/figure>\n\n\n\n<p>Con el 83,49% de las mesas escrutadas de una elecci\u00f3n que se caracteriz\u00f3 por la baja afluencia a las urnas, el candidato de la UCR lograba 56,41% de los votos frente al 43,59% de su adversario interno.<\/p>\n\n\n\n<p>\u00abEsta elecci\u00f3n trascendi\u00f3 las fronteras de La Pampa porque si bien fue importante para el radicalismo provincial, tambi\u00e9n lo fue en lo nacional: se dispar\u00f3 un tiro por elevaci\u00f3n para que el partido est\u00e9 en los primeros planos dentro de la coalici\u00f3n y la pol\u00edtica nacional\u00bb, dijo&nbsp;Berhongaray&nbsp;en declaraciones period\u00edsticas apenas se confirm\u00f3 la tendencia a su favor.<\/p>\n\n\n\n<p>\u00abAsumimos que \u00ab\u00e9ste es un primer escal\u00f3n de cara al gran desaf\u00edo que tenemos para mayo. Reconforta el acompa\u00f1amiento de la militancia y la gente durante todo el proceso producto de un trabajo con mucha seriedad y rectitud en estos a\u00f1os que se vio reflejado en las diversas localidades pampeanas\u00bb, sostuvo el candidato a gobernador de Juntos por el Cambio.<\/p>\n\n\n\n<p>De las seis listas presentadas,\u00a0Juntos por el Cambio era el \u00fanico espacio que dirim\u00eda a su candidato en una interna.<\/p>\n\n\n\n<p><strong>Fotos: Infopico.com<\/strong><\/p>\n","protected":false},"excerpt":{"rendered":"<p>83,49% de las mesas escrutadas de una elecci\u00f3n que se caracteriz\u00f3 por la baja afluencia a las urnas<\/p>\n","protected":false},"author":2,"featured_media":101772,"comment_status":"closed","ping_status":"open","sticky":false,"template":"","format":"standard","meta":{"footnotes":""},"categories":[50],"tags":[6789],"class_list":["post-101770","post","type-post","status-publish","format-standard","has-post-thumbnail","hentry","category-c1nota4","tag-elecciones-2023"],"yoast_head":"<!-- This site is optimized with the Yoast SEO plugin v23.4 - https:\/\/yoast.com\/wordpress\/plugins\/seo\/ -->\n<title>Con el escaso 10 % de votos del padr\u00f3n, la oposici\u00f3n tiene candidato en La Pampa - Infoecos<\/title>\n<meta name=\"robots\" content=\"index, follow, max-snippet:-1, max-image-preview:large, max-video-preview:-1\" \/>\n<link rel=\"canonical\" href=\"https:\/\/infoecos.com.ar\/index.php\/con-el-escaso-10-de-votos-del-padron-la-oposicion-tiene-candidato-en-la-pampa\/\" \/>\n<meta property=\"og:locale\" content=\"es_ES\" \/>\n<meta property=\"og:type\" content=\"article\" \/>\n<meta property=\"og:title\" content=\"Con el escaso 10 % de votos del padr\u00f3n, la oposici\u00f3n tiene candidato en La Pampa - Infoecos\" \/>\n<meta property=\"og:description\" content=\"83,49% de las mesas escrutadas de una elecci\u00f3n que se caracteriz\u00f3 por la baja afluencia a las urnas\" \/>\n<meta property=\"og:url\" content=\"https:\/\/infoecos.com.ar\/index.php\/con-el-escaso-10-de-votos-del-padron-la-oposicion-tiene-candidato-en-la-pampa\/\" \/>\n<meta property=\"og:site_name\" content=\"Infoecos\" \/>\n<meta property=\"article:publisher\" content=\"https:\/\/www.facebook.com\/profile.php?id=100063200290284\" \/>\n<meta property=\"article:published_time\" content=\"2023-02-13T16:02:02+00:00\" \/>\n<meta property=\"article:modified_time\" content=\"2023-02-13T16:02:37+00:00\" \/>\n<meta property=\"og:image\" content=\"https:\/\/infoecos.com.ar\/wp-content\/uploads\/2023\/02\/berhongaray-maquieyra-700x466-1.jpg\" \/>\n\t<meta property=\"og:image:width\" content=\"700\" \/>\n\t<meta property=\"og:image:height\" content=\"466\" \/>\n\t<meta property=\"og:image:type\" content=\"image\/jpeg\" \/>\n<meta name=\"author\" content=\"Jorge Matheus\" \/>\n<meta name=\"twitter:card\" content=\"summary_large_image\" \/>\n<meta name=\"twitter:creator\" content=\"@infoecos\" \/>\n<meta name=\"twitter:site\" content=\"@infoecos\" \/>\n<meta name=\"twitter:label1\" content=\"Escrito por\" \/>\n\t<meta name=\"twitter:data1\" content=\"Jorge Matheus\" \/>\n\t<meta name=\"twitter:label2\" content=\"Tiempo de lectura\" \/>\n\t<meta name=\"twitter:data2\" content=\"2 minutos\" \/>\n<script type=\"application\/ld+json\" class=\"yoast-schema-graph\">{\"@context\":\"https:\/\/schema.org\",\"@graph\":[{\"@type\":\"Article\",\"@id\":\"https:\/\/infoecos.com.ar\/index.php\/con-el-escaso-10-de-votos-del-padron-la-oposicion-tiene-candidato-en-la-pampa\/#article\",\"isPartOf\":{\"@id\":\"https:\/\/infoecos.com.ar\/index.php\/con-el-escaso-10-de-votos-del-padron-la-oposicion-tiene-candidato-en-la-pampa\/\"},\"author\":{\"name\":\"Jorge Matheus\",\"@id\":\"https:\/\/infoecos.com.ar\/#\/schema\/person\/8f5ace5ce73b4b4aac4b7245aee6f191\"},\"headline\":\"Con el escaso 10 % de votos del padr\u00f3n, la oposici\u00f3n tiene candidato en La Pampa\",\"datePublished\":\"2023-02-13T16:02:02+00:00\",\"dateModified\":\"2023-02-13T16:02:37+00:00\",\"mainEntityOfPage\":{\"@id\":\"https:\/\/infoecos.com.ar\/index.php\/con-el-escaso-10-de-votos-del-padron-la-oposicion-tiene-candidato-en-la-pampa\/\"},\"wordCount\":255,\"publisher\":{\"@id\":\"https:\/\/infoecos.com.ar\/#organization\"},\"image\":{\"@id\":\"https:\/\/infoecos.com.ar\/index.php\/con-el-escaso-10-de-votos-del-padron-la-oposicion-tiene-candidato-en-la-pampa\/#primaryimage\"},\"thumbnailUrl\":\"https:\/\/infoecos.com.ar\/wp-content\/uploads\/2023\/02\/berhongaray-maquieyra-700x466-1.jpg\",\"keywords\":[\"elecciones 2023\"],\"articleSection\":[\"C1 N4\"],\"inLanguage\":\"es\"},{\"@type\":\"WebPage\",\"@id\":\"https:\/\/infoecos.com.ar\/index.php\/con-el-escaso-10-de-votos-del-padron-la-oposicion-tiene-candidato-en-la-pampa\/\",\"url\":\"https:\/\/infoecos.com.ar\/index.php\/con-el-escaso-10-de-votos-del-padron-la-oposicion-tiene-candidato-en-la-pampa\/\",\"name\":\"Con el escaso 10 % de votos del padr\u00f3n, la oposici\u00f3n tiene candidato en La Pampa - Infoecos\",\"isPartOf\":{\"@id\":\"https:\/\/infoecos.com.ar\/#website\"},\"primaryImageOfPage\":{\"@id\":\"https:\/\/infoecos.com.ar\/index.php\/con-el-escaso-10-de-votos-del-padron-la-oposicion-tiene-candidato-en-la-pampa\/#primaryimage\"},\"image\":{\"@id\":\"https:\/\/infoecos.com.ar\/index.php\/con-el-escaso-10-de-votos-del-padron-la-oposicion-tiene-candidato-en-la-pampa\/#primaryimage\"},\"thumbnailUrl\":\"https:\/\/infoecos.com.ar\/wp-content\/uploads\/2023\/02\/berhongaray-maquieyra-700x466-1.jpg\",\"datePublished\":\"2023-02-13T16:02:02+00:00\",\"dateModified\":\"2023-02-13T16:02:37+00:00\",\"breadcrumb\":{\"@id\":\"https:\/\/infoecos.com.ar\/index.php\/con-el-escaso-10-de-votos-del-padron-la-oposicion-tiene-candidato-en-la-pampa\/#breadcrumb\"},\"inLanguage\":\"es\",\"potentialAction\":[{\"@type\":\"ReadAction\",\"target\":[\"https:\/\/infoecos.com.ar\/index.php\/con-el-escaso-10-de-votos-del-padron-la-oposicion-tiene-candidato-en-la-pampa\/\"]}]},{\"@type\":\"ImageObject\",\"inLanguage\":\"es\",\"@id\":\"https:\/\/infoecos.com.ar\/index.php\/con-el-escaso-10-de-votos-del-padron-la-oposicion-tiene-candidato-en-la-pampa\/#primaryimage\",\"url\":\"https:\/\/infoecos.com.ar\/wp-content\/uploads\/2023\/02\/berhongaray-maquieyra-700x466-1.jpg\",\"contentUrl\":\"https:\/\/infoecos.com.ar\/wp-content\/uploads\/2023\/02\/berhongaray-maquieyra-700x466-1.jpg\",\"width\":700,\"height\":466},{\"@type\":\"BreadcrumbList\",\"@id\":\"https:\/\/infoecos.com.ar\/index.php\/con-el-escaso-10-de-votos-del-padron-la-oposicion-tiene-candidato-en-la-pampa\/#breadcrumb\",\"itemListElement\":[{\"@type\":\"ListItem\",\"position\":1,\"name\":\"Portada\",\"item\":\"https:\/\/infoecos.com.ar\/\"},{\"@type\":\"ListItem\",\"position\":2,\"name\":\"Con el escaso 10 % de votos del padr\u00f3n, la oposici\u00f3n tiene candidato en La Pampa\"}]},{\"@type\":\"WebSite\",\"@id\":\"https:\/\/infoecos.com.ar\/#website\",\"url\":\"https:\/\/infoecos.com.ar\/\",\"name\":\"Infoecos\",\"description\":\"Noticias de trenque lauquen y la zona\",\"publisher\":{\"@id\":\"https:\/\/infoecos.com.ar\/#organization\"},\"alternateName\":\"Noticias\",\"potentialAction\":[{\"@type\":\"SearchAction\",\"target\":{\"@type\":\"EntryPoint\",\"urlTemplate\":\"https:\/\/infoecos.com.ar\/?s={search_term_string}\"},\"query-input\":{\"@type\":\"PropertyValueSpecification\",\"valueRequired\":true,\"valueName\":\"search_term_string\"}}],\"inLanguage\":\"es\"},{\"@type\":\"Organization\",\"@id\":\"https:\/\/infoecos.com.ar\/#organization\",\"name\":\"Infoecos\",\"alternateName\":\"Noticias\",\"url\":\"https:\/\/infoecos.com.ar\/\",\"logo\":{\"@type\":\"ImageObject\",\"inLanguage\":\"es\",\"@id\":\"https:\/\/infoecos.com.ar\/#\/schema\/logo\/image\/\",\"url\":\"https:\/\/infoecos.com.ar\/wp-content\/uploads\/2024\/03\/cropped-logo.png\",\"contentUrl\":\"https:\/\/infoecos.com.ar\/wp-content\/uploads\/2024\/03\/cropped-logo.png\",\"width\":374,\"height\":90,\"caption\":\"Infoecos\"},\"image\":{\"@id\":\"https:\/\/infoecos.com.ar\/#\/schema\/logo\/image\/\"},\"sameAs\":[\"https:\/\/www.facebook.com\/profile.php?id=100063200290284\",\"https:\/\/x.com\/infoecos\"]},{\"@type\":\"Person\",\"@id\":\"https:\/\/infoecos.com.ar\/#\/schema\/person\/8f5ace5ce73b4b4aac4b7245aee6f191\",\"name\":\"Jorge Matheus\",\"url\":\"https:\/\/infoecos.com.ar\/index.php\/author\/jomatheus\/\"}]}<\/script>\n<!-- \/ Yoast SEO plugin. -->","yoast_head_json":{"title":"Con el escaso 10 % de votos del padr\u00f3n, la oposici\u00f3n tiene candidato en La Pampa - Infoecos","robots":{"index":"index","follow":"follow","max-snippet":"max-snippet:-1","max-image-preview":"max-image-preview:large","max-video-preview":"max-video-preview:-1"},"canonical":"https:\/\/infoecos.com.ar\/index.php\/con-el-escaso-10-de-votos-del-padron-la-oposicion-tiene-candidato-en-la-pampa\/","og_locale":"es_ES","og_type":"article","og_title":"Con el escaso 10 % de votos del padr\u00f3n, la oposici\u00f3n tiene candidato en La Pampa - Infoecos","og_description":"83,49% de las mesas escrutadas de una elecci\u00f3n que se caracteriz\u00f3 por la baja afluencia a las urnas","og_url":"https:\/\/infoecos.com.ar\/index.php\/con-el-escaso-10-de-votos-del-padron-la-oposicion-tiene-candidato-en-la-pampa\/","og_site_name":"Infoecos","article_publisher":"https:\/\/www.facebook.com\/profile.php?id=100063200290284","article_published_time":"2023-02-13T16:02:02+00:00","article_modified_time":"2023-02-13T16:02:37+00:00","og_image":[{"width":700,"height":466,"url":"https:\/\/infoecos.com.ar\/wp-content\/uploads\/2023\/02\/berhongaray-maquieyra-700x466-1.jpg","type":"image\/jpeg"}],"author":"Jorge Matheus","twitter_card":"summary_large_image","twitter_creator":"@infoecos","twitter_site":"@infoecos","twitter_misc":{"Escrito por":"Jorge Matheus","Tiempo de lectura":"2 minutos"},"schema":{"@context":"https:\/\/schema.org","@graph":[{"@type":"Article","@id":"https:\/\/infoecos.com.ar\/index.php\/con-el-escaso-10-de-votos-del-padron-la-oposicion-tiene-candidato-en-la-pampa\/#article","isPartOf":{"@id":"https:\/\/infoecos.com.ar\/index.php\/con-el-escaso-10-de-votos-del-padron-la-oposicion-tiene-candidato-en-la-pampa\/"},"author":{"name":"Jorge Matheus","@id":"https:\/\/infoecos.com.ar\/#\/schema\/person\/8f5ace5ce73b4b4aac4b7245aee6f191"},"headline":"Con el escaso 10 % de votos del padr\u00f3n, la oposici\u00f3n tiene candidato en La Pampa","datePublished":"2023-02-13T16:02:02+00:00","dateModified":"2023-02-13T16:02:37+00:00","mainEntityOfPage":{"@id":"https:\/\/infoecos.com.ar\/index.php\/con-el-escaso-10-de-votos-del-padron-la-oposicion-tiene-candidato-en-la-pampa\/"},"wordCount":255,"publisher":{"@id":"https:\/\/infoecos.com.ar\/#organization"},"image":{"@id":"https:\/\/infoecos.com.ar\/index.php\/con-el-escaso-10-de-votos-del-padron-la-oposicion-tiene-candidato-en-la-pampa\/#primaryimage"},"thumbnailUrl":"https:\/\/infoecos.com.ar\/wp-content\/uploads\/2023\/02\/berhongaray-maquieyra-700x466-1.jpg","keywords":["elecciones 2023"],"articleSection":["C1 N4"],"inLanguage":"es"},{"@type":"WebPage","@id":"https:\/\/infoecos.com.ar\/index.php\/con-el-escaso-10-de-votos-del-padron-la-oposicion-tiene-candidato-en-la-pampa\/","url":"https:\/\/infoecos.com.ar\/index.php\/con-el-escaso-10-de-votos-del-padron-la-oposicion-tiene-candidato-en-la-pampa\/","name":"Con el escaso 10 % de votos del padr\u00f3n, la oposici\u00f3n tiene candidato en La Pampa - Infoecos","isPartOf":{"@id":"https:\/\/infoecos.com.ar\/#website"},"primaryImageOfPage":{"@id":"https:\/\/infoecos.com.ar\/index.php\/con-el-escaso-10-de-votos-del-padron-la-oposicion-tiene-candidato-en-la-pampa\/#primaryimage"},"image":{"@id":"https:\/\/infoecos.com.ar\/index.php\/con-el-escaso-10-de-votos-del-padron-la-oposicion-tiene-candidato-en-la-pampa\/#primaryimage"},"thumbnailUrl":"https:\/\/infoecos.com.ar\/wp-content\/uploads\/2023\/02\/berhongaray-maquieyra-700x466-1.jpg","datePublished":"2023-02-13T16:02:02+00:00","dateModified":"2023-02-13T16:02:37+00:00","breadcrumb":{"@id":"https:\/\/infoecos.com.ar\/index.php\/con-el-escaso-10-de-votos-del-padron-la-oposicion-tiene-candidato-en-la-pampa\/#breadcrumb"},"inLanguage":"es","potentialAction":[{"@type":"ReadAction","target":["https:\/\/infoecos.com.ar\/index.php\/con-el-escaso-10-de-votos-del-padron-la-oposicion-tiene-candidato-en-la-pampa\/"]}]},{"@type":"ImageObject","inLanguage":"es","@id":"https:\/\/infoecos.com.ar\/index.php\/con-el-escaso-10-de-votos-del-padron-la-oposicion-tiene-candidato-en-la-pampa\/#primaryimage","url":"https:\/\/infoecos.com.ar\/wp-content\/uploads\/2023\/02\/berhongaray-maquieyra-700x466-1.jpg","contentUrl":"https:\/\/infoecos.com.ar\/wp-content\/uploads\/2023\/02\/berhongaray-maquieyra-700x466-1.jpg","width":700,"height":466},{"@type":"BreadcrumbList","@id":"https:\/\/infoecos.com.ar\/index.php\/con-el-escaso-10-de-votos-del-padron-la-oposicion-tiene-candidato-en-la-pampa\/#breadcrumb","itemListElement":[{"@type":"ListItem","position":1,"name":"Portada","item":"https:\/\/infoecos.com.ar\/"},{"@type":"ListItem","position":2,"name":"Con el escaso 10 % de votos del padr\u00f3n, la oposici\u00f3n tiene candidato en La Pampa"}]},{"@type":"WebSite","@id":"https:\/\/infoecos.com.ar\/#website","url":"https:\/\/infoecos.com.ar\/","name":"Infoecos","description":"Noticias de trenque lauquen y la zona","publisher":{"@id":"https:\/\/infoecos.com.ar\/#organization"},"alternateName":"Noticias","potentialAction":[{"@type":"SearchAction","target":{"@type":"EntryPoint","urlTemplate":"https:\/\/infoecos.com.ar\/?s={search_term_string}"},"query-input":{"@type":"PropertyValueSpecification","valueRequired":true,"valueName":"search_term_string"}}],"inLanguage":"es"},{"@type":"Organization","@id":"https:\/\/infoecos.com.ar\/#organization","name":"Infoecos","alternateName":"Noticias","url":"https:\/\/infoecos.com.ar\/","logo":{"@type":"ImageObject","inLanguage":"es","@id":"https:\/\/infoecos.com.ar\/#\/schema\/logo\/image\/","url":"https:\/\/infoecos.com.ar\/wp-content\/uploads\/2024\/03\/cropped-logo.png","contentUrl":"https:\/\/infoecos.com.ar\/wp-content\/uploads\/2024\/03\/cropped-logo.png","width":374,"height":90,"caption":"Infoecos"},"image":{"@id":"https:\/\/infoecos.com.ar\/#\/schema\/logo\/image\/"},"sameAs":["https:\/\/www.facebook.com\/profile.php?id=100063200290284","https:\/\/x.com\/infoecos"]},{"@type":"Person","@id":"https:\/\/infoecos.com.ar\/#\/schema\/person\/8f5ace5ce73b4b4aac4b7245aee6f191","name":"Jorge Matheus","url":"https:\/\/infoecos.com.ar\/index.php\/author\/jomatheus\/"}]}},"featured_image_urls":{"full":["https:\/\/infoecos.com.ar\/wp-content\/uploads\/2023\/02\/berhongaray-maquieyra-700x466-1.jpg",700,466,false],"thumbnail":["https:\/\/infoecos.com.ar\/wp-content\/uploads\/2023\/02\/berhongaray-maquieyra-700x466-1-300x150.jpg",300,150,true],"medium":["https:\/\/infoecos.com.ar\/wp-content\/uploads\/2023\/02\/berhongaray-maquieyra-700x466-1.jpg",700,466,false],"medium_large":["https:\/\/infoecos.com.ar\/wp-content\/uploads\/2023\/02\/berhongaray-maquieyra-700x466-1.jpg",640,426,false],"large":["https:\/\/infoecos.com.ar\/wp-content\/uploads\/2023\/02\/berhongaray-maquieyra-700x466-1.jpg",640,426,false],"1536x1536":["https:\/\/infoecos.com.ar\/wp-content\/uploads\/2023\/02\/berhongaray-maquieyra-700x466-1.jpg",700,466,false],"2048x2048":["https:\/\/infoecos.com.ar\/wp-content\/uploads\/2023\/02\/berhongaray-maquieyra-700x466-1.jpg",700,466,false],"covernews-slider-full":["https:\/\/infoecos.com.ar\/wp-content\/uploads\/2023\/02\/berhongaray-maquieyra-700x466-1.jpg",700,466,false],"covernews-slider-center":["https:\/\/infoecos.com.ar\/wp-content\/uploads\/2023\/02\/berhongaray-maquieyra-700x466-1.jpg",700,466,false],"covernews-featured":["https:\/\/infoecos.com.ar\/wp-content\/uploads\/2023\/02\/berhongaray-maquieyra-700x466-1.jpg",700,466,false],"covernews-medium":["https:\/\/infoecos.com.ar\/wp-content\/uploads\/2023\/02\/berhongaray-maquieyra-700x466-1-700x380.jpg",540,293,true],"covernews-medium-square":["https:\/\/infoecos.com.ar\/wp-content\/uploads\/2023\/02\/berhongaray-maquieyra-700x466-1-675x450.jpg",375,250,true]},"author_info":{"info":["Jorge Matheus"]},"category_info":"<a href=\"https:\/\/infoecos.com.ar\/index.php\/category\/c1nota4\/\" rel=\"category tag\">C1 N4<\/a>","tag_info":"C1 N4","comment_count":"0","_links":{"self":[{"href":"https:\/\/infoecos.com.ar\/index.php\/wp-json\/wp\/v2\/posts\/101770"}],"collection":[{"href":"https:\/\/infoecos.com.ar\/index.php\/wp-json\/wp\/v2\/posts"}],"about":[{"href":"https:\/\/infoecos.com.ar\/index.php\/wp-json\/wp\/v2\/types\/post"}],"author":[{"embeddable":true,"href":"https:\/\/infoecos.com.ar\/index.php\/wp-json\/wp\/v2\/users\/2"}],"replies":[{"embeddable":true,"href":"https:\/\/infoecos.com.ar\/index.php\/wp-json\/wp\/v2\/comments?post=101770"}],"version-history":[{"count":2,"href":"https:\/\/infoecos.com.ar\/index.php\/wp-json\/wp\/v2\/posts\/101770\/revisions"}],"predecessor-version":[{"id":101775,"href":"https:\/\/infoecos.com.ar\/index.php\/wp-json\/wp\/v2\/posts\/101770\/revisions\/101775"}],"wp:featuredmedia":[{"embeddable":true,"href":"https:\/\/infoecos.com.ar\/index.php\/wp-json\/wp\/v2\/media\/101772"}],"wp:attachment":[{"href":"https:\/\/infoecos.com.ar\/index.php\/wp-json\/wp\/v2\/media?parent=101770"}],"wp:term":[{"taxonomy":"category","embeddable":true,"href":"https:\/\/infoecos.com.ar\/index.php\/wp-json\/wp\/v2\/categories?post=101770"},{"taxonomy":"post_tag","embeddable":true,"href":"https:\/\/infoecos.com.ar\/index.php\/wp-json\/wp\/v2\/tags?post=101770"}],"curies":[{"name":"wp","href":"https:\/\/api.w.org\/{rel}","templated":true}]}}