{"id":101781,"date":"2023-02-14T01:54:21","date_gmt":"2023-02-14T04:54:21","guid":{"rendered":"https:\/\/infoecos.com.ar\/?p=101781"},"modified":"2023-02-15T02:13:58","modified_gmt":"2023-02-15T05:13:58","slug":"el-abuelo-de-lucio-dupuy-dijo-que-pidieron-separen-de-celda-a-las-autoras-del-infanticidio","status":"publish","type":"post","link":"https:\/\/infoecos.com.ar\/index.php\/el-abuelo-de-lucio-dupuy-dijo-que-pidieron-separen-de-celda-a-las-autoras-del-infanticidio\/","title":{"rendered":"El abuelo de Luc\u00edo Dupuy dijo que pidieron separen de celda a las autoras del infanticidio"},"content":{"rendered":"\n<p>Ram\u00f3n Dupuy, el abuelo de Lucio, dijo que uno de los pedidos que realizaron durante la audiencia de cesura este lunes es que las autoras del infanticidio sean separadas en la c\u00e1rcel.<\/p>\n\n\n\n<figure class=\"wp-block-image alignright size-full is-resized\"><img loading=\"lazy\" decoding=\"async\" src=\"https:\/\/infoecos.com.ar\/wp-content\/uploads\/2023\/02\/image-77.png\" alt=\"\" class=\"wp-image-101782\" width=\"377\" height=\"198\" srcset=\"https:\/\/infoecos.com.ar\/wp-content\/uploads\/2023\/02\/image-77.png 860w, https:\/\/infoecos.com.ar\/wp-content\/uploads\/2023\/02\/image-77-800x420.png 800w, https:\/\/infoecos.com.ar\/wp-content\/uploads\/2023\/02\/image-77-768x404.png 768w, https:\/\/infoecos.com.ar\/wp-content\/uploads\/2023\/02\/image-77-720x380.png 720w\" sizes=\"(max-width: 377px) 100vw, 377px\" \/><\/figure>\n\n\n\n<p>\u00abPediremos no haya beneficios y que sean separadas urgente. Me molesta mucho porque no deber\u00edan estar juntas. Estuvimos todo el a\u00f1o pidiendo nosotros que sean separadas\u00bb, dijo durante la ma\u00f1ana al canal Cr\u00f3nica TV, previo a la audiencia.<\/p>\n\n\n\n<p>\u00abYo siempre digo que a Lucio no me lo mataron hace un a\u00f1o y dos meses y d\u00edas, me lo mataron ayer. Nosotros vivimos con el mismo dolor, la herida est\u00e1 latente y no se va a cerrar nunca. Estamos tratando de sobrellevarlo\u00bb, agreg\u00f3.<\/p>\n\n\n\n<p>El abuelo de la v\u00edctima tambi\u00e9n coment\u00f3 que no entiende por qu\u00e9 el tribunal no conden\u00f3 tambi\u00e9n a Magdalena Esp\u00f3sito Valenti y Abigail P\u00e1ez con el agravante del odio de g\u00e9nero y sobre eso, afirm\u00f3 que \u00ablas pericias psicol\u00f3gicas y psiqui\u00e1tricas y los chats entre ellas apunta al odio al g\u00e9nero opuesto\u00bb.<\/p>\n\n\n\n<p>Tambi\u00e9n se\u00f1al\u00f3 que \u00abjam\u00e1s las podr\u00eda perdonar\u00bb a las dos ya condenadas porque \u00abmataron a una criatura de 5 a\u00f1os indefensa\u00bb.<\/p>\n\n\n\n<p>\u00abPediremos no haya beneficios y que sean separadas urgente. Me molesta mucho porque no deber\u00edan estar juntas. Estuvimos todo el a\u00f1o pidiendo nosotros que sean separadas\u00bb, dijo durante la ma\u00f1ana al canal Cr\u00f3nica TV, previo a la audiencia.<\/p>\n\n\n\n<p>\u00abYo siempre digo que a Lucio no me lo mataron hace un a\u00f1o y dos meses y d\u00edas, me lo mataron ayer. Nosotros vivimos con el mismo dolor, la herida est\u00e1 latente y no se va a cerrar nunca. Estamos tratando de sobrellevarlo\u00bb, agreg\u00f3.<\/p>\n\n\n\n<p>El abuelo de la v\u00edctima tambi\u00e9n coment\u00f3 que no entiende por qu\u00e9 el tribunal no conden\u00f3 tambi\u00e9n a Magdalena Esp\u00f3sito Valenti y Abigail P\u00e1ez con el agravante del odio de g\u00e9nero y sobre eso, afirm\u00f3 que \u00ablas pericias psicol\u00f3gicas y psiqui\u00e1tricas y los chats entre ellas apunta al odio al g\u00e9nero opuesto\u00bb.<\/p>\n\n\n\n<p>Tambi\u00e9n se\u00f1al\u00f3 que \u00abjam\u00e1s las podr\u00eda perdonar\u00bb a las dos ya condenadas porque \u00abmataron a una criatura de 5 a\u00f1os indefensa\u00bb.<\/p>\n","protected":false},"excerpt":{"rendered":"<p>Fuente: El Diario de La Pampa. \u00abMe molesta mucho porque no deber\u00edan estar juntas. Estuvimos todo el a\u00f1o pidiendo nosotros que sean separadas\u00bb, dijo<\/p>\n","protected":false},"author":2,"featured_media":101782,"comment_status":"closed","ping_status":"open","sticky":false,"template":"","format":"standard","meta":{"footnotes":""},"categories":[198],"tags":[7310],"class_list":["post-101781","post","type-post","status-publish","format-standard","has-post-thumbnail","hentry","category-c1nota5","tag-declaraciones-a-cronica-tv"],"yoast_head":"<!-- This site is optimized with the Yoast SEO plugin v23.4 - https:\/\/yoast.com\/wordpress\/plugins\/seo\/ -->\n<title>El abuelo de Luc\u00edo Dupuy dijo que pidieron separen de celda a las autoras del infanticidio - Infoecos<\/title>\n<meta name=\"robots\" content=\"index, follow, max-snippet:-1, max-image-preview:large, max-video-preview:-1\" \/>\n<link rel=\"canonical\" href=\"https:\/\/infoecos.com.ar\/index.php\/el-abuelo-de-lucio-dupuy-dijo-que-pidieron-separen-de-celda-a-las-autoras-del-infanticidio\/\" \/>\n<meta property=\"og:locale\" content=\"es_ES\" \/>\n<meta property=\"og:type\" content=\"article\" \/>\n<meta property=\"og:title\" content=\"El abuelo de Luc\u00edo Dupuy dijo que pidieron separen de celda a las autoras del infanticidio - Infoecos\" \/>\n<meta property=\"og:description\" content=\"Fuente: El Diario de La Pampa. &quot;Me molesta mucho porque no deber\u00edan estar juntas. Estuvimos todo el a\u00f1o pidiendo nosotros que sean separadas&quot;, dijo\" \/>\n<meta property=\"og:url\" content=\"https:\/\/infoecos.com.ar\/index.php\/el-abuelo-de-lucio-dupuy-dijo-que-pidieron-separen-de-celda-a-las-autoras-del-infanticidio\/\" \/>\n<meta property=\"og:site_name\" content=\"Infoecos\" \/>\n<meta property=\"article:publisher\" content=\"https:\/\/www.facebook.com\/profile.php?id=100063200290284\" \/>\n<meta property=\"article:published_time\" content=\"2023-02-14T04:54:21+00:00\" \/>\n<meta property=\"article:modified_time\" content=\"2023-02-15T05:13:58+00:00\" \/>\n<meta property=\"og:image\" content=\"https:\/\/infoecos.com.ar\/wp-content\/uploads\/2023\/02\/image-77.png\" \/>\n\t<meta property=\"og:image:width\" content=\"860\" \/>\n\t<meta property=\"og:image:height\" content=\"452\" \/>\n\t<meta property=\"og:image:type\" content=\"image\/png\" \/>\n<meta name=\"author\" content=\"Jorge Matheus\" \/>\n<meta name=\"twitter:card\" content=\"summary_large_image\" \/>\n<meta name=\"twitter:creator\" content=\"@infoecos\" \/>\n<meta name=\"twitter:site\" content=\"@infoecos\" \/>\n<meta name=\"twitter:label1\" content=\"Escrito por\" \/>\n\t<meta name=\"twitter:data1\" content=\"Jorge Matheus\" \/>\n\t<meta name=\"twitter:label2\" content=\"Tiempo de lectura\" \/>\n\t<meta name=\"twitter:data2\" content=\"2 minutos\" \/>\n<script type=\"application\/ld+json\" class=\"yoast-schema-graph\">{\"@context\":\"https:\/\/schema.org\",\"@graph\":[{\"@type\":\"Article\",\"@id\":\"https:\/\/infoecos.com.ar\/index.php\/el-abuelo-de-lucio-dupuy-dijo-que-pidieron-separen-de-celda-a-las-autoras-del-infanticidio\/#article\",\"isPartOf\":{\"@id\":\"https:\/\/infoecos.com.ar\/index.php\/el-abuelo-de-lucio-dupuy-dijo-que-pidieron-separen-de-celda-a-las-autoras-del-infanticidio\/\"},\"author\":{\"name\":\"Jorge Matheus\",\"@id\":\"https:\/\/infoecos.com.ar\/#\/schema\/person\/8f5ace5ce73b4b4aac4b7245aee6f191\"},\"headline\":\"El abuelo de Luc\u00edo Dupuy dijo que pidieron separen de celda a las autoras del infanticidio\",\"datePublished\":\"2023-02-14T04:54:21+00:00\",\"dateModified\":\"2023-02-15T05:13:58+00:00\",\"mainEntityOfPage\":{\"@id\":\"https:\/\/infoecos.com.ar\/index.php\/el-abuelo-de-lucio-dupuy-dijo-que-pidieron-separen-de-celda-a-las-autoras-del-infanticidio\/\"},\"wordCount\":399,\"publisher\":{\"@id\":\"https:\/\/infoecos.com.ar\/#organization\"},\"image\":{\"@id\":\"https:\/\/infoecos.com.ar\/index.php\/el-abuelo-de-lucio-dupuy-dijo-que-pidieron-separen-de-celda-a-las-autoras-del-infanticidio\/#primaryimage\"},\"thumbnailUrl\":\"https:\/\/infoecos.com.ar\/wp-content\/uploads\/2023\/02\/image-77.png\",\"keywords\":[\"DECLARACIONES A CR\u00d3NICA TV\"],\"articleSection\":[\"C1 nota 5\"],\"inLanguage\":\"es\"},{\"@type\":\"WebPage\",\"@id\":\"https:\/\/infoecos.com.ar\/index.php\/el-abuelo-de-lucio-dupuy-dijo-que-pidieron-separen-de-celda-a-las-autoras-del-infanticidio\/\",\"url\":\"https:\/\/infoecos.com.ar\/index.php\/el-abuelo-de-lucio-dupuy-dijo-que-pidieron-separen-de-celda-a-las-autoras-del-infanticidio\/\",\"name\":\"El abuelo de Luc\u00edo Dupuy dijo que pidieron separen de celda a las autoras del infanticidio - Infoecos\",\"isPartOf\":{\"@id\":\"https:\/\/infoecos.com.ar\/#website\"},\"primaryImageOfPage\":{\"@id\":\"https:\/\/infoecos.com.ar\/index.php\/el-abuelo-de-lucio-dupuy-dijo-que-pidieron-separen-de-celda-a-las-autoras-del-infanticidio\/#primaryimage\"},\"image\":{\"@id\":\"https:\/\/infoecos.com.ar\/index.php\/el-abuelo-de-lucio-dupuy-dijo-que-pidieron-separen-de-celda-a-las-autoras-del-infanticidio\/#primaryimage\"},\"thumbnailUrl\":\"https:\/\/infoecos.com.ar\/wp-content\/uploads\/2023\/02\/image-77.png\",\"datePublished\":\"2023-02-14T04:54:21+00:00\",\"dateModified\":\"2023-02-15T05:13:58+00:00\",\"breadcrumb\":{\"@id\":\"https:\/\/infoecos.com.ar\/index.php\/el-abuelo-de-lucio-dupuy-dijo-que-pidieron-separen-de-celda-a-las-autoras-del-infanticidio\/#breadcrumb\"},\"inLanguage\":\"es\",\"potentialAction\":[{\"@type\":\"ReadAction\",\"target\":[\"https:\/\/infoecos.com.ar\/index.php\/el-abuelo-de-lucio-dupuy-dijo-que-pidieron-separen-de-celda-a-las-autoras-del-infanticidio\/\"]}]},{\"@type\":\"ImageObject\",\"inLanguage\":\"es\",\"@id\":\"https:\/\/infoecos.com.ar\/index.php\/el-abuelo-de-lucio-dupuy-dijo-que-pidieron-separen-de-celda-a-las-autoras-del-infanticidio\/#primaryimage\",\"url\":\"https:\/\/infoecos.com.ar\/wp-content\/uploads\/2023\/02\/image-77.png\",\"contentUrl\":\"https:\/\/infoecos.com.ar\/wp-content\/uploads\/2023\/02\/image-77.png\",\"width\":860,\"height\":452},{\"@type\":\"BreadcrumbList\",\"@id\":\"https:\/\/infoecos.com.ar\/index.php\/el-abuelo-de-lucio-dupuy-dijo-que-pidieron-separen-de-celda-a-las-autoras-del-infanticidio\/#breadcrumb\",\"itemListElement\":[{\"@type\":\"ListItem\",\"position\":1,\"name\":\"Portada\",\"item\":\"https:\/\/infoecos.com.ar\/\"},{\"@type\":\"ListItem\",\"position\":2,\"name\":\"El abuelo de Luc\u00edo Dupuy dijo que pidieron separen de celda a las autoras del infanticidio\"}]},{\"@type\":\"WebSite\",\"@id\":\"https:\/\/infoecos.com.ar\/#website\",\"url\":\"https:\/\/infoecos.com.ar\/\",\"name\":\"Infoecos\",\"description\":\"Noticias de trenque lauquen y la zona\",\"publisher\":{\"@id\":\"https:\/\/infoecos.com.ar\/#organization\"},\"alternateName\":\"Noticias\",\"potentialAction\":[{\"@type\":\"SearchAction\",\"target\":{\"@type\":\"EntryPoint\",\"urlTemplate\":\"https:\/\/infoecos.com.ar\/?s={search_term_string}\"},\"query-input\":{\"@type\":\"PropertyValueSpecification\",\"valueRequired\":true,\"valueName\":\"search_term_string\"}}],\"inLanguage\":\"es\"},{\"@type\":\"Organization\",\"@id\":\"https:\/\/infoecos.com.ar\/#organization\",\"name\":\"Infoecos\",\"alternateName\":\"Noticias\",\"url\":\"https:\/\/infoecos.com.ar\/\",\"logo\":{\"@type\":\"ImageObject\",\"inLanguage\":\"es\",\"@id\":\"https:\/\/infoecos.com.ar\/#\/schema\/logo\/image\/\",\"url\":\"https:\/\/infoecos.com.ar\/wp-content\/uploads\/2024\/03\/cropped-logo.png\",\"contentUrl\":\"https:\/\/infoecos.com.ar\/wp-content\/uploads\/2024\/03\/cropped-logo.png\",\"width\":374,\"height\":90,\"caption\":\"Infoecos\"},\"image\":{\"@id\":\"https:\/\/infoecos.com.ar\/#\/schema\/logo\/image\/\"},\"sameAs\":[\"https:\/\/www.facebook.com\/profile.php?id=100063200290284\",\"https:\/\/x.com\/infoecos\"]},{\"@type\":\"Person\",\"@id\":\"https:\/\/infoecos.com.ar\/#\/schema\/person\/8f5ace5ce73b4b4aac4b7245aee6f191\",\"name\":\"Jorge Matheus\",\"url\":\"https:\/\/infoecos.com.ar\/index.php\/author\/jomatheus\/\"}]}<\/script>\n<!-- \/ Yoast SEO plugin. -->","yoast_head_json":{"title":"El abuelo de Luc\u00edo Dupuy dijo que pidieron separen de celda a las autoras del infanticidio - Infoecos","robots":{"index":"index","follow":"follow","max-snippet":"max-snippet:-1","max-image-preview":"max-image-preview:large","max-video-preview":"max-video-preview:-1"},"canonical":"https:\/\/infoecos.com.ar\/index.php\/el-abuelo-de-lucio-dupuy-dijo-que-pidieron-separen-de-celda-a-las-autoras-del-infanticidio\/","og_locale":"es_ES","og_type":"article","og_title":"El abuelo de Luc\u00edo Dupuy dijo que pidieron separen de celda a las autoras del infanticidio - Infoecos","og_description":"Fuente: El Diario de La Pampa. \"Me molesta mucho porque no deber\u00edan estar juntas. Estuvimos todo el a\u00f1o pidiendo nosotros que sean separadas\", dijo","og_url":"https:\/\/infoecos.com.ar\/index.php\/el-abuelo-de-lucio-dupuy-dijo-que-pidieron-separen-de-celda-a-las-autoras-del-infanticidio\/","og_site_name":"Infoecos","article_publisher":"https:\/\/www.facebook.com\/profile.php?id=100063200290284","article_published_time":"2023-02-14T04:54:21+00:00","article_modified_time":"2023-02-15T05:13:58+00:00","og_image":[{"width":860,"height":452,"url":"https:\/\/infoecos.com.ar\/wp-content\/uploads\/2023\/02\/image-77.png","type":"image\/png"}],"author":"Jorge Matheus","twitter_card":"summary_large_image","twitter_creator":"@infoecos","twitter_site":"@infoecos","twitter_misc":{"Escrito por":"Jorge Matheus","Tiempo de lectura":"2 minutos"},"schema":{"@context":"https:\/\/schema.org","@graph":[{"@type":"Article","@id":"https:\/\/infoecos.com.ar\/index.php\/el-abuelo-de-lucio-dupuy-dijo-que-pidieron-separen-de-celda-a-las-autoras-del-infanticidio\/#article","isPartOf":{"@id":"https:\/\/infoecos.com.ar\/index.php\/el-abuelo-de-lucio-dupuy-dijo-que-pidieron-separen-de-celda-a-las-autoras-del-infanticidio\/"},"author":{"name":"Jorge Matheus","@id":"https:\/\/infoecos.com.ar\/#\/schema\/person\/8f5ace5ce73b4b4aac4b7245aee6f191"},"headline":"El abuelo de Luc\u00edo Dupuy dijo que pidieron separen de celda a las autoras del infanticidio","datePublished":"2023-02-14T04:54:21+00:00","dateModified":"2023-02-15T05:13:58+00:00","mainEntityOfPage":{"@id":"https:\/\/infoecos.com.ar\/index.php\/el-abuelo-de-lucio-dupuy-dijo-que-pidieron-separen-de-celda-a-las-autoras-del-infanticidio\/"},"wordCount":399,"publisher":{"@id":"https:\/\/infoecos.com.ar\/#organization"},"image":{"@id":"https:\/\/infoecos.com.ar\/index.php\/el-abuelo-de-lucio-dupuy-dijo-que-pidieron-separen-de-celda-a-las-autoras-del-infanticidio\/#primaryimage"},"thumbnailUrl":"https:\/\/infoecos.com.ar\/wp-content\/uploads\/2023\/02\/image-77.png","keywords":["DECLARACIONES A CR\u00d3NICA TV"],"articleSection":["C1 nota 5"],"inLanguage":"es"},{"@type":"WebPage","@id":"https:\/\/infoecos.com.ar\/index.php\/el-abuelo-de-lucio-dupuy-dijo-que-pidieron-separen-de-celda-a-las-autoras-del-infanticidio\/","url":"https:\/\/infoecos.com.ar\/index.php\/el-abuelo-de-lucio-dupuy-dijo-que-pidieron-separen-de-celda-a-las-autoras-del-infanticidio\/","name":"El abuelo de Luc\u00edo Dupuy dijo que pidieron separen de celda a las autoras del infanticidio - Infoecos","isPartOf":{"@id":"https:\/\/infoecos.com.ar\/#website"},"primaryImageOfPage":{"@id":"https:\/\/infoecos.com.ar\/index.php\/el-abuelo-de-lucio-dupuy-dijo-que-pidieron-separen-de-celda-a-las-autoras-del-infanticidio\/#primaryimage"},"image":{"@id":"https:\/\/infoecos.com.ar\/index.php\/el-abuelo-de-lucio-dupuy-dijo-que-pidieron-separen-de-celda-a-las-autoras-del-infanticidio\/#primaryimage"},"thumbnailUrl":"https:\/\/infoecos.com.ar\/wp-content\/uploads\/2023\/02\/image-77.png","datePublished":"2023-02-14T04:54:21+00:00","dateModified":"2023-02-15T05:13:58+00:00","breadcrumb":{"@id":"https:\/\/infoecos.com.ar\/index.php\/el-abuelo-de-lucio-dupuy-dijo-que-pidieron-separen-de-celda-a-las-autoras-del-infanticidio\/#breadcrumb"},"inLanguage":"es","potentialAction":[{"@type":"ReadAction","target":["https:\/\/infoecos.com.ar\/index.php\/el-abuelo-de-lucio-dupuy-dijo-que-pidieron-separen-de-celda-a-las-autoras-del-infanticidio\/"]}]},{"@type":"ImageObject","inLanguage":"es","@id":"https:\/\/infoecos.com.ar\/index.php\/el-abuelo-de-lucio-dupuy-dijo-que-pidieron-separen-de-celda-a-las-autoras-del-infanticidio\/#primaryimage","url":"https:\/\/infoecos.com.ar\/wp-content\/uploads\/2023\/02\/image-77.png","contentUrl":"https:\/\/infoecos.com.ar\/wp-content\/uploads\/2023\/02\/image-77.png","width":860,"height":452},{"@type":"BreadcrumbList","@id":"https:\/\/infoecos.com.ar\/index.php\/el-abuelo-de-lucio-dupuy-dijo-que-pidieron-separen-de-celda-a-las-autoras-del-infanticidio\/#breadcrumb","itemListElement":[{"@type":"ListItem","position":1,"name":"Portada","item":"https:\/\/infoecos.com.ar\/"},{"@type":"ListItem","position":2,"name":"El abuelo de Luc\u00edo Dupuy dijo que pidieron separen de celda a las autoras del infanticidio"}]},{"@type":"WebSite","@id":"https:\/\/infoecos.com.ar\/#website","url":"https:\/\/infoecos.com.ar\/","name":"Infoecos","description":"Noticias de trenque lauquen y la zona","publisher":{"@id":"https:\/\/infoecos.com.ar\/#organization"},"alternateName":"Noticias","potentialAction":[{"@type":"SearchAction","target":{"@type":"EntryPoint","urlTemplate":"https:\/\/infoecos.com.ar\/?s={search_term_string}"},"query-input":{"@type":"PropertyValueSpecification","valueRequired":true,"valueName":"search_term_string"}}],"inLanguage":"es"},{"@type":"Organization","@id":"https:\/\/infoecos.com.ar\/#organization","name":"Infoecos","alternateName":"Noticias","url":"https:\/\/infoecos.com.ar\/","logo":{"@type":"ImageObject","inLanguage":"es","@id":"https:\/\/infoecos.com.ar\/#\/schema\/logo\/image\/","url":"https:\/\/infoecos.com.ar\/wp-content\/uploads\/2024\/03\/cropped-logo.png","contentUrl":"https:\/\/infoecos.com.ar\/wp-content\/uploads\/2024\/03\/cropped-logo.png","width":374,"height":90,"caption":"Infoecos"},"image":{"@id":"https:\/\/infoecos.com.ar\/#\/schema\/logo\/image\/"},"sameAs":["https:\/\/www.facebook.com\/profile.php?id=100063200290284","https:\/\/x.com\/infoecos"]},{"@type":"Person","@id":"https:\/\/infoecos.com.ar\/#\/schema\/person\/8f5ace5ce73b4b4aac4b7245aee6f191","name":"Jorge Matheus","url":"https:\/\/infoecos.com.ar\/index.php\/author\/jomatheus\/"}]}},"featured_image_urls":{"full":["https:\/\/infoecos.com.ar\/wp-content\/uploads\/2023\/02\/image-77.png",860,452,false],"thumbnail":["https:\/\/infoecos.com.ar\/wp-content\/uploads\/2023\/02\/image-77-300x150.png",300,150,true],"medium":["https:\/\/infoecos.com.ar\/wp-content\/uploads\/2023\/02\/image-77-800x420.png",800,420,true],"medium_large":["https:\/\/infoecos.com.ar\/wp-content\/uploads\/2023\/02\/image-77-768x404.png",640,337,true],"large":["https:\/\/infoecos.com.ar\/wp-content\/uploads\/2023\/02\/image-77.png",640,336,false],"1536x1536":["https:\/\/infoecos.com.ar\/wp-content\/uploads\/2023\/02\/image-77.png",860,452,false],"2048x2048":["https:\/\/infoecos.com.ar\/wp-content\/uploads\/2023\/02\/image-77.png",860,452,false],"covernews-slider-full":["https:\/\/infoecos.com.ar\/wp-content\/uploads\/2023\/02\/image-77.png",860,452,false],"covernews-slider-center":["https:\/\/infoecos.com.ar\/wp-content\/uploads\/2023\/02\/image-77.png",800,420,false],"covernews-featured":["https:\/\/infoecos.com.ar\/wp-content\/uploads\/2023\/02\/image-77.png",860,452,false],"covernews-medium":["https:\/\/infoecos.com.ar\/wp-content\/uploads\/2023\/02\/image-77-720x380.png",540,285,true],"covernews-medium-square":["https:\/\/infoecos.com.ar\/wp-content\/uploads\/2023\/02\/image-77-675x450.png",375,250,true]},"author_info":{"info":["Jorge Matheus"]},"category_info":"<a href=\"https:\/\/infoecos.com.ar\/index.php\/category\/c1nota5\/\" rel=\"category tag\">C1 nota 5<\/a>","tag_info":"C1 nota 5","comment_count":"0","_links":{"self":[{"href":"https:\/\/infoecos.com.ar\/index.php\/wp-json\/wp\/v2\/posts\/101781"}],"collection":[{"href":"https:\/\/infoecos.com.ar\/index.php\/wp-json\/wp\/v2\/posts"}],"about":[{"href":"https:\/\/infoecos.com.ar\/index.php\/wp-json\/wp\/v2\/types\/post"}],"author":[{"embeddable":true,"href":"https:\/\/infoecos.com.ar\/index.php\/wp-json\/wp\/v2\/users\/2"}],"replies":[{"embeddable":true,"href":"https:\/\/infoecos.com.ar\/index.php\/wp-json\/wp\/v2\/comments?post=101781"}],"version-history":[{"count":1,"href":"https:\/\/infoecos.com.ar\/index.php\/wp-json\/wp\/v2\/posts\/101781\/revisions"}],"predecessor-version":[{"id":101783,"href":"https:\/\/infoecos.com.ar\/index.php\/wp-json\/wp\/v2\/posts\/101781\/revisions\/101783"}],"wp:featuredmedia":[{"embeddable":true,"href":"https:\/\/infoecos.com.ar\/index.php\/wp-json\/wp\/v2\/media\/101782"}],"wp:attachment":[{"href":"https:\/\/infoecos.com.ar\/index.php\/wp-json\/wp\/v2\/media?parent=101781"}],"wp:term":[{"taxonomy":"category","embeddable":true,"href":"https:\/\/infoecos.com.ar\/index.php\/wp-json\/wp\/v2\/categories?post=101781"},{"taxonomy":"post_tag","embeddable":true,"href":"https:\/\/infoecos.com.ar\/index.php\/wp-json\/wp\/v2\/tags?post=101781"}],"curies":[{"name":"wp","href":"https:\/\/api.w.org\/{rel}","templated":true}]}}