{"id":101787,"date":"2023-02-14T02:24:52","date_gmt":"2023-02-14T05:24:52","guid":{"rendered":"https:\/\/infoecos.com.ar\/?p=101787"},"modified":"2023-02-15T02:19:28","modified_gmt":"2023-02-15T05:19:28","slug":"kicillof-y-kreplak-presentaron-la-receta-electronica-bonaerense","status":"publish","type":"post","link":"https:\/\/infoecos.com.ar\/index.php\/kicillof-y-kreplak-presentaron-la-receta-electronica-bonaerense\/","title":{"rendered":"Kicillof y Kreplak presentaron la Receta Electr\u00f3nica Bonaerense"},"content":{"rendered":"\n<p>El Gobierno de Buenos Aires&nbsp;lanz\u00f3 el nuevo mecanismo electr\u00f3nico con el prop\u00f3sito de mejorar la atenci\u00f3n y los derechos de los afiliados. La receta electr\u00f3nica fue lanzada en la Provincia y se aplicar\u00e1 para los bonaerenses que tengan obra social, prepaga o afiliaci\u00f3n p\u00fablica exclusiva.<\/p>\n\n\n\n<figure class=\"wp-block-image aligncenter size-full is-resized\"><img loading=\"lazy\" decoding=\"async\" src=\"https:\/\/infoecos.com.ar\/wp-content\/uploads\/2023\/02\/image-79.png\" alt=\"\" class=\"wp-image-101788\" width=\"505\" height=\"355\" srcset=\"https:\/\/infoecos.com.ar\/wp-content\/uploads\/2023\/02\/image-79.png 1500w, https:\/\/infoecos.com.ar\/wp-content\/uploads\/2023\/02\/image-79-800x563.png 800w, https:\/\/infoecos.com.ar\/wp-content\/uploads\/2023\/02\/image-79-768x541.png 768w, https:\/\/infoecos.com.ar\/wp-content\/uploads\/2023\/02\/image-79-1024x721.png 1024w\" sizes=\"(max-width: 505px) 100vw, 505px\" \/><\/figure>\n\n\n\n<p>Pondr\u00e1 a disposici\u00f3n una herramienta que estar\u00e1 disponible para todos los profesionales y en todas las farmacias independientemente del subsistema al que pertenezcan.<\/p>\n\n\n\n<figure class=\"wp-block-embed is-type-rich is-provider-twitter wp-block-embed-twitter\"><div class=\"wp-block-embed__wrapper\">\nhttps:\/\/twitter.com\/nkreplak\/status\/1625203920141225989\n<\/div><\/figure>\n\n\n\n<p>Al respecto, el ministro de Salud bonaerense, Nicol\u00e1s Kreplak&nbsp;asegur\u00f3 que \u201ces un cambio de \u00e9poca\u201d y afirm\u00f3 que \u201clas recetas son los medicamentos se pueden hacer de manera digital ya se ven\u00eda haciendo con WhatsApp pero eso el 28 de febrero caduca la utilizaci\u00f3n que fue por excepcionalidad por la pandemia, pero a partir de ahora es por este sistema\u201d.<\/p>\n\n\n\n<p>Sobre esto, el ministro&nbsp;<strong>Kreplak<\/strong>&nbsp;expres\u00f3: \u201cTenemos la seguridad de que la acreditaci\u00f3n es adecuada y que esta emitida por una persona probada que se va a garantizar todos los convenios de seguridad y de informaci\u00f3n. Adem\u00e1s, nos permite evitar el mal uso de los medicamentos\u201d, sostuvo.<\/p>\n\n\n\n<p>Desde ayer, los profesionales pueden inscribirse en los puntos de registro habilitados en toda la provincia con su DNI y matr\u00edcula publicado en la web del gobierno bonaerense. Cabe destacar que es una herramienta sin ning\u00fan tipo de costo para el profesional y que se puede confeccionar a trav\u00e9s de cualquier computadora o celular.<br><a href=\"https:\/\/twitter.com\/BAProvincia?ref_src=twsrc%5Etfw\" target=\"_blank\" rel=\"noreferrer noopener\"><\/a><a href=\"https:\/\/t.co\/8VDtR5LfQW\" target=\"_blank\" rel=\"noreferrer noopener\"><\/a><a href=\"https:\/\/twitter.com\/nkreplak\/status\/1625203920141225989?ref_src=twsrc%5Etfw\" target=\"_blank\" rel=\"noreferrer noopener\"><\/a><\/p>\n","protected":false},"excerpt":{"rendered":"<p>Pondr\u00e1 a disposici\u00f3n una herramienta que estar\u00e1 disponible para todos los profesionales y en todas las farmacias independientemente del subsistema al que pertenezcan<\/p>\n","protected":false},"author":2,"featured_media":101788,"comment_status":"closed","ping_status":"open","sticky":false,"template":"","format":"standard","meta":{"footnotes":""},"categories":[1323],"tags":[7313],"class_list":["post-101787","post","type-post","status-publish","format-standard","has-post-thumbnail","hentry","category-c2nota5","tag-nuevo-mecanismo"],"yoast_head":"<!-- This site is optimized with the Yoast SEO plugin v23.4 - https:\/\/yoast.com\/wordpress\/plugins\/seo\/ -->\n<title>Kicillof y Kreplak presentaron la Receta Electr\u00f3nica Bonaerense - Infoecos<\/title>\n<meta name=\"robots\" content=\"index, follow, max-snippet:-1, max-image-preview:large, max-video-preview:-1\" \/>\n<link rel=\"canonical\" href=\"https:\/\/infoecos.com.ar\/index.php\/kicillof-y-kreplak-presentaron-la-receta-electronica-bonaerense\/\" \/>\n<meta property=\"og:locale\" content=\"es_ES\" \/>\n<meta property=\"og:type\" content=\"article\" \/>\n<meta property=\"og:title\" content=\"Kicillof y Kreplak presentaron la Receta Electr\u00f3nica Bonaerense - Infoecos\" \/>\n<meta property=\"og:description\" content=\"Pondr\u00e1 a disposici\u00f3n una herramienta que estar\u00e1 disponible para todos los profesionales y en todas las farmacias independientemente del subsistema al que pertenezcan\" \/>\n<meta property=\"og:url\" content=\"https:\/\/infoecos.com.ar\/index.php\/kicillof-y-kreplak-presentaron-la-receta-electronica-bonaerense\/\" \/>\n<meta property=\"og:site_name\" content=\"Infoecos\" \/>\n<meta property=\"article:publisher\" content=\"https:\/\/www.facebook.com\/profile.php?id=100063200290284\" \/>\n<meta property=\"article:published_time\" content=\"2023-02-14T05:24:52+00:00\" \/>\n<meta property=\"article:modified_time\" content=\"2023-02-15T05:19:28+00:00\" \/>\n<meta property=\"og:image\" content=\"https:\/\/infoecos.com.ar\/wp-content\/uploads\/2023\/02\/image-79.png\" \/>\n\t<meta property=\"og:image:width\" content=\"1500\" \/>\n\t<meta property=\"og:image:height\" content=\"1056\" \/>\n\t<meta property=\"og:image:type\" content=\"image\/png\" \/>\n<meta name=\"author\" content=\"Jorge Matheus\" \/>\n<meta name=\"twitter:card\" content=\"summary_large_image\" \/>\n<meta name=\"twitter:creator\" content=\"@infoecos\" \/>\n<meta name=\"twitter:site\" content=\"@infoecos\" \/>\n<meta name=\"twitter:label1\" content=\"Escrito por\" \/>\n\t<meta name=\"twitter:data1\" content=\"Jorge Matheus\" \/>\n\t<meta name=\"twitter:label2\" content=\"Tiempo de lectura\" \/>\n\t<meta name=\"twitter:data2\" content=\"2 minutos\" \/>\n<script type=\"application\/ld+json\" class=\"yoast-schema-graph\">{\"@context\":\"https:\/\/schema.org\",\"@graph\":[{\"@type\":\"Article\",\"@id\":\"https:\/\/infoecos.com.ar\/index.php\/kicillof-y-kreplak-presentaron-la-receta-electronica-bonaerense\/#article\",\"isPartOf\":{\"@id\":\"https:\/\/infoecos.com.ar\/index.php\/kicillof-y-kreplak-presentaron-la-receta-electronica-bonaerense\/\"},\"author\":{\"name\":\"Jorge Matheus\",\"@id\":\"https:\/\/infoecos.com.ar\/#\/schema\/person\/8f5ace5ce73b4b4aac4b7245aee6f191\"},\"headline\":\"Kicillof y Kreplak presentaron la Receta Electr\u00f3nica Bonaerense\",\"datePublished\":\"2023-02-14T05:24:52+00:00\",\"dateModified\":\"2023-02-15T05:19:28+00:00\",\"mainEntityOfPage\":{\"@id\":\"https:\/\/infoecos.com.ar\/index.php\/kicillof-y-kreplak-presentaron-la-receta-electronica-bonaerense\/\"},\"wordCount\":264,\"publisher\":{\"@id\":\"https:\/\/infoecos.com.ar\/#organization\"},\"image\":{\"@id\":\"https:\/\/infoecos.com.ar\/index.php\/kicillof-y-kreplak-presentaron-la-receta-electronica-bonaerense\/#primaryimage\"},\"thumbnailUrl\":\"https:\/\/infoecos.com.ar\/wp-content\/uploads\/2023\/02\/image-79.png\",\"keywords\":[\"NUEVO MECANISMO\"],\"articleSection\":[\"C2 N5\"],\"inLanguage\":\"es\"},{\"@type\":\"WebPage\",\"@id\":\"https:\/\/infoecos.com.ar\/index.php\/kicillof-y-kreplak-presentaron-la-receta-electronica-bonaerense\/\",\"url\":\"https:\/\/infoecos.com.ar\/index.php\/kicillof-y-kreplak-presentaron-la-receta-electronica-bonaerense\/\",\"name\":\"Kicillof y Kreplak presentaron la Receta Electr\u00f3nica Bonaerense - Infoecos\",\"isPartOf\":{\"@id\":\"https:\/\/infoecos.com.ar\/#website\"},\"primaryImageOfPage\":{\"@id\":\"https:\/\/infoecos.com.ar\/index.php\/kicillof-y-kreplak-presentaron-la-receta-electronica-bonaerense\/#primaryimage\"},\"image\":{\"@id\":\"https:\/\/infoecos.com.ar\/index.php\/kicillof-y-kreplak-presentaron-la-receta-electronica-bonaerense\/#primaryimage\"},\"thumbnailUrl\":\"https:\/\/infoecos.com.ar\/wp-content\/uploads\/2023\/02\/image-79.png\",\"datePublished\":\"2023-02-14T05:24:52+00:00\",\"dateModified\":\"2023-02-15T05:19:28+00:00\",\"breadcrumb\":{\"@id\":\"https:\/\/infoecos.com.ar\/index.php\/kicillof-y-kreplak-presentaron-la-receta-electronica-bonaerense\/#breadcrumb\"},\"inLanguage\":\"es\",\"potentialAction\":[{\"@type\":\"ReadAction\",\"target\":[\"https:\/\/infoecos.com.ar\/index.php\/kicillof-y-kreplak-presentaron-la-receta-electronica-bonaerense\/\"]}]},{\"@type\":\"ImageObject\",\"inLanguage\":\"es\",\"@id\":\"https:\/\/infoecos.com.ar\/index.php\/kicillof-y-kreplak-presentaron-la-receta-electronica-bonaerense\/#primaryimage\",\"url\":\"https:\/\/infoecos.com.ar\/wp-content\/uploads\/2023\/02\/image-79.png\",\"contentUrl\":\"https:\/\/infoecos.com.ar\/wp-content\/uploads\/2023\/02\/image-79.png\",\"width\":1500,\"height\":1056},{\"@type\":\"BreadcrumbList\",\"@id\":\"https:\/\/infoecos.com.ar\/index.php\/kicillof-y-kreplak-presentaron-la-receta-electronica-bonaerense\/#breadcrumb\",\"itemListElement\":[{\"@type\":\"ListItem\",\"position\":1,\"name\":\"Portada\",\"item\":\"https:\/\/infoecos.com.ar\/\"},{\"@type\":\"ListItem\",\"position\":2,\"name\":\"Kicillof y Kreplak presentaron la Receta Electr\u00f3nica Bonaerense\"}]},{\"@type\":\"WebSite\",\"@id\":\"https:\/\/infoecos.com.ar\/#website\",\"url\":\"https:\/\/infoecos.com.ar\/\",\"name\":\"Infoecos\",\"description\":\"Noticias de trenque lauquen y la zona\",\"publisher\":{\"@id\":\"https:\/\/infoecos.com.ar\/#organization\"},\"alternateName\":\"Noticias\",\"potentialAction\":[{\"@type\":\"SearchAction\",\"target\":{\"@type\":\"EntryPoint\",\"urlTemplate\":\"https:\/\/infoecos.com.ar\/?s={search_term_string}\"},\"query-input\":{\"@type\":\"PropertyValueSpecification\",\"valueRequired\":true,\"valueName\":\"search_term_string\"}}],\"inLanguage\":\"es\"},{\"@type\":\"Organization\",\"@id\":\"https:\/\/infoecos.com.ar\/#organization\",\"name\":\"Infoecos\",\"alternateName\":\"Noticias\",\"url\":\"https:\/\/infoecos.com.ar\/\",\"logo\":{\"@type\":\"ImageObject\",\"inLanguage\":\"es\",\"@id\":\"https:\/\/infoecos.com.ar\/#\/schema\/logo\/image\/\",\"url\":\"https:\/\/infoecos.com.ar\/wp-content\/uploads\/2024\/03\/cropped-logo.png\",\"contentUrl\":\"https:\/\/infoecos.com.ar\/wp-content\/uploads\/2024\/03\/cropped-logo.png\",\"width\":374,\"height\":90,\"caption\":\"Infoecos\"},\"image\":{\"@id\":\"https:\/\/infoecos.com.ar\/#\/schema\/logo\/image\/\"},\"sameAs\":[\"https:\/\/www.facebook.com\/profile.php?id=100063200290284\",\"https:\/\/x.com\/infoecos\"]},{\"@type\":\"Person\",\"@id\":\"https:\/\/infoecos.com.ar\/#\/schema\/person\/8f5ace5ce73b4b4aac4b7245aee6f191\",\"name\":\"Jorge Matheus\",\"url\":\"https:\/\/infoecos.com.ar\/index.php\/author\/jomatheus\/\"}]}<\/script>\n<!-- \/ Yoast SEO plugin. -->","yoast_head_json":{"title":"Kicillof y Kreplak presentaron la Receta Electr\u00f3nica Bonaerense - Infoecos","robots":{"index":"index","follow":"follow","max-snippet":"max-snippet:-1","max-image-preview":"max-image-preview:large","max-video-preview":"max-video-preview:-1"},"canonical":"https:\/\/infoecos.com.ar\/index.php\/kicillof-y-kreplak-presentaron-la-receta-electronica-bonaerense\/","og_locale":"es_ES","og_type":"article","og_title":"Kicillof y Kreplak presentaron la Receta Electr\u00f3nica Bonaerense - Infoecos","og_description":"Pondr\u00e1 a disposici\u00f3n una herramienta que estar\u00e1 disponible para todos los profesionales y en todas las farmacias independientemente del subsistema al que pertenezcan","og_url":"https:\/\/infoecos.com.ar\/index.php\/kicillof-y-kreplak-presentaron-la-receta-electronica-bonaerense\/","og_site_name":"Infoecos","article_publisher":"https:\/\/www.facebook.com\/profile.php?id=100063200290284","article_published_time":"2023-02-14T05:24:52+00:00","article_modified_time":"2023-02-15T05:19:28+00:00","og_image":[{"width":1500,"height":1056,"url":"https:\/\/infoecos.com.ar\/wp-content\/uploads\/2023\/02\/image-79.png","type":"image\/png"}],"author":"Jorge Matheus","twitter_card":"summary_large_image","twitter_creator":"@infoecos","twitter_site":"@infoecos","twitter_misc":{"Escrito por":"Jorge Matheus","Tiempo de lectura":"2 minutos"},"schema":{"@context":"https:\/\/schema.org","@graph":[{"@type":"Article","@id":"https:\/\/infoecos.com.ar\/index.php\/kicillof-y-kreplak-presentaron-la-receta-electronica-bonaerense\/#article","isPartOf":{"@id":"https:\/\/infoecos.com.ar\/index.php\/kicillof-y-kreplak-presentaron-la-receta-electronica-bonaerense\/"},"author":{"name":"Jorge Matheus","@id":"https:\/\/infoecos.com.ar\/#\/schema\/person\/8f5ace5ce73b4b4aac4b7245aee6f191"},"headline":"Kicillof y Kreplak presentaron la Receta Electr\u00f3nica Bonaerense","datePublished":"2023-02-14T05:24:52+00:00","dateModified":"2023-02-15T05:19:28+00:00","mainEntityOfPage":{"@id":"https:\/\/infoecos.com.ar\/index.php\/kicillof-y-kreplak-presentaron-la-receta-electronica-bonaerense\/"},"wordCount":264,"publisher":{"@id":"https:\/\/infoecos.com.ar\/#organization"},"image":{"@id":"https:\/\/infoecos.com.ar\/index.php\/kicillof-y-kreplak-presentaron-la-receta-electronica-bonaerense\/#primaryimage"},"thumbnailUrl":"https:\/\/infoecos.com.ar\/wp-content\/uploads\/2023\/02\/image-79.png","keywords":["NUEVO MECANISMO"],"articleSection":["C2 N5"],"inLanguage":"es"},{"@type":"WebPage","@id":"https:\/\/infoecos.com.ar\/index.php\/kicillof-y-kreplak-presentaron-la-receta-electronica-bonaerense\/","url":"https:\/\/infoecos.com.ar\/index.php\/kicillof-y-kreplak-presentaron-la-receta-electronica-bonaerense\/","name":"Kicillof y Kreplak presentaron la Receta Electr\u00f3nica Bonaerense - Infoecos","isPartOf":{"@id":"https:\/\/infoecos.com.ar\/#website"},"primaryImageOfPage":{"@id":"https:\/\/infoecos.com.ar\/index.php\/kicillof-y-kreplak-presentaron-la-receta-electronica-bonaerense\/#primaryimage"},"image":{"@id":"https:\/\/infoecos.com.ar\/index.php\/kicillof-y-kreplak-presentaron-la-receta-electronica-bonaerense\/#primaryimage"},"thumbnailUrl":"https:\/\/infoecos.com.ar\/wp-content\/uploads\/2023\/02\/image-79.png","datePublished":"2023-02-14T05:24:52+00:00","dateModified":"2023-02-15T05:19:28+00:00","breadcrumb":{"@id":"https:\/\/infoecos.com.ar\/index.php\/kicillof-y-kreplak-presentaron-la-receta-electronica-bonaerense\/#breadcrumb"},"inLanguage":"es","potentialAction":[{"@type":"ReadAction","target":["https:\/\/infoecos.com.ar\/index.php\/kicillof-y-kreplak-presentaron-la-receta-electronica-bonaerense\/"]}]},{"@type":"ImageObject","inLanguage":"es","@id":"https:\/\/infoecos.com.ar\/index.php\/kicillof-y-kreplak-presentaron-la-receta-electronica-bonaerense\/#primaryimage","url":"https:\/\/infoecos.com.ar\/wp-content\/uploads\/2023\/02\/image-79.png","contentUrl":"https:\/\/infoecos.com.ar\/wp-content\/uploads\/2023\/02\/image-79.png","width":1500,"height":1056},{"@type":"BreadcrumbList","@id":"https:\/\/infoecos.com.ar\/index.php\/kicillof-y-kreplak-presentaron-la-receta-electronica-bonaerense\/#breadcrumb","itemListElement":[{"@type":"ListItem","position":1,"name":"Portada","item":"https:\/\/infoecos.com.ar\/"},{"@type":"ListItem","position":2,"name":"Kicillof y Kreplak presentaron la Receta Electr\u00f3nica Bonaerense"}]},{"@type":"WebSite","@id":"https:\/\/infoecos.com.ar\/#website","url":"https:\/\/infoecos.com.ar\/","name":"Infoecos","description":"Noticias de trenque lauquen y la zona","publisher":{"@id":"https:\/\/infoecos.com.ar\/#organization"},"alternateName":"Noticias","potentialAction":[{"@type":"SearchAction","target":{"@type":"EntryPoint","urlTemplate":"https:\/\/infoecos.com.ar\/?s={search_term_string}"},"query-input":{"@type":"PropertyValueSpecification","valueRequired":true,"valueName":"search_term_string"}}],"inLanguage":"es"},{"@type":"Organization","@id":"https:\/\/infoecos.com.ar\/#organization","name":"Infoecos","alternateName":"Noticias","url":"https:\/\/infoecos.com.ar\/","logo":{"@type":"ImageObject","inLanguage":"es","@id":"https:\/\/infoecos.com.ar\/#\/schema\/logo\/image\/","url":"https:\/\/infoecos.com.ar\/wp-content\/uploads\/2024\/03\/cropped-logo.png","contentUrl":"https:\/\/infoecos.com.ar\/wp-content\/uploads\/2024\/03\/cropped-logo.png","width":374,"height":90,"caption":"Infoecos"},"image":{"@id":"https:\/\/infoecos.com.ar\/#\/schema\/logo\/image\/"},"sameAs":["https:\/\/www.facebook.com\/profile.php?id=100063200290284","https:\/\/x.com\/infoecos"]},{"@type":"Person","@id":"https:\/\/infoecos.com.ar\/#\/schema\/person\/8f5ace5ce73b4b4aac4b7245aee6f191","name":"Jorge Matheus","url":"https:\/\/infoecos.com.ar\/index.php\/author\/jomatheus\/"}]}},"featured_image_urls":{"full":["https:\/\/infoecos.com.ar\/wp-content\/uploads\/2023\/02\/image-79.png",1500,1056,false],"thumbnail":["https:\/\/infoecos.com.ar\/wp-content\/uploads\/2023\/02\/image-79-300x150.png",300,150,true],"medium":["https:\/\/infoecos.com.ar\/wp-content\/uploads\/2023\/02\/image-79-800x563.png",800,563,true],"medium_large":["https:\/\/infoecos.com.ar\/wp-content\/uploads\/2023\/02\/image-79-768x541.png",640,451,true],"large":["https:\/\/infoecos.com.ar\/wp-content\/uploads\/2023\/02\/image-79.png",640,451,false],"1536x1536":["https:\/\/infoecos.com.ar\/wp-content\/uploads\/2023\/02\/image-79.png",1500,1056,false],"2048x2048":["https:\/\/infoecos.com.ar\/wp-content\/uploads\/2023\/02\/image-79.png",1500,1056,false],"covernews-slider-full":["https:\/\/infoecos.com.ar\/wp-content\/uploads\/2023\/02\/image-79-1500x1020.png",1051,715,true],"covernews-slider-center":["https:\/\/infoecos.com.ar\/wp-content\/uploads\/2023\/02\/image-79-936x897.png",522,500,true],"covernews-featured":["https:\/\/infoecos.com.ar\/wp-content\/uploads\/2023\/02\/image-79-1024x721.png",1024,721,true],"covernews-medium":["https:\/\/infoecos.com.ar\/wp-content\/uploads\/2023\/02\/image-79-720x380.png",540,285,true],"covernews-medium-square":["https:\/\/infoecos.com.ar\/wp-content\/uploads\/2023\/02\/image-79-675x450.png",375,250,true]},"author_info":{"info":["Jorge Matheus"]},"category_info":"<a href=\"https:\/\/infoecos.com.ar\/index.php\/category\/c2nota5\/\" rel=\"category tag\">C2 N5<\/a>","tag_info":"C2 N5","comment_count":"0","_links":{"self":[{"href":"https:\/\/infoecos.com.ar\/index.php\/wp-json\/wp\/v2\/posts\/101787"}],"collection":[{"href":"https:\/\/infoecos.com.ar\/index.php\/wp-json\/wp\/v2\/posts"}],"about":[{"href":"https:\/\/infoecos.com.ar\/index.php\/wp-json\/wp\/v2\/types\/post"}],"author":[{"embeddable":true,"href":"https:\/\/infoecos.com.ar\/index.php\/wp-json\/wp\/v2\/users\/2"}],"replies":[{"embeddable":true,"href":"https:\/\/infoecos.com.ar\/index.php\/wp-json\/wp\/v2\/comments?post=101787"}],"version-history":[{"count":2,"href":"https:\/\/infoecos.com.ar\/index.php\/wp-json\/wp\/v2\/posts\/101787\/revisions"}],"predecessor-version":[{"id":101889,"href":"https:\/\/infoecos.com.ar\/index.php\/wp-json\/wp\/v2\/posts\/101787\/revisions\/101889"}],"wp:featuredmedia":[{"embeddable":true,"href":"https:\/\/infoecos.com.ar\/index.php\/wp-json\/wp\/v2\/media\/101788"}],"wp:attachment":[{"href":"https:\/\/infoecos.com.ar\/index.php\/wp-json\/wp\/v2\/media?parent=101787"}],"wp:term":[{"taxonomy":"category","embeddable":true,"href":"https:\/\/infoecos.com.ar\/index.php\/wp-json\/wp\/v2\/categories?post=101787"},{"taxonomy":"post_tag","embeddable":true,"href":"https:\/\/infoecos.com.ar\/index.php\/wp-json\/wp\/v2\/tags?post=101787"}],"curies":[{"name":"wp","href":"https:\/\/api.w.org\/{rel}","templated":true}]}}