{"id":101790,"date":"2023-02-14T02:45:23","date_gmt":"2023-02-14T05:45:23","guid":{"rendered":"https:\/\/infoecos.com.ar\/?p=101790"},"modified":"2023-02-15T02:15:13","modified_gmt":"2023-02-15T05:15:13","slug":"massa-anuncio-precios-justos-para-cortes-de-carne-el-indice-de-enero-es-una-frustracion","status":"publish","type":"post","link":"https:\/\/infoecos.com.ar\/index.php\/massa-anuncio-precios-justos-para-cortes-de-carne-el-indice-de-enero-es-una-frustracion\/","title":{"rendered":"Massa anunci\u00f3 precios justos para cortes de carne: \u00abel \u00edndice de enero es una frustraci\u00f3n\u00bb"},"content":{"rendered":"\n<p>El ministro de Econom\u00eda,&nbsp;Sergio Massa,&nbsp; junto al secretario de Comercio,&nbsp;Matias Tombolini&nbsp;y su par de Agricultura, Juan Jose Bahillo,&nbsp;acordaron una serie de medidas destinadas tanto a la producci\u00f3n como al consumo de carne.<\/p>\n\n\n\n<figure class=\"wp-block-image aligncenter size-full is-resized\"><img loading=\"lazy\" decoding=\"async\" src=\"https:\/\/infoecos.com.ar\/wp-content\/uploads\/2023\/02\/image-80.png\" alt=\"\" class=\"wp-image-101791\" width=\"620\" height=\"349\" srcset=\"https:\/\/infoecos.com.ar\/wp-content\/uploads\/2023\/02\/image-80.png 807w, https:\/\/infoecos.com.ar\/wp-content\/uploads\/2023\/02\/image-80-800x450.png 800w, https:\/\/infoecos.com.ar\/wp-content\/uploads\/2023\/02\/image-80-768x432.png 768w\" sizes=\"(max-width: 620px) 100vw, 620px\" \/><\/figure>\n\n\n\n<p>\u00abCuando miramos la inflaci\u00f3n de enero, uno de los temas que aparece como golpe\u00e1ndonos de forma estacional es la carne. Y no es lo \u00fanico. Algunos, haciendo mal uso de un objetivo que nos pusimos como Ministerio, que es bajar la inflaci\u00f3n a la mitad de lo que la recibimos y ponernos plazo, empiezan a jugar con que el indice de enero es una frustraci\u00f3n. Es un problemas para todos los bolsillos de los argentinos. Y para nosotros, mas all\u00e1 de la bronca que nos da, es un desaf\u00edo que nos obliga, nos impone la necesidad de seguir tomando medidas, como la micro, como es la carne, y desde la macro\u00bb, indic\u00f3 Sergio Massa, en la presentaci\u00f3n del Programa ayer desde la secretaria de Comercio.<\/p>\n\n\n\n<p>Mediante una serie de medidas&nbsp;se busca lograr resultados a corto plazo actuando sobre el aumento del precio de la carne &nbsp;y a mediano plazo sobre la oferta futura, adem\u00e1s de compensar a los productores afectados por la sequ\u00eda que se vieron obligados a malvender el ganado, y est\u00e1n en problemas por la falta de oferta forrajera. A fin de morigerar los efectos de la sequ\u00eda, los productores podr\u00e1n acceder a subsidios por hasta el 40% del alimento necesario para la terminaci\u00f3n de los animales en feedlot..<\/p>\n\n\n\n<p>Precios Justos Carne&nbsp;es la inclusi\u00f3n de los 7 cortes cuidados al programa de precios justos con precios diferenciales y un sendero de precios previsible. Los precios acordados se mantendr\u00e1n hasta el 31 de marzo y luego estos cortes tendr\u00e1n una pauta del 3,2% hasta el 30 de junio. Estos precios se podr\u00e1n encontrar desde el viernes.<\/p>\n\n\n\n<p>Adem\u00e1s, a partir del acuerdo,&nbsp;se logr\u00f3 bajar un 30% promedio el precio con que los supermercados estaban comercializando los cortes.<\/p>\n\n\n\n<p>Los 7 cortes de carne en cuesti\u00f3n prohibidos de exportaci\u00f3n que se ofrecer\u00e1n &nbsp;son: asado que se comercializar\u00eda a $1035 por KG, nalga a $1375, matambre $1310, vac\u00edo $1351, falda $675, paleta $1113 y tapa de asado $1035.<\/p>\n\n\n\n<figure class=\"wp-block-image aligncenter size-full is-resized\"><img loading=\"lazy\" decoding=\"async\" src=\"https:\/\/infoecos.com.ar\/wp-content\/uploads\/2023\/02\/image-81.png\" alt=\"\" class=\"wp-image-101792\" width=\"586\" height=\"390\" srcset=\"https:\/\/infoecos.com.ar\/wp-content\/uploads\/2023\/02\/image-81.png 807w, https:\/\/infoecos.com.ar\/wp-content\/uploads\/2023\/02\/image-81-800x532.png 800w, https:\/\/infoecos.com.ar\/wp-content\/uploads\/2023\/02\/image-81-768x511.png 768w, https:\/\/infoecos.com.ar\/wp-content\/uploads\/2023\/02\/image-81-675x450.png 675w\" sizes=\"(max-width: 586px) 100vw, 586px\" \/><\/figure>\n\n\n\n<p>La comercializaci\u00f3n se realizar\u00e1 todos los d\u00edas en supermercados e hipermercados y carnicer\u00edas de frigor\u00edficos y se trabajar\u00e1 con los supermercados nucleados en ASU, CAS y FASA los d\u00edas de ventas de estos cortes.<\/p>\n","protected":false},"excerpt":{"rendered":"<p>Mediante una serie de medidas\u00a0se busca lograr resultados a corto plazo actuando sobre el aumento del precio de la carne \u00a0y a mediano plazo sobre la oferta futura<\/p>\n","protected":false},"author":2,"featured_media":101791,"comment_status":"closed","ping_status":"open","sticky":false,"template":"","format":"standard","meta":{"footnotes":""},"categories":[40],"tags":[7314],"class_list":["post-101790","post","type-post","status-publish","format-standard","has-post-thumbnail","hentry","category-inferior1","tag-siete-cortes"],"yoast_head":"<!-- This site is optimized with the Yoast SEO plugin v23.4 - https:\/\/yoast.com\/wordpress\/plugins\/seo\/ -->\n<title>Massa anunci\u00f3 precios justos para cortes de carne: &quot;el \u00edndice de enero es una frustraci\u00f3n&quot; - Infoecos<\/title>\n<meta name=\"robots\" content=\"index, follow, max-snippet:-1, max-image-preview:large, max-video-preview:-1\" \/>\n<link rel=\"canonical\" href=\"https:\/\/infoecos.com.ar\/index.php\/massa-anuncio-precios-justos-para-cortes-de-carne-el-indice-de-enero-es-una-frustracion\/\" \/>\n<meta property=\"og:locale\" content=\"es_ES\" \/>\n<meta property=\"og:type\" content=\"article\" \/>\n<meta property=\"og:title\" content=\"Massa anunci\u00f3 precios justos para cortes de carne: &quot;el \u00edndice de enero es una frustraci\u00f3n&quot; - Infoecos\" \/>\n<meta property=\"og:description\" content=\"Mediante una serie de medidas\u00a0se busca lograr resultados a corto plazo actuando sobre el aumento del precio de la carne \u00a0y a mediano plazo sobre la oferta futura\" \/>\n<meta property=\"og:url\" content=\"https:\/\/infoecos.com.ar\/index.php\/massa-anuncio-precios-justos-para-cortes-de-carne-el-indice-de-enero-es-una-frustracion\/\" \/>\n<meta property=\"og:site_name\" content=\"Infoecos\" \/>\n<meta property=\"article:publisher\" content=\"https:\/\/www.facebook.com\/profile.php?id=100063200290284\" \/>\n<meta property=\"article:published_time\" content=\"2023-02-14T05:45:23+00:00\" \/>\n<meta property=\"article:modified_time\" content=\"2023-02-15T05:15:13+00:00\" \/>\n<meta property=\"og:image\" content=\"https:\/\/infoecos.com.ar\/wp-content\/uploads\/2023\/02\/image-80.png\" \/>\n\t<meta property=\"og:image:width\" content=\"807\" \/>\n\t<meta property=\"og:image:height\" content=\"454\" \/>\n\t<meta property=\"og:image:type\" content=\"image\/png\" \/>\n<meta name=\"author\" content=\"Jorge Matheus\" \/>\n<meta name=\"twitter:card\" content=\"summary_large_image\" \/>\n<meta name=\"twitter:creator\" content=\"@infoecos\" \/>\n<meta name=\"twitter:site\" content=\"@infoecos\" \/>\n<meta name=\"twitter:label1\" content=\"Escrito por\" \/>\n\t<meta name=\"twitter:data1\" content=\"Jorge Matheus\" \/>\n\t<meta name=\"twitter:label2\" content=\"Tiempo de lectura\" \/>\n\t<meta name=\"twitter:data2\" content=\"3 minutos\" \/>\n<script type=\"application\/ld+json\" class=\"yoast-schema-graph\">{\"@context\":\"https:\/\/schema.org\",\"@graph\":[{\"@type\":\"Article\",\"@id\":\"https:\/\/infoecos.com.ar\/index.php\/massa-anuncio-precios-justos-para-cortes-de-carne-el-indice-de-enero-es-una-frustracion\/#article\",\"isPartOf\":{\"@id\":\"https:\/\/infoecos.com.ar\/index.php\/massa-anuncio-precios-justos-para-cortes-de-carne-el-indice-de-enero-es-una-frustracion\/\"},\"author\":{\"name\":\"Jorge Matheus\",\"@id\":\"https:\/\/infoecos.com.ar\/#\/schema\/person\/8f5ace5ce73b4b4aac4b7245aee6f191\"},\"headline\":\"Massa anunci\u00f3 precios justos para cortes de carne: \u00abel \u00edndice de enero es una frustraci\u00f3n\u00bb\",\"datePublished\":\"2023-02-14T05:45:23+00:00\",\"dateModified\":\"2023-02-15T05:15:13+00:00\",\"mainEntityOfPage\":{\"@id\":\"https:\/\/infoecos.com.ar\/index.php\/massa-anuncio-precios-justos-para-cortes-de-carne-el-indice-de-enero-es-una-frustracion\/\"},\"wordCount\":439,\"publisher\":{\"@id\":\"https:\/\/infoecos.com.ar\/#organization\"},\"image\":{\"@id\":\"https:\/\/infoecos.com.ar\/index.php\/massa-anuncio-precios-justos-para-cortes-de-carne-el-indice-de-enero-es-una-frustracion\/#primaryimage\"},\"thumbnailUrl\":\"https:\/\/infoecos.com.ar\/wp-content\/uploads\/2023\/02\/image-80.png\",\"keywords\":[\"SIETE CORTES\"],\"articleSection\":[\"Bloque inferior - 1\"],\"inLanguage\":\"es\"},{\"@type\":\"WebPage\",\"@id\":\"https:\/\/infoecos.com.ar\/index.php\/massa-anuncio-precios-justos-para-cortes-de-carne-el-indice-de-enero-es-una-frustracion\/\",\"url\":\"https:\/\/infoecos.com.ar\/index.php\/massa-anuncio-precios-justos-para-cortes-de-carne-el-indice-de-enero-es-una-frustracion\/\",\"name\":\"Massa anunci\u00f3 precios justos para cortes de carne: \\\"el \u00edndice de enero es una frustraci\u00f3n\\\" - Infoecos\",\"isPartOf\":{\"@id\":\"https:\/\/infoecos.com.ar\/#website\"},\"primaryImageOfPage\":{\"@id\":\"https:\/\/infoecos.com.ar\/index.php\/massa-anuncio-precios-justos-para-cortes-de-carne-el-indice-de-enero-es-una-frustracion\/#primaryimage\"},\"image\":{\"@id\":\"https:\/\/infoecos.com.ar\/index.php\/massa-anuncio-precios-justos-para-cortes-de-carne-el-indice-de-enero-es-una-frustracion\/#primaryimage\"},\"thumbnailUrl\":\"https:\/\/infoecos.com.ar\/wp-content\/uploads\/2023\/02\/image-80.png\",\"datePublished\":\"2023-02-14T05:45:23+00:00\",\"dateModified\":\"2023-02-15T05:15:13+00:00\",\"breadcrumb\":{\"@id\":\"https:\/\/infoecos.com.ar\/index.php\/massa-anuncio-precios-justos-para-cortes-de-carne-el-indice-de-enero-es-una-frustracion\/#breadcrumb\"},\"inLanguage\":\"es\",\"potentialAction\":[{\"@type\":\"ReadAction\",\"target\":[\"https:\/\/infoecos.com.ar\/index.php\/massa-anuncio-precios-justos-para-cortes-de-carne-el-indice-de-enero-es-una-frustracion\/\"]}]},{\"@type\":\"ImageObject\",\"inLanguage\":\"es\",\"@id\":\"https:\/\/infoecos.com.ar\/index.php\/massa-anuncio-precios-justos-para-cortes-de-carne-el-indice-de-enero-es-una-frustracion\/#primaryimage\",\"url\":\"https:\/\/infoecos.com.ar\/wp-content\/uploads\/2023\/02\/image-80.png\",\"contentUrl\":\"https:\/\/infoecos.com.ar\/wp-content\/uploads\/2023\/02\/image-80.png\",\"width\":807,\"height\":454},{\"@type\":\"BreadcrumbList\",\"@id\":\"https:\/\/infoecos.com.ar\/index.php\/massa-anuncio-precios-justos-para-cortes-de-carne-el-indice-de-enero-es-una-frustracion\/#breadcrumb\",\"itemListElement\":[{\"@type\":\"ListItem\",\"position\":1,\"name\":\"Portada\",\"item\":\"https:\/\/infoecos.com.ar\/\"},{\"@type\":\"ListItem\",\"position\":2,\"name\":\"Massa anunci\u00f3 precios justos para cortes de carne: \u00abel \u00edndice de enero es una frustraci\u00f3n\u00bb\"}]},{\"@type\":\"WebSite\",\"@id\":\"https:\/\/infoecos.com.ar\/#website\",\"url\":\"https:\/\/infoecos.com.ar\/\",\"name\":\"Infoecos\",\"description\":\"Noticias de trenque lauquen y la zona\",\"publisher\":{\"@id\":\"https:\/\/infoecos.com.ar\/#organization\"},\"alternateName\":\"Noticias\",\"potentialAction\":[{\"@type\":\"SearchAction\",\"target\":{\"@type\":\"EntryPoint\",\"urlTemplate\":\"https:\/\/infoecos.com.ar\/?s={search_term_string}\"},\"query-input\":{\"@type\":\"PropertyValueSpecification\",\"valueRequired\":true,\"valueName\":\"search_term_string\"}}],\"inLanguage\":\"es\"},{\"@type\":\"Organization\",\"@id\":\"https:\/\/infoecos.com.ar\/#organization\",\"name\":\"Infoecos\",\"alternateName\":\"Noticias\",\"url\":\"https:\/\/infoecos.com.ar\/\",\"logo\":{\"@type\":\"ImageObject\",\"inLanguage\":\"es\",\"@id\":\"https:\/\/infoecos.com.ar\/#\/schema\/logo\/image\/\",\"url\":\"https:\/\/infoecos.com.ar\/wp-content\/uploads\/2024\/03\/cropped-logo.png\",\"contentUrl\":\"https:\/\/infoecos.com.ar\/wp-content\/uploads\/2024\/03\/cropped-logo.png\",\"width\":374,\"height\":90,\"caption\":\"Infoecos\"},\"image\":{\"@id\":\"https:\/\/infoecos.com.ar\/#\/schema\/logo\/image\/\"},\"sameAs\":[\"https:\/\/www.facebook.com\/profile.php?id=100063200290284\",\"https:\/\/x.com\/infoecos\"]},{\"@type\":\"Person\",\"@id\":\"https:\/\/infoecos.com.ar\/#\/schema\/person\/8f5ace5ce73b4b4aac4b7245aee6f191\",\"name\":\"Jorge Matheus\",\"url\":\"https:\/\/infoecos.com.ar\/index.php\/author\/jomatheus\/\"}]}<\/script>\n<!-- \/ Yoast SEO plugin. -->","yoast_head_json":{"title":"Massa anunci\u00f3 precios justos para cortes de carne: \"el \u00edndice de enero es una frustraci\u00f3n\" - Infoecos","robots":{"index":"index","follow":"follow","max-snippet":"max-snippet:-1","max-image-preview":"max-image-preview:large","max-video-preview":"max-video-preview:-1"},"canonical":"https:\/\/infoecos.com.ar\/index.php\/massa-anuncio-precios-justos-para-cortes-de-carne-el-indice-de-enero-es-una-frustracion\/","og_locale":"es_ES","og_type":"article","og_title":"Massa anunci\u00f3 precios justos para cortes de carne: \"el \u00edndice de enero es una frustraci\u00f3n\" - Infoecos","og_description":"Mediante una serie de medidas\u00a0se busca lograr resultados a corto plazo actuando sobre el aumento del precio de la carne \u00a0y a mediano plazo sobre la oferta futura","og_url":"https:\/\/infoecos.com.ar\/index.php\/massa-anuncio-precios-justos-para-cortes-de-carne-el-indice-de-enero-es-una-frustracion\/","og_site_name":"Infoecos","article_publisher":"https:\/\/www.facebook.com\/profile.php?id=100063200290284","article_published_time":"2023-02-14T05:45:23+00:00","article_modified_time":"2023-02-15T05:15:13+00:00","og_image":[{"width":807,"height":454,"url":"https:\/\/infoecos.com.ar\/wp-content\/uploads\/2023\/02\/image-80.png","type":"image\/png"}],"author":"Jorge Matheus","twitter_card":"summary_large_image","twitter_creator":"@infoecos","twitter_site":"@infoecos","twitter_misc":{"Escrito por":"Jorge Matheus","Tiempo de lectura":"3 minutos"},"schema":{"@context":"https:\/\/schema.org","@graph":[{"@type":"Article","@id":"https:\/\/infoecos.com.ar\/index.php\/massa-anuncio-precios-justos-para-cortes-de-carne-el-indice-de-enero-es-una-frustracion\/#article","isPartOf":{"@id":"https:\/\/infoecos.com.ar\/index.php\/massa-anuncio-precios-justos-para-cortes-de-carne-el-indice-de-enero-es-una-frustracion\/"},"author":{"name":"Jorge Matheus","@id":"https:\/\/infoecos.com.ar\/#\/schema\/person\/8f5ace5ce73b4b4aac4b7245aee6f191"},"headline":"Massa anunci\u00f3 precios justos para cortes de carne: \u00abel \u00edndice de enero es una frustraci\u00f3n\u00bb","datePublished":"2023-02-14T05:45:23+00:00","dateModified":"2023-02-15T05:15:13+00:00","mainEntityOfPage":{"@id":"https:\/\/infoecos.com.ar\/index.php\/massa-anuncio-precios-justos-para-cortes-de-carne-el-indice-de-enero-es-una-frustracion\/"},"wordCount":439,"publisher":{"@id":"https:\/\/infoecos.com.ar\/#organization"},"image":{"@id":"https:\/\/infoecos.com.ar\/index.php\/massa-anuncio-precios-justos-para-cortes-de-carne-el-indice-de-enero-es-una-frustracion\/#primaryimage"},"thumbnailUrl":"https:\/\/infoecos.com.ar\/wp-content\/uploads\/2023\/02\/image-80.png","keywords":["SIETE CORTES"],"articleSection":["Bloque inferior - 1"],"inLanguage":"es"},{"@type":"WebPage","@id":"https:\/\/infoecos.com.ar\/index.php\/massa-anuncio-precios-justos-para-cortes-de-carne-el-indice-de-enero-es-una-frustracion\/","url":"https:\/\/infoecos.com.ar\/index.php\/massa-anuncio-precios-justos-para-cortes-de-carne-el-indice-de-enero-es-una-frustracion\/","name":"Massa anunci\u00f3 precios justos para cortes de carne: \"el \u00edndice de enero es una frustraci\u00f3n\" - Infoecos","isPartOf":{"@id":"https:\/\/infoecos.com.ar\/#website"},"primaryImageOfPage":{"@id":"https:\/\/infoecos.com.ar\/index.php\/massa-anuncio-precios-justos-para-cortes-de-carne-el-indice-de-enero-es-una-frustracion\/#primaryimage"},"image":{"@id":"https:\/\/infoecos.com.ar\/index.php\/massa-anuncio-precios-justos-para-cortes-de-carne-el-indice-de-enero-es-una-frustracion\/#primaryimage"},"thumbnailUrl":"https:\/\/infoecos.com.ar\/wp-content\/uploads\/2023\/02\/image-80.png","datePublished":"2023-02-14T05:45:23+00:00","dateModified":"2023-02-15T05:15:13+00:00","breadcrumb":{"@id":"https:\/\/infoecos.com.ar\/index.php\/massa-anuncio-precios-justos-para-cortes-de-carne-el-indice-de-enero-es-una-frustracion\/#breadcrumb"},"inLanguage":"es","potentialAction":[{"@type":"ReadAction","target":["https:\/\/infoecos.com.ar\/index.php\/massa-anuncio-precios-justos-para-cortes-de-carne-el-indice-de-enero-es-una-frustracion\/"]}]},{"@type":"ImageObject","inLanguage":"es","@id":"https:\/\/infoecos.com.ar\/index.php\/massa-anuncio-precios-justos-para-cortes-de-carne-el-indice-de-enero-es-una-frustracion\/#primaryimage","url":"https:\/\/infoecos.com.ar\/wp-content\/uploads\/2023\/02\/image-80.png","contentUrl":"https:\/\/infoecos.com.ar\/wp-content\/uploads\/2023\/02\/image-80.png","width":807,"height":454},{"@type":"BreadcrumbList","@id":"https:\/\/infoecos.com.ar\/index.php\/massa-anuncio-precios-justos-para-cortes-de-carne-el-indice-de-enero-es-una-frustracion\/#breadcrumb","itemListElement":[{"@type":"ListItem","position":1,"name":"Portada","item":"https:\/\/infoecos.com.ar\/"},{"@type":"ListItem","position":2,"name":"Massa anunci\u00f3 precios justos para cortes de carne: \u00abel \u00edndice de enero es una frustraci\u00f3n\u00bb"}]},{"@type":"WebSite","@id":"https:\/\/infoecos.com.ar\/#website","url":"https:\/\/infoecos.com.ar\/","name":"Infoecos","description":"Noticias de trenque lauquen y la zona","publisher":{"@id":"https:\/\/infoecos.com.ar\/#organization"},"alternateName":"Noticias","potentialAction":[{"@type":"SearchAction","target":{"@type":"EntryPoint","urlTemplate":"https:\/\/infoecos.com.ar\/?s={search_term_string}"},"query-input":{"@type":"PropertyValueSpecification","valueRequired":true,"valueName":"search_term_string"}}],"inLanguage":"es"},{"@type":"Organization","@id":"https:\/\/infoecos.com.ar\/#organization","name":"Infoecos","alternateName":"Noticias","url":"https:\/\/infoecos.com.ar\/","logo":{"@type":"ImageObject","inLanguage":"es","@id":"https:\/\/infoecos.com.ar\/#\/schema\/logo\/image\/","url":"https:\/\/infoecos.com.ar\/wp-content\/uploads\/2024\/03\/cropped-logo.png","contentUrl":"https:\/\/infoecos.com.ar\/wp-content\/uploads\/2024\/03\/cropped-logo.png","width":374,"height":90,"caption":"Infoecos"},"image":{"@id":"https:\/\/infoecos.com.ar\/#\/schema\/logo\/image\/"},"sameAs":["https:\/\/www.facebook.com\/profile.php?id=100063200290284","https:\/\/x.com\/infoecos"]},{"@type":"Person","@id":"https:\/\/infoecos.com.ar\/#\/schema\/person\/8f5ace5ce73b4b4aac4b7245aee6f191","name":"Jorge Matheus","url":"https:\/\/infoecos.com.ar\/index.php\/author\/jomatheus\/"}]}},"featured_image_urls":{"full":["https:\/\/infoecos.com.ar\/wp-content\/uploads\/2023\/02\/image-80.png",807,454,false],"thumbnail":["https:\/\/infoecos.com.ar\/wp-content\/uploads\/2023\/02\/image-80-300x150.png",300,150,true],"medium":["https:\/\/infoecos.com.ar\/wp-content\/uploads\/2023\/02\/image-80-800x450.png",800,450,true],"medium_large":["https:\/\/infoecos.com.ar\/wp-content\/uploads\/2023\/02\/image-80-768x432.png",640,360,true],"large":["https:\/\/infoecos.com.ar\/wp-content\/uploads\/2023\/02\/image-80.png",640,360,false],"1536x1536":["https:\/\/infoecos.com.ar\/wp-content\/uploads\/2023\/02\/image-80.png",807,454,false],"2048x2048":["https:\/\/infoecos.com.ar\/wp-content\/uploads\/2023\/02\/image-80.png",807,454,false],"covernews-slider-full":["https:\/\/infoecos.com.ar\/wp-content\/uploads\/2023\/02\/image-80.png",807,454,false],"covernews-slider-center":["https:\/\/infoecos.com.ar\/wp-content\/uploads\/2023\/02\/image-80.png",800,450,false],"covernews-featured":["https:\/\/infoecos.com.ar\/wp-content\/uploads\/2023\/02\/image-80.png",807,454,false],"covernews-medium":["https:\/\/infoecos.com.ar\/wp-content\/uploads\/2023\/02\/image-80-720x380.png",540,285,true],"covernews-medium-square":["https:\/\/infoecos.com.ar\/wp-content\/uploads\/2023\/02\/image-80-675x450.png",375,250,true]},"author_info":{"info":["Jorge Matheus"]},"category_info":"<a href=\"https:\/\/infoecos.com.ar\/index.php\/category\/inferior1\/\" rel=\"category tag\">Bloque inferior - 1<\/a>","tag_info":"Bloque inferior - 1","comment_count":"0","_links":{"self":[{"href":"https:\/\/infoecos.com.ar\/index.php\/wp-json\/wp\/v2\/posts\/101790"}],"collection":[{"href":"https:\/\/infoecos.com.ar\/index.php\/wp-json\/wp\/v2\/posts"}],"about":[{"href":"https:\/\/infoecos.com.ar\/index.php\/wp-json\/wp\/v2\/types\/post"}],"author":[{"embeddable":true,"href":"https:\/\/infoecos.com.ar\/index.php\/wp-json\/wp\/v2\/users\/2"}],"replies":[{"embeddable":true,"href":"https:\/\/infoecos.com.ar\/index.php\/wp-json\/wp\/v2\/comments?post=101790"}],"version-history":[{"count":2,"href":"https:\/\/infoecos.com.ar\/index.php\/wp-json\/wp\/v2\/posts\/101790\/revisions"}],"predecessor-version":[{"id":101886,"href":"https:\/\/infoecos.com.ar\/index.php\/wp-json\/wp\/v2\/posts\/101790\/revisions\/101886"}],"wp:featuredmedia":[{"embeddable":true,"href":"https:\/\/infoecos.com.ar\/index.php\/wp-json\/wp\/v2\/media\/101791"}],"wp:attachment":[{"href":"https:\/\/infoecos.com.ar\/index.php\/wp-json\/wp\/v2\/media?parent=101790"}],"wp:term":[{"taxonomy":"category","embeddable":true,"href":"https:\/\/infoecos.com.ar\/index.php\/wp-json\/wp\/v2\/categories?post=101790"},{"taxonomy":"post_tag","embeddable":true,"href":"https:\/\/infoecos.com.ar\/index.php\/wp-json\/wp\/v2\/tags?post=101790"}],"curies":[{"name":"wp","href":"https:\/\/api.w.org\/{rel}","templated":true}]}}