{"id":101799,"date":"2023-02-14T02:57:45","date_gmt":"2023-02-14T05:57:45","guid":{"rendered":"https:\/\/infoecos.com.ar\/?p=101799"},"modified":"2023-02-15T02:17:34","modified_gmt":"2023-02-15T05:17:34","slug":"operativos-de-transito-cinco-motos-y-un-auto-secuestrados","status":"publish","type":"post","link":"https:\/\/infoecos.com.ar\/index.php\/operativos-de-transito-cinco-motos-y-un-auto-secuestrados\/","title":{"rendered":"Operativos de Tr\u00e1nsito: cinco motos y un auto secuestrados"},"content":{"rendered":"\n<p>En operativos realizados durante el \u00faltimo fin de semana fueron secuestradas otras cinco motos y un  autom\u00f3vil, y se labraron 55 actas por distintas infracciones a la Ley de Tr\u00e1nsito n\u00ba 24449, en Trenque Lauquen.<\/p>\n\n\n\n<figure class=\"wp-block-image aligncenter size-full is-resized\"><img loading=\"lazy\" decoding=\"async\" src=\"https:\/\/infoecos.com.ar\/wp-content\/uploads\/2023\/02\/Operativo-transito-1.jpeg\" alt=\"\" class=\"wp-image-101800\" width=\"532\" height=\"299\" srcset=\"https:\/\/infoecos.com.ar\/wp-content\/uploads\/2023\/02\/Operativo-transito-1.jpeg 1600w, https:\/\/infoecos.com.ar\/wp-content\/uploads\/2023\/02\/Operativo-transito-1-800x450.jpeg 800w, https:\/\/infoecos.com.ar\/wp-content\/uploads\/2023\/02\/Operativo-transito-1-768x432.jpeg 768w, https:\/\/infoecos.com.ar\/wp-content\/uploads\/2023\/02\/Operativo-transito-1-1536x864.jpeg 1536w, https:\/\/infoecos.com.ar\/wp-content\/uploads\/2023\/02\/Operativo-transito-1-1024x576.jpeg 1024w\" sizes=\"(max-width: 532px) 100vw, 532px\" \/><\/figure>\n\n\n\n<p>Todas las unidades secuestradas quedaron en custodia en el dep\u00f3sito municipal a disposici\u00f3n del Juzgado de Faltas.<\/p>\n\n\n\n<p>Los operativos, que se realizaron el pasado fin de semana dejaron como resultado:<\/p>\n\n\n\n<p>. Veh\u00edculos controlados: 340<\/p>\n\n\n\n<p>. 55 actas por distintas infracciones a la Ley de Tr\u00e1nsito<\/p>\n\n\n\n<p>. 5 motos secuestradas<\/p>\n\n\n\n<p>. 1 auto secuestrado<\/p>\n\n\n\n<p>. Actas por alcoholemia positiva: 7<\/p>\n\n\n\n<p>. Actas por m\u00fasica a alto volumen: 4<\/p>\n","protected":false},"excerpt":{"rendered":"<p>Todas las unidades secuestradas quedaron en custodia en el dep\u00f3sito municipal a disposici\u00f3n del Juzgado de Faltas<\/p>\n","protected":false},"author":2,"featured_media":101801,"comment_status":"closed","ping_status":"open","sticky":false,"template":"","format":"standard","meta":{"footnotes":""},"categories":[44],"tags":[7316],"class_list":["post-101799","post","type-post","status-publish","format-standard","has-post-thumbnail","hentry","category-inferior5","tag-en-busqueda-del-orden"],"yoast_head":"<!-- This site is optimized with the Yoast SEO plugin v23.4 - https:\/\/yoast.com\/wordpress\/plugins\/seo\/ -->\n<title>Operativos de Tr\u00e1nsito: cinco motos y un auto secuestrados - Infoecos<\/title>\n<meta name=\"robots\" content=\"index, follow, max-snippet:-1, max-image-preview:large, max-video-preview:-1\" \/>\n<link rel=\"canonical\" href=\"https:\/\/infoecos.com.ar\/index.php\/operativos-de-transito-cinco-motos-y-un-auto-secuestrados\/\" \/>\n<meta property=\"og:locale\" content=\"es_ES\" \/>\n<meta property=\"og:type\" content=\"article\" \/>\n<meta property=\"og:title\" content=\"Operativos de Tr\u00e1nsito: cinco motos y un auto secuestrados - Infoecos\" \/>\n<meta property=\"og:description\" content=\"Todas las unidades secuestradas quedaron en custodia en el dep\u00f3sito municipal a disposici\u00f3n del Juzgado de Faltas\" \/>\n<meta property=\"og:url\" content=\"https:\/\/infoecos.com.ar\/index.php\/operativos-de-transito-cinco-motos-y-un-auto-secuestrados\/\" \/>\n<meta property=\"og:site_name\" content=\"Infoecos\" \/>\n<meta property=\"article:publisher\" content=\"https:\/\/www.facebook.com\/profile.php?id=100063200290284\" \/>\n<meta property=\"article:published_time\" content=\"2023-02-14T05:57:45+00:00\" \/>\n<meta property=\"article:modified_time\" content=\"2023-02-15T05:17:34+00:00\" \/>\n<meta property=\"og:image\" content=\"https:\/\/infoecos.com.ar\/wp-content\/uploads\/2023\/02\/Operativo-transito-2.jpeg\" \/>\n\t<meta property=\"og:image:width\" content=\"1600\" \/>\n\t<meta property=\"og:image:height\" content=\"900\" \/>\n\t<meta property=\"og:image:type\" content=\"image\/jpeg\" \/>\n<meta name=\"author\" content=\"Jorge Matheus\" \/>\n<meta name=\"twitter:card\" content=\"summary_large_image\" \/>\n<meta name=\"twitter:creator\" content=\"@infoecos\" \/>\n<meta name=\"twitter:site\" content=\"@infoecos\" \/>\n<meta name=\"twitter:label1\" content=\"Escrito por\" \/>\n\t<meta name=\"twitter:data1\" content=\"Jorge Matheus\" \/>\n\t<meta name=\"twitter:label2\" content=\"Tiempo de lectura\" \/>\n\t<meta name=\"twitter:data2\" content=\"1 minuto\" \/>\n<script type=\"application\/ld+json\" class=\"yoast-schema-graph\">{\"@context\":\"https:\/\/schema.org\",\"@graph\":[{\"@type\":\"Article\",\"@id\":\"https:\/\/infoecos.com.ar\/index.php\/operativos-de-transito-cinco-motos-y-un-auto-secuestrados\/#article\",\"isPartOf\":{\"@id\":\"https:\/\/infoecos.com.ar\/index.php\/operativos-de-transito-cinco-motos-y-un-auto-secuestrados\/\"},\"author\":{\"name\":\"Jorge Matheus\",\"@id\":\"https:\/\/infoecos.com.ar\/#\/schema\/person\/8f5ace5ce73b4b4aac4b7245aee6f191\"},\"headline\":\"Operativos de Tr\u00e1nsito: cinco motos y un auto secuestrados\",\"datePublished\":\"2023-02-14T05:57:45+00:00\",\"dateModified\":\"2023-02-15T05:17:34+00:00\",\"mainEntityOfPage\":{\"@id\":\"https:\/\/infoecos.com.ar\/index.php\/operativos-de-transito-cinco-motos-y-un-auto-secuestrados\/\"},\"wordCount\":105,\"publisher\":{\"@id\":\"https:\/\/infoecos.com.ar\/#organization\"},\"image\":{\"@id\":\"https:\/\/infoecos.com.ar\/index.php\/operativos-de-transito-cinco-motos-y-un-auto-secuestrados\/#primaryimage\"},\"thumbnailUrl\":\"https:\/\/infoecos.com.ar\/wp-content\/uploads\/2023\/02\/Operativo-transito-2.jpeg\",\"keywords\":[\"EN B\u00daSQUEDA DEL ORDEN\"],\"articleSection\":[\"Bloque inferior - 5\"],\"inLanguage\":\"es\"},{\"@type\":\"WebPage\",\"@id\":\"https:\/\/infoecos.com.ar\/index.php\/operativos-de-transito-cinco-motos-y-un-auto-secuestrados\/\",\"url\":\"https:\/\/infoecos.com.ar\/index.php\/operativos-de-transito-cinco-motos-y-un-auto-secuestrados\/\",\"name\":\"Operativos de Tr\u00e1nsito: cinco motos y un auto secuestrados - Infoecos\",\"isPartOf\":{\"@id\":\"https:\/\/infoecos.com.ar\/#website\"},\"primaryImageOfPage\":{\"@id\":\"https:\/\/infoecos.com.ar\/index.php\/operativos-de-transito-cinco-motos-y-un-auto-secuestrados\/#primaryimage\"},\"image\":{\"@id\":\"https:\/\/infoecos.com.ar\/index.php\/operativos-de-transito-cinco-motos-y-un-auto-secuestrados\/#primaryimage\"},\"thumbnailUrl\":\"https:\/\/infoecos.com.ar\/wp-content\/uploads\/2023\/02\/Operativo-transito-2.jpeg\",\"datePublished\":\"2023-02-14T05:57:45+00:00\",\"dateModified\":\"2023-02-15T05:17:34+00:00\",\"breadcrumb\":{\"@id\":\"https:\/\/infoecos.com.ar\/index.php\/operativos-de-transito-cinco-motos-y-un-auto-secuestrados\/#breadcrumb\"},\"inLanguage\":\"es\",\"potentialAction\":[{\"@type\":\"ReadAction\",\"target\":[\"https:\/\/infoecos.com.ar\/index.php\/operativos-de-transito-cinco-motos-y-un-auto-secuestrados\/\"]}]},{\"@type\":\"ImageObject\",\"inLanguage\":\"es\",\"@id\":\"https:\/\/infoecos.com.ar\/index.php\/operativos-de-transito-cinco-motos-y-un-auto-secuestrados\/#primaryimage\",\"url\":\"https:\/\/infoecos.com.ar\/wp-content\/uploads\/2023\/02\/Operativo-transito-2.jpeg\",\"contentUrl\":\"https:\/\/infoecos.com.ar\/wp-content\/uploads\/2023\/02\/Operativo-transito-2.jpeg\",\"width\":1600,\"height\":900},{\"@type\":\"BreadcrumbList\",\"@id\":\"https:\/\/infoecos.com.ar\/index.php\/operativos-de-transito-cinco-motos-y-un-auto-secuestrados\/#breadcrumb\",\"itemListElement\":[{\"@type\":\"ListItem\",\"position\":1,\"name\":\"Portada\",\"item\":\"https:\/\/infoecos.com.ar\/\"},{\"@type\":\"ListItem\",\"position\":2,\"name\":\"Operativos de Tr\u00e1nsito: cinco motos y un auto secuestrados\"}]},{\"@type\":\"WebSite\",\"@id\":\"https:\/\/infoecos.com.ar\/#website\",\"url\":\"https:\/\/infoecos.com.ar\/\",\"name\":\"Infoecos\",\"description\":\"Noticias de trenque lauquen y la zona\",\"publisher\":{\"@id\":\"https:\/\/infoecos.com.ar\/#organization\"},\"alternateName\":\"Noticias\",\"potentialAction\":[{\"@type\":\"SearchAction\",\"target\":{\"@type\":\"EntryPoint\",\"urlTemplate\":\"https:\/\/infoecos.com.ar\/?s={search_term_string}\"},\"query-input\":{\"@type\":\"PropertyValueSpecification\",\"valueRequired\":true,\"valueName\":\"search_term_string\"}}],\"inLanguage\":\"es\"},{\"@type\":\"Organization\",\"@id\":\"https:\/\/infoecos.com.ar\/#organization\",\"name\":\"Infoecos\",\"alternateName\":\"Noticias\",\"url\":\"https:\/\/infoecos.com.ar\/\",\"logo\":{\"@type\":\"ImageObject\",\"inLanguage\":\"es\",\"@id\":\"https:\/\/infoecos.com.ar\/#\/schema\/logo\/image\/\",\"url\":\"https:\/\/infoecos.com.ar\/wp-content\/uploads\/2024\/03\/cropped-logo.png\",\"contentUrl\":\"https:\/\/infoecos.com.ar\/wp-content\/uploads\/2024\/03\/cropped-logo.png\",\"width\":374,\"height\":90,\"caption\":\"Infoecos\"},\"image\":{\"@id\":\"https:\/\/infoecos.com.ar\/#\/schema\/logo\/image\/\"},\"sameAs\":[\"https:\/\/www.facebook.com\/profile.php?id=100063200290284\",\"https:\/\/x.com\/infoecos\"]},{\"@type\":\"Person\",\"@id\":\"https:\/\/infoecos.com.ar\/#\/schema\/person\/8f5ace5ce73b4b4aac4b7245aee6f191\",\"name\":\"Jorge Matheus\",\"url\":\"https:\/\/infoecos.com.ar\/index.php\/author\/jomatheus\/\"}]}<\/script>\n<!-- \/ Yoast SEO plugin. -->","yoast_head_json":{"title":"Operativos de Tr\u00e1nsito: cinco motos y un auto secuestrados - Infoecos","robots":{"index":"index","follow":"follow","max-snippet":"max-snippet:-1","max-image-preview":"max-image-preview:large","max-video-preview":"max-video-preview:-1"},"canonical":"https:\/\/infoecos.com.ar\/index.php\/operativos-de-transito-cinco-motos-y-un-auto-secuestrados\/","og_locale":"es_ES","og_type":"article","og_title":"Operativos de Tr\u00e1nsito: cinco motos y un auto secuestrados - Infoecos","og_description":"Todas las unidades secuestradas quedaron en custodia en el dep\u00f3sito municipal a disposici\u00f3n del Juzgado de Faltas","og_url":"https:\/\/infoecos.com.ar\/index.php\/operativos-de-transito-cinco-motos-y-un-auto-secuestrados\/","og_site_name":"Infoecos","article_publisher":"https:\/\/www.facebook.com\/profile.php?id=100063200290284","article_published_time":"2023-02-14T05:57:45+00:00","article_modified_time":"2023-02-15T05:17:34+00:00","og_image":[{"width":1600,"height":900,"url":"https:\/\/infoecos.com.ar\/wp-content\/uploads\/2023\/02\/Operativo-transito-2.jpeg","type":"image\/jpeg"}],"author":"Jorge Matheus","twitter_card":"summary_large_image","twitter_creator":"@infoecos","twitter_site":"@infoecos","twitter_misc":{"Escrito por":"Jorge Matheus","Tiempo de lectura":"1 minuto"},"schema":{"@context":"https:\/\/schema.org","@graph":[{"@type":"Article","@id":"https:\/\/infoecos.com.ar\/index.php\/operativos-de-transito-cinco-motos-y-un-auto-secuestrados\/#article","isPartOf":{"@id":"https:\/\/infoecos.com.ar\/index.php\/operativos-de-transito-cinco-motos-y-un-auto-secuestrados\/"},"author":{"name":"Jorge Matheus","@id":"https:\/\/infoecos.com.ar\/#\/schema\/person\/8f5ace5ce73b4b4aac4b7245aee6f191"},"headline":"Operativos de Tr\u00e1nsito: cinco motos y un auto secuestrados","datePublished":"2023-02-14T05:57:45+00:00","dateModified":"2023-02-15T05:17:34+00:00","mainEntityOfPage":{"@id":"https:\/\/infoecos.com.ar\/index.php\/operativos-de-transito-cinco-motos-y-un-auto-secuestrados\/"},"wordCount":105,"publisher":{"@id":"https:\/\/infoecos.com.ar\/#organization"},"image":{"@id":"https:\/\/infoecos.com.ar\/index.php\/operativos-de-transito-cinco-motos-y-un-auto-secuestrados\/#primaryimage"},"thumbnailUrl":"https:\/\/infoecos.com.ar\/wp-content\/uploads\/2023\/02\/Operativo-transito-2.jpeg","keywords":["EN B\u00daSQUEDA DEL ORDEN"],"articleSection":["Bloque inferior - 5"],"inLanguage":"es"},{"@type":"WebPage","@id":"https:\/\/infoecos.com.ar\/index.php\/operativos-de-transito-cinco-motos-y-un-auto-secuestrados\/","url":"https:\/\/infoecos.com.ar\/index.php\/operativos-de-transito-cinco-motos-y-un-auto-secuestrados\/","name":"Operativos de Tr\u00e1nsito: cinco motos y un auto secuestrados - Infoecos","isPartOf":{"@id":"https:\/\/infoecos.com.ar\/#website"},"primaryImageOfPage":{"@id":"https:\/\/infoecos.com.ar\/index.php\/operativos-de-transito-cinco-motos-y-un-auto-secuestrados\/#primaryimage"},"image":{"@id":"https:\/\/infoecos.com.ar\/index.php\/operativos-de-transito-cinco-motos-y-un-auto-secuestrados\/#primaryimage"},"thumbnailUrl":"https:\/\/infoecos.com.ar\/wp-content\/uploads\/2023\/02\/Operativo-transito-2.jpeg","datePublished":"2023-02-14T05:57:45+00:00","dateModified":"2023-02-15T05:17:34+00:00","breadcrumb":{"@id":"https:\/\/infoecos.com.ar\/index.php\/operativos-de-transito-cinco-motos-y-un-auto-secuestrados\/#breadcrumb"},"inLanguage":"es","potentialAction":[{"@type":"ReadAction","target":["https:\/\/infoecos.com.ar\/index.php\/operativos-de-transito-cinco-motos-y-un-auto-secuestrados\/"]}]},{"@type":"ImageObject","inLanguage":"es","@id":"https:\/\/infoecos.com.ar\/index.php\/operativos-de-transito-cinco-motos-y-un-auto-secuestrados\/#primaryimage","url":"https:\/\/infoecos.com.ar\/wp-content\/uploads\/2023\/02\/Operativo-transito-2.jpeg","contentUrl":"https:\/\/infoecos.com.ar\/wp-content\/uploads\/2023\/02\/Operativo-transito-2.jpeg","width":1600,"height":900},{"@type":"BreadcrumbList","@id":"https:\/\/infoecos.com.ar\/index.php\/operativos-de-transito-cinco-motos-y-un-auto-secuestrados\/#breadcrumb","itemListElement":[{"@type":"ListItem","position":1,"name":"Portada","item":"https:\/\/infoecos.com.ar\/"},{"@type":"ListItem","position":2,"name":"Operativos de Tr\u00e1nsito: cinco motos y un auto secuestrados"}]},{"@type":"WebSite","@id":"https:\/\/infoecos.com.ar\/#website","url":"https:\/\/infoecos.com.ar\/","name":"Infoecos","description":"Noticias de trenque lauquen y la zona","publisher":{"@id":"https:\/\/infoecos.com.ar\/#organization"},"alternateName":"Noticias","potentialAction":[{"@type":"SearchAction","target":{"@type":"EntryPoint","urlTemplate":"https:\/\/infoecos.com.ar\/?s={search_term_string}"},"query-input":{"@type":"PropertyValueSpecification","valueRequired":true,"valueName":"search_term_string"}}],"inLanguage":"es"},{"@type":"Organization","@id":"https:\/\/infoecos.com.ar\/#organization","name":"Infoecos","alternateName":"Noticias","url":"https:\/\/infoecos.com.ar\/","logo":{"@type":"ImageObject","inLanguage":"es","@id":"https:\/\/infoecos.com.ar\/#\/schema\/logo\/image\/","url":"https:\/\/infoecos.com.ar\/wp-content\/uploads\/2024\/03\/cropped-logo.png","contentUrl":"https:\/\/infoecos.com.ar\/wp-content\/uploads\/2024\/03\/cropped-logo.png","width":374,"height":90,"caption":"Infoecos"},"image":{"@id":"https:\/\/infoecos.com.ar\/#\/schema\/logo\/image\/"},"sameAs":["https:\/\/www.facebook.com\/profile.php?id=100063200290284","https:\/\/x.com\/infoecos"]},{"@type":"Person","@id":"https:\/\/infoecos.com.ar\/#\/schema\/person\/8f5ace5ce73b4b4aac4b7245aee6f191","name":"Jorge Matheus","url":"https:\/\/infoecos.com.ar\/index.php\/author\/jomatheus\/"}]}},"featured_image_urls":{"full":["https:\/\/infoecos.com.ar\/wp-content\/uploads\/2023\/02\/Operativo-transito-2.jpeg",1600,900,false],"thumbnail":["https:\/\/infoecos.com.ar\/wp-content\/uploads\/2023\/02\/Operativo-transito-2-300x150.jpeg",300,150,true],"medium":["https:\/\/infoecos.com.ar\/wp-content\/uploads\/2023\/02\/Operativo-transito-2-800x450.jpeg",800,450,true],"medium_large":["https:\/\/infoecos.com.ar\/wp-content\/uploads\/2023\/02\/Operativo-transito-2-768x432.jpeg",640,360,true],"large":["https:\/\/infoecos.com.ar\/wp-content\/uploads\/2023\/02\/Operativo-transito-2.jpeg",640,360,false],"1536x1536":["https:\/\/infoecos.com.ar\/wp-content\/uploads\/2023\/02\/Operativo-transito-2-1536x864.jpeg",1536,864,true],"2048x2048":["https:\/\/infoecos.com.ar\/wp-content\/uploads\/2023\/02\/Operativo-transito-2.jpeg",1600,900,false],"covernews-slider-full":["https:\/\/infoecos.com.ar\/wp-content\/uploads\/2023\/02\/Operativo-transito-2-1536x900.jpeg",1115,653,true],"covernews-slider-center":["https:\/\/infoecos.com.ar\/wp-content\/uploads\/2023\/02\/Operativo-transito-2-936x897.jpeg",522,500,true],"covernews-featured":["https:\/\/infoecos.com.ar\/wp-content\/uploads\/2023\/02\/Operativo-transito-2-1024x576.jpeg",1024,576,true],"covernews-medium":["https:\/\/infoecos.com.ar\/wp-content\/uploads\/2023\/02\/Operativo-transito-2-720x380.jpeg",540,285,true],"covernews-medium-square":["https:\/\/infoecos.com.ar\/wp-content\/uploads\/2023\/02\/Operativo-transito-2-675x450.jpeg",375,250,true]},"author_info":{"info":["Jorge Matheus"]},"category_info":"<a href=\"https:\/\/infoecos.com.ar\/index.php\/category\/inferior5\/\" rel=\"category tag\">Bloque inferior - 5<\/a>","tag_info":"Bloque inferior - 5","comment_count":"0","_links":{"self":[{"href":"https:\/\/infoecos.com.ar\/index.php\/wp-json\/wp\/v2\/posts\/101799"}],"collection":[{"href":"https:\/\/infoecos.com.ar\/index.php\/wp-json\/wp\/v2\/posts"}],"about":[{"href":"https:\/\/infoecos.com.ar\/index.php\/wp-json\/wp\/v2\/types\/post"}],"author":[{"embeddable":true,"href":"https:\/\/infoecos.com.ar\/index.php\/wp-json\/wp\/v2\/users\/2"}],"replies":[{"embeddable":true,"href":"https:\/\/infoecos.com.ar\/index.php\/wp-json\/wp\/v2\/comments?post=101799"}],"version-history":[{"count":1,"href":"https:\/\/infoecos.com.ar\/index.php\/wp-json\/wp\/v2\/posts\/101799\/revisions"}],"predecessor-version":[{"id":101802,"href":"https:\/\/infoecos.com.ar\/index.php\/wp-json\/wp\/v2\/posts\/101799\/revisions\/101802"}],"wp:featuredmedia":[{"embeddable":true,"href":"https:\/\/infoecos.com.ar\/index.php\/wp-json\/wp\/v2\/media\/101801"}],"wp:attachment":[{"href":"https:\/\/infoecos.com.ar\/index.php\/wp-json\/wp\/v2\/media?parent=101799"}],"wp:term":[{"taxonomy":"category","embeddable":true,"href":"https:\/\/infoecos.com.ar\/index.php\/wp-json\/wp\/v2\/categories?post=101799"},{"taxonomy":"post_tag","embeddable":true,"href":"https:\/\/infoecos.com.ar\/index.php\/wp-json\/wp\/v2\/tags?post=101799"}],"curies":[{"name":"wp","href":"https:\/\/api.w.org\/{rel}","templated":true}]}}