{"id":101822,"date":"2023-02-14T03:38:17","date_gmt":"2023-02-14T06:38:17","guid":{"rendered":"https:\/\/infoecos.com.ar\/?p=101822"},"modified":"2023-02-15T02:16:15","modified_gmt":"2023-02-15T05:16:15","slug":"fiesta-nacional-del-girasol-y-de-paso-30-millones-para-el-municipio","status":"publish","type":"post","link":"https:\/\/infoecos.com.ar\/index.php\/fiesta-nacional-del-girasol-y-de-paso-30-millones-para-el-municipio\/","title":{"rendered":"Fiesta Nacional del Girasol y de paso 30 millones para el municipio"},"content":{"rendered":"\n<p>El Jefe de Asesores del Gobierno Provincial, y el Ministro de Desarrollo Agrario bonaerense estuvieron el fin de semana anterior en Carlos Casares. Mantuvieron reuniones con el Senador Walter Torchio y el Intendente Daniel Stadnik.<\/p>\n\n\n\n<figure class=\"wp-block-image aligncenter size-full is-resized\"><img loading=\"lazy\" decoding=\"async\" src=\"https:\/\/infoecos.com.ar\/wp-content\/uploads\/2023\/02\/Bianco-Girasol-1.jpg\" alt=\"\" class=\"wp-image-101823\" width=\"529\" height=\"297\" srcset=\"https:\/\/infoecos.com.ar\/wp-content\/uploads\/2023\/02\/Bianco-Girasol-1.jpg 1024w, https:\/\/infoecos.com.ar\/wp-content\/uploads\/2023\/02\/Bianco-Girasol-1-800x450.jpg 800w, https:\/\/infoecos.com.ar\/wp-content\/uploads\/2023\/02\/Bianco-Girasol-1-768x432.jpg 768w\" sizes=\"(max-width: 529px) 100vw, 529px\" \/><figcaption class=\"wp-element-caption\">Carlos Bianco en Carlos Casares<\/figcaption><\/figure>\n\n\n\n<p>Bianco particip\u00f3 de la primera noche de la Fiesta Nacional del Girasol, luego de la firma de un acta acuerdo del Opisu (Organismo Provincial de Integraci\u00f3n Social y Urbana).<\/p>\n\n\n\n<p>El municipio de Carlos Casares recibir\u00e1 $30 millones que ser\u00e1n destinados a la pavimentaci\u00f3n en el barrio Virgen de Itat\u00ed.&nbsp; Por otra parte, Torchio y Bianco visitaron el barrio Los Troncos para supervisar los avances en las obras asf\u00e1lticas.<\/p>\n\n\n\n<figure class=\"wp-block-image aligncenter size-full is-resized\"><img loading=\"lazy\" decoding=\"async\" src=\"https:\/\/infoecos.com.ar\/wp-content\/uploads\/2023\/02\/Torchio-Rodriguez-Stadnik-Girasol-768x557-1.jpg\" alt=\"\" class=\"wp-image-101824\" width=\"599\" height=\"434\"\/><figcaption class=\"wp-element-caption\">Javier Rodr\u00edguez en Carlos Casares<\/figcaption><\/figure>\n\n\n\n<p>El domingo estuvo el Ministro de Desarrollo Agrario, Javier Rodr\u00edguez. Asisti\u00f3 al cierre de la Fiesta, donde actu\u00f3 Soledad Pastorutti.<\/p>\n\n\n\n<p><\/p>\n","protected":false},"excerpt":{"rendered":"<p>El municipio de Carlos Casares recibir\u00e1 $30 millones que ser\u00e1n destinados a la pavimentaci\u00f3n en el barrio Virgen de Itat\u00ed<\/p>\n","protected":false},"author":2,"featured_media":101825,"comment_status":"closed","ping_status":"open","sticky":false,"template":"","format":"standard","meta":{"footnotes":""},"categories":[41],"tags":[1148],"class_list":["post-101822","post","type-post","status-publish","format-standard","has-post-thumbnail","hentry","category-inferior2","tag-la-region"],"yoast_head":"<!-- This site is optimized with the Yoast SEO plugin v23.4 - https:\/\/yoast.com\/wordpress\/plugins\/seo\/ -->\n<title>Fiesta Nacional del Girasol y de paso 30 millones para el municipio - Infoecos<\/title>\n<meta name=\"robots\" content=\"index, follow, max-snippet:-1, max-image-preview:large, max-video-preview:-1\" \/>\n<link rel=\"canonical\" href=\"https:\/\/infoecos.com.ar\/index.php\/fiesta-nacional-del-girasol-y-de-paso-30-millones-para-el-municipio\/\" \/>\n<meta property=\"og:locale\" content=\"es_ES\" \/>\n<meta property=\"og:type\" content=\"article\" \/>\n<meta property=\"og:title\" content=\"Fiesta Nacional del Girasol y de paso 30 millones para el municipio - Infoecos\" \/>\n<meta property=\"og:description\" content=\"El municipio de Carlos Casares recibir\u00e1 $30 millones que ser\u00e1n destinados a la pavimentaci\u00f3n en el barrio Virgen de Itat\u00ed\" \/>\n<meta property=\"og:url\" content=\"https:\/\/infoecos.com.ar\/index.php\/fiesta-nacional-del-girasol-y-de-paso-30-millones-para-el-municipio\/\" \/>\n<meta property=\"og:site_name\" content=\"Infoecos\" \/>\n<meta property=\"article:publisher\" content=\"https:\/\/www.facebook.com\/profile.php?id=100063200290284\" \/>\n<meta property=\"article:published_time\" content=\"2023-02-14T06:38:17+00:00\" \/>\n<meta property=\"article:modified_time\" content=\"2023-02-15T05:16:15+00:00\" \/>\n<meta property=\"og:image\" content=\"https:\/\/infoecos.com.ar\/wp-content\/uploads\/2023\/02\/Bianco-Girasol-1-1.jpg\" \/>\n\t<meta property=\"og:image:width\" content=\"1024\" \/>\n\t<meta property=\"og:image:height\" content=\"576\" \/>\n\t<meta property=\"og:image:type\" content=\"image\/jpeg\" \/>\n<meta name=\"author\" content=\"Jorge Matheus\" \/>\n<meta name=\"twitter:card\" content=\"summary_large_image\" \/>\n<meta name=\"twitter:creator\" content=\"@infoecos\" \/>\n<meta name=\"twitter:site\" content=\"@infoecos\" \/>\n<meta name=\"twitter:label1\" content=\"Escrito por\" \/>\n\t<meta name=\"twitter:data1\" content=\"Jorge Matheus\" \/>\n\t<meta name=\"twitter:label2\" content=\"Tiempo de lectura\" \/>\n\t<meta name=\"twitter:data2\" content=\"2 minutos\" \/>\n<script type=\"application\/ld+json\" class=\"yoast-schema-graph\">{\"@context\":\"https:\/\/schema.org\",\"@graph\":[{\"@type\":\"Article\",\"@id\":\"https:\/\/infoecos.com.ar\/index.php\/fiesta-nacional-del-girasol-y-de-paso-30-millones-para-el-municipio\/#article\",\"isPartOf\":{\"@id\":\"https:\/\/infoecos.com.ar\/index.php\/fiesta-nacional-del-girasol-y-de-paso-30-millones-para-el-municipio\/\"},\"author\":{\"name\":\"Jorge Matheus\",\"@id\":\"https:\/\/infoecos.com.ar\/#\/schema\/person\/8f5ace5ce73b4b4aac4b7245aee6f191\"},\"headline\":\"Fiesta Nacional del Girasol y de paso 30 millones para el municipio\",\"datePublished\":\"2023-02-14T06:38:17+00:00\",\"dateModified\":\"2023-02-15T05:16:15+00:00\",\"mainEntityOfPage\":{\"@id\":\"https:\/\/infoecos.com.ar\/index.php\/fiesta-nacional-del-girasol-y-de-paso-30-millones-para-el-municipio\/\"},\"wordCount\":150,\"publisher\":{\"@id\":\"https:\/\/infoecos.com.ar\/#organization\"},\"image\":{\"@id\":\"https:\/\/infoecos.com.ar\/index.php\/fiesta-nacional-del-girasol-y-de-paso-30-millones-para-el-municipio\/#primaryimage\"},\"thumbnailUrl\":\"https:\/\/infoecos.com.ar\/wp-content\/uploads\/2023\/02\/Bianco-Girasol-1-1.jpg\",\"keywords\":[\"LA REGI\u00d3N\"],\"articleSection\":[\"Bloque inferior - 2\"],\"inLanguage\":\"es\"},{\"@type\":\"WebPage\",\"@id\":\"https:\/\/infoecos.com.ar\/index.php\/fiesta-nacional-del-girasol-y-de-paso-30-millones-para-el-municipio\/\",\"url\":\"https:\/\/infoecos.com.ar\/index.php\/fiesta-nacional-del-girasol-y-de-paso-30-millones-para-el-municipio\/\",\"name\":\"Fiesta Nacional del Girasol y de paso 30 millones para el municipio - Infoecos\",\"isPartOf\":{\"@id\":\"https:\/\/infoecos.com.ar\/#website\"},\"primaryImageOfPage\":{\"@id\":\"https:\/\/infoecos.com.ar\/index.php\/fiesta-nacional-del-girasol-y-de-paso-30-millones-para-el-municipio\/#primaryimage\"},\"image\":{\"@id\":\"https:\/\/infoecos.com.ar\/index.php\/fiesta-nacional-del-girasol-y-de-paso-30-millones-para-el-municipio\/#primaryimage\"},\"thumbnailUrl\":\"https:\/\/infoecos.com.ar\/wp-content\/uploads\/2023\/02\/Bianco-Girasol-1-1.jpg\",\"datePublished\":\"2023-02-14T06:38:17+00:00\",\"dateModified\":\"2023-02-15T05:16:15+00:00\",\"breadcrumb\":{\"@id\":\"https:\/\/infoecos.com.ar\/index.php\/fiesta-nacional-del-girasol-y-de-paso-30-millones-para-el-municipio\/#breadcrumb\"},\"inLanguage\":\"es\",\"potentialAction\":[{\"@type\":\"ReadAction\",\"target\":[\"https:\/\/infoecos.com.ar\/index.php\/fiesta-nacional-del-girasol-y-de-paso-30-millones-para-el-municipio\/\"]}]},{\"@type\":\"ImageObject\",\"inLanguage\":\"es\",\"@id\":\"https:\/\/infoecos.com.ar\/index.php\/fiesta-nacional-del-girasol-y-de-paso-30-millones-para-el-municipio\/#primaryimage\",\"url\":\"https:\/\/infoecos.com.ar\/wp-content\/uploads\/2023\/02\/Bianco-Girasol-1-1.jpg\",\"contentUrl\":\"https:\/\/infoecos.com.ar\/wp-content\/uploads\/2023\/02\/Bianco-Girasol-1-1.jpg\",\"width\":1024,\"height\":576},{\"@type\":\"BreadcrumbList\",\"@id\":\"https:\/\/infoecos.com.ar\/index.php\/fiesta-nacional-del-girasol-y-de-paso-30-millones-para-el-municipio\/#breadcrumb\",\"itemListElement\":[{\"@type\":\"ListItem\",\"position\":1,\"name\":\"Portada\",\"item\":\"https:\/\/infoecos.com.ar\/\"},{\"@type\":\"ListItem\",\"position\":2,\"name\":\"Fiesta Nacional del Girasol y de paso 30 millones para el municipio\"}]},{\"@type\":\"WebSite\",\"@id\":\"https:\/\/infoecos.com.ar\/#website\",\"url\":\"https:\/\/infoecos.com.ar\/\",\"name\":\"Infoecos\",\"description\":\"Noticias de trenque lauquen y la zona\",\"publisher\":{\"@id\":\"https:\/\/infoecos.com.ar\/#organization\"},\"alternateName\":\"Noticias\",\"potentialAction\":[{\"@type\":\"SearchAction\",\"target\":{\"@type\":\"EntryPoint\",\"urlTemplate\":\"https:\/\/infoecos.com.ar\/?s={search_term_string}\"},\"query-input\":{\"@type\":\"PropertyValueSpecification\",\"valueRequired\":true,\"valueName\":\"search_term_string\"}}],\"inLanguage\":\"es\"},{\"@type\":\"Organization\",\"@id\":\"https:\/\/infoecos.com.ar\/#organization\",\"name\":\"Infoecos\",\"alternateName\":\"Noticias\",\"url\":\"https:\/\/infoecos.com.ar\/\",\"logo\":{\"@type\":\"ImageObject\",\"inLanguage\":\"es\",\"@id\":\"https:\/\/infoecos.com.ar\/#\/schema\/logo\/image\/\",\"url\":\"https:\/\/infoecos.com.ar\/wp-content\/uploads\/2024\/03\/cropped-logo.png\",\"contentUrl\":\"https:\/\/infoecos.com.ar\/wp-content\/uploads\/2024\/03\/cropped-logo.png\",\"width\":374,\"height\":90,\"caption\":\"Infoecos\"},\"image\":{\"@id\":\"https:\/\/infoecos.com.ar\/#\/schema\/logo\/image\/\"},\"sameAs\":[\"https:\/\/www.facebook.com\/profile.php?id=100063200290284\",\"https:\/\/x.com\/infoecos\"]},{\"@type\":\"Person\",\"@id\":\"https:\/\/infoecos.com.ar\/#\/schema\/person\/8f5ace5ce73b4b4aac4b7245aee6f191\",\"name\":\"Jorge Matheus\",\"url\":\"https:\/\/infoecos.com.ar\/index.php\/author\/jomatheus\/\"}]}<\/script>\n<!-- \/ Yoast SEO plugin. -->","yoast_head_json":{"title":"Fiesta Nacional del Girasol y de paso 30 millones para el municipio - Infoecos","robots":{"index":"index","follow":"follow","max-snippet":"max-snippet:-1","max-image-preview":"max-image-preview:large","max-video-preview":"max-video-preview:-1"},"canonical":"https:\/\/infoecos.com.ar\/index.php\/fiesta-nacional-del-girasol-y-de-paso-30-millones-para-el-municipio\/","og_locale":"es_ES","og_type":"article","og_title":"Fiesta Nacional del Girasol y de paso 30 millones para el municipio - Infoecos","og_description":"El municipio de Carlos Casares recibir\u00e1 $30 millones que ser\u00e1n destinados a la pavimentaci\u00f3n en el barrio Virgen de Itat\u00ed","og_url":"https:\/\/infoecos.com.ar\/index.php\/fiesta-nacional-del-girasol-y-de-paso-30-millones-para-el-municipio\/","og_site_name":"Infoecos","article_publisher":"https:\/\/www.facebook.com\/profile.php?id=100063200290284","article_published_time":"2023-02-14T06:38:17+00:00","article_modified_time":"2023-02-15T05:16:15+00:00","og_image":[{"width":1024,"height":576,"url":"https:\/\/infoecos.com.ar\/wp-content\/uploads\/2023\/02\/Bianco-Girasol-1-1.jpg","type":"image\/jpeg"}],"author":"Jorge Matheus","twitter_card":"summary_large_image","twitter_creator":"@infoecos","twitter_site":"@infoecos","twitter_misc":{"Escrito por":"Jorge Matheus","Tiempo de lectura":"2 minutos"},"schema":{"@context":"https:\/\/schema.org","@graph":[{"@type":"Article","@id":"https:\/\/infoecos.com.ar\/index.php\/fiesta-nacional-del-girasol-y-de-paso-30-millones-para-el-municipio\/#article","isPartOf":{"@id":"https:\/\/infoecos.com.ar\/index.php\/fiesta-nacional-del-girasol-y-de-paso-30-millones-para-el-municipio\/"},"author":{"name":"Jorge Matheus","@id":"https:\/\/infoecos.com.ar\/#\/schema\/person\/8f5ace5ce73b4b4aac4b7245aee6f191"},"headline":"Fiesta Nacional del Girasol y de paso 30 millones para el municipio","datePublished":"2023-02-14T06:38:17+00:00","dateModified":"2023-02-15T05:16:15+00:00","mainEntityOfPage":{"@id":"https:\/\/infoecos.com.ar\/index.php\/fiesta-nacional-del-girasol-y-de-paso-30-millones-para-el-municipio\/"},"wordCount":150,"publisher":{"@id":"https:\/\/infoecos.com.ar\/#organization"},"image":{"@id":"https:\/\/infoecos.com.ar\/index.php\/fiesta-nacional-del-girasol-y-de-paso-30-millones-para-el-municipio\/#primaryimage"},"thumbnailUrl":"https:\/\/infoecos.com.ar\/wp-content\/uploads\/2023\/02\/Bianco-Girasol-1-1.jpg","keywords":["LA REGI\u00d3N"],"articleSection":["Bloque inferior - 2"],"inLanguage":"es"},{"@type":"WebPage","@id":"https:\/\/infoecos.com.ar\/index.php\/fiesta-nacional-del-girasol-y-de-paso-30-millones-para-el-municipio\/","url":"https:\/\/infoecos.com.ar\/index.php\/fiesta-nacional-del-girasol-y-de-paso-30-millones-para-el-municipio\/","name":"Fiesta Nacional del Girasol y de paso 30 millones para el municipio - Infoecos","isPartOf":{"@id":"https:\/\/infoecos.com.ar\/#website"},"primaryImageOfPage":{"@id":"https:\/\/infoecos.com.ar\/index.php\/fiesta-nacional-del-girasol-y-de-paso-30-millones-para-el-municipio\/#primaryimage"},"image":{"@id":"https:\/\/infoecos.com.ar\/index.php\/fiesta-nacional-del-girasol-y-de-paso-30-millones-para-el-municipio\/#primaryimage"},"thumbnailUrl":"https:\/\/infoecos.com.ar\/wp-content\/uploads\/2023\/02\/Bianco-Girasol-1-1.jpg","datePublished":"2023-02-14T06:38:17+00:00","dateModified":"2023-02-15T05:16:15+00:00","breadcrumb":{"@id":"https:\/\/infoecos.com.ar\/index.php\/fiesta-nacional-del-girasol-y-de-paso-30-millones-para-el-municipio\/#breadcrumb"},"inLanguage":"es","potentialAction":[{"@type":"ReadAction","target":["https:\/\/infoecos.com.ar\/index.php\/fiesta-nacional-del-girasol-y-de-paso-30-millones-para-el-municipio\/"]}]},{"@type":"ImageObject","inLanguage":"es","@id":"https:\/\/infoecos.com.ar\/index.php\/fiesta-nacional-del-girasol-y-de-paso-30-millones-para-el-municipio\/#primaryimage","url":"https:\/\/infoecos.com.ar\/wp-content\/uploads\/2023\/02\/Bianco-Girasol-1-1.jpg","contentUrl":"https:\/\/infoecos.com.ar\/wp-content\/uploads\/2023\/02\/Bianco-Girasol-1-1.jpg","width":1024,"height":576},{"@type":"BreadcrumbList","@id":"https:\/\/infoecos.com.ar\/index.php\/fiesta-nacional-del-girasol-y-de-paso-30-millones-para-el-municipio\/#breadcrumb","itemListElement":[{"@type":"ListItem","position":1,"name":"Portada","item":"https:\/\/infoecos.com.ar\/"},{"@type":"ListItem","position":2,"name":"Fiesta Nacional del Girasol y de paso 30 millones para el municipio"}]},{"@type":"WebSite","@id":"https:\/\/infoecos.com.ar\/#website","url":"https:\/\/infoecos.com.ar\/","name":"Infoecos","description":"Noticias de trenque lauquen y la zona","publisher":{"@id":"https:\/\/infoecos.com.ar\/#organization"},"alternateName":"Noticias","potentialAction":[{"@type":"SearchAction","target":{"@type":"EntryPoint","urlTemplate":"https:\/\/infoecos.com.ar\/?s={search_term_string}"},"query-input":{"@type":"PropertyValueSpecification","valueRequired":true,"valueName":"search_term_string"}}],"inLanguage":"es"},{"@type":"Organization","@id":"https:\/\/infoecos.com.ar\/#organization","name":"Infoecos","alternateName":"Noticias","url":"https:\/\/infoecos.com.ar\/","logo":{"@type":"ImageObject","inLanguage":"es","@id":"https:\/\/infoecos.com.ar\/#\/schema\/logo\/image\/","url":"https:\/\/infoecos.com.ar\/wp-content\/uploads\/2024\/03\/cropped-logo.png","contentUrl":"https:\/\/infoecos.com.ar\/wp-content\/uploads\/2024\/03\/cropped-logo.png","width":374,"height":90,"caption":"Infoecos"},"image":{"@id":"https:\/\/infoecos.com.ar\/#\/schema\/logo\/image\/"},"sameAs":["https:\/\/www.facebook.com\/profile.php?id=100063200290284","https:\/\/x.com\/infoecos"]},{"@type":"Person","@id":"https:\/\/infoecos.com.ar\/#\/schema\/person\/8f5ace5ce73b4b4aac4b7245aee6f191","name":"Jorge Matheus","url":"https:\/\/infoecos.com.ar\/index.php\/author\/jomatheus\/"}]}},"featured_image_urls":{"full":["https:\/\/infoecos.com.ar\/wp-content\/uploads\/2023\/02\/Bianco-Girasol-1-1.jpg",1024,576,false],"thumbnail":["https:\/\/infoecos.com.ar\/wp-content\/uploads\/2023\/02\/Bianco-Girasol-1-1-300x150.jpg",300,150,true],"medium":["https:\/\/infoecos.com.ar\/wp-content\/uploads\/2023\/02\/Bianco-Girasol-1-1-800x450.jpg",800,450,true],"medium_large":["https:\/\/infoecos.com.ar\/wp-content\/uploads\/2023\/02\/Bianco-Girasol-1-1-768x432.jpg",640,360,true],"large":["https:\/\/infoecos.com.ar\/wp-content\/uploads\/2023\/02\/Bianco-Girasol-1-1.jpg",640,360,false],"1536x1536":["https:\/\/infoecos.com.ar\/wp-content\/uploads\/2023\/02\/Bianco-Girasol-1-1.jpg",1024,576,false],"2048x2048":["https:\/\/infoecos.com.ar\/wp-content\/uploads\/2023\/02\/Bianco-Girasol-1-1.jpg",1024,576,false],"covernews-slider-full":["https:\/\/infoecos.com.ar\/wp-content\/uploads\/2023\/02\/Bianco-Girasol-1-1.jpg",1024,576,false],"covernews-slider-center":["https:\/\/infoecos.com.ar\/wp-content\/uploads\/2023\/02\/Bianco-Girasol-1-1-936x576.jpg",800,492,true],"covernews-featured":["https:\/\/infoecos.com.ar\/wp-content\/uploads\/2023\/02\/Bianco-Girasol-1-1.jpg",1024,576,false],"covernews-medium":["https:\/\/infoecos.com.ar\/wp-content\/uploads\/2023\/02\/Bianco-Girasol-1-1-720x380.jpg",540,285,true],"covernews-medium-square":["https:\/\/infoecos.com.ar\/wp-content\/uploads\/2023\/02\/Bianco-Girasol-1-1-675x450.jpg",375,250,true]},"author_info":{"info":["Jorge Matheus"]},"category_info":"<a href=\"https:\/\/infoecos.com.ar\/index.php\/category\/inferior2\/\" rel=\"category tag\">Bloque inferior - 2<\/a>","tag_info":"Bloque inferior - 2","comment_count":"0","_links":{"self":[{"href":"https:\/\/infoecos.com.ar\/index.php\/wp-json\/wp\/v2\/posts\/101822"}],"collection":[{"href":"https:\/\/infoecos.com.ar\/index.php\/wp-json\/wp\/v2\/posts"}],"about":[{"href":"https:\/\/infoecos.com.ar\/index.php\/wp-json\/wp\/v2\/types\/post"}],"author":[{"embeddable":true,"href":"https:\/\/infoecos.com.ar\/index.php\/wp-json\/wp\/v2\/users\/2"}],"replies":[{"embeddable":true,"href":"https:\/\/infoecos.com.ar\/index.php\/wp-json\/wp\/v2\/comments?post=101822"}],"version-history":[{"count":2,"href":"https:\/\/infoecos.com.ar\/index.php\/wp-json\/wp\/v2\/posts\/101822\/revisions"}],"predecessor-version":[{"id":101887,"href":"https:\/\/infoecos.com.ar\/index.php\/wp-json\/wp\/v2\/posts\/101822\/revisions\/101887"}],"wp:featuredmedia":[{"embeddable":true,"href":"https:\/\/infoecos.com.ar\/index.php\/wp-json\/wp\/v2\/media\/101825"}],"wp:attachment":[{"href":"https:\/\/infoecos.com.ar\/index.php\/wp-json\/wp\/v2\/media?parent=101822"}],"wp:term":[{"taxonomy":"category","embeddable":true,"href":"https:\/\/infoecos.com.ar\/index.php\/wp-json\/wp\/v2\/categories?post=101822"},{"taxonomy":"post_tag","embeddable":true,"href":"https:\/\/infoecos.com.ar\/index.php\/wp-json\/wp\/v2\/tags?post=101822"}],"curies":[{"name":"wp","href":"https:\/\/api.w.org\/{rel}","templated":true}]}}