{"id":101854,"date":"2023-02-15T00:44:38","date_gmt":"2023-02-15T03:44:38","guid":{"rendered":"https:\/\/infoecos.com.ar\/?p=101854"},"modified":"2023-02-17T01:35:58","modified_gmt":"2023-02-17T04:35:58","slug":"la-inflacion-de-enero-fue-del-6","status":"publish","type":"post","link":"https:\/\/infoecos.com.ar\/index.php\/la-inflacion-de-enero-fue-del-6\/","title":{"rendered":"La inflaci\u00f3n de enero fue del 6 %"},"content":{"rendered":"\n<p>La inflaci\u00f3n de <strong>enero&nbsp;<\/strong>fue del&nbsp;<strong>6%<\/strong>, impulsada por alzas de 9% en Recreaci\u00f3n y cultura; 8% en Vivienda, servicios y otros combustibles; y 8% en Comunicaci\u00f3n. As\u00ed lo inform\u00f3 en la tarde de este martes el&nbsp;Gobierno a trav\u00e9s del Instituto Nacional de Estad\u00edstica y Censos. <\/p>\n\n\n\n<figure class=\"wp-block-image aligncenter size-full\"><img loading=\"lazy\" decoding=\"async\" width=\"577\" height=\"468\" src=\"https:\/\/infoecos.com.ar\/wp-content\/uploads\/2023\/02\/image-88.png\" alt=\"\" class=\"wp-image-101855\"\/><\/figure>\n\n\n\n<p>El aumento de Alimentos y bebidas no alcoh\u00f3licas (6,8%) fue lo que m\u00e1s incidi\u00f3 en todas las regiones, seg\u00fan el informe del \u00cdndice de Precios al Consumidor (IPC). Al interior de la divisi\u00f3n se destac\u00f3 la suba de los precios estacionales de Frutas y Verduras, tub\u00e9rculos y legumbres. A su vez, aunque con menor alza que los anteriores, sobresali\u00f3 la incidencia de Pan y cereales y Carnes y derivados.<\/p>\n\n\n\n<p>La divisi\u00f3n de mayor aumento en el mes fue Recreaci\u00f3n y cultura (9,0%), principalmente por la incidencia que tuvo el aumento de los servicios de turismo a ra\u00edz de la temporada de vacaciones, y del servicio de televisi\u00f3n por cable. Siguieron en importancia en t\u00e9rminos de mayor suba mensual las divisiones Vivienda, agua, electricidad y otros combustibles (8,0%), impulsada en gran parte por el alza de las tarifas de servicios p\u00fablicos. Luego le sigui\u00f3 Comunicaci\u00f3n (8,0%) por las subas en los servicios de telefon\u00eda e internet.<\/p>\n\n\n\n<p><\/p>\n","protected":false},"excerpt":{"rendered":"<p>La divisi\u00f3n de mayor aumento en el mes fue Recreaci\u00f3n y cultura (9,0%), principalmente por la incidencia que tuvo el aumento de los servicios de turismo a ra\u00edz de la temporada de vacaciones, y del servicio de televisi\u00f3n por cable<\/p>\n","protected":false},"author":2,"featured_media":101855,"comment_status":"closed","ping_status":"open","sticky":false,"template":"","format":"standard","meta":{"footnotes":""},"categories":[1332],"tags":[3663],"class_list":["post-101854","post","type-post","status-publish","format-standard","has-post-thumbnail","hentry","category-inferior12","tag-lo-informo-el-indec"],"yoast_head":"<!-- This site is optimized with the Yoast SEO plugin v23.4 - https:\/\/yoast.com\/wordpress\/plugins\/seo\/ -->\n<title>La inflaci\u00f3n de enero fue del 6 % - Infoecos<\/title>\n<meta name=\"robots\" content=\"index, follow, max-snippet:-1, max-image-preview:large, max-video-preview:-1\" \/>\n<link rel=\"canonical\" href=\"https:\/\/infoecos.com.ar\/index.php\/la-inflacion-de-enero-fue-del-6\/\" \/>\n<meta property=\"og:locale\" content=\"es_ES\" \/>\n<meta property=\"og:type\" content=\"article\" \/>\n<meta property=\"og:title\" content=\"La inflaci\u00f3n de enero fue del 6 % - Infoecos\" \/>\n<meta property=\"og:description\" content=\"La divisi\u00f3n de mayor aumento en el mes fue Recreaci\u00f3n y cultura (9,0%), principalmente por la incidencia que tuvo el aumento de los servicios de turismo a ra\u00edz de la temporada de vacaciones, y del servicio de televisi\u00f3n por cable\" \/>\n<meta property=\"og:url\" content=\"https:\/\/infoecos.com.ar\/index.php\/la-inflacion-de-enero-fue-del-6\/\" \/>\n<meta property=\"og:site_name\" content=\"Infoecos\" \/>\n<meta property=\"article:publisher\" content=\"https:\/\/www.facebook.com\/profile.php?id=100063200290284\" \/>\n<meta property=\"article:published_time\" content=\"2023-02-15T03:44:38+00:00\" \/>\n<meta property=\"article:modified_time\" content=\"2023-02-17T04:35:58+00:00\" \/>\n<meta property=\"og:image\" content=\"https:\/\/infoecos.com.ar\/wp-content\/uploads\/2023\/02\/image-88.png\" \/>\n\t<meta property=\"og:image:width\" content=\"577\" \/>\n\t<meta property=\"og:image:height\" content=\"468\" \/>\n\t<meta property=\"og:image:type\" content=\"image\/png\" \/>\n<meta name=\"author\" content=\"Jorge Matheus\" \/>\n<meta name=\"twitter:card\" content=\"summary_large_image\" \/>\n<meta name=\"twitter:creator\" content=\"@infoecos\" \/>\n<meta name=\"twitter:site\" content=\"@infoecos\" \/>\n<meta name=\"twitter:label1\" content=\"Escrito por\" \/>\n\t<meta name=\"twitter:data1\" content=\"Jorge Matheus\" \/>\n\t<meta name=\"twitter:label2\" content=\"Tiempo de lectura\" \/>\n\t<meta name=\"twitter:data2\" content=\"2 minutos\" \/>\n<script type=\"application\/ld+json\" class=\"yoast-schema-graph\">{\"@context\":\"https:\/\/schema.org\",\"@graph\":[{\"@type\":\"Article\",\"@id\":\"https:\/\/infoecos.com.ar\/index.php\/la-inflacion-de-enero-fue-del-6\/#article\",\"isPartOf\":{\"@id\":\"https:\/\/infoecos.com.ar\/index.php\/la-inflacion-de-enero-fue-del-6\/\"},\"author\":{\"name\":\"Jorge Matheus\",\"@id\":\"https:\/\/infoecos.com.ar\/#\/schema\/person\/8f5ace5ce73b4b4aac4b7245aee6f191\"},\"headline\":\"La inflaci\u00f3n de enero fue del 6 %\",\"datePublished\":\"2023-02-15T03:44:38+00:00\",\"dateModified\":\"2023-02-17T04:35:58+00:00\",\"mainEntityOfPage\":{\"@id\":\"https:\/\/infoecos.com.ar\/index.php\/la-inflacion-de-enero-fue-del-6\/\"},\"wordCount\":222,\"publisher\":{\"@id\":\"https:\/\/infoecos.com.ar\/#organization\"},\"image\":{\"@id\":\"https:\/\/infoecos.com.ar\/index.php\/la-inflacion-de-enero-fue-del-6\/#primaryimage\"},\"thumbnailUrl\":\"https:\/\/infoecos.com.ar\/wp-content\/uploads\/2023\/02\/image-88.png\",\"keywords\":[\"LO INFORM\u00d3 EL INDEC\"],\"articleSection\":[\"Bloque inferior - 12\"],\"inLanguage\":\"es\"},{\"@type\":\"WebPage\",\"@id\":\"https:\/\/infoecos.com.ar\/index.php\/la-inflacion-de-enero-fue-del-6\/\",\"url\":\"https:\/\/infoecos.com.ar\/index.php\/la-inflacion-de-enero-fue-del-6\/\",\"name\":\"La inflaci\u00f3n de enero fue del 6 % - Infoecos\",\"isPartOf\":{\"@id\":\"https:\/\/infoecos.com.ar\/#website\"},\"primaryImageOfPage\":{\"@id\":\"https:\/\/infoecos.com.ar\/index.php\/la-inflacion-de-enero-fue-del-6\/#primaryimage\"},\"image\":{\"@id\":\"https:\/\/infoecos.com.ar\/index.php\/la-inflacion-de-enero-fue-del-6\/#primaryimage\"},\"thumbnailUrl\":\"https:\/\/infoecos.com.ar\/wp-content\/uploads\/2023\/02\/image-88.png\",\"datePublished\":\"2023-02-15T03:44:38+00:00\",\"dateModified\":\"2023-02-17T04:35:58+00:00\",\"breadcrumb\":{\"@id\":\"https:\/\/infoecos.com.ar\/index.php\/la-inflacion-de-enero-fue-del-6\/#breadcrumb\"},\"inLanguage\":\"es\",\"potentialAction\":[{\"@type\":\"ReadAction\",\"target\":[\"https:\/\/infoecos.com.ar\/index.php\/la-inflacion-de-enero-fue-del-6\/\"]}]},{\"@type\":\"ImageObject\",\"inLanguage\":\"es\",\"@id\":\"https:\/\/infoecos.com.ar\/index.php\/la-inflacion-de-enero-fue-del-6\/#primaryimage\",\"url\":\"https:\/\/infoecos.com.ar\/wp-content\/uploads\/2023\/02\/image-88.png\",\"contentUrl\":\"https:\/\/infoecos.com.ar\/wp-content\/uploads\/2023\/02\/image-88.png\",\"width\":577,\"height\":468},{\"@type\":\"BreadcrumbList\",\"@id\":\"https:\/\/infoecos.com.ar\/index.php\/la-inflacion-de-enero-fue-del-6\/#breadcrumb\",\"itemListElement\":[{\"@type\":\"ListItem\",\"position\":1,\"name\":\"Portada\",\"item\":\"https:\/\/infoecos.com.ar\/\"},{\"@type\":\"ListItem\",\"position\":2,\"name\":\"La inflaci\u00f3n de enero fue del 6 %\"}]},{\"@type\":\"WebSite\",\"@id\":\"https:\/\/infoecos.com.ar\/#website\",\"url\":\"https:\/\/infoecos.com.ar\/\",\"name\":\"Infoecos\",\"description\":\"Noticias de trenque lauquen y la zona\",\"publisher\":{\"@id\":\"https:\/\/infoecos.com.ar\/#organization\"},\"alternateName\":\"Noticias\",\"potentialAction\":[{\"@type\":\"SearchAction\",\"target\":{\"@type\":\"EntryPoint\",\"urlTemplate\":\"https:\/\/infoecos.com.ar\/?s={search_term_string}\"},\"query-input\":{\"@type\":\"PropertyValueSpecification\",\"valueRequired\":true,\"valueName\":\"search_term_string\"}}],\"inLanguage\":\"es\"},{\"@type\":\"Organization\",\"@id\":\"https:\/\/infoecos.com.ar\/#organization\",\"name\":\"Infoecos\",\"alternateName\":\"Noticias\",\"url\":\"https:\/\/infoecos.com.ar\/\",\"logo\":{\"@type\":\"ImageObject\",\"inLanguage\":\"es\",\"@id\":\"https:\/\/infoecos.com.ar\/#\/schema\/logo\/image\/\",\"url\":\"https:\/\/infoecos.com.ar\/wp-content\/uploads\/2024\/03\/cropped-logo.png\",\"contentUrl\":\"https:\/\/infoecos.com.ar\/wp-content\/uploads\/2024\/03\/cropped-logo.png\",\"width\":374,\"height\":90,\"caption\":\"Infoecos\"},\"image\":{\"@id\":\"https:\/\/infoecos.com.ar\/#\/schema\/logo\/image\/\"},\"sameAs\":[\"https:\/\/www.facebook.com\/profile.php?id=100063200290284\",\"https:\/\/x.com\/infoecos\"]},{\"@type\":\"Person\",\"@id\":\"https:\/\/infoecos.com.ar\/#\/schema\/person\/8f5ace5ce73b4b4aac4b7245aee6f191\",\"name\":\"Jorge Matheus\",\"url\":\"https:\/\/infoecos.com.ar\/index.php\/author\/jomatheus\/\"}]}<\/script>\n<!-- \/ Yoast SEO plugin. -->","yoast_head_json":{"title":"La inflaci\u00f3n de enero fue del 6 % - Infoecos","robots":{"index":"index","follow":"follow","max-snippet":"max-snippet:-1","max-image-preview":"max-image-preview:large","max-video-preview":"max-video-preview:-1"},"canonical":"https:\/\/infoecos.com.ar\/index.php\/la-inflacion-de-enero-fue-del-6\/","og_locale":"es_ES","og_type":"article","og_title":"La inflaci\u00f3n de enero fue del 6 % - Infoecos","og_description":"La divisi\u00f3n de mayor aumento en el mes fue Recreaci\u00f3n y cultura (9,0%), principalmente por la incidencia que tuvo el aumento de los servicios de turismo a ra\u00edz de la temporada de vacaciones, y del servicio de televisi\u00f3n por cable","og_url":"https:\/\/infoecos.com.ar\/index.php\/la-inflacion-de-enero-fue-del-6\/","og_site_name":"Infoecos","article_publisher":"https:\/\/www.facebook.com\/profile.php?id=100063200290284","article_published_time":"2023-02-15T03:44:38+00:00","article_modified_time":"2023-02-17T04:35:58+00:00","og_image":[{"width":577,"height":468,"url":"https:\/\/infoecos.com.ar\/wp-content\/uploads\/2023\/02\/image-88.png","type":"image\/png"}],"author":"Jorge Matheus","twitter_card":"summary_large_image","twitter_creator":"@infoecos","twitter_site":"@infoecos","twitter_misc":{"Escrito por":"Jorge Matheus","Tiempo de lectura":"2 minutos"},"schema":{"@context":"https:\/\/schema.org","@graph":[{"@type":"Article","@id":"https:\/\/infoecos.com.ar\/index.php\/la-inflacion-de-enero-fue-del-6\/#article","isPartOf":{"@id":"https:\/\/infoecos.com.ar\/index.php\/la-inflacion-de-enero-fue-del-6\/"},"author":{"name":"Jorge Matheus","@id":"https:\/\/infoecos.com.ar\/#\/schema\/person\/8f5ace5ce73b4b4aac4b7245aee6f191"},"headline":"La inflaci\u00f3n de enero fue del 6 %","datePublished":"2023-02-15T03:44:38+00:00","dateModified":"2023-02-17T04:35:58+00:00","mainEntityOfPage":{"@id":"https:\/\/infoecos.com.ar\/index.php\/la-inflacion-de-enero-fue-del-6\/"},"wordCount":222,"publisher":{"@id":"https:\/\/infoecos.com.ar\/#organization"},"image":{"@id":"https:\/\/infoecos.com.ar\/index.php\/la-inflacion-de-enero-fue-del-6\/#primaryimage"},"thumbnailUrl":"https:\/\/infoecos.com.ar\/wp-content\/uploads\/2023\/02\/image-88.png","keywords":["LO INFORM\u00d3 EL INDEC"],"articleSection":["Bloque inferior - 12"],"inLanguage":"es"},{"@type":"WebPage","@id":"https:\/\/infoecos.com.ar\/index.php\/la-inflacion-de-enero-fue-del-6\/","url":"https:\/\/infoecos.com.ar\/index.php\/la-inflacion-de-enero-fue-del-6\/","name":"La inflaci\u00f3n de enero fue del 6 % - Infoecos","isPartOf":{"@id":"https:\/\/infoecos.com.ar\/#website"},"primaryImageOfPage":{"@id":"https:\/\/infoecos.com.ar\/index.php\/la-inflacion-de-enero-fue-del-6\/#primaryimage"},"image":{"@id":"https:\/\/infoecos.com.ar\/index.php\/la-inflacion-de-enero-fue-del-6\/#primaryimage"},"thumbnailUrl":"https:\/\/infoecos.com.ar\/wp-content\/uploads\/2023\/02\/image-88.png","datePublished":"2023-02-15T03:44:38+00:00","dateModified":"2023-02-17T04:35:58+00:00","breadcrumb":{"@id":"https:\/\/infoecos.com.ar\/index.php\/la-inflacion-de-enero-fue-del-6\/#breadcrumb"},"inLanguage":"es","potentialAction":[{"@type":"ReadAction","target":["https:\/\/infoecos.com.ar\/index.php\/la-inflacion-de-enero-fue-del-6\/"]}]},{"@type":"ImageObject","inLanguage":"es","@id":"https:\/\/infoecos.com.ar\/index.php\/la-inflacion-de-enero-fue-del-6\/#primaryimage","url":"https:\/\/infoecos.com.ar\/wp-content\/uploads\/2023\/02\/image-88.png","contentUrl":"https:\/\/infoecos.com.ar\/wp-content\/uploads\/2023\/02\/image-88.png","width":577,"height":468},{"@type":"BreadcrumbList","@id":"https:\/\/infoecos.com.ar\/index.php\/la-inflacion-de-enero-fue-del-6\/#breadcrumb","itemListElement":[{"@type":"ListItem","position":1,"name":"Portada","item":"https:\/\/infoecos.com.ar\/"},{"@type":"ListItem","position":2,"name":"La inflaci\u00f3n de enero fue del 6 %"}]},{"@type":"WebSite","@id":"https:\/\/infoecos.com.ar\/#website","url":"https:\/\/infoecos.com.ar\/","name":"Infoecos","description":"Noticias de trenque lauquen y la zona","publisher":{"@id":"https:\/\/infoecos.com.ar\/#organization"},"alternateName":"Noticias","potentialAction":[{"@type":"SearchAction","target":{"@type":"EntryPoint","urlTemplate":"https:\/\/infoecos.com.ar\/?s={search_term_string}"},"query-input":{"@type":"PropertyValueSpecification","valueRequired":true,"valueName":"search_term_string"}}],"inLanguage":"es"},{"@type":"Organization","@id":"https:\/\/infoecos.com.ar\/#organization","name":"Infoecos","alternateName":"Noticias","url":"https:\/\/infoecos.com.ar\/","logo":{"@type":"ImageObject","inLanguage":"es","@id":"https:\/\/infoecos.com.ar\/#\/schema\/logo\/image\/","url":"https:\/\/infoecos.com.ar\/wp-content\/uploads\/2024\/03\/cropped-logo.png","contentUrl":"https:\/\/infoecos.com.ar\/wp-content\/uploads\/2024\/03\/cropped-logo.png","width":374,"height":90,"caption":"Infoecos"},"image":{"@id":"https:\/\/infoecos.com.ar\/#\/schema\/logo\/image\/"},"sameAs":["https:\/\/www.facebook.com\/profile.php?id=100063200290284","https:\/\/x.com\/infoecos"]},{"@type":"Person","@id":"https:\/\/infoecos.com.ar\/#\/schema\/person\/8f5ace5ce73b4b4aac4b7245aee6f191","name":"Jorge Matheus","url":"https:\/\/infoecos.com.ar\/index.php\/author\/jomatheus\/"}]}},"featured_image_urls":{"full":["https:\/\/infoecos.com.ar\/wp-content\/uploads\/2023\/02\/image-88.png",577,468,false],"thumbnail":["https:\/\/infoecos.com.ar\/wp-content\/uploads\/2023\/02\/image-88-300x150.png",300,150,true],"medium":["https:\/\/infoecos.com.ar\/wp-content\/uploads\/2023\/02\/image-88.png",577,468,false],"medium_large":["https:\/\/infoecos.com.ar\/wp-content\/uploads\/2023\/02\/image-88.png",577,468,false],"large":["https:\/\/infoecos.com.ar\/wp-content\/uploads\/2023\/02\/image-88.png",577,468,false],"1536x1536":["https:\/\/infoecos.com.ar\/wp-content\/uploads\/2023\/02\/image-88.png",577,468,false],"2048x2048":["https:\/\/infoecos.com.ar\/wp-content\/uploads\/2023\/02\/image-88.png",577,468,false],"covernews-slider-full":["https:\/\/infoecos.com.ar\/wp-content\/uploads\/2023\/02\/image-88.png",577,468,false],"covernews-slider-center":["https:\/\/infoecos.com.ar\/wp-content\/uploads\/2023\/02\/image-88.png",577,468,false],"covernews-featured":["https:\/\/infoecos.com.ar\/wp-content\/uploads\/2023\/02\/image-88.png",577,468,false],"covernews-medium":["https:\/\/infoecos.com.ar\/wp-content\/uploads\/2023\/02\/image-88-577x380.png",516,340,true],"covernews-medium-square":["https:\/\/infoecos.com.ar\/wp-content\/uploads\/2023\/02\/image-88-577x450.png",321,250,true]},"author_info":{"info":["Jorge Matheus"]},"category_info":"<a href=\"https:\/\/infoecos.com.ar\/index.php\/category\/inferior12\/\" rel=\"category tag\">Bloque inferior - 12<\/a>","tag_info":"Bloque inferior - 12","comment_count":"0","_links":{"self":[{"href":"https:\/\/infoecos.com.ar\/index.php\/wp-json\/wp\/v2\/posts\/101854"}],"collection":[{"href":"https:\/\/infoecos.com.ar\/index.php\/wp-json\/wp\/v2\/posts"}],"about":[{"href":"https:\/\/infoecos.com.ar\/index.php\/wp-json\/wp\/v2\/types\/post"}],"author":[{"embeddable":true,"href":"https:\/\/infoecos.com.ar\/index.php\/wp-json\/wp\/v2\/users\/2"}],"replies":[{"embeddable":true,"href":"https:\/\/infoecos.com.ar\/index.php\/wp-json\/wp\/v2\/comments?post=101854"}],"version-history":[{"count":2,"href":"https:\/\/infoecos.com.ar\/index.php\/wp-json\/wp\/v2\/posts\/101854\/revisions"}],"predecessor-version":[{"id":101906,"href":"https:\/\/infoecos.com.ar\/index.php\/wp-json\/wp\/v2\/posts\/101854\/revisions\/101906"}],"wp:featuredmedia":[{"embeddable":true,"href":"https:\/\/infoecos.com.ar\/index.php\/wp-json\/wp\/v2\/media\/101855"}],"wp:attachment":[{"href":"https:\/\/infoecos.com.ar\/index.php\/wp-json\/wp\/v2\/media?parent=101854"}],"wp:term":[{"taxonomy":"category","embeddable":true,"href":"https:\/\/infoecos.com.ar\/index.php\/wp-json\/wp\/v2\/categories?post=101854"},{"taxonomy":"post_tag","embeddable":true,"href":"https:\/\/infoecos.com.ar\/index.php\/wp-json\/wp\/v2\/tags?post=101854"}],"curies":[{"name":"wp","href":"https:\/\/api.w.org\/{rel}","templated":true}]}}