{"id":101859,"date":"2023-02-15T00:56:36","date_gmt":"2023-02-15T03:56:36","guid":{"rendered":"https:\/\/infoecos.com.ar\/?p=101859"},"modified":"2023-02-17T01:35:14","modified_gmt":"2023-02-17T04:35:14","slug":"se-inauguro-la-oficina-del-anses-en-la-ciudad-de-salliquelo","status":"publish","type":"post","link":"https:\/\/infoecos.com.ar\/index.php\/se-inauguro-la-oficina-del-anses-en-la-ciudad-de-salliquelo\/","title":{"rendered":"Se inaugur\u00f3 la oficina del ANSES en la ciudad de Salliquel\u00f3"},"content":{"rendered":"\n<p>La directora ejecutiva de ANSES,&nbsp;Fernanda Raverta, particip\u00f3 ayer por videoconferencia de la inauguraci\u00f3n de la oficina del organismo en Salliquel\u00f3. Lo hizo acompa\u00f1ada por el&nbsp;presidente del Concejo Deliberante del distrito,&nbsp;Ariel Succurro;&nbsp;la diputada provincial,&nbsp;Maite Alvado, y la senadora provincial,&nbsp;Ayel\u00e9n Dur\u00e1n.<\/p>\n\n\n\n<figure class=\"wp-block-image alignright size-full is-resized\"><img loading=\"lazy\" decoding=\"async\" src=\"https:\/\/infoecos.com.ar\/wp-content\/uploads\/2023\/02\/Fernanda-Raverta.png\" alt=\"\" class=\"wp-image-101860\" width=\"425\" height=\"282\" srcset=\"https:\/\/infoecos.com.ar\/wp-content\/uploads\/2023\/02\/Fernanda-Raverta.png 1280w, https:\/\/infoecos.com.ar\/wp-content\/uploads\/2023\/02\/Fernanda-Raverta-800x533.png 800w, https:\/\/infoecos.com.ar\/wp-content\/uploads\/2023\/02\/Fernanda-Raverta-768x512.png 768w, https:\/\/infoecos.com.ar\/wp-content\/uploads\/2023\/02\/Fernanda-Raverta-1024x682.png 1024w, https:\/\/infoecos.com.ar\/wp-content\/uploads\/2023\/02\/Fernanda-Raverta-675x450.png 675w\" sizes=\"(max-width: 425px) 100vw, 425px\" \/><\/figure>\n\n\n\n<p>Durante la apertura,&nbsp;Raverta&nbsp;sostuvo:&nbsp;\u201cEsta es la delegaci\u00f3n n\u00famero 66 que abrimos desde que comenz\u00f3 nuestra gesti\u00f3n y estamos muy felices de abrazar a las familias de Salliquel\u00f3 en un espacio en el que pasar\u00e1n cosas importantes, como chicas y chicos que vengan a tramitar su beca Progresar o las mam\u00e1s de la AUH que buscar garantizar un plato de comida para sus hijas e hijos. Esta es la ante\u00faltima oficina que abrimos en la provincia de Buenos Aires, solo falta una para que en cada uno de los 135 municipios est\u00e9 presente la casa de ANSES\u201d<em>.<\/em><\/p>\n\n\n\n<p>La titular del organismo tambi\u00e9n se refiri\u00f3 a la necesidad de que las y los diputados nacionales traten y sancionen la nueva ley de Pago de Deuda Previsional: \u201cQueremos que los 116 vecinos de Salliquel\u00f3 que est\u00e1n en edad de jubilarse y se acerquen a la oficina a gestionar su jubilaci\u00f3n puedan hacerlo si este proyecto es sancionado en el Congreso. Queremos lograr de esta ciudad un lugar mejor, eso es lo que nos proponemos desde ANSES, el coraz\u00f3n del Estado nacional\u201d.<\/p>\n\n\n\n<p><strong>La nueva oficina se encuentra en Av. 25 de Mayo 202 y funciona de viernes de 8.30 a 14.30 horas<\/strong>. Los trabajos, que significaron una inversi\u00f3n por parte de ANSES de 9 millones de pesos, incluyeron obras el\u00e9ctricas para 9 puestos, pintura interior y exterior, cielorraso e iluminaci\u00f3n, climatizaci\u00f3n, entre otros.<\/p>\n","protected":false},"excerpt":{"rendered":"<p>La nueva oficina se encuentra en Av. 25 de Mayo 202 y funciona de viernes de 8.30 a 14.30 horas<\/p>\n","protected":false},"author":2,"featured_media":101860,"comment_status":"closed","ping_status":"open","sticky":false,"template":"","format":"standard","meta":{"footnotes":""},"categories":[1331],"tags":[7326],"class_list":["post-101859","post","type-post","status-publish","format-standard","has-post-thumbnail","hentry","category-inferior11","tag-videoconferencia-de-raverta"],"yoast_head":"<!-- This site is optimized with the Yoast SEO plugin v23.4 - https:\/\/yoast.com\/wordpress\/plugins\/seo\/ -->\n<title>Se inaugur\u00f3 la oficina del ANSES en la ciudad de Salliquel\u00f3 - Infoecos<\/title>\n<meta name=\"robots\" content=\"index, follow, max-snippet:-1, max-image-preview:large, max-video-preview:-1\" \/>\n<link rel=\"canonical\" href=\"https:\/\/infoecos.com.ar\/index.php\/se-inauguro-la-oficina-del-anses-en-la-ciudad-de-salliquelo\/\" \/>\n<meta property=\"og:locale\" content=\"es_ES\" \/>\n<meta property=\"og:type\" content=\"article\" \/>\n<meta property=\"og:title\" content=\"Se inaugur\u00f3 la oficina del ANSES en la ciudad de Salliquel\u00f3 - Infoecos\" \/>\n<meta property=\"og:description\" content=\"La nueva oficina se encuentra en Av. 25 de Mayo 202 y funciona de viernes de 8.30 a 14.30 horas\" \/>\n<meta property=\"og:url\" content=\"https:\/\/infoecos.com.ar\/index.php\/se-inauguro-la-oficina-del-anses-en-la-ciudad-de-salliquelo\/\" \/>\n<meta property=\"og:site_name\" content=\"Infoecos\" \/>\n<meta property=\"article:publisher\" content=\"https:\/\/www.facebook.com\/profile.php?id=100063200290284\" \/>\n<meta property=\"article:published_time\" content=\"2023-02-15T03:56:36+00:00\" \/>\n<meta property=\"article:modified_time\" content=\"2023-02-17T04:35:14+00:00\" \/>\n<meta property=\"og:image\" content=\"https:\/\/infoecos.com.ar\/wp-content\/uploads\/2023\/02\/Fernanda-Raverta.png\" \/>\n\t<meta property=\"og:image:width\" content=\"1280\" \/>\n\t<meta property=\"og:image:height\" content=\"853\" \/>\n\t<meta property=\"og:image:type\" content=\"image\/png\" \/>\n<meta name=\"author\" content=\"Jorge Matheus\" \/>\n<meta name=\"twitter:card\" content=\"summary_large_image\" \/>\n<meta name=\"twitter:creator\" content=\"@infoecos\" \/>\n<meta name=\"twitter:site\" content=\"@infoecos\" \/>\n<meta name=\"twitter:label1\" content=\"Escrito por\" \/>\n\t<meta name=\"twitter:data1\" content=\"Jorge Matheus\" \/>\n\t<meta name=\"twitter:label2\" content=\"Tiempo de lectura\" \/>\n\t<meta name=\"twitter:data2\" content=\"2 minutos\" \/>\n<script type=\"application\/ld+json\" class=\"yoast-schema-graph\">{\"@context\":\"https:\/\/schema.org\",\"@graph\":[{\"@type\":\"Article\",\"@id\":\"https:\/\/infoecos.com.ar\/index.php\/se-inauguro-la-oficina-del-anses-en-la-ciudad-de-salliquelo\/#article\",\"isPartOf\":{\"@id\":\"https:\/\/infoecos.com.ar\/index.php\/se-inauguro-la-oficina-del-anses-en-la-ciudad-de-salliquelo\/\"},\"author\":{\"name\":\"Jorge Matheus\",\"@id\":\"https:\/\/infoecos.com.ar\/#\/schema\/person\/8f5ace5ce73b4b4aac4b7245aee6f191\"},\"headline\":\"Se inaugur\u00f3 la oficina del ANSES en la ciudad de Salliquel\u00f3\",\"datePublished\":\"2023-02-15T03:56:36+00:00\",\"dateModified\":\"2023-02-17T04:35:14+00:00\",\"mainEntityOfPage\":{\"@id\":\"https:\/\/infoecos.com.ar\/index.php\/se-inauguro-la-oficina-del-anses-en-la-ciudad-de-salliquelo\/\"},\"wordCount\":305,\"publisher\":{\"@id\":\"https:\/\/infoecos.com.ar\/#organization\"},\"image\":{\"@id\":\"https:\/\/infoecos.com.ar\/index.php\/se-inauguro-la-oficina-del-anses-en-la-ciudad-de-salliquelo\/#primaryimage\"},\"thumbnailUrl\":\"https:\/\/infoecos.com.ar\/wp-content\/uploads\/2023\/02\/Fernanda-Raverta.png\",\"keywords\":[\"VIDEOCONFERENCIA DE RAVERTA\"],\"articleSection\":[\"Bloque inferior - 11\"],\"inLanguage\":\"es\"},{\"@type\":\"WebPage\",\"@id\":\"https:\/\/infoecos.com.ar\/index.php\/se-inauguro-la-oficina-del-anses-en-la-ciudad-de-salliquelo\/\",\"url\":\"https:\/\/infoecos.com.ar\/index.php\/se-inauguro-la-oficina-del-anses-en-la-ciudad-de-salliquelo\/\",\"name\":\"Se inaugur\u00f3 la oficina del ANSES en la ciudad de Salliquel\u00f3 - Infoecos\",\"isPartOf\":{\"@id\":\"https:\/\/infoecos.com.ar\/#website\"},\"primaryImageOfPage\":{\"@id\":\"https:\/\/infoecos.com.ar\/index.php\/se-inauguro-la-oficina-del-anses-en-la-ciudad-de-salliquelo\/#primaryimage\"},\"image\":{\"@id\":\"https:\/\/infoecos.com.ar\/index.php\/se-inauguro-la-oficina-del-anses-en-la-ciudad-de-salliquelo\/#primaryimage\"},\"thumbnailUrl\":\"https:\/\/infoecos.com.ar\/wp-content\/uploads\/2023\/02\/Fernanda-Raverta.png\",\"datePublished\":\"2023-02-15T03:56:36+00:00\",\"dateModified\":\"2023-02-17T04:35:14+00:00\",\"breadcrumb\":{\"@id\":\"https:\/\/infoecos.com.ar\/index.php\/se-inauguro-la-oficina-del-anses-en-la-ciudad-de-salliquelo\/#breadcrumb\"},\"inLanguage\":\"es\",\"potentialAction\":[{\"@type\":\"ReadAction\",\"target\":[\"https:\/\/infoecos.com.ar\/index.php\/se-inauguro-la-oficina-del-anses-en-la-ciudad-de-salliquelo\/\"]}]},{\"@type\":\"ImageObject\",\"inLanguage\":\"es\",\"@id\":\"https:\/\/infoecos.com.ar\/index.php\/se-inauguro-la-oficina-del-anses-en-la-ciudad-de-salliquelo\/#primaryimage\",\"url\":\"https:\/\/infoecos.com.ar\/wp-content\/uploads\/2023\/02\/Fernanda-Raverta.png\",\"contentUrl\":\"https:\/\/infoecos.com.ar\/wp-content\/uploads\/2023\/02\/Fernanda-Raverta.png\",\"width\":1280,\"height\":853},{\"@type\":\"BreadcrumbList\",\"@id\":\"https:\/\/infoecos.com.ar\/index.php\/se-inauguro-la-oficina-del-anses-en-la-ciudad-de-salliquelo\/#breadcrumb\",\"itemListElement\":[{\"@type\":\"ListItem\",\"position\":1,\"name\":\"Portada\",\"item\":\"https:\/\/infoecos.com.ar\/\"},{\"@type\":\"ListItem\",\"position\":2,\"name\":\"Se inaugur\u00f3 la oficina del ANSES en la ciudad de Salliquel\u00f3\"}]},{\"@type\":\"WebSite\",\"@id\":\"https:\/\/infoecos.com.ar\/#website\",\"url\":\"https:\/\/infoecos.com.ar\/\",\"name\":\"Infoecos\",\"description\":\"Noticias de trenque lauquen y la zona\",\"publisher\":{\"@id\":\"https:\/\/infoecos.com.ar\/#organization\"},\"alternateName\":\"Noticias\",\"potentialAction\":[{\"@type\":\"SearchAction\",\"target\":{\"@type\":\"EntryPoint\",\"urlTemplate\":\"https:\/\/infoecos.com.ar\/?s={search_term_string}\"},\"query-input\":{\"@type\":\"PropertyValueSpecification\",\"valueRequired\":true,\"valueName\":\"search_term_string\"}}],\"inLanguage\":\"es\"},{\"@type\":\"Organization\",\"@id\":\"https:\/\/infoecos.com.ar\/#organization\",\"name\":\"Infoecos\",\"alternateName\":\"Noticias\",\"url\":\"https:\/\/infoecos.com.ar\/\",\"logo\":{\"@type\":\"ImageObject\",\"inLanguage\":\"es\",\"@id\":\"https:\/\/infoecos.com.ar\/#\/schema\/logo\/image\/\",\"url\":\"https:\/\/infoecos.com.ar\/wp-content\/uploads\/2024\/03\/cropped-logo.png\",\"contentUrl\":\"https:\/\/infoecos.com.ar\/wp-content\/uploads\/2024\/03\/cropped-logo.png\",\"width\":374,\"height\":90,\"caption\":\"Infoecos\"},\"image\":{\"@id\":\"https:\/\/infoecos.com.ar\/#\/schema\/logo\/image\/\"},\"sameAs\":[\"https:\/\/www.facebook.com\/profile.php?id=100063200290284\",\"https:\/\/x.com\/infoecos\"]},{\"@type\":\"Person\",\"@id\":\"https:\/\/infoecos.com.ar\/#\/schema\/person\/8f5ace5ce73b4b4aac4b7245aee6f191\",\"name\":\"Jorge Matheus\",\"url\":\"https:\/\/infoecos.com.ar\/index.php\/author\/jomatheus\/\"}]}<\/script>\n<!-- \/ Yoast SEO plugin. -->","yoast_head_json":{"title":"Se inaugur\u00f3 la oficina del ANSES en la ciudad de Salliquel\u00f3 - Infoecos","robots":{"index":"index","follow":"follow","max-snippet":"max-snippet:-1","max-image-preview":"max-image-preview:large","max-video-preview":"max-video-preview:-1"},"canonical":"https:\/\/infoecos.com.ar\/index.php\/se-inauguro-la-oficina-del-anses-en-la-ciudad-de-salliquelo\/","og_locale":"es_ES","og_type":"article","og_title":"Se inaugur\u00f3 la oficina del ANSES en la ciudad de Salliquel\u00f3 - Infoecos","og_description":"La nueva oficina se encuentra en Av. 25 de Mayo 202 y funciona de viernes de 8.30 a 14.30 horas","og_url":"https:\/\/infoecos.com.ar\/index.php\/se-inauguro-la-oficina-del-anses-en-la-ciudad-de-salliquelo\/","og_site_name":"Infoecos","article_publisher":"https:\/\/www.facebook.com\/profile.php?id=100063200290284","article_published_time":"2023-02-15T03:56:36+00:00","article_modified_time":"2023-02-17T04:35:14+00:00","og_image":[{"width":1280,"height":853,"url":"https:\/\/infoecos.com.ar\/wp-content\/uploads\/2023\/02\/Fernanda-Raverta.png","type":"image\/png"}],"author":"Jorge Matheus","twitter_card":"summary_large_image","twitter_creator":"@infoecos","twitter_site":"@infoecos","twitter_misc":{"Escrito por":"Jorge Matheus","Tiempo de lectura":"2 minutos"},"schema":{"@context":"https:\/\/schema.org","@graph":[{"@type":"Article","@id":"https:\/\/infoecos.com.ar\/index.php\/se-inauguro-la-oficina-del-anses-en-la-ciudad-de-salliquelo\/#article","isPartOf":{"@id":"https:\/\/infoecos.com.ar\/index.php\/se-inauguro-la-oficina-del-anses-en-la-ciudad-de-salliquelo\/"},"author":{"name":"Jorge Matheus","@id":"https:\/\/infoecos.com.ar\/#\/schema\/person\/8f5ace5ce73b4b4aac4b7245aee6f191"},"headline":"Se inaugur\u00f3 la oficina del ANSES en la ciudad de Salliquel\u00f3","datePublished":"2023-02-15T03:56:36+00:00","dateModified":"2023-02-17T04:35:14+00:00","mainEntityOfPage":{"@id":"https:\/\/infoecos.com.ar\/index.php\/se-inauguro-la-oficina-del-anses-en-la-ciudad-de-salliquelo\/"},"wordCount":305,"publisher":{"@id":"https:\/\/infoecos.com.ar\/#organization"},"image":{"@id":"https:\/\/infoecos.com.ar\/index.php\/se-inauguro-la-oficina-del-anses-en-la-ciudad-de-salliquelo\/#primaryimage"},"thumbnailUrl":"https:\/\/infoecos.com.ar\/wp-content\/uploads\/2023\/02\/Fernanda-Raverta.png","keywords":["VIDEOCONFERENCIA DE RAVERTA"],"articleSection":["Bloque inferior - 11"],"inLanguage":"es"},{"@type":"WebPage","@id":"https:\/\/infoecos.com.ar\/index.php\/se-inauguro-la-oficina-del-anses-en-la-ciudad-de-salliquelo\/","url":"https:\/\/infoecos.com.ar\/index.php\/se-inauguro-la-oficina-del-anses-en-la-ciudad-de-salliquelo\/","name":"Se inaugur\u00f3 la oficina del ANSES en la ciudad de Salliquel\u00f3 - Infoecos","isPartOf":{"@id":"https:\/\/infoecos.com.ar\/#website"},"primaryImageOfPage":{"@id":"https:\/\/infoecos.com.ar\/index.php\/se-inauguro-la-oficina-del-anses-en-la-ciudad-de-salliquelo\/#primaryimage"},"image":{"@id":"https:\/\/infoecos.com.ar\/index.php\/se-inauguro-la-oficina-del-anses-en-la-ciudad-de-salliquelo\/#primaryimage"},"thumbnailUrl":"https:\/\/infoecos.com.ar\/wp-content\/uploads\/2023\/02\/Fernanda-Raverta.png","datePublished":"2023-02-15T03:56:36+00:00","dateModified":"2023-02-17T04:35:14+00:00","breadcrumb":{"@id":"https:\/\/infoecos.com.ar\/index.php\/se-inauguro-la-oficina-del-anses-en-la-ciudad-de-salliquelo\/#breadcrumb"},"inLanguage":"es","potentialAction":[{"@type":"ReadAction","target":["https:\/\/infoecos.com.ar\/index.php\/se-inauguro-la-oficina-del-anses-en-la-ciudad-de-salliquelo\/"]}]},{"@type":"ImageObject","inLanguage":"es","@id":"https:\/\/infoecos.com.ar\/index.php\/se-inauguro-la-oficina-del-anses-en-la-ciudad-de-salliquelo\/#primaryimage","url":"https:\/\/infoecos.com.ar\/wp-content\/uploads\/2023\/02\/Fernanda-Raverta.png","contentUrl":"https:\/\/infoecos.com.ar\/wp-content\/uploads\/2023\/02\/Fernanda-Raverta.png","width":1280,"height":853},{"@type":"BreadcrumbList","@id":"https:\/\/infoecos.com.ar\/index.php\/se-inauguro-la-oficina-del-anses-en-la-ciudad-de-salliquelo\/#breadcrumb","itemListElement":[{"@type":"ListItem","position":1,"name":"Portada","item":"https:\/\/infoecos.com.ar\/"},{"@type":"ListItem","position":2,"name":"Se inaugur\u00f3 la oficina del ANSES en la ciudad de Salliquel\u00f3"}]},{"@type":"WebSite","@id":"https:\/\/infoecos.com.ar\/#website","url":"https:\/\/infoecos.com.ar\/","name":"Infoecos","description":"Noticias de trenque lauquen y la zona","publisher":{"@id":"https:\/\/infoecos.com.ar\/#organization"},"alternateName":"Noticias","potentialAction":[{"@type":"SearchAction","target":{"@type":"EntryPoint","urlTemplate":"https:\/\/infoecos.com.ar\/?s={search_term_string}"},"query-input":{"@type":"PropertyValueSpecification","valueRequired":true,"valueName":"search_term_string"}}],"inLanguage":"es"},{"@type":"Organization","@id":"https:\/\/infoecos.com.ar\/#organization","name":"Infoecos","alternateName":"Noticias","url":"https:\/\/infoecos.com.ar\/","logo":{"@type":"ImageObject","inLanguage":"es","@id":"https:\/\/infoecos.com.ar\/#\/schema\/logo\/image\/","url":"https:\/\/infoecos.com.ar\/wp-content\/uploads\/2024\/03\/cropped-logo.png","contentUrl":"https:\/\/infoecos.com.ar\/wp-content\/uploads\/2024\/03\/cropped-logo.png","width":374,"height":90,"caption":"Infoecos"},"image":{"@id":"https:\/\/infoecos.com.ar\/#\/schema\/logo\/image\/"},"sameAs":["https:\/\/www.facebook.com\/profile.php?id=100063200290284","https:\/\/x.com\/infoecos"]},{"@type":"Person","@id":"https:\/\/infoecos.com.ar\/#\/schema\/person\/8f5ace5ce73b4b4aac4b7245aee6f191","name":"Jorge Matheus","url":"https:\/\/infoecos.com.ar\/index.php\/author\/jomatheus\/"}]}},"featured_image_urls":{"full":["https:\/\/infoecos.com.ar\/wp-content\/uploads\/2023\/02\/Fernanda-Raverta.png",1280,853,false],"thumbnail":["https:\/\/infoecos.com.ar\/wp-content\/uploads\/2023\/02\/Fernanda-Raverta-300x150.png",300,150,true],"medium":["https:\/\/infoecos.com.ar\/wp-content\/uploads\/2023\/02\/Fernanda-Raverta-800x533.png",800,533,true],"medium_large":["https:\/\/infoecos.com.ar\/wp-content\/uploads\/2023\/02\/Fernanda-Raverta-768x512.png",640,427,true],"large":["https:\/\/infoecos.com.ar\/wp-content\/uploads\/2023\/02\/Fernanda-Raverta.png",640,427,false],"1536x1536":["https:\/\/infoecos.com.ar\/wp-content\/uploads\/2023\/02\/Fernanda-Raverta.png",1280,853,false],"2048x2048":["https:\/\/infoecos.com.ar\/wp-content\/uploads\/2023\/02\/Fernanda-Raverta.png",1280,853,false],"covernews-slider-full":["https:\/\/infoecos.com.ar\/wp-content\/uploads\/2023\/02\/Fernanda-Raverta.png",1073,715,false],"covernews-slider-center":["https:\/\/infoecos.com.ar\/wp-content\/uploads\/2023\/02\/Fernanda-Raverta-936x853.png",549,500,true],"covernews-featured":["https:\/\/infoecos.com.ar\/wp-content\/uploads\/2023\/02\/Fernanda-Raverta-1024x682.png",1024,682,true],"covernews-medium":["https:\/\/infoecos.com.ar\/wp-content\/uploads\/2023\/02\/Fernanda-Raverta-720x380.png",540,285,true],"covernews-medium-square":["https:\/\/infoecos.com.ar\/wp-content\/uploads\/2023\/02\/Fernanda-Raverta-675x450.png",375,250,true]},"author_info":{"info":["Jorge Matheus"]},"category_info":"<a href=\"https:\/\/infoecos.com.ar\/index.php\/category\/inferior11\/\" rel=\"category tag\">Bloque inferior - 11<\/a>","tag_info":"Bloque inferior - 11","comment_count":"0","_links":{"self":[{"href":"https:\/\/infoecos.com.ar\/index.php\/wp-json\/wp\/v2\/posts\/101859"}],"collection":[{"href":"https:\/\/infoecos.com.ar\/index.php\/wp-json\/wp\/v2\/posts"}],"about":[{"href":"https:\/\/infoecos.com.ar\/index.php\/wp-json\/wp\/v2\/types\/post"}],"author":[{"embeddable":true,"href":"https:\/\/infoecos.com.ar\/index.php\/wp-json\/wp\/v2\/users\/2"}],"replies":[{"embeddable":true,"href":"https:\/\/infoecos.com.ar\/index.php\/wp-json\/wp\/v2\/comments?post=101859"}],"version-history":[{"count":2,"href":"https:\/\/infoecos.com.ar\/index.php\/wp-json\/wp\/v2\/posts\/101859\/revisions"}],"predecessor-version":[{"id":101862,"href":"https:\/\/infoecos.com.ar\/index.php\/wp-json\/wp\/v2\/posts\/101859\/revisions\/101862"}],"wp:featuredmedia":[{"embeddable":true,"href":"https:\/\/infoecos.com.ar\/index.php\/wp-json\/wp\/v2\/media\/101860"}],"wp:attachment":[{"href":"https:\/\/infoecos.com.ar\/index.php\/wp-json\/wp\/v2\/media?parent=101859"}],"wp:term":[{"taxonomy":"category","embeddable":true,"href":"https:\/\/infoecos.com.ar\/index.php\/wp-json\/wp\/v2\/categories?post=101859"},{"taxonomy":"post_tag","embeddable":true,"href":"https:\/\/infoecos.com.ar\/index.php\/wp-json\/wp\/v2\/tags?post=101859"}],"curies":[{"name":"wp","href":"https:\/\/api.w.org\/{rel}","templated":true}]}}