{"id":101867,"date":"2023-02-15T01:21:22","date_gmt":"2023-02-15T04:21:22","guid":{"rendered":"https:\/\/infoecos.com.ar\/?p=101867"},"modified":"2023-02-17T01:17:07","modified_gmt":"2023-02-17T04:17:07","slug":"juan-cruz-tagliabue-dio-detalles-del-intento-de-hacer-cumbre-en-el-cerro-aconcagua","status":"publish","type":"post","link":"https:\/\/infoecos.com.ar\/index.php\/juan-cruz-tagliabue-dio-detalles-del-intento-de-hacer-cumbre-en-el-cerro-aconcagua\/","title":{"rendered":"Juan Cruz Tagliabu\u00e9 dio detalles del intento de hacer cumbre en el Cerro Aconcagua"},"content":{"rendered":"\n<p>Juan Cruz Tagliabue, est\u00e1 oficiando de vocero entre los cuatro alpinistas de Rivadavia y la Ciudad de Buenos Aires que estuvieron a muy pocos metros de alcanzar el pico del Cerro Aconcagua, uno de los m\u00e1s altos del mundo.  <\/p>\n\n\n\n<figure class=\"wp-block-image alignright size-full is-resized\"><img loading=\"lazy\" decoding=\"async\" src=\"https:\/\/infoecos.com.ar\/wp-content\/uploads\/2023\/02\/image-90.png\" alt=\"\" class=\"wp-image-101868\" width=\"400\" height=\"382\" srcset=\"https:\/\/infoecos.com.ar\/wp-content\/uploads\/2023\/02\/image-90.png 960w, https:\/\/infoecos.com.ar\/wp-content\/uploads\/2023\/02\/image-90-768x736.png 768w, https:\/\/infoecos.com.ar\/wp-content\/uploads\/2023\/02\/image-90-936x897.png 936w\" sizes=\"(max-width: 400px) 100vw, 400px\" \/><figcaption class=\"wp-element-caption\">Foto: rivadaviaonline.com.ar  <\/figcaption><\/figure>\n\n\n\n<p>En masternews.com.ar y rivadaviaonline.com.ar se vuelcan declaraciones del rivadaviense. <\/p>\n\n\n\n<p>El grupo faltando 600 metros de distancia resolvieron regresar. Tagliabu\u00e9 expres\u00f3 que \u00aberamos concientes que quer\u00edas hacer cumbre, pero despu\u00e9s ten\u00edamos que bajar\u00bb.  <\/p>\n\n\n\n<p>\u201cEl d\u00eda que llegamos a C\u00f3lera, el \u00faltimo campamento antes de hacer cumbre, est\u00e1bamos bastante cansados. Una cosa es leer, ver documentales pero uno se da cuenta de lo duro que es cuando lo vive. Al subir ten\u00edamos 3 objetivos, llegar a plaza Argentina, a C\u00f3lera y hacer cumbre. Cumplimos 2 de los 3 objetivos\u201d, narr\u00f3.<\/p>\n\n\n\n<p>Tagliabu\u00e9 explic\u00f3 que \u00absuperar la barrera de los 6000 metros para el cuerpo es muy duro porque comienza a funcionar todo a una manera muy distinta a lo que estas acostumbrado. Ten\u00e9s que controlar la ansiedad, la mente. M\u00e1s all\u00e1 de que en lo fisico que nos preparamos muy bien, en lo psicologico, en el d\u00eda a d\u00eda es muy complicado\u201d.<\/p>\n\n\n\n<figure class=\"wp-block-image aligncenter size-full is-resized\"><img loading=\"lazy\" decoding=\"async\" src=\"https:\/\/infoecos.com.ar\/wp-content\/uploads\/2023\/02\/image-91.png\" alt=\"\" class=\"wp-image-101869\" width=\"511\" height=\"384\"\/><figcaption class=\"wp-element-caption\">Foto:; masternews.com.ar<\/figcaption><\/figure>\n\n\n\n<figure class=\"wp-block-image aligncenter size-full is-resized\"><img loading=\"lazy\" decoding=\"async\" src=\"https:\/\/infoecos.com.ar\/wp-content\/uploads\/2023\/02\/image-92.png\" alt=\"\" class=\"wp-image-101870\" width=\"512\" height=\"384\"\/><figcaption class=\"wp-element-caption\">Foto:; masternews.com.ar<\/figcaption><\/figure>\n","protected":false},"excerpt":{"rendered":"<p>En masternews.com.ar y rivadaviaonline.com.ar se vuelcan declaraciones del rivadaviense<\/p>\n","protected":false},"author":2,"featured_media":101870,"comment_status":"closed","ping_status":"open","sticky":false,"template":"","format":"standard","meta":{"footnotes":""},"categories":[1325],"tags":[7328],"class_list":["post-101867","post","type-post","status-publish","format-standard","has-post-thumbnail","hentry","category-c1nota6","tag-los-alpinistas-de-rivadavia"],"yoast_head":"<!-- This site is optimized with the Yoast SEO plugin v23.4 - https:\/\/yoast.com\/wordpress\/plugins\/seo\/ -->\n<title>Juan Cruz Tagliabu\u00e9 dio detalles del intento de hacer cumbre en el Cerro Aconcagua - Infoecos<\/title>\n<meta name=\"robots\" content=\"index, follow, max-snippet:-1, max-image-preview:large, max-video-preview:-1\" \/>\n<link rel=\"canonical\" href=\"https:\/\/infoecos.com.ar\/index.php\/juan-cruz-tagliabue-dio-detalles-del-intento-de-hacer-cumbre-en-el-cerro-aconcagua\/\" \/>\n<meta property=\"og:locale\" content=\"es_ES\" \/>\n<meta property=\"og:type\" content=\"article\" \/>\n<meta property=\"og:title\" content=\"Juan Cruz Tagliabu\u00e9 dio detalles del intento de hacer cumbre en el Cerro Aconcagua - Infoecos\" \/>\n<meta property=\"og:description\" content=\"En masternews.com.ar y rivadaviaonline.com.ar se vuelcan declaraciones del rivadaviense\" \/>\n<meta property=\"og:url\" content=\"https:\/\/infoecos.com.ar\/index.php\/juan-cruz-tagliabue-dio-detalles-del-intento-de-hacer-cumbre-en-el-cerro-aconcagua\/\" \/>\n<meta property=\"og:site_name\" content=\"Infoecos\" \/>\n<meta property=\"article:publisher\" content=\"https:\/\/www.facebook.com\/profile.php?id=100063200290284\" \/>\n<meta property=\"article:published_time\" content=\"2023-02-15T04:21:22+00:00\" \/>\n<meta property=\"article:modified_time\" content=\"2023-02-17T04:17:07+00:00\" \/>\n<meta property=\"og:image\" content=\"https:\/\/infoecos.com.ar\/wp-content\/uploads\/2023\/02\/image-92.png\" \/>\n\t<meta property=\"og:image:width\" content=\"768\" \/>\n\t<meta property=\"og:image:height\" content=\"576\" \/>\n\t<meta property=\"og:image:type\" content=\"image\/png\" \/>\n<meta name=\"author\" content=\"Jorge Matheus\" \/>\n<meta name=\"twitter:card\" content=\"summary_large_image\" \/>\n<meta name=\"twitter:creator\" content=\"@infoecos\" \/>\n<meta name=\"twitter:site\" content=\"@infoecos\" \/>\n<meta name=\"twitter:label1\" content=\"Escrito por\" \/>\n\t<meta name=\"twitter:data1\" content=\"Jorge Matheus\" \/>\n\t<meta name=\"twitter:label2\" content=\"Tiempo de lectura\" \/>\n\t<meta name=\"twitter:data2\" content=\"2 minutos\" \/>\n<script type=\"application\/ld+json\" class=\"yoast-schema-graph\">{\"@context\":\"https:\/\/schema.org\",\"@graph\":[{\"@type\":\"Article\",\"@id\":\"https:\/\/infoecos.com.ar\/index.php\/juan-cruz-tagliabue-dio-detalles-del-intento-de-hacer-cumbre-en-el-cerro-aconcagua\/#article\",\"isPartOf\":{\"@id\":\"https:\/\/infoecos.com.ar\/index.php\/juan-cruz-tagliabue-dio-detalles-del-intento-de-hacer-cumbre-en-el-cerro-aconcagua\/\"},\"author\":{\"name\":\"Jorge Matheus\",\"@id\":\"https:\/\/infoecos.com.ar\/#\/schema\/person\/8f5ace5ce73b4b4aac4b7245aee6f191\"},\"headline\":\"Juan Cruz Tagliabu\u00e9 dio detalles del intento de hacer cumbre en el Cerro Aconcagua\",\"datePublished\":\"2023-02-15T04:21:22+00:00\",\"dateModified\":\"2023-02-17T04:17:07+00:00\",\"mainEntityOfPage\":{\"@id\":\"https:\/\/infoecos.com.ar\/index.php\/juan-cruz-tagliabue-dio-detalles-del-intento-de-hacer-cumbre-en-el-cerro-aconcagua\/\"},\"wordCount\":226,\"publisher\":{\"@id\":\"https:\/\/infoecos.com.ar\/#organization\"},\"image\":{\"@id\":\"https:\/\/infoecos.com.ar\/index.php\/juan-cruz-tagliabue-dio-detalles-del-intento-de-hacer-cumbre-en-el-cerro-aconcagua\/#primaryimage\"},\"thumbnailUrl\":\"https:\/\/infoecos.com.ar\/wp-content\/uploads\/2023\/02\/image-92.png\",\"keywords\":[\"LOS ALPINISTAS DE RIVADAVIA\"],\"articleSection\":[\"C1 nota 6\"],\"inLanguage\":\"es\"},{\"@type\":\"WebPage\",\"@id\":\"https:\/\/infoecos.com.ar\/index.php\/juan-cruz-tagliabue-dio-detalles-del-intento-de-hacer-cumbre-en-el-cerro-aconcagua\/\",\"url\":\"https:\/\/infoecos.com.ar\/index.php\/juan-cruz-tagliabue-dio-detalles-del-intento-de-hacer-cumbre-en-el-cerro-aconcagua\/\",\"name\":\"Juan Cruz Tagliabu\u00e9 dio detalles del intento de hacer cumbre en el Cerro Aconcagua - Infoecos\",\"isPartOf\":{\"@id\":\"https:\/\/infoecos.com.ar\/#website\"},\"primaryImageOfPage\":{\"@id\":\"https:\/\/infoecos.com.ar\/index.php\/juan-cruz-tagliabue-dio-detalles-del-intento-de-hacer-cumbre-en-el-cerro-aconcagua\/#primaryimage\"},\"image\":{\"@id\":\"https:\/\/infoecos.com.ar\/index.php\/juan-cruz-tagliabue-dio-detalles-del-intento-de-hacer-cumbre-en-el-cerro-aconcagua\/#primaryimage\"},\"thumbnailUrl\":\"https:\/\/infoecos.com.ar\/wp-content\/uploads\/2023\/02\/image-92.png\",\"datePublished\":\"2023-02-15T04:21:22+00:00\",\"dateModified\":\"2023-02-17T04:17:07+00:00\",\"breadcrumb\":{\"@id\":\"https:\/\/infoecos.com.ar\/index.php\/juan-cruz-tagliabue-dio-detalles-del-intento-de-hacer-cumbre-en-el-cerro-aconcagua\/#breadcrumb\"},\"inLanguage\":\"es\",\"potentialAction\":[{\"@type\":\"ReadAction\",\"target\":[\"https:\/\/infoecos.com.ar\/index.php\/juan-cruz-tagliabue-dio-detalles-del-intento-de-hacer-cumbre-en-el-cerro-aconcagua\/\"]}]},{\"@type\":\"ImageObject\",\"inLanguage\":\"es\",\"@id\":\"https:\/\/infoecos.com.ar\/index.php\/juan-cruz-tagliabue-dio-detalles-del-intento-de-hacer-cumbre-en-el-cerro-aconcagua\/#primaryimage\",\"url\":\"https:\/\/infoecos.com.ar\/wp-content\/uploads\/2023\/02\/image-92.png\",\"contentUrl\":\"https:\/\/infoecos.com.ar\/wp-content\/uploads\/2023\/02\/image-92.png\",\"width\":768,\"height\":576},{\"@type\":\"BreadcrumbList\",\"@id\":\"https:\/\/infoecos.com.ar\/index.php\/juan-cruz-tagliabue-dio-detalles-del-intento-de-hacer-cumbre-en-el-cerro-aconcagua\/#breadcrumb\",\"itemListElement\":[{\"@type\":\"ListItem\",\"position\":1,\"name\":\"Portada\",\"item\":\"https:\/\/infoecos.com.ar\/\"},{\"@type\":\"ListItem\",\"position\":2,\"name\":\"Juan Cruz Tagliabu\u00e9 dio detalles del intento de hacer cumbre en el Cerro Aconcagua\"}]},{\"@type\":\"WebSite\",\"@id\":\"https:\/\/infoecos.com.ar\/#website\",\"url\":\"https:\/\/infoecos.com.ar\/\",\"name\":\"Infoecos\",\"description\":\"Noticias de trenque lauquen y la zona\",\"publisher\":{\"@id\":\"https:\/\/infoecos.com.ar\/#organization\"},\"alternateName\":\"Noticias\",\"potentialAction\":[{\"@type\":\"SearchAction\",\"target\":{\"@type\":\"EntryPoint\",\"urlTemplate\":\"https:\/\/infoecos.com.ar\/?s={search_term_string}\"},\"query-input\":{\"@type\":\"PropertyValueSpecification\",\"valueRequired\":true,\"valueName\":\"search_term_string\"}}],\"inLanguage\":\"es\"},{\"@type\":\"Organization\",\"@id\":\"https:\/\/infoecos.com.ar\/#organization\",\"name\":\"Infoecos\",\"alternateName\":\"Noticias\",\"url\":\"https:\/\/infoecos.com.ar\/\",\"logo\":{\"@type\":\"ImageObject\",\"inLanguage\":\"es\",\"@id\":\"https:\/\/infoecos.com.ar\/#\/schema\/logo\/image\/\",\"url\":\"https:\/\/infoecos.com.ar\/wp-content\/uploads\/2024\/03\/cropped-logo.png\",\"contentUrl\":\"https:\/\/infoecos.com.ar\/wp-content\/uploads\/2024\/03\/cropped-logo.png\",\"width\":374,\"height\":90,\"caption\":\"Infoecos\"},\"image\":{\"@id\":\"https:\/\/infoecos.com.ar\/#\/schema\/logo\/image\/\"},\"sameAs\":[\"https:\/\/www.facebook.com\/profile.php?id=100063200290284\",\"https:\/\/x.com\/infoecos\"]},{\"@type\":\"Person\",\"@id\":\"https:\/\/infoecos.com.ar\/#\/schema\/person\/8f5ace5ce73b4b4aac4b7245aee6f191\",\"name\":\"Jorge Matheus\",\"url\":\"https:\/\/infoecos.com.ar\/index.php\/author\/jomatheus\/\"}]}<\/script>\n<!-- \/ Yoast SEO plugin. -->","yoast_head_json":{"title":"Juan Cruz Tagliabu\u00e9 dio detalles del intento de hacer cumbre en el Cerro Aconcagua - Infoecos","robots":{"index":"index","follow":"follow","max-snippet":"max-snippet:-1","max-image-preview":"max-image-preview:large","max-video-preview":"max-video-preview:-1"},"canonical":"https:\/\/infoecos.com.ar\/index.php\/juan-cruz-tagliabue-dio-detalles-del-intento-de-hacer-cumbre-en-el-cerro-aconcagua\/","og_locale":"es_ES","og_type":"article","og_title":"Juan Cruz Tagliabu\u00e9 dio detalles del intento de hacer cumbre en el Cerro Aconcagua - Infoecos","og_description":"En masternews.com.ar y rivadaviaonline.com.ar se vuelcan declaraciones del rivadaviense","og_url":"https:\/\/infoecos.com.ar\/index.php\/juan-cruz-tagliabue-dio-detalles-del-intento-de-hacer-cumbre-en-el-cerro-aconcagua\/","og_site_name":"Infoecos","article_publisher":"https:\/\/www.facebook.com\/profile.php?id=100063200290284","article_published_time":"2023-02-15T04:21:22+00:00","article_modified_time":"2023-02-17T04:17:07+00:00","og_image":[{"width":768,"height":576,"url":"https:\/\/infoecos.com.ar\/wp-content\/uploads\/2023\/02\/image-92.png","type":"image\/png"}],"author":"Jorge Matheus","twitter_card":"summary_large_image","twitter_creator":"@infoecos","twitter_site":"@infoecos","twitter_misc":{"Escrito por":"Jorge Matheus","Tiempo de lectura":"2 minutos"},"schema":{"@context":"https:\/\/schema.org","@graph":[{"@type":"Article","@id":"https:\/\/infoecos.com.ar\/index.php\/juan-cruz-tagliabue-dio-detalles-del-intento-de-hacer-cumbre-en-el-cerro-aconcagua\/#article","isPartOf":{"@id":"https:\/\/infoecos.com.ar\/index.php\/juan-cruz-tagliabue-dio-detalles-del-intento-de-hacer-cumbre-en-el-cerro-aconcagua\/"},"author":{"name":"Jorge Matheus","@id":"https:\/\/infoecos.com.ar\/#\/schema\/person\/8f5ace5ce73b4b4aac4b7245aee6f191"},"headline":"Juan Cruz Tagliabu\u00e9 dio detalles del intento de hacer cumbre en el Cerro Aconcagua","datePublished":"2023-02-15T04:21:22+00:00","dateModified":"2023-02-17T04:17:07+00:00","mainEntityOfPage":{"@id":"https:\/\/infoecos.com.ar\/index.php\/juan-cruz-tagliabue-dio-detalles-del-intento-de-hacer-cumbre-en-el-cerro-aconcagua\/"},"wordCount":226,"publisher":{"@id":"https:\/\/infoecos.com.ar\/#organization"},"image":{"@id":"https:\/\/infoecos.com.ar\/index.php\/juan-cruz-tagliabue-dio-detalles-del-intento-de-hacer-cumbre-en-el-cerro-aconcagua\/#primaryimage"},"thumbnailUrl":"https:\/\/infoecos.com.ar\/wp-content\/uploads\/2023\/02\/image-92.png","keywords":["LOS ALPINISTAS DE RIVADAVIA"],"articleSection":["C1 nota 6"],"inLanguage":"es"},{"@type":"WebPage","@id":"https:\/\/infoecos.com.ar\/index.php\/juan-cruz-tagliabue-dio-detalles-del-intento-de-hacer-cumbre-en-el-cerro-aconcagua\/","url":"https:\/\/infoecos.com.ar\/index.php\/juan-cruz-tagliabue-dio-detalles-del-intento-de-hacer-cumbre-en-el-cerro-aconcagua\/","name":"Juan Cruz Tagliabu\u00e9 dio detalles del intento de hacer cumbre en el Cerro Aconcagua - Infoecos","isPartOf":{"@id":"https:\/\/infoecos.com.ar\/#website"},"primaryImageOfPage":{"@id":"https:\/\/infoecos.com.ar\/index.php\/juan-cruz-tagliabue-dio-detalles-del-intento-de-hacer-cumbre-en-el-cerro-aconcagua\/#primaryimage"},"image":{"@id":"https:\/\/infoecos.com.ar\/index.php\/juan-cruz-tagliabue-dio-detalles-del-intento-de-hacer-cumbre-en-el-cerro-aconcagua\/#primaryimage"},"thumbnailUrl":"https:\/\/infoecos.com.ar\/wp-content\/uploads\/2023\/02\/image-92.png","datePublished":"2023-02-15T04:21:22+00:00","dateModified":"2023-02-17T04:17:07+00:00","breadcrumb":{"@id":"https:\/\/infoecos.com.ar\/index.php\/juan-cruz-tagliabue-dio-detalles-del-intento-de-hacer-cumbre-en-el-cerro-aconcagua\/#breadcrumb"},"inLanguage":"es","potentialAction":[{"@type":"ReadAction","target":["https:\/\/infoecos.com.ar\/index.php\/juan-cruz-tagliabue-dio-detalles-del-intento-de-hacer-cumbre-en-el-cerro-aconcagua\/"]}]},{"@type":"ImageObject","inLanguage":"es","@id":"https:\/\/infoecos.com.ar\/index.php\/juan-cruz-tagliabue-dio-detalles-del-intento-de-hacer-cumbre-en-el-cerro-aconcagua\/#primaryimage","url":"https:\/\/infoecos.com.ar\/wp-content\/uploads\/2023\/02\/image-92.png","contentUrl":"https:\/\/infoecos.com.ar\/wp-content\/uploads\/2023\/02\/image-92.png","width":768,"height":576},{"@type":"BreadcrumbList","@id":"https:\/\/infoecos.com.ar\/index.php\/juan-cruz-tagliabue-dio-detalles-del-intento-de-hacer-cumbre-en-el-cerro-aconcagua\/#breadcrumb","itemListElement":[{"@type":"ListItem","position":1,"name":"Portada","item":"https:\/\/infoecos.com.ar\/"},{"@type":"ListItem","position":2,"name":"Juan Cruz Tagliabu\u00e9 dio detalles del intento de hacer cumbre en el Cerro Aconcagua"}]},{"@type":"WebSite","@id":"https:\/\/infoecos.com.ar\/#website","url":"https:\/\/infoecos.com.ar\/","name":"Infoecos","description":"Noticias de trenque lauquen y la zona","publisher":{"@id":"https:\/\/infoecos.com.ar\/#organization"},"alternateName":"Noticias","potentialAction":[{"@type":"SearchAction","target":{"@type":"EntryPoint","urlTemplate":"https:\/\/infoecos.com.ar\/?s={search_term_string}"},"query-input":{"@type":"PropertyValueSpecification","valueRequired":true,"valueName":"search_term_string"}}],"inLanguage":"es"},{"@type":"Organization","@id":"https:\/\/infoecos.com.ar\/#organization","name":"Infoecos","alternateName":"Noticias","url":"https:\/\/infoecos.com.ar\/","logo":{"@type":"ImageObject","inLanguage":"es","@id":"https:\/\/infoecos.com.ar\/#\/schema\/logo\/image\/","url":"https:\/\/infoecos.com.ar\/wp-content\/uploads\/2024\/03\/cropped-logo.png","contentUrl":"https:\/\/infoecos.com.ar\/wp-content\/uploads\/2024\/03\/cropped-logo.png","width":374,"height":90,"caption":"Infoecos"},"image":{"@id":"https:\/\/infoecos.com.ar\/#\/schema\/logo\/image\/"},"sameAs":["https:\/\/www.facebook.com\/profile.php?id=100063200290284","https:\/\/x.com\/infoecos"]},{"@type":"Person","@id":"https:\/\/infoecos.com.ar\/#\/schema\/person\/8f5ace5ce73b4b4aac4b7245aee6f191","name":"Jorge Matheus","url":"https:\/\/infoecos.com.ar\/index.php\/author\/jomatheus\/"}]}},"featured_image_urls":{"full":["https:\/\/infoecos.com.ar\/wp-content\/uploads\/2023\/02\/image-92.png",768,576,false],"thumbnail":["https:\/\/infoecos.com.ar\/wp-content\/uploads\/2023\/02\/image-92-300x150.png",300,150,true],"medium":["https:\/\/infoecos.com.ar\/wp-content\/uploads\/2023\/02\/image-92.png",768,576,false],"medium_large":["https:\/\/infoecos.com.ar\/wp-content\/uploads\/2023\/02\/image-92.png",640,480,false],"large":["https:\/\/infoecos.com.ar\/wp-content\/uploads\/2023\/02\/image-92.png",640,480,false],"1536x1536":["https:\/\/infoecos.com.ar\/wp-content\/uploads\/2023\/02\/image-92.png",768,576,false],"2048x2048":["https:\/\/infoecos.com.ar\/wp-content\/uploads\/2023\/02\/image-92.png",768,576,false],"covernews-slider-full":["https:\/\/infoecos.com.ar\/wp-content\/uploads\/2023\/02\/image-92.png",768,576,false],"covernews-slider-center":["https:\/\/infoecos.com.ar\/wp-content\/uploads\/2023\/02\/image-92.png",667,500,false],"covernews-featured":["https:\/\/infoecos.com.ar\/wp-content\/uploads\/2023\/02\/image-92.png",768,576,false],"covernews-medium":["https:\/\/infoecos.com.ar\/wp-content\/uploads\/2023\/02\/image-92-720x380.png",540,285,true],"covernews-medium-square":["https:\/\/infoecos.com.ar\/wp-content\/uploads\/2023\/02\/image-92-675x450.png",375,250,true]},"author_info":{"info":["Jorge Matheus"]},"category_info":"<a href=\"https:\/\/infoecos.com.ar\/index.php\/category\/c1nota6\/\" rel=\"category tag\">C1 nota 6<\/a>","tag_info":"C1 nota 6","comment_count":"0","_links":{"self":[{"href":"https:\/\/infoecos.com.ar\/index.php\/wp-json\/wp\/v2\/posts\/101867"}],"collection":[{"href":"https:\/\/infoecos.com.ar\/index.php\/wp-json\/wp\/v2\/posts"}],"about":[{"href":"https:\/\/infoecos.com.ar\/index.php\/wp-json\/wp\/v2\/types\/post"}],"author":[{"embeddable":true,"href":"https:\/\/infoecos.com.ar\/index.php\/wp-json\/wp\/v2\/users\/2"}],"replies":[{"embeddable":true,"href":"https:\/\/infoecos.com.ar\/index.php\/wp-json\/wp\/v2\/comments?post=101867"}],"version-history":[{"count":1,"href":"https:\/\/infoecos.com.ar\/index.php\/wp-json\/wp\/v2\/posts\/101867\/revisions"}],"predecessor-version":[{"id":101871,"href":"https:\/\/infoecos.com.ar\/index.php\/wp-json\/wp\/v2\/posts\/101867\/revisions\/101871"}],"wp:featuredmedia":[{"embeddable":true,"href":"https:\/\/infoecos.com.ar\/index.php\/wp-json\/wp\/v2\/media\/101870"}],"wp:attachment":[{"href":"https:\/\/infoecos.com.ar\/index.php\/wp-json\/wp\/v2\/media?parent=101867"}],"wp:term":[{"taxonomy":"category","embeddable":true,"href":"https:\/\/infoecos.com.ar\/index.php\/wp-json\/wp\/v2\/categories?post=101867"},{"taxonomy":"post_tag","embeddable":true,"href":"https:\/\/infoecos.com.ar\/index.php\/wp-json\/wp\/v2\/tags?post=101867"}],"curies":[{"name":"wp","href":"https:\/\/api.w.org\/{rel}","templated":true}]}}