{"id":101890,"date":"2023-02-15T02:28:31","date_gmt":"2023-02-15T05:28:31","guid":{"rendered":"https:\/\/infoecos.com.ar\/?p=101890"},"modified":"2023-02-15T02:28:32","modified_gmt":"2023-02-15T05:28:32","slug":"el-26-de-febrero-musica-en-la-estacion-se-realizara-en-beruti","status":"publish","type":"post","link":"https:\/\/infoecos.com.ar\/index.php\/el-26-de-febrero-musica-en-la-estacion-se-realizara-en-beruti\/","title":{"rendered":"El 26 de Febrero \u00abM\u00fasica en la Estaci\u00f3n\u00bb se realizar\u00e1 en Beruti"},"content":{"rendered":"\n<p>El ciclo \u201cM\u00fasica en la Estaci\u00f3n\u201d, que organiza la direcci\u00f3n de Cultura y Educaci\u00f3n del Municipio de Trenque Lauquen, se trasladar\u00e1 a la localidad de Beruti, el domingo 26 de febrero.<\/p>\n\n\n\n<figure class=\"wp-block-image alignright size-large is-resized\"><img loading=\"lazy\" decoding=\"async\" src=\"https:\/\/infoecos.com.ar\/wp-content\/uploads\/2022\/08\/Beruti-920x518.jpg\" alt=\"\" class=\"wp-image-96716\" width=\"423\" height=\"237\" srcset=\"https:\/\/infoecos.com.ar\/wp-content\/uploads\/2022\/08\/Beruti-920x518.jpg 920w, https:\/\/infoecos.com.ar\/wp-content\/uploads\/2022\/08\/Beruti-460x259.jpg 460w, https:\/\/infoecos.com.ar\/wp-content\/uploads\/2022\/08\/Beruti-768x432.jpg 768w, https:\/\/infoecos.com.ar\/wp-content\/uploads\/2022\/08\/Beruti.jpg 1006w\" sizes=\"(max-width: 423px) 100vw, 423px\" \/><\/figure>\n\n\n\n<p>La propuesta, de entrada libre y gratuita, dar\u00e1 comienzo a las 20 en el Play\u00f3n de la Escuela Municipal.<\/p>\n\n\n\n<p>Por el escenario pasar\u00e1n Wellnes Dance Estudio, que dirige Karelina Goya; Milagros Mansilla (Recitado Criollo); Escuela de Danzas Elena Heim; Juani Pedemonte (Canto surero) y Luc\u00eda Go\u00f1i y \u00c1ngel Casas (Folclore).<\/p>\n\n\n\n<p>Despu\u00e9s de la presentaci\u00f3n de los artistas convocados para esta fecha especial vendr\u00e1 el gran cierre bailable con la actuaci\u00f3n de Killy, Gustavo Castro, Juan y Ramiro \u201cLos Grandi\u201d y Los Gigantes del Ritmo.<\/p>\n\n\n\n<p>Habr\u00e1 servicio de cantina y puestos de venta de espuma para pasar una noche a puro baile y diversi\u00f3n.<\/p>\n","protected":false},"excerpt":{"rendered":"<p>La propuesta, de entrada libre y gratuita, dar\u00e1 comienzo a las 20<\/p>\n","protected":false},"author":2,"featured_media":84133,"comment_status":"closed","ping_status":"open","sticky":false,"template":"","format":"standard","meta":{"footnotes":""},"categories":[197],"tags":[7334],"class_list":["post-101890","post","type-post","status-publish","format-standard","has-post-thumbnail","hentry","category-c3nota4","tag-playon-de-la-escuela-municipal"],"yoast_head":"<!-- This site is optimized with the Yoast SEO plugin v23.4 - https:\/\/yoast.com\/wordpress\/plugins\/seo\/ -->\n<title>El 26 de Febrero &quot;M\u00fasica en la Estaci\u00f3n&quot; se realizar\u00e1 en Beruti - Infoecos<\/title>\n<meta name=\"robots\" content=\"index, follow, max-snippet:-1, max-image-preview:large, max-video-preview:-1\" \/>\n<link rel=\"canonical\" href=\"https:\/\/infoecos.com.ar\/index.php\/el-26-de-febrero-musica-en-la-estacion-se-realizara-en-beruti\/\" \/>\n<meta property=\"og:locale\" content=\"es_ES\" \/>\n<meta property=\"og:type\" content=\"article\" \/>\n<meta property=\"og:title\" content=\"El 26 de Febrero &quot;M\u00fasica en la Estaci\u00f3n&quot; se realizar\u00e1 en Beruti - Infoecos\" \/>\n<meta property=\"og:description\" content=\"La propuesta, de entrada libre y gratuita, dar\u00e1 comienzo a las 20\" \/>\n<meta property=\"og:url\" content=\"https:\/\/infoecos.com.ar\/index.php\/el-26-de-febrero-musica-en-la-estacion-se-realizara-en-beruti\/\" \/>\n<meta property=\"og:site_name\" content=\"Infoecos\" \/>\n<meta property=\"article:publisher\" content=\"https:\/\/www.facebook.com\/profile.php?id=100063200290284\" \/>\n<meta property=\"article:published_time\" content=\"2023-02-15T05:28:31+00:00\" \/>\n<meta property=\"article:modified_time\" content=\"2023-02-15T05:28:32+00:00\" \/>\n<meta property=\"og:image\" content=\"https:\/\/infoecos.com.ar\/wp-content\/uploads\/2021\/08\/berutiestacion1.jpg\" \/>\n\t<meta property=\"og:image:width\" content=\"686\" \/>\n\t<meta property=\"og:image:height\" content=\"455\" \/>\n\t<meta property=\"og:image:type\" content=\"image\/jpeg\" \/>\n<meta name=\"author\" content=\"Jorge Matheus\" \/>\n<meta name=\"twitter:card\" content=\"summary_large_image\" \/>\n<meta name=\"twitter:creator\" content=\"@infoecos\" \/>\n<meta name=\"twitter:site\" content=\"@infoecos\" \/>\n<meta name=\"twitter:label1\" content=\"Escrito por\" \/>\n\t<meta name=\"twitter:data1\" content=\"Jorge Matheus\" \/>\n\t<meta name=\"twitter:label2\" content=\"Tiempo de lectura\" \/>\n\t<meta name=\"twitter:data2\" content=\"1 minuto\" \/>\n<script type=\"application\/ld+json\" class=\"yoast-schema-graph\">{\"@context\":\"https:\/\/schema.org\",\"@graph\":[{\"@type\":\"Article\",\"@id\":\"https:\/\/infoecos.com.ar\/index.php\/el-26-de-febrero-musica-en-la-estacion-se-realizara-en-beruti\/#article\",\"isPartOf\":{\"@id\":\"https:\/\/infoecos.com.ar\/index.php\/el-26-de-febrero-musica-en-la-estacion-se-realizara-en-beruti\/\"},\"author\":{\"name\":\"Jorge Matheus\",\"@id\":\"https:\/\/infoecos.com.ar\/#\/schema\/person\/8f5ace5ce73b4b4aac4b7245aee6f191\"},\"headline\":\"El 26 de Febrero \u00abM\u00fasica en la Estaci\u00f3n\u00bb se realizar\u00e1 en Beruti\",\"datePublished\":\"2023-02-15T05:28:31+00:00\",\"dateModified\":\"2023-02-15T05:28:32+00:00\",\"mainEntityOfPage\":{\"@id\":\"https:\/\/infoecos.com.ar\/index.php\/el-26-de-febrero-musica-en-la-estacion-se-realizara-en-beruti\/\"},\"wordCount\":157,\"publisher\":{\"@id\":\"https:\/\/infoecos.com.ar\/#organization\"},\"image\":{\"@id\":\"https:\/\/infoecos.com.ar\/index.php\/el-26-de-febrero-musica-en-la-estacion-se-realizara-en-beruti\/#primaryimage\"},\"thumbnailUrl\":\"https:\/\/infoecos.com.ar\/wp-content\/uploads\/2021\/08\/berutiestacion1.jpg\",\"keywords\":[\"PLAY\u00d3N DE LA ESCUELA MUNICIPAL\"],\"articleSection\":[\"C3 N4\"],\"inLanguage\":\"es\"},{\"@type\":\"WebPage\",\"@id\":\"https:\/\/infoecos.com.ar\/index.php\/el-26-de-febrero-musica-en-la-estacion-se-realizara-en-beruti\/\",\"url\":\"https:\/\/infoecos.com.ar\/index.php\/el-26-de-febrero-musica-en-la-estacion-se-realizara-en-beruti\/\",\"name\":\"El 26 de Febrero \\\"M\u00fasica en la Estaci\u00f3n\\\" se realizar\u00e1 en Beruti - Infoecos\",\"isPartOf\":{\"@id\":\"https:\/\/infoecos.com.ar\/#website\"},\"primaryImageOfPage\":{\"@id\":\"https:\/\/infoecos.com.ar\/index.php\/el-26-de-febrero-musica-en-la-estacion-se-realizara-en-beruti\/#primaryimage\"},\"image\":{\"@id\":\"https:\/\/infoecos.com.ar\/index.php\/el-26-de-febrero-musica-en-la-estacion-se-realizara-en-beruti\/#primaryimage\"},\"thumbnailUrl\":\"https:\/\/infoecos.com.ar\/wp-content\/uploads\/2021\/08\/berutiestacion1.jpg\",\"datePublished\":\"2023-02-15T05:28:31+00:00\",\"dateModified\":\"2023-02-15T05:28:32+00:00\",\"breadcrumb\":{\"@id\":\"https:\/\/infoecos.com.ar\/index.php\/el-26-de-febrero-musica-en-la-estacion-se-realizara-en-beruti\/#breadcrumb\"},\"inLanguage\":\"es\",\"potentialAction\":[{\"@type\":\"ReadAction\",\"target\":[\"https:\/\/infoecos.com.ar\/index.php\/el-26-de-febrero-musica-en-la-estacion-se-realizara-en-beruti\/\"]}]},{\"@type\":\"ImageObject\",\"inLanguage\":\"es\",\"@id\":\"https:\/\/infoecos.com.ar\/index.php\/el-26-de-febrero-musica-en-la-estacion-se-realizara-en-beruti\/#primaryimage\",\"url\":\"https:\/\/infoecos.com.ar\/wp-content\/uploads\/2021\/08\/berutiestacion1.jpg\",\"contentUrl\":\"https:\/\/infoecos.com.ar\/wp-content\/uploads\/2021\/08\/berutiestacion1.jpg\",\"width\":686,\"height\":455},{\"@type\":\"BreadcrumbList\",\"@id\":\"https:\/\/infoecos.com.ar\/index.php\/el-26-de-febrero-musica-en-la-estacion-se-realizara-en-beruti\/#breadcrumb\",\"itemListElement\":[{\"@type\":\"ListItem\",\"position\":1,\"name\":\"Portada\",\"item\":\"https:\/\/infoecos.com.ar\/\"},{\"@type\":\"ListItem\",\"position\":2,\"name\":\"El 26 de Febrero \u00abM\u00fasica en la Estaci\u00f3n\u00bb se realizar\u00e1 en Beruti\"}]},{\"@type\":\"WebSite\",\"@id\":\"https:\/\/infoecos.com.ar\/#website\",\"url\":\"https:\/\/infoecos.com.ar\/\",\"name\":\"Infoecos\",\"description\":\"Noticias de trenque lauquen y la zona\",\"publisher\":{\"@id\":\"https:\/\/infoecos.com.ar\/#organization\"},\"alternateName\":\"Noticias\",\"potentialAction\":[{\"@type\":\"SearchAction\",\"target\":{\"@type\":\"EntryPoint\",\"urlTemplate\":\"https:\/\/infoecos.com.ar\/?s={search_term_string}\"},\"query-input\":{\"@type\":\"PropertyValueSpecification\",\"valueRequired\":true,\"valueName\":\"search_term_string\"}}],\"inLanguage\":\"es\"},{\"@type\":\"Organization\",\"@id\":\"https:\/\/infoecos.com.ar\/#organization\",\"name\":\"Infoecos\",\"alternateName\":\"Noticias\",\"url\":\"https:\/\/infoecos.com.ar\/\",\"logo\":{\"@type\":\"ImageObject\",\"inLanguage\":\"es\",\"@id\":\"https:\/\/infoecos.com.ar\/#\/schema\/logo\/image\/\",\"url\":\"https:\/\/infoecos.com.ar\/wp-content\/uploads\/2024\/03\/cropped-logo.png\",\"contentUrl\":\"https:\/\/infoecos.com.ar\/wp-content\/uploads\/2024\/03\/cropped-logo.png\",\"width\":374,\"height\":90,\"caption\":\"Infoecos\"},\"image\":{\"@id\":\"https:\/\/infoecos.com.ar\/#\/schema\/logo\/image\/\"},\"sameAs\":[\"https:\/\/www.facebook.com\/profile.php?id=100063200290284\",\"https:\/\/x.com\/infoecos\"]},{\"@type\":\"Person\",\"@id\":\"https:\/\/infoecos.com.ar\/#\/schema\/person\/8f5ace5ce73b4b4aac4b7245aee6f191\",\"name\":\"Jorge Matheus\",\"url\":\"https:\/\/infoecos.com.ar\/index.php\/author\/jomatheus\/\"}]}<\/script>\n<!-- \/ Yoast SEO plugin. -->","yoast_head_json":{"title":"El 26 de Febrero \"M\u00fasica en la Estaci\u00f3n\" se realizar\u00e1 en Beruti - Infoecos","robots":{"index":"index","follow":"follow","max-snippet":"max-snippet:-1","max-image-preview":"max-image-preview:large","max-video-preview":"max-video-preview:-1"},"canonical":"https:\/\/infoecos.com.ar\/index.php\/el-26-de-febrero-musica-en-la-estacion-se-realizara-en-beruti\/","og_locale":"es_ES","og_type":"article","og_title":"El 26 de Febrero \"M\u00fasica en la Estaci\u00f3n\" se realizar\u00e1 en Beruti - Infoecos","og_description":"La propuesta, de entrada libre y gratuita, dar\u00e1 comienzo a las 20","og_url":"https:\/\/infoecos.com.ar\/index.php\/el-26-de-febrero-musica-en-la-estacion-se-realizara-en-beruti\/","og_site_name":"Infoecos","article_publisher":"https:\/\/www.facebook.com\/profile.php?id=100063200290284","article_published_time":"2023-02-15T05:28:31+00:00","article_modified_time":"2023-02-15T05:28:32+00:00","og_image":[{"width":686,"height":455,"url":"https:\/\/infoecos.com.ar\/wp-content\/uploads\/2021\/08\/berutiestacion1.jpg","type":"image\/jpeg"}],"author":"Jorge Matheus","twitter_card":"summary_large_image","twitter_creator":"@infoecos","twitter_site":"@infoecos","twitter_misc":{"Escrito por":"Jorge Matheus","Tiempo de lectura":"1 minuto"},"schema":{"@context":"https:\/\/schema.org","@graph":[{"@type":"Article","@id":"https:\/\/infoecos.com.ar\/index.php\/el-26-de-febrero-musica-en-la-estacion-se-realizara-en-beruti\/#article","isPartOf":{"@id":"https:\/\/infoecos.com.ar\/index.php\/el-26-de-febrero-musica-en-la-estacion-se-realizara-en-beruti\/"},"author":{"name":"Jorge Matheus","@id":"https:\/\/infoecos.com.ar\/#\/schema\/person\/8f5ace5ce73b4b4aac4b7245aee6f191"},"headline":"El 26 de Febrero \u00abM\u00fasica en la Estaci\u00f3n\u00bb se realizar\u00e1 en Beruti","datePublished":"2023-02-15T05:28:31+00:00","dateModified":"2023-02-15T05:28:32+00:00","mainEntityOfPage":{"@id":"https:\/\/infoecos.com.ar\/index.php\/el-26-de-febrero-musica-en-la-estacion-se-realizara-en-beruti\/"},"wordCount":157,"publisher":{"@id":"https:\/\/infoecos.com.ar\/#organization"},"image":{"@id":"https:\/\/infoecos.com.ar\/index.php\/el-26-de-febrero-musica-en-la-estacion-se-realizara-en-beruti\/#primaryimage"},"thumbnailUrl":"https:\/\/infoecos.com.ar\/wp-content\/uploads\/2021\/08\/berutiestacion1.jpg","keywords":["PLAY\u00d3N DE LA ESCUELA MUNICIPAL"],"articleSection":["C3 N4"],"inLanguage":"es"},{"@type":"WebPage","@id":"https:\/\/infoecos.com.ar\/index.php\/el-26-de-febrero-musica-en-la-estacion-se-realizara-en-beruti\/","url":"https:\/\/infoecos.com.ar\/index.php\/el-26-de-febrero-musica-en-la-estacion-se-realizara-en-beruti\/","name":"El 26 de Febrero \"M\u00fasica en la Estaci\u00f3n\" se realizar\u00e1 en Beruti - Infoecos","isPartOf":{"@id":"https:\/\/infoecos.com.ar\/#website"},"primaryImageOfPage":{"@id":"https:\/\/infoecos.com.ar\/index.php\/el-26-de-febrero-musica-en-la-estacion-se-realizara-en-beruti\/#primaryimage"},"image":{"@id":"https:\/\/infoecos.com.ar\/index.php\/el-26-de-febrero-musica-en-la-estacion-se-realizara-en-beruti\/#primaryimage"},"thumbnailUrl":"https:\/\/infoecos.com.ar\/wp-content\/uploads\/2021\/08\/berutiestacion1.jpg","datePublished":"2023-02-15T05:28:31+00:00","dateModified":"2023-02-15T05:28:32+00:00","breadcrumb":{"@id":"https:\/\/infoecos.com.ar\/index.php\/el-26-de-febrero-musica-en-la-estacion-se-realizara-en-beruti\/#breadcrumb"},"inLanguage":"es","potentialAction":[{"@type":"ReadAction","target":["https:\/\/infoecos.com.ar\/index.php\/el-26-de-febrero-musica-en-la-estacion-se-realizara-en-beruti\/"]}]},{"@type":"ImageObject","inLanguage":"es","@id":"https:\/\/infoecos.com.ar\/index.php\/el-26-de-febrero-musica-en-la-estacion-se-realizara-en-beruti\/#primaryimage","url":"https:\/\/infoecos.com.ar\/wp-content\/uploads\/2021\/08\/berutiestacion1.jpg","contentUrl":"https:\/\/infoecos.com.ar\/wp-content\/uploads\/2021\/08\/berutiestacion1.jpg","width":686,"height":455},{"@type":"BreadcrumbList","@id":"https:\/\/infoecos.com.ar\/index.php\/el-26-de-febrero-musica-en-la-estacion-se-realizara-en-beruti\/#breadcrumb","itemListElement":[{"@type":"ListItem","position":1,"name":"Portada","item":"https:\/\/infoecos.com.ar\/"},{"@type":"ListItem","position":2,"name":"El 26 de Febrero \u00abM\u00fasica en la Estaci\u00f3n\u00bb se realizar\u00e1 en Beruti"}]},{"@type":"WebSite","@id":"https:\/\/infoecos.com.ar\/#website","url":"https:\/\/infoecos.com.ar\/","name":"Infoecos","description":"Noticias de trenque lauquen y la zona","publisher":{"@id":"https:\/\/infoecos.com.ar\/#organization"},"alternateName":"Noticias","potentialAction":[{"@type":"SearchAction","target":{"@type":"EntryPoint","urlTemplate":"https:\/\/infoecos.com.ar\/?s={search_term_string}"},"query-input":{"@type":"PropertyValueSpecification","valueRequired":true,"valueName":"search_term_string"}}],"inLanguage":"es"},{"@type":"Organization","@id":"https:\/\/infoecos.com.ar\/#organization","name":"Infoecos","alternateName":"Noticias","url":"https:\/\/infoecos.com.ar\/","logo":{"@type":"ImageObject","inLanguage":"es","@id":"https:\/\/infoecos.com.ar\/#\/schema\/logo\/image\/","url":"https:\/\/infoecos.com.ar\/wp-content\/uploads\/2024\/03\/cropped-logo.png","contentUrl":"https:\/\/infoecos.com.ar\/wp-content\/uploads\/2024\/03\/cropped-logo.png","width":374,"height":90,"caption":"Infoecos"},"image":{"@id":"https:\/\/infoecos.com.ar\/#\/schema\/logo\/image\/"},"sameAs":["https:\/\/www.facebook.com\/profile.php?id=100063200290284","https:\/\/x.com\/infoecos"]},{"@type":"Person","@id":"https:\/\/infoecos.com.ar\/#\/schema\/person\/8f5ace5ce73b4b4aac4b7245aee6f191","name":"Jorge Matheus","url":"https:\/\/infoecos.com.ar\/index.php\/author\/jomatheus\/"}]}},"featured_image_urls":{"full":["https:\/\/infoecos.com.ar\/wp-content\/uploads\/2021\/08\/berutiestacion1.jpg",686,455,false],"thumbnail":["https:\/\/infoecos.com.ar\/wp-content\/uploads\/2021\/08\/berutiestacion1-150x150.jpg",150,150,true],"medium":["https:\/\/infoecos.com.ar\/wp-content\/uploads\/2021\/08\/berutiestacion1-460x305.jpg",460,305,true],"medium_large":["https:\/\/infoecos.com.ar\/wp-content\/uploads\/2021\/08\/berutiestacion1.jpg",640,424,false],"large":["https:\/\/infoecos.com.ar\/wp-content\/uploads\/2021\/08\/berutiestacion1.jpg",640,424,false],"1536x1536":["https:\/\/infoecos.com.ar\/wp-content\/uploads\/2021\/08\/berutiestacion1.jpg",686,455,false],"2048x2048":["https:\/\/infoecos.com.ar\/wp-content\/uploads\/2021\/08\/berutiestacion1.jpg",686,455,false],"covernews-slider-full":["https:\/\/infoecos.com.ar\/wp-content\/uploads\/2021\/08\/berutiestacion1.jpg",686,455,false],"covernews-slider-center":["https:\/\/infoecos.com.ar\/wp-content\/uploads\/2021\/08\/berutiestacion1.jpg",686,455,false],"covernews-featured":["https:\/\/infoecos.com.ar\/wp-content\/uploads\/2021\/08\/berutiestacion1.jpg",686,455,false],"covernews-medium":["https:\/\/infoecos.com.ar\/wp-content\/uploads\/2021\/08\/berutiestacion1-686x380.jpg",540,299,true],"covernews-medium-square":["https:\/\/infoecos.com.ar\/wp-content\/uploads\/2021\/08\/berutiestacion1-675x450.jpg",375,250,true]},"author_info":{"info":["Jorge Matheus"]},"category_info":"<a href=\"https:\/\/infoecos.com.ar\/index.php\/category\/c3nota4\/\" rel=\"category tag\">C3 N4<\/a>","tag_info":"C3 N4","comment_count":"0","_links":{"self":[{"href":"https:\/\/infoecos.com.ar\/index.php\/wp-json\/wp\/v2\/posts\/101890"}],"collection":[{"href":"https:\/\/infoecos.com.ar\/index.php\/wp-json\/wp\/v2\/posts"}],"about":[{"href":"https:\/\/infoecos.com.ar\/index.php\/wp-json\/wp\/v2\/types\/post"}],"author":[{"embeddable":true,"href":"https:\/\/infoecos.com.ar\/index.php\/wp-json\/wp\/v2\/users\/2"}],"replies":[{"embeddable":true,"href":"https:\/\/infoecos.com.ar\/index.php\/wp-json\/wp\/v2\/comments?post=101890"}],"version-history":[{"count":1,"href":"https:\/\/infoecos.com.ar\/index.php\/wp-json\/wp\/v2\/posts\/101890\/revisions"}],"predecessor-version":[{"id":101891,"href":"https:\/\/infoecos.com.ar\/index.php\/wp-json\/wp\/v2\/posts\/101890\/revisions\/101891"}],"wp:featuredmedia":[{"embeddable":true,"href":"https:\/\/infoecos.com.ar\/index.php\/wp-json\/wp\/v2\/media\/84133"}],"wp:attachment":[{"href":"https:\/\/infoecos.com.ar\/index.php\/wp-json\/wp\/v2\/media?parent=101890"}],"wp:term":[{"taxonomy":"category","embeddable":true,"href":"https:\/\/infoecos.com.ar\/index.php\/wp-json\/wp\/v2\/categories?post=101890"},{"taxonomy":"post_tag","embeddable":true,"href":"https:\/\/infoecos.com.ar\/index.php\/wp-json\/wp\/v2\/tags?post=101890"}],"curies":[{"name":"wp","href":"https:\/\/api.w.org\/{rel}","templated":true}]}}