{"id":101997,"date":"2023-02-17T01:04:30","date_gmt":"2023-02-17T04:04:30","guid":{"rendered":"https:\/\/infoecos.com.ar\/?p=101997"},"modified":"2023-02-17T01:04:31","modified_gmt":"2023-02-17T04:04:31","slug":"santa-rosa-hoy-se-conocera-la-pena-para-las-asesinas-de-lucio-dupuy","status":"publish","type":"post","link":"https:\/\/infoecos.com.ar\/index.php\/santa-rosa-hoy-se-conocera-la-pena-para-las-asesinas-de-lucio-dupuy\/","title":{"rendered":"Santa Rosa: Hoy se conocer\u00e1 la pena para las asesinas de Lucio Dupuy"},"content":{"rendered":"\n<p>Se conocer\u00e1 hoy la pena que dictar\u00e1 la Justicia contra Magdalena Esp\u00f3sito Valenti y Abigail P\u00e1ez, las dos mujeres declaradas culpables por el crimen de Lucio Dupuy.<\/p>\n\n\n\n<figure class=\"wp-block-image alignright size-large is-resized\"><img loading=\"lazy\" decoding=\"async\" src=\"https:\/\/infoecos.com.ar\/wp-content\/uploads\/2022\/08\/image-30-920x443.png\" alt=\"\" class=\"wp-image-95696\" width=\"398\" height=\"192\" srcset=\"https:\/\/infoecos.com.ar\/wp-content\/uploads\/2022\/08\/image-30-920x443.png 920w, https:\/\/infoecos.com.ar\/wp-content\/uploads\/2022\/08\/image-30-460x221.png 460w, https:\/\/infoecos.com.ar\/wp-content\/uploads\/2022\/08\/image-30-768x370.png 768w, https:\/\/infoecos.com.ar\/wp-content\/uploads\/2022\/08\/image-30-1024x493.png 1024w, https:\/\/infoecos.com.ar\/wp-content\/uploads\/2022\/08\/image-30.png 1440w\" sizes=\"(max-width: 398px) 100vw, 398px\" \/><\/figure>\n\n\n\n<p>La audiencia ser\u00e1 transmitida en vivo por el Tribunal de Juicio.\u00a0Ambas mujeres fueron condenadas por el delito de \u00abhomicidio agravado\u00bb por lo que la \u00fanica pena posible es la de prisi\u00f3n perpetua<strong>.<\/strong><\/p>\n\n\n\n<p>La abogada de P\u00e1ez, Silvina Blanco G\u00f3mez, confirm\u00f3 a la agencia Noticias Argentinas que las imputadas no viajan hasta la provincia para escuchar la sentencia si no que ser\u00e1n notificadas luego por un secretario judicial.<\/p>\n\n\n\n<figure class=\"wp-block-image alignright size-full is-resized\"><img loading=\"lazy\" decoding=\"async\" src=\"https:\/\/infoecos.com.ar\/wp-content\/uploads\/2023\/01\/image-169.png\" alt=\"\" class=\"wp-image-100888\" width=\"392\" height=\"414\" srcset=\"https:\/\/infoecos.com.ar\/wp-content\/uploads\/2023\/01\/image-169.png 1000w, https:\/\/infoecos.com.ar\/wp-content\/uploads\/2023\/01\/image-169-756x800.png 756w, https:\/\/infoecos.com.ar\/wp-content\/uploads\/2023\/01\/image-169-768x813.png 768w\" sizes=\"(max-width: 392px) 100vw, 392px\" \/><\/figure>\n\n\n\n<p>Tanto Esp\u00f3sito Valenti como P\u00e1ez est\u00e1n presas en el Complejo Penitenciario N\u00b01 de San Luis, despu\u00e9s de varios episodios de violencia que sufrieron en el lugar de detenci\u00f3n donde hab\u00edan sido alojadas los primeros d\u00edas despu\u00e9s del crimen en Santa Rosa.<\/p>\n\n\n\n<p>G\u00f3mez se\u00f1al\u00f3 que P\u00e1ez, pareja de la madre de Lucio,&nbsp;<strong>\u00abest\u00e1 recibiendo apoyo psicol\u00f3gico\u00bb<\/strong>&nbsp;por la situaci\u00f3n que vive a ra\u00edz del asesinato y por las agresiones de otras reclusas.<\/p>\n\n\n\n<p>El Tribunal tambi\u00e9n decidi\u00f3 condenar a P\u00e1ez por el delito de \u00ababuso sexual ultrajante\u00bb mientras que decidieron absolver a Esp\u00f3sito Valenti ya que \u00abno hab\u00eda pruebas en su contra\u00bb.<\/p>\n\n\n\n<p>Por este motivo, el abogado del padre y abuelo de Lucio decidieron apelar la decisi\u00f3n del Tribunal al considerar que lo aportado a la causa es suficiente para determinar que Esp\u00f3sito Valenti tambi\u00e9n es responsable del abuso contra el menor.<\/p>\n\n\n\n<figure class=\"wp-block-image alignright size-large is-resized\"><img loading=\"lazy\" decoding=\"async\" src=\"https:\/\/infoecos.com.ar\/wp-content\/uploads\/2022\/08\/6EZV3PT6HNCTNCV3LMPGOHNQPU-920x460.webp\" alt=\"\" class=\"wp-image-95697\" width=\"402\" height=\"201\" srcset=\"https:\/\/infoecos.com.ar\/wp-content\/uploads\/2022\/08\/6EZV3PT6HNCTNCV3LMPGOHNQPU-920x460.webp 920w, https:\/\/infoecos.com.ar\/wp-content\/uploads\/2022\/08\/6EZV3PT6HNCTNCV3LMPGOHNQPU-460x230.webp 460w, https:\/\/infoecos.com.ar\/wp-content\/uploads\/2022\/08\/6EZV3PT6HNCTNCV3LMPGOHNQPU-768x384.webp 768w, https:\/\/infoecos.com.ar\/wp-content\/uploads\/2022\/08\/6EZV3PT6HNCTNCV3LMPGOHNQPU-1024x512.webp 1024w, https:\/\/infoecos.com.ar\/wp-content\/uploads\/2022\/08\/6EZV3PT6HNCTNCV3LMPGOHNQPU.webp 1440w\" sizes=\"(max-width: 402px) 100vw, 402px\" \/><\/figure>\n\n\n\n<p>El Tribunal de Audiencia que est\u00e1 integrado por los jueces Andr\u00e9s Oli\u00e9 y Daniel S\u00e1ez Zamora y la jueza Alejandra Ongaro, ser\u00e1 el encargado de dar a conocer hoy las penas para las condenadas por el crimen del menor de 5 a\u00f1os, ocurrido el 26 de noviembre de 2021 en La Pampa.<\/p>\n","protected":false},"excerpt":{"rendered":"<p>La abogada de P\u00e1ez, Silvina Blanco G\u00f3mez, confirm\u00f3 a la agencia Noticias Argentinas que las imputadas no viajan hasta la provincia para escuchar la sentencia si no que ser\u00e1n notificadas luego por un secretario judicial.<\/p>\n","protected":false},"author":2,"featured_media":101760,"comment_status":"closed","ping_status":"open","sticky":false,"template":"","format":"standard","meta":{"footnotes":""},"categories":[1612],"tags":[7352],"class_list":["post-101997","post","type-post","status-publish","format-standard","has-post-thumbnail","hentry","category-noticia-principal","tag-sera-cadena-perpetua"],"yoast_head":"<!-- This site is optimized with the Yoast SEO plugin v23.4 - https:\/\/yoast.com\/wordpress\/plugins\/seo\/ -->\n<title>Santa Rosa: Hoy se conocer\u00e1 la pena para las asesinas de Lucio Dupuy - Infoecos<\/title>\n<meta name=\"robots\" content=\"index, follow, max-snippet:-1, max-image-preview:large, max-video-preview:-1\" \/>\n<link rel=\"canonical\" href=\"https:\/\/infoecos.com.ar\/index.php\/santa-rosa-hoy-se-conocera-la-pena-para-las-asesinas-de-lucio-dupuy\/\" \/>\n<meta property=\"og:locale\" content=\"es_ES\" \/>\n<meta property=\"og:type\" content=\"article\" \/>\n<meta property=\"og:title\" content=\"Santa Rosa: Hoy se conocer\u00e1 la pena para las asesinas de Lucio Dupuy - Infoecos\" \/>\n<meta property=\"og:description\" content=\"La abogada de P\u00e1ez, Silvina Blanco G\u00f3mez, confirm\u00f3 a la agencia Noticias Argentinas que las imputadas no viajan hasta la provincia para escuchar la sentencia si no que ser\u00e1n notificadas luego por un secretario judicial.\" \/>\n<meta property=\"og:url\" content=\"https:\/\/infoecos.com.ar\/index.php\/santa-rosa-hoy-se-conocera-la-pena-para-las-asesinas-de-lucio-dupuy\/\" \/>\n<meta property=\"og:site_name\" content=\"Infoecos\" \/>\n<meta property=\"article:publisher\" content=\"https:\/\/www.facebook.com\/profile.php?id=100063200290284\" \/>\n<meta property=\"article:published_time\" content=\"2023-02-17T04:04:30+00:00\" \/>\n<meta property=\"article:modified_time\" content=\"2023-02-17T04:04:31+00:00\" \/>\n<meta property=\"og:image\" content=\"https:\/\/infoecos.com.ar\/wp-content\/uploads\/2023\/02\/image-73.png\" \/>\n\t<meta property=\"og:image:width\" content=\"1121\" \/>\n\t<meta property=\"og:image:height\" content=\"633\" \/>\n\t<meta property=\"og:image:type\" content=\"image\/png\" \/>\n<meta name=\"author\" content=\"Jorge Matheus\" \/>\n<meta name=\"twitter:card\" content=\"summary_large_image\" \/>\n<meta name=\"twitter:creator\" content=\"@infoecos\" \/>\n<meta name=\"twitter:site\" content=\"@infoecos\" \/>\n<meta name=\"twitter:label1\" content=\"Escrito por\" \/>\n\t<meta name=\"twitter:data1\" content=\"Jorge Matheus\" \/>\n\t<meta name=\"twitter:label2\" content=\"Tiempo de lectura\" \/>\n\t<meta name=\"twitter:data2\" content=\"2 minutos\" \/>\n<script type=\"application\/ld+json\" class=\"yoast-schema-graph\">{\"@context\":\"https:\/\/schema.org\",\"@graph\":[{\"@type\":\"Article\",\"@id\":\"https:\/\/infoecos.com.ar\/index.php\/santa-rosa-hoy-se-conocera-la-pena-para-las-asesinas-de-lucio-dupuy\/#article\",\"isPartOf\":{\"@id\":\"https:\/\/infoecos.com.ar\/index.php\/santa-rosa-hoy-se-conocera-la-pena-para-las-asesinas-de-lucio-dupuy\/\"},\"author\":{\"name\":\"Jorge Matheus\",\"@id\":\"https:\/\/infoecos.com.ar\/#\/schema\/person\/8f5ace5ce73b4b4aac4b7245aee6f191\"},\"headline\":\"Santa Rosa: Hoy se conocer\u00e1 la pena para las asesinas de Lucio Dupuy\",\"datePublished\":\"2023-02-17T04:04:30+00:00\",\"dateModified\":\"2023-02-17T04:04:31+00:00\",\"mainEntityOfPage\":{\"@id\":\"https:\/\/infoecos.com.ar\/index.php\/santa-rosa-hoy-se-conocera-la-pena-para-las-asesinas-de-lucio-dupuy\/\"},\"wordCount\":329,\"publisher\":{\"@id\":\"https:\/\/infoecos.com.ar\/#organization\"},\"image\":{\"@id\":\"https:\/\/infoecos.com.ar\/index.php\/santa-rosa-hoy-se-conocera-la-pena-para-las-asesinas-de-lucio-dupuy\/#primaryimage\"},\"thumbnailUrl\":\"https:\/\/infoecos.com.ar\/wp-content\/uploads\/2023\/02\/image-73.png\",\"keywords\":[\"ser\u00e1 cadena perpetua ?\"],\"articleSection\":[\"Noticia Principal\"],\"inLanguage\":\"es\"},{\"@type\":\"WebPage\",\"@id\":\"https:\/\/infoecos.com.ar\/index.php\/santa-rosa-hoy-se-conocera-la-pena-para-las-asesinas-de-lucio-dupuy\/\",\"url\":\"https:\/\/infoecos.com.ar\/index.php\/santa-rosa-hoy-se-conocera-la-pena-para-las-asesinas-de-lucio-dupuy\/\",\"name\":\"Santa Rosa: Hoy se conocer\u00e1 la pena para las asesinas de Lucio Dupuy - Infoecos\",\"isPartOf\":{\"@id\":\"https:\/\/infoecos.com.ar\/#website\"},\"primaryImageOfPage\":{\"@id\":\"https:\/\/infoecos.com.ar\/index.php\/santa-rosa-hoy-se-conocera-la-pena-para-las-asesinas-de-lucio-dupuy\/#primaryimage\"},\"image\":{\"@id\":\"https:\/\/infoecos.com.ar\/index.php\/santa-rosa-hoy-se-conocera-la-pena-para-las-asesinas-de-lucio-dupuy\/#primaryimage\"},\"thumbnailUrl\":\"https:\/\/infoecos.com.ar\/wp-content\/uploads\/2023\/02\/image-73.png\",\"datePublished\":\"2023-02-17T04:04:30+00:00\",\"dateModified\":\"2023-02-17T04:04:31+00:00\",\"breadcrumb\":{\"@id\":\"https:\/\/infoecos.com.ar\/index.php\/santa-rosa-hoy-se-conocera-la-pena-para-las-asesinas-de-lucio-dupuy\/#breadcrumb\"},\"inLanguage\":\"es\",\"potentialAction\":[{\"@type\":\"ReadAction\",\"target\":[\"https:\/\/infoecos.com.ar\/index.php\/santa-rosa-hoy-se-conocera-la-pena-para-las-asesinas-de-lucio-dupuy\/\"]}]},{\"@type\":\"ImageObject\",\"inLanguage\":\"es\",\"@id\":\"https:\/\/infoecos.com.ar\/index.php\/santa-rosa-hoy-se-conocera-la-pena-para-las-asesinas-de-lucio-dupuy\/#primaryimage\",\"url\":\"https:\/\/infoecos.com.ar\/wp-content\/uploads\/2023\/02\/image-73.png\",\"contentUrl\":\"https:\/\/infoecos.com.ar\/wp-content\/uploads\/2023\/02\/image-73.png\",\"width\":1121,\"height\":633},{\"@type\":\"BreadcrumbList\",\"@id\":\"https:\/\/infoecos.com.ar\/index.php\/santa-rosa-hoy-se-conocera-la-pena-para-las-asesinas-de-lucio-dupuy\/#breadcrumb\",\"itemListElement\":[{\"@type\":\"ListItem\",\"position\":1,\"name\":\"Portada\",\"item\":\"https:\/\/infoecos.com.ar\/\"},{\"@type\":\"ListItem\",\"position\":2,\"name\":\"Santa Rosa: Hoy se conocer\u00e1 la pena para las asesinas de Lucio Dupuy\"}]},{\"@type\":\"WebSite\",\"@id\":\"https:\/\/infoecos.com.ar\/#website\",\"url\":\"https:\/\/infoecos.com.ar\/\",\"name\":\"Infoecos\",\"description\":\"Noticias de trenque lauquen y la zona\",\"publisher\":{\"@id\":\"https:\/\/infoecos.com.ar\/#organization\"},\"alternateName\":\"Noticias\",\"potentialAction\":[{\"@type\":\"SearchAction\",\"target\":{\"@type\":\"EntryPoint\",\"urlTemplate\":\"https:\/\/infoecos.com.ar\/?s={search_term_string}\"},\"query-input\":{\"@type\":\"PropertyValueSpecification\",\"valueRequired\":true,\"valueName\":\"search_term_string\"}}],\"inLanguage\":\"es\"},{\"@type\":\"Organization\",\"@id\":\"https:\/\/infoecos.com.ar\/#organization\",\"name\":\"Infoecos\",\"alternateName\":\"Noticias\",\"url\":\"https:\/\/infoecos.com.ar\/\",\"logo\":{\"@type\":\"ImageObject\",\"inLanguage\":\"es\",\"@id\":\"https:\/\/infoecos.com.ar\/#\/schema\/logo\/image\/\",\"url\":\"https:\/\/infoecos.com.ar\/wp-content\/uploads\/2024\/03\/cropped-logo.png\",\"contentUrl\":\"https:\/\/infoecos.com.ar\/wp-content\/uploads\/2024\/03\/cropped-logo.png\",\"width\":374,\"height\":90,\"caption\":\"Infoecos\"},\"image\":{\"@id\":\"https:\/\/infoecos.com.ar\/#\/schema\/logo\/image\/\"},\"sameAs\":[\"https:\/\/www.facebook.com\/profile.php?id=100063200290284\",\"https:\/\/x.com\/infoecos\"]},{\"@type\":\"Person\",\"@id\":\"https:\/\/infoecos.com.ar\/#\/schema\/person\/8f5ace5ce73b4b4aac4b7245aee6f191\",\"name\":\"Jorge Matheus\",\"url\":\"https:\/\/infoecos.com.ar\/index.php\/author\/jomatheus\/\"}]}<\/script>\n<!-- \/ Yoast SEO plugin. -->","yoast_head_json":{"title":"Santa Rosa: Hoy se conocer\u00e1 la pena para las asesinas de Lucio Dupuy - Infoecos","robots":{"index":"index","follow":"follow","max-snippet":"max-snippet:-1","max-image-preview":"max-image-preview:large","max-video-preview":"max-video-preview:-1"},"canonical":"https:\/\/infoecos.com.ar\/index.php\/santa-rosa-hoy-se-conocera-la-pena-para-las-asesinas-de-lucio-dupuy\/","og_locale":"es_ES","og_type":"article","og_title":"Santa Rosa: Hoy se conocer\u00e1 la pena para las asesinas de Lucio Dupuy - Infoecos","og_description":"La abogada de P\u00e1ez, Silvina Blanco G\u00f3mez, confirm\u00f3 a la agencia Noticias Argentinas que las imputadas no viajan hasta la provincia para escuchar la sentencia si no que ser\u00e1n notificadas luego por un secretario judicial.","og_url":"https:\/\/infoecos.com.ar\/index.php\/santa-rosa-hoy-se-conocera-la-pena-para-las-asesinas-de-lucio-dupuy\/","og_site_name":"Infoecos","article_publisher":"https:\/\/www.facebook.com\/profile.php?id=100063200290284","article_published_time":"2023-02-17T04:04:30+00:00","article_modified_time":"2023-02-17T04:04:31+00:00","og_image":[{"width":1121,"height":633,"url":"https:\/\/infoecos.com.ar\/wp-content\/uploads\/2023\/02\/image-73.png","type":"image\/png"}],"author":"Jorge Matheus","twitter_card":"summary_large_image","twitter_creator":"@infoecos","twitter_site":"@infoecos","twitter_misc":{"Escrito por":"Jorge Matheus","Tiempo de lectura":"2 minutos"},"schema":{"@context":"https:\/\/schema.org","@graph":[{"@type":"Article","@id":"https:\/\/infoecos.com.ar\/index.php\/santa-rosa-hoy-se-conocera-la-pena-para-las-asesinas-de-lucio-dupuy\/#article","isPartOf":{"@id":"https:\/\/infoecos.com.ar\/index.php\/santa-rosa-hoy-se-conocera-la-pena-para-las-asesinas-de-lucio-dupuy\/"},"author":{"name":"Jorge Matheus","@id":"https:\/\/infoecos.com.ar\/#\/schema\/person\/8f5ace5ce73b4b4aac4b7245aee6f191"},"headline":"Santa Rosa: Hoy se conocer\u00e1 la pena para las asesinas de Lucio Dupuy","datePublished":"2023-02-17T04:04:30+00:00","dateModified":"2023-02-17T04:04:31+00:00","mainEntityOfPage":{"@id":"https:\/\/infoecos.com.ar\/index.php\/santa-rosa-hoy-se-conocera-la-pena-para-las-asesinas-de-lucio-dupuy\/"},"wordCount":329,"publisher":{"@id":"https:\/\/infoecos.com.ar\/#organization"},"image":{"@id":"https:\/\/infoecos.com.ar\/index.php\/santa-rosa-hoy-se-conocera-la-pena-para-las-asesinas-de-lucio-dupuy\/#primaryimage"},"thumbnailUrl":"https:\/\/infoecos.com.ar\/wp-content\/uploads\/2023\/02\/image-73.png","keywords":["ser\u00e1 cadena perpetua ?"],"articleSection":["Noticia Principal"],"inLanguage":"es"},{"@type":"WebPage","@id":"https:\/\/infoecos.com.ar\/index.php\/santa-rosa-hoy-se-conocera-la-pena-para-las-asesinas-de-lucio-dupuy\/","url":"https:\/\/infoecos.com.ar\/index.php\/santa-rosa-hoy-se-conocera-la-pena-para-las-asesinas-de-lucio-dupuy\/","name":"Santa Rosa: Hoy se conocer\u00e1 la pena para las asesinas de Lucio Dupuy - Infoecos","isPartOf":{"@id":"https:\/\/infoecos.com.ar\/#website"},"primaryImageOfPage":{"@id":"https:\/\/infoecos.com.ar\/index.php\/santa-rosa-hoy-se-conocera-la-pena-para-las-asesinas-de-lucio-dupuy\/#primaryimage"},"image":{"@id":"https:\/\/infoecos.com.ar\/index.php\/santa-rosa-hoy-se-conocera-la-pena-para-las-asesinas-de-lucio-dupuy\/#primaryimage"},"thumbnailUrl":"https:\/\/infoecos.com.ar\/wp-content\/uploads\/2023\/02\/image-73.png","datePublished":"2023-02-17T04:04:30+00:00","dateModified":"2023-02-17T04:04:31+00:00","breadcrumb":{"@id":"https:\/\/infoecos.com.ar\/index.php\/santa-rosa-hoy-se-conocera-la-pena-para-las-asesinas-de-lucio-dupuy\/#breadcrumb"},"inLanguage":"es","potentialAction":[{"@type":"ReadAction","target":["https:\/\/infoecos.com.ar\/index.php\/santa-rosa-hoy-se-conocera-la-pena-para-las-asesinas-de-lucio-dupuy\/"]}]},{"@type":"ImageObject","inLanguage":"es","@id":"https:\/\/infoecos.com.ar\/index.php\/santa-rosa-hoy-se-conocera-la-pena-para-las-asesinas-de-lucio-dupuy\/#primaryimage","url":"https:\/\/infoecos.com.ar\/wp-content\/uploads\/2023\/02\/image-73.png","contentUrl":"https:\/\/infoecos.com.ar\/wp-content\/uploads\/2023\/02\/image-73.png","width":1121,"height":633},{"@type":"BreadcrumbList","@id":"https:\/\/infoecos.com.ar\/index.php\/santa-rosa-hoy-se-conocera-la-pena-para-las-asesinas-de-lucio-dupuy\/#breadcrumb","itemListElement":[{"@type":"ListItem","position":1,"name":"Portada","item":"https:\/\/infoecos.com.ar\/"},{"@type":"ListItem","position":2,"name":"Santa Rosa: Hoy se conocer\u00e1 la pena para las asesinas de Lucio Dupuy"}]},{"@type":"WebSite","@id":"https:\/\/infoecos.com.ar\/#website","url":"https:\/\/infoecos.com.ar\/","name":"Infoecos","description":"Noticias de trenque lauquen y la zona","publisher":{"@id":"https:\/\/infoecos.com.ar\/#organization"},"alternateName":"Noticias","potentialAction":[{"@type":"SearchAction","target":{"@type":"EntryPoint","urlTemplate":"https:\/\/infoecos.com.ar\/?s={search_term_string}"},"query-input":{"@type":"PropertyValueSpecification","valueRequired":true,"valueName":"search_term_string"}}],"inLanguage":"es"},{"@type":"Organization","@id":"https:\/\/infoecos.com.ar\/#organization","name":"Infoecos","alternateName":"Noticias","url":"https:\/\/infoecos.com.ar\/","logo":{"@type":"ImageObject","inLanguage":"es","@id":"https:\/\/infoecos.com.ar\/#\/schema\/logo\/image\/","url":"https:\/\/infoecos.com.ar\/wp-content\/uploads\/2024\/03\/cropped-logo.png","contentUrl":"https:\/\/infoecos.com.ar\/wp-content\/uploads\/2024\/03\/cropped-logo.png","width":374,"height":90,"caption":"Infoecos"},"image":{"@id":"https:\/\/infoecos.com.ar\/#\/schema\/logo\/image\/"},"sameAs":["https:\/\/www.facebook.com\/profile.php?id=100063200290284","https:\/\/x.com\/infoecos"]},{"@type":"Person","@id":"https:\/\/infoecos.com.ar\/#\/schema\/person\/8f5ace5ce73b4b4aac4b7245aee6f191","name":"Jorge Matheus","url":"https:\/\/infoecos.com.ar\/index.php\/author\/jomatheus\/"}]}},"featured_image_urls":{"full":["https:\/\/infoecos.com.ar\/wp-content\/uploads\/2023\/02\/image-73.png",1121,633,false],"thumbnail":["https:\/\/infoecos.com.ar\/wp-content\/uploads\/2023\/02\/image-73-300x150.png",300,150,true],"medium":["https:\/\/infoecos.com.ar\/wp-content\/uploads\/2023\/02\/image-73-800x452.png",800,452,true],"medium_large":["https:\/\/infoecos.com.ar\/wp-content\/uploads\/2023\/02\/image-73-768x434.png",640,362,true],"large":["https:\/\/infoecos.com.ar\/wp-content\/uploads\/2023\/02\/image-73.png",640,361,false],"1536x1536":["https:\/\/infoecos.com.ar\/wp-content\/uploads\/2023\/02\/image-73.png",1121,633,false],"2048x2048":["https:\/\/infoecos.com.ar\/wp-content\/uploads\/2023\/02\/image-73.png",1121,633,false],"covernews-slider-full":["https:\/\/infoecos.com.ar\/wp-content\/uploads\/2023\/02\/image-73.png",1115,630,false],"covernews-slider-center":["https:\/\/infoecos.com.ar\/wp-content\/uploads\/2023\/02\/image-73-936x633.png",739,500,true],"covernews-featured":["https:\/\/infoecos.com.ar\/wp-content\/uploads\/2023\/02\/image-73-1024x578.png",1024,578,true],"covernews-medium":["https:\/\/infoecos.com.ar\/wp-content\/uploads\/2023\/02\/image-73-720x380.png",540,285,true],"covernews-medium-square":["https:\/\/infoecos.com.ar\/wp-content\/uploads\/2023\/02\/image-73-675x450.png",375,250,true]},"author_info":{"info":["Jorge Matheus"]},"category_info":"<a href=\"https:\/\/infoecos.com.ar\/index.php\/category\/noticia-principal\/\" rel=\"category tag\">Noticia Principal<\/a>","tag_info":"Noticia Principal","comment_count":"0","_links":{"self":[{"href":"https:\/\/infoecos.com.ar\/index.php\/wp-json\/wp\/v2\/posts\/101997"}],"collection":[{"href":"https:\/\/infoecos.com.ar\/index.php\/wp-json\/wp\/v2\/posts"}],"about":[{"href":"https:\/\/infoecos.com.ar\/index.php\/wp-json\/wp\/v2\/types\/post"}],"author":[{"embeddable":true,"href":"https:\/\/infoecos.com.ar\/index.php\/wp-json\/wp\/v2\/users\/2"}],"replies":[{"embeddable":true,"href":"https:\/\/infoecos.com.ar\/index.php\/wp-json\/wp\/v2\/comments?post=101997"}],"version-history":[{"count":1,"href":"https:\/\/infoecos.com.ar\/index.php\/wp-json\/wp\/v2\/posts\/101997\/revisions"}],"predecessor-version":[{"id":101998,"href":"https:\/\/infoecos.com.ar\/index.php\/wp-json\/wp\/v2\/posts\/101997\/revisions\/101998"}],"wp:featuredmedia":[{"embeddable":true,"href":"https:\/\/infoecos.com.ar\/index.php\/wp-json\/wp\/v2\/media\/101760"}],"wp:attachment":[{"href":"https:\/\/infoecos.com.ar\/index.php\/wp-json\/wp\/v2\/media?parent=101997"}],"wp:term":[{"taxonomy":"category","embeddable":true,"href":"https:\/\/infoecos.com.ar\/index.php\/wp-json\/wp\/v2\/categories?post=101997"},{"taxonomy":"post_tag","embeddable":true,"href":"https:\/\/infoecos.com.ar\/index.php\/wp-json\/wp\/v2\/tags?post=101997"}],"curies":[{"name":"wp","href":"https:\/\/api.w.org\/{rel}","templated":true}]}}