{"id":102004,"date":"2023-02-17T01:45:48","date_gmt":"2023-02-17T04:45:48","guid":{"rendered":"https:\/\/infoecos.com.ar\/?p=102004"},"modified":"2023-02-17T01:45:49","modified_gmt":"2023-02-17T04:45:49","slug":"anunciaron-la-ampliacion-de-las-asignaciones-familiares-para-trabajadores-registrados","status":"publish","type":"post","link":"https:\/\/infoecos.com.ar\/index.php\/anunciaron-la-ampliacion-de-las-asignaciones-familiares-para-trabajadores-registrados\/","title":{"rendered":"Anunciaron la ampliaci\u00f3n de las asignaciones familiares para trabajadores registrados"},"content":{"rendered":"\n<p>La directora ejecutiva de ANSES,\u00a0<strong>Fernanda Raverta<\/strong>, y el ministro de Econom\u00eda de la Naci\u00f3n,\u00a0<strong>Sergio Massa<\/strong>, anunciaron la incorporaci\u00f3n de 900 mil ni\u00f1as, ni\u00f1os y adolescentes al Sistema \u00danico de Asignaciones Familiares (SUAF), beneficiando a m\u00e1s de 600 mil trabajadoras y trabajadores argentinos.<\/p>\n\n\n\n<p>Desde el mes de marzo, se igualar\u00e1 el tope de ingresos para percibir las Asignaciones Familiares con el piso del Impuesto a las Ganancias.&nbsp;<strong>De este modo, el nuevo tope pasar\u00e1 de 158 mil pesos a 404 mil pesos<\/strong>.<\/p>\n\n\n\n<p><strong>Esta medida es de car\u00e1cter permanente<\/strong>. Es decir que, ante cada actualizaci\u00f3n que tenga el piso por el cual comienza a tributarse el Impuesto a las Ganancias, tambi\u00e9n se actualizar\u00e1 el tope hasta el cual se perciben las Asignaciones Familiares.&nbsp;<strong>As\u00ed, logramos que todas las hijas e hijos de los trabajadores registrados est\u00e9n cubiertos por el sistema de asignaciones<\/strong>.<\/p>\n\n\n\n<p>Con esta medida, la cobertura de las Asignaciones Familiares se ampl\u00eda a m\u00e1s de 4,4 millones de ni\u00f1as, ni\u00f1os y adolescentes y a 2,9 millones de trabajadoras y trabajadores registrados.<\/p>\n\n\n\n<p>Durante el anuncio,&nbsp;<strong>Raverta<\/strong>&nbsp;destac\u00f3 que \u201c<em>con esta medida, a partir de marzo 900 mil chicas y chicos van a tener su Asignaci\u00f3n Familiar, como las hijas e hijos del resto de los trabajadores de la Argentina\u201d.<\/em><\/p>\n\n\n\n<p>\u201c<em>Este anuncio es muy importante, ya que pone en valor el esfuerzo de 600 mil trabajadores. Esta medida quedar\u00e1 de forma permanente ya que, de ahora en adelante, cada vez que aumente el piso de Impuesto a las Ganancias tambi\u00e9n se asimilar\u00e1 el tope hasta el cual se percibir\u00e1n las Asignaciones Familiares<\/em>\u201d, agreg\u00f3 la titular de ANSES.<\/p>\n\n\n\n<p>En tanto,&nbsp;<strong>Massa<\/strong>&nbsp;sostuvo que \u201c<em>es muy importante que tengamos fortaleza en el Sistema de Seguridad Social\u201d.&nbsp;<\/em>En ese marco, agreg\u00f3:<em>&nbsp;\u201cLa Argentina recorre un enorme desaf\u00edo. Por un lado, el de recuperar el ingreso y, por el otro, garantizar la estabilidad macroecon\u00f3mica. Ambos son importantes a los efectos de garantizar un desaf\u00edo que tenemos como gobierno que es la recuperaci\u00f3n del ingreso en la Argentina y la mejora en su distribuci\u00f3n\u201d.<\/em><\/p>\n\n\n\n<p>La ampliaci\u00f3n de esta cobertura implica un esfuerzo fiscal aproximado de 4000 millones de pesos mensuales.<\/p>\n","protected":false},"excerpt":{"rendered":"<p>Desde el mes de marzo, se igualar\u00e1 el tope de ingresos para percibir las Asignaciones Familiares con el piso del Impuesto a las Ganancias<\/p>\n","protected":false},"author":2,"featured_media":102005,"comment_status":"closed","ping_status":"open","sticky":false,"template":"","format":"standard","meta":{"footnotes":""},"categories":[1341],"tags":[97],"class_list":["post-102004","post","type-post","status-publish","format-standard","has-post-thumbnail","hentry","category-c1nota7","tag-economia"],"yoast_head":"<!-- This site is optimized with the Yoast SEO plugin v23.4 - https:\/\/yoast.com\/wordpress\/plugins\/seo\/ -->\n<title>Anunciaron la ampliaci\u00f3n de las asignaciones familiares para trabajadores registrados - Infoecos<\/title>\n<meta name=\"robots\" content=\"index, follow, max-snippet:-1, max-image-preview:large, max-video-preview:-1\" \/>\n<link rel=\"canonical\" href=\"https:\/\/infoecos.com.ar\/index.php\/anunciaron-la-ampliacion-de-las-asignaciones-familiares-para-trabajadores-registrados\/\" \/>\n<meta property=\"og:locale\" content=\"es_ES\" \/>\n<meta property=\"og:type\" content=\"article\" \/>\n<meta property=\"og:title\" content=\"Anunciaron la ampliaci\u00f3n de las asignaciones familiares para trabajadores registrados - Infoecos\" \/>\n<meta property=\"og:description\" content=\"Desde el mes de marzo, se igualar\u00e1 el tope de ingresos para percibir las Asignaciones Familiares con el piso del Impuesto a las Ganancias\" \/>\n<meta property=\"og:url\" content=\"https:\/\/infoecos.com.ar\/index.php\/anunciaron-la-ampliacion-de-las-asignaciones-familiares-para-trabajadores-registrados\/\" \/>\n<meta property=\"og:site_name\" content=\"Infoecos\" \/>\n<meta property=\"article:publisher\" content=\"https:\/\/www.facebook.com\/profile.php?id=100063200290284\" \/>\n<meta property=\"article:published_time\" content=\"2023-02-17T04:45:48+00:00\" \/>\n<meta property=\"article:modified_time\" content=\"2023-02-17T04:45:49+00:00\" \/>\n<meta property=\"og:image\" content=\"https:\/\/infoecos.com.ar\/wp-content\/uploads\/2023\/02\/Fernanda-Raverta-y-Sergio-Massa.png\" \/>\n\t<meta property=\"og:image:width\" content=\"1280\" \/>\n\t<meta property=\"og:image:height\" content=\"853\" \/>\n\t<meta property=\"og:image:type\" content=\"image\/png\" \/>\n<meta name=\"author\" content=\"Jorge Matheus\" \/>\n<meta name=\"twitter:card\" content=\"summary_large_image\" \/>\n<meta name=\"twitter:creator\" content=\"@infoecos\" \/>\n<meta name=\"twitter:site\" content=\"@infoecos\" \/>\n<meta name=\"twitter:label1\" content=\"Escrito por\" \/>\n\t<meta name=\"twitter:data1\" content=\"Jorge Matheus\" \/>\n\t<meta name=\"twitter:label2\" content=\"Tiempo de lectura\" \/>\n\t<meta name=\"twitter:data2\" content=\"2 minutos\" \/>\n<script type=\"application\/ld+json\" class=\"yoast-schema-graph\">{\"@context\":\"https:\/\/schema.org\",\"@graph\":[{\"@type\":\"Article\",\"@id\":\"https:\/\/infoecos.com.ar\/index.php\/anunciaron-la-ampliacion-de-las-asignaciones-familiares-para-trabajadores-registrados\/#article\",\"isPartOf\":{\"@id\":\"https:\/\/infoecos.com.ar\/index.php\/anunciaron-la-ampliacion-de-las-asignaciones-familiares-para-trabajadores-registrados\/\"},\"author\":{\"name\":\"Jorge Matheus\",\"@id\":\"https:\/\/infoecos.com.ar\/#\/schema\/person\/8f5ace5ce73b4b4aac4b7245aee6f191\"},\"headline\":\"Anunciaron la ampliaci\u00f3n de las asignaciones familiares para trabajadores registrados\",\"datePublished\":\"2023-02-17T04:45:48+00:00\",\"dateModified\":\"2023-02-17T04:45:49+00:00\",\"mainEntityOfPage\":{\"@id\":\"https:\/\/infoecos.com.ar\/index.php\/anunciaron-la-ampliacion-de-las-asignaciones-familiares-para-trabajadores-registrados\/\"},\"wordCount\":387,\"publisher\":{\"@id\":\"https:\/\/infoecos.com.ar\/#organization\"},\"image\":{\"@id\":\"https:\/\/infoecos.com.ar\/index.php\/anunciaron-la-ampliacion-de-las-asignaciones-familiares-para-trabajadores-registrados\/#primaryimage\"},\"thumbnailUrl\":\"https:\/\/infoecos.com.ar\/wp-content\/uploads\/2023\/02\/Fernanda-Raverta-y-Sergio-Massa.png\",\"keywords\":[\"ECONOM\u00cdA\"],\"articleSection\":[\"C1 nota 7\"],\"inLanguage\":\"es\"},{\"@type\":\"WebPage\",\"@id\":\"https:\/\/infoecos.com.ar\/index.php\/anunciaron-la-ampliacion-de-las-asignaciones-familiares-para-trabajadores-registrados\/\",\"url\":\"https:\/\/infoecos.com.ar\/index.php\/anunciaron-la-ampliacion-de-las-asignaciones-familiares-para-trabajadores-registrados\/\",\"name\":\"Anunciaron la ampliaci\u00f3n de las asignaciones familiares para trabajadores registrados - Infoecos\",\"isPartOf\":{\"@id\":\"https:\/\/infoecos.com.ar\/#website\"},\"primaryImageOfPage\":{\"@id\":\"https:\/\/infoecos.com.ar\/index.php\/anunciaron-la-ampliacion-de-las-asignaciones-familiares-para-trabajadores-registrados\/#primaryimage\"},\"image\":{\"@id\":\"https:\/\/infoecos.com.ar\/index.php\/anunciaron-la-ampliacion-de-las-asignaciones-familiares-para-trabajadores-registrados\/#primaryimage\"},\"thumbnailUrl\":\"https:\/\/infoecos.com.ar\/wp-content\/uploads\/2023\/02\/Fernanda-Raverta-y-Sergio-Massa.png\",\"datePublished\":\"2023-02-17T04:45:48+00:00\",\"dateModified\":\"2023-02-17T04:45:49+00:00\",\"breadcrumb\":{\"@id\":\"https:\/\/infoecos.com.ar\/index.php\/anunciaron-la-ampliacion-de-las-asignaciones-familiares-para-trabajadores-registrados\/#breadcrumb\"},\"inLanguage\":\"es\",\"potentialAction\":[{\"@type\":\"ReadAction\",\"target\":[\"https:\/\/infoecos.com.ar\/index.php\/anunciaron-la-ampliacion-de-las-asignaciones-familiares-para-trabajadores-registrados\/\"]}]},{\"@type\":\"ImageObject\",\"inLanguage\":\"es\",\"@id\":\"https:\/\/infoecos.com.ar\/index.php\/anunciaron-la-ampliacion-de-las-asignaciones-familiares-para-trabajadores-registrados\/#primaryimage\",\"url\":\"https:\/\/infoecos.com.ar\/wp-content\/uploads\/2023\/02\/Fernanda-Raverta-y-Sergio-Massa.png\",\"contentUrl\":\"https:\/\/infoecos.com.ar\/wp-content\/uploads\/2023\/02\/Fernanda-Raverta-y-Sergio-Massa.png\",\"width\":1280,\"height\":853},{\"@type\":\"BreadcrumbList\",\"@id\":\"https:\/\/infoecos.com.ar\/index.php\/anunciaron-la-ampliacion-de-las-asignaciones-familiares-para-trabajadores-registrados\/#breadcrumb\",\"itemListElement\":[{\"@type\":\"ListItem\",\"position\":1,\"name\":\"Portada\",\"item\":\"https:\/\/infoecos.com.ar\/\"},{\"@type\":\"ListItem\",\"position\":2,\"name\":\"Anunciaron la ampliaci\u00f3n de las asignaciones familiares para trabajadores registrados\"}]},{\"@type\":\"WebSite\",\"@id\":\"https:\/\/infoecos.com.ar\/#website\",\"url\":\"https:\/\/infoecos.com.ar\/\",\"name\":\"Infoecos\",\"description\":\"Noticias de trenque lauquen y la zona\",\"publisher\":{\"@id\":\"https:\/\/infoecos.com.ar\/#organization\"},\"alternateName\":\"Noticias\",\"potentialAction\":[{\"@type\":\"SearchAction\",\"target\":{\"@type\":\"EntryPoint\",\"urlTemplate\":\"https:\/\/infoecos.com.ar\/?s={search_term_string}\"},\"query-input\":{\"@type\":\"PropertyValueSpecification\",\"valueRequired\":true,\"valueName\":\"search_term_string\"}}],\"inLanguage\":\"es\"},{\"@type\":\"Organization\",\"@id\":\"https:\/\/infoecos.com.ar\/#organization\",\"name\":\"Infoecos\",\"alternateName\":\"Noticias\",\"url\":\"https:\/\/infoecos.com.ar\/\",\"logo\":{\"@type\":\"ImageObject\",\"inLanguage\":\"es\",\"@id\":\"https:\/\/infoecos.com.ar\/#\/schema\/logo\/image\/\",\"url\":\"https:\/\/infoecos.com.ar\/wp-content\/uploads\/2024\/03\/cropped-logo.png\",\"contentUrl\":\"https:\/\/infoecos.com.ar\/wp-content\/uploads\/2024\/03\/cropped-logo.png\",\"width\":374,\"height\":90,\"caption\":\"Infoecos\"},\"image\":{\"@id\":\"https:\/\/infoecos.com.ar\/#\/schema\/logo\/image\/\"},\"sameAs\":[\"https:\/\/www.facebook.com\/profile.php?id=100063200290284\",\"https:\/\/x.com\/infoecos\"]},{\"@type\":\"Person\",\"@id\":\"https:\/\/infoecos.com.ar\/#\/schema\/person\/8f5ace5ce73b4b4aac4b7245aee6f191\",\"name\":\"Jorge Matheus\",\"url\":\"https:\/\/infoecos.com.ar\/index.php\/author\/jomatheus\/\"}]}<\/script>\n<!-- \/ Yoast SEO plugin. -->","yoast_head_json":{"title":"Anunciaron la ampliaci\u00f3n de las asignaciones familiares para trabajadores registrados - Infoecos","robots":{"index":"index","follow":"follow","max-snippet":"max-snippet:-1","max-image-preview":"max-image-preview:large","max-video-preview":"max-video-preview:-1"},"canonical":"https:\/\/infoecos.com.ar\/index.php\/anunciaron-la-ampliacion-de-las-asignaciones-familiares-para-trabajadores-registrados\/","og_locale":"es_ES","og_type":"article","og_title":"Anunciaron la ampliaci\u00f3n de las asignaciones familiares para trabajadores registrados - Infoecos","og_description":"Desde el mes de marzo, se igualar\u00e1 el tope de ingresos para percibir las Asignaciones Familiares con el piso del Impuesto a las Ganancias","og_url":"https:\/\/infoecos.com.ar\/index.php\/anunciaron-la-ampliacion-de-las-asignaciones-familiares-para-trabajadores-registrados\/","og_site_name":"Infoecos","article_publisher":"https:\/\/www.facebook.com\/profile.php?id=100063200290284","article_published_time":"2023-02-17T04:45:48+00:00","article_modified_time":"2023-02-17T04:45:49+00:00","og_image":[{"width":1280,"height":853,"url":"https:\/\/infoecos.com.ar\/wp-content\/uploads\/2023\/02\/Fernanda-Raverta-y-Sergio-Massa.png","type":"image\/png"}],"author":"Jorge Matheus","twitter_card":"summary_large_image","twitter_creator":"@infoecos","twitter_site":"@infoecos","twitter_misc":{"Escrito por":"Jorge Matheus","Tiempo de lectura":"2 minutos"},"schema":{"@context":"https:\/\/schema.org","@graph":[{"@type":"Article","@id":"https:\/\/infoecos.com.ar\/index.php\/anunciaron-la-ampliacion-de-las-asignaciones-familiares-para-trabajadores-registrados\/#article","isPartOf":{"@id":"https:\/\/infoecos.com.ar\/index.php\/anunciaron-la-ampliacion-de-las-asignaciones-familiares-para-trabajadores-registrados\/"},"author":{"name":"Jorge Matheus","@id":"https:\/\/infoecos.com.ar\/#\/schema\/person\/8f5ace5ce73b4b4aac4b7245aee6f191"},"headline":"Anunciaron la ampliaci\u00f3n de las asignaciones familiares para trabajadores registrados","datePublished":"2023-02-17T04:45:48+00:00","dateModified":"2023-02-17T04:45:49+00:00","mainEntityOfPage":{"@id":"https:\/\/infoecos.com.ar\/index.php\/anunciaron-la-ampliacion-de-las-asignaciones-familiares-para-trabajadores-registrados\/"},"wordCount":387,"publisher":{"@id":"https:\/\/infoecos.com.ar\/#organization"},"image":{"@id":"https:\/\/infoecos.com.ar\/index.php\/anunciaron-la-ampliacion-de-las-asignaciones-familiares-para-trabajadores-registrados\/#primaryimage"},"thumbnailUrl":"https:\/\/infoecos.com.ar\/wp-content\/uploads\/2023\/02\/Fernanda-Raverta-y-Sergio-Massa.png","keywords":["ECONOM\u00cdA"],"articleSection":["C1 nota 7"],"inLanguage":"es"},{"@type":"WebPage","@id":"https:\/\/infoecos.com.ar\/index.php\/anunciaron-la-ampliacion-de-las-asignaciones-familiares-para-trabajadores-registrados\/","url":"https:\/\/infoecos.com.ar\/index.php\/anunciaron-la-ampliacion-de-las-asignaciones-familiares-para-trabajadores-registrados\/","name":"Anunciaron la ampliaci\u00f3n de las asignaciones familiares para trabajadores registrados - Infoecos","isPartOf":{"@id":"https:\/\/infoecos.com.ar\/#website"},"primaryImageOfPage":{"@id":"https:\/\/infoecos.com.ar\/index.php\/anunciaron-la-ampliacion-de-las-asignaciones-familiares-para-trabajadores-registrados\/#primaryimage"},"image":{"@id":"https:\/\/infoecos.com.ar\/index.php\/anunciaron-la-ampliacion-de-las-asignaciones-familiares-para-trabajadores-registrados\/#primaryimage"},"thumbnailUrl":"https:\/\/infoecos.com.ar\/wp-content\/uploads\/2023\/02\/Fernanda-Raverta-y-Sergio-Massa.png","datePublished":"2023-02-17T04:45:48+00:00","dateModified":"2023-02-17T04:45:49+00:00","breadcrumb":{"@id":"https:\/\/infoecos.com.ar\/index.php\/anunciaron-la-ampliacion-de-las-asignaciones-familiares-para-trabajadores-registrados\/#breadcrumb"},"inLanguage":"es","potentialAction":[{"@type":"ReadAction","target":["https:\/\/infoecos.com.ar\/index.php\/anunciaron-la-ampliacion-de-las-asignaciones-familiares-para-trabajadores-registrados\/"]}]},{"@type":"ImageObject","inLanguage":"es","@id":"https:\/\/infoecos.com.ar\/index.php\/anunciaron-la-ampliacion-de-las-asignaciones-familiares-para-trabajadores-registrados\/#primaryimage","url":"https:\/\/infoecos.com.ar\/wp-content\/uploads\/2023\/02\/Fernanda-Raverta-y-Sergio-Massa.png","contentUrl":"https:\/\/infoecos.com.ar\/wp-content\/uploads\/2023\/02\/Fernanda-Raverta-y-Sergio-Massa.png","width":1280,"height":853},{"@type":"BreadcrumbList","@id":"https:\/\/infoecos.com.ar\/index.php\/anunciaron-la-ampliacion-de-las-asignaciones-familiares-para-trabajadores-registrados\/#breadcrumb","itemListElement":[{"@type":"ListItem","position":1,"name":"Portada","item":"https:\/\/infoecos.com.ar\/"},{"@type":"ListItem","position":2,"name":"Anunciaron la ampliaci\u00f3n de las asignaciones familiares para trabajadores registrados"}]},{"@type":"WebSite","@id":"https:\/\/infoecos.com.ar\/#website","url":"https:\/\/infoecos.com.ar\/","name":"Infoecos","description":"Noticias de trenque lauquen y la zona","publisher":{"@id":"https:\/\/infoecos.com.ar\/#organization"},"alternateName":"Noticias","potentialAction":[{"@type":"SearchAction","target":{"@type":"EntryPoint","urlTemplate":"https:\/\/infoecos.com.ar\/?s={search_term_string}"},"query-input":{"@type":"PropertyValueSpecification","valueRequired":true,"valueName":"search_term_string"}}],"inLanguage":"es"},{"@type":"Organization","@id":"https:\/\/infoecos.com.ar\/#organization","name":"Infoecos","alternateName":"Noticias","url":"https:\/\/infoecos.com.ar\/","logo":{"@type":"ImageObject","inLanguage":"es","@id":"https:\/\/infoecos.com.ar\/#\/schema\/logo\/image\/","url":"https:\/\/infoecos.com.ar\/wp-content\/uploads\/2024\/03\/cropped-logo.png","contentUrl":"https:\/\/infoecos.com.ar\/wp-content\/uploads\/2024\/03\/cropped-logo.png","width":374,"height":90,"caption":"Infoecos"},"image":{"@id":"https:\/\/infoecos.com.ar\/#\/schema\/logo\/image\/"},"sameAs":["https:\/\/www.facebook.com\/profile.php?id=100063200290284","https:\/\/x.com\/infoecos"]},{"@type":"Person","@id":"https:\/\/infoecos.com.ar\/#\/schema\/person\/8f5ace5ce73b4b4aac4b7245aee6f191","name":"Jorge Matheus","url":"https:\/\/infoecos.com.ar\/index.php\/author\/jomatheus\/"}]}},"featured_image_urls":{"full":["https:\/\/infoecos.com.ar\/wp-content\/uploads\/2023\/02\/Fernanda-Raverta-y-Sergio-Massa.png",1280,853,false],"thumbnail":["https:\/\/infoecos.com.ar\/wp-content\/uploads\/2023\/02\/Fernanda-Raverta-y-Sergio-Massa-300x150.png",300,150,true],"medium":["https:\/\/infoecos.com.ar\/wp-content\/uploads\/2023\/02\/Fernanda-Raverta-y-Sergio-Massa-800x533.png",800,533,true],"medium_large":["https:\/\/infoecos.com.ar\/wp-content\/uploads\/2023\/02\/Fernanda-Raverta-y-Sergio-Massa-768x512.png",640,427,true],"large":["https:\/\/infoecos.com.ar\/wp-content\/uploads\/2023\/02\/Fernanda-Raverta-y-Sergio-Massa.png",640,427,false],"1536x1536":["https:\/\/infoecos.com.ar\/wp-content\/uploads\/2023\/02\/Fernanda-Raverta-y-Sergio-Massa.png",1280,853,false],"2048x2048":["https:\/\/infoecos.com.ar\/wp-content\/uploads\/2023\/02\/Fernanda-Raverta-y-Sergio-Massa.png",1280,853,false],"covernews-slider-full":["https:\/\/infoecos.com.ar\/wp-content\/uploads\/2023\/02\/Fernanda-Raverta-y-Sergio-Massa.png",1073,715,false],"covernews-slider-center":["https:\/\/infoecos.com.ar\/wp-content\/uploads\/2023\/02\/Fernanda-Raverta-y-Sergio-Massa-936x853.png",549,500,true],"covernews-featured":["https:\/\/infoecos.com.ar\/wp-content\/uploads\/2023\/02\/Fernanda-Raverta-y-Sergio-Massa-1024x682.png",1024,682,true],"covernews-medium":["https:\/\/infoecos.com.ar\/wp-content\/uploads\/2023\/02\/Fernanda-Raverta-y-Sergio-Massa-720x380.png",540,285,true],"covernews-medium-square":["https:\/\/infoecos.com.ar\/wp-content\/uploads\/2023\/02\/Fernanda-Raverta-y-Sergio-Massa-675x450.png",375,250,true]},"author_info":{"info":["Jorge Matheus"]},"category_info":"<a href=\"https:\/\/infoecos.com.ar\/index.php\/category\/c1nota7\/\" rel=\"category tag\">C1 nota 7<\/a>","tag_info":"C1 nota 7","comment_count":"0","_links":{"self":[{"href":"https:\/\/infoecos.com.ar\/index.php\/wp-json\/wp\/v2\/posts\/102004"}],"collection":[{"href":"https:\/\/infoecos.com.ar\/index.php\/wp-json\/wp\/v2\/posts"}],"about":[{"href":"https:\/\/infoecos.com.ar\/index.php\/wp-json\/wp\/v2\/types\/post"}],"author":[{"embeddable":true,"href":"https:\/\/infoecos.com.ar\/index.php\/wp-json\/wp\/v2\/users\/2"}],"replies":[{"embeddable":true,"href":"https:\/\/infoecos.com.ar\/index.php\/wp-json\/wp\/v2\/comments?post=102004"}],"version-history":[{"count":1,"href":"https:\/\/infoecos.com.ar\/index.php\/wp-json\/wp\/v2\/posts\/102004\/revisions"}],"predecessor-version":[{"id":102006,"href":"https:\/\/infoecos.com.ar\/index.php\/wp-json\/wp\/v2\/posts\/102004\/revisions\/102006"}],"wp:featuredmedia":[{"embeddable":true,"href":"https:\/\/infoecos.com.ar\/index.php\/wp-json\/wp\/v2\/media\/102005"}],"wp:attachment":[{"href":"https:\/\/infoecos.com.ar\/index.php\/wp-json\/wp\/v2\/media?parent=102004"}],"wp:term":[{"taxonomy":"category","embeddable":true,"href":"https:\/\/infoecos.com.ar\/index.php\/wp-json\/wp\/v2\/categories?post=102004"},{"taxonomy":"post_tag","embeddable":true,"href":"https:\/\/infoecos.com.ar\/index.php\/wp-json\/wp\/v2\/tags?post=102004"}],"curies":[{"name":"wp","href":"https:\/\/api.w.org\/{rel}","templated":true}]}}