{"id":102010,"date":"2023-02-17T18:56:26","date_gmt":"2023-02-17T21:56:26","guid":{"rendered":"https:\/\/infoecos.com.ar\/?p=102010"},"modified":"2023-02-20T11:40:59","modified_gmt":"2023-02-20T14:40:59","slug":"el-violador-de-una-empleada-del-hospital-de-trenque-lauquen-ya-esta-en-calidad-de-detenido","status":"publish","type":"post","link":"https:\/\/infoecos.com.ar\/index.php\/el-violador-de-una-empleada-del-hospital-de-trenque-lauquen-ya-esta-en-calidad-de-detenido\/","title":{"rendered":"El violador de una empleada del Hospital de Trenque Lauquen ya est\u00e1 en calidad de detenido"},"content":{"rendered":"\n<p>Ya est\u00e1 en condiciones de detenido el violador de una empleada del Hospital Municipal de Trenque Lauquen, el pasado fin de semana. Lo dispuso la Justicia de Garant\u00edas del Departamento Judicial, despu\u00e9s de lo actuado por la Fiscal\u00eda que entiende en la causa.<\/p>\n\n\n\n<figure class=\"wp-block-image alignright size-large is-resized\"><img loading=\"lazy\" decoding=\"async\" src=\"https:\/\/infoecos.com.ar\/wp-content\/uploads\/IMG_20200323_191546-920x690.jpg\" alt=\"\" class=\"wp-image-59465\" width=\"402\" height=\"302\" srcset=\"https:\/\/infoecos.com.ar\/wp-content\/uploads\/IMG_20200323_191546-920x690.jpg 920w, https:\/\/infoecos.com.ar\/wp-content\/uploads\/IMG_20200323_191546-460x345.jpg 460w, https:\/\/infoecos.com.ar\/wp-content\/uploads\/IMG_20200323_191546-768x576.jpg 768w, https:\/\/infoecos.com.ar\/wp-content\/uploads\/IMG_20200323_191546-1536x1152.jpg 1536w, https:\/\/infoecos.com.ar\/wp-content\/uploads\/IMG_20200323_191546-1024x768.jpg 1024w, https:\/\/infoecos.com.ar\/wp-content\/uploads\/IMG_20200323_191546.jpg 1600w\" sizes=\"(max-width: 402px) 100vw, 402px\" \/><figcaption class=\"wp-element-caption\">Trenque Lauquen &#8211; Hospital &#8211; Guardia<\/figcaption><\/figure>\n\n\n\n<p>Tambi\u00e9n se conoci\u00f3 con la determinaci\u00f3n, la identidad del autor de este hecho deplorable ocurrido en el interior del propio establecimiento entre la noche del s\u00e1bado y la madrugada del domingo, en uno de los pasillos que llevan al \u00e1rea administrativa del efector de salud. Se trata de Adolfo Rub\u00e9n Rodr\u00edguez, de 49 a\u00f1os, que reside en la zona Noroeste de la cabecera del distrito.<\/p>\n\n\n\n<p>La v\u00edctima del abuso est\u00e1 bajo tratamiento m\u00e9dico constante. Se afirma en distintas fuentes que la informaci\u00f3n ha sido a cuentagotas para preservar la tranquilidad de la misma que cuenta con el acompa\u00f1amiento de su familia y especialistas en este tipo de cuestiones. <\/p>\n\n\n\n<p>Rub\u00e9n Rodr\u00edguez al momento de producir el hecho estaba internado. Al d\u00eda siguiente se dio a la fuga. Fue, a partir de ese momento, luego de haberse hecho un minucioso estudio de las im\u00e1genes y testimonios recogidos que se lo busc\u00f3, hasta que lo aprehendieron en su domicilio particular, el lunes, en un domicilio de la calle Tala. Despu\u00e9s de unos d\u00edas en la comisar\u00eda de Trenque Lauquen fue trasladado a General Pinto. <\/p>\n\n\n\n<p>En algunas fuentes tribunalicias y policiales se estima que declarara la semana pr\u00f3xima. <\/p>\n\n\n\n<p><\/p>\n","protected":false},"excerpt":{"rendered":"<p>Tambi\u00e9n se conoci\u00f3 con la determinaci\u00f3n, la identidad del autor de este hecho deplorable ocurrido en el interior del propio establecimiento entre la noche del s\u00e1bado y la madrugada del domingo<\/p>\n","protected":false},"author":2,"featured_media":53452,"comment_status":"closed","ping_status":"open","sticky":false,"template":"","format":"standard","meta":{"footnotes":""},"categories":[1614],"tags":[7354],"class_list":["post-102010","post","type-post","status-publish","format-standard","has-post-thumbnail","hentry","category-c2nota7","tag-decision-judicial"],"yoast_head":"<!-- This site is optimized with the Yoast SEO plugin v23.4 - https:\/\/yoast.com\/wordpress\/plugins\/seo\/ -->\n<title>El violador de una empleada del Hospital de Trenque Lauquen ya est\u00e1 en calidad de detenido - Infoecos<\/title>\n<meta name=\"robots\" content=\"index, follow, max-snippet:-1, max-image-preview:large, max-video-preview:-1\" \/>\n<link rel=\"canonical\" href=\"https:\/\/infoecos.com.ar\/index.php\/el-violador-de-una-empleada-del-hospital-de-trenque-lauquen-ya-esta-en-calidad-de-detenido\/\" \/>\n<meta property=\"og:locale\" content=\"es_ES\" \/>\n<meta property=\"og:type\" content=\"article\" \/>\n<meta property=\"og:title\" content=\"El violador de una empleada del Hospital de Trenque Lauquen ya est\u00e1 en calidad de detenido - Infoecos\" \/>\n<meta property=\"og:description\" content=\"Tambi\u00e9n se conoci\u00f3 con la determinaci\u00f3n, la identidad del autor de este hecho deplorable ocurrido en el interior del propio establecimiento entre la noche del s\u00e1bado y la madrugada del domingo\" \/>\n<meta property=\"og:url\" content=\"https:\/\/infoecos.com.ar\/index.php\/el-violador-de-una-empleada-del-hospital-de-trenque-lauquen-ya-esta-en-calidad-de-detenido\/\" \/>\n<meta property=\"og:site_name\" content=\"Infoecos\" \/>\n<meta property=\"article:publisher\" content=\"https:\/\/www.facebook.com\/profile.php?id=100063200290284\" \/>\n<meta property=\"article:published_time\" content=\"2023-02-17T21:56:26+00:00\" \/>\n<meta property=\"article:modified_time\" content=\"2023-02-20T14:40:59+00:00\" \/>\n<meta property=\"og:image\" content=\"https:\/\/infoecos.com.ar\/wp-content\/uploads\/Obras-hospital-3.jpeg\" \/>\n\t<meta property=\"og:image:width\" content=\"1280\" \/>\n\t<meta property=\"og:image:height\" content=\"960\" \/>\n\t<meta property=\"og:image:type\" content=\"image\/jpeg\" \/>\n<meta name=\"author\" content=\"Jorge Matheus\" \/>\n<meta name=\"twitter:card\" content=\"summary_large_image\" \/>\n<meta name=\"twitter:creator\" content=\"@infoecos\" \/>\n<meta name=\"twitter:site\" content=\"@infoecos\" \/>\n<meta name=\"twitter:label1\" content=\"Escrito por\" \/>\n\t<meta name=\"twitter:data1\" content=\"Jorge Matheus\" \/>\n\t<meta name=\"twitter:label2\" content=\"Tiempo de lectura\" \/>\n\t<meta name=\"twitter:data2\" content=\"2 minutos\" \/>\n<script type=\"application\/ld+json\" class=\"yoast-schema-graph\">{\"@context\":\"https:\/\/schema.org\",\"@graph\":[{\"@type\":\"Article\",\"@id\":\"https:\/\/infoecos.com.ar\/index.php\/el-violador-de-una-empleada-del-hospital-de-trenque-lauquen-ya-esta-en-calidad-de-detenido\/#article\",\"isPartOf\":{\"@id\":\"https:\/\/infoecos.com.ar\/index.php\/el-violador-de-una-empleada-del-hospital-de-trenque-lauquen-ya-esta-en-calidad-de-detenido\/\"},\"author\":{\"name\":\"Jorge Matheus\",\"@id\":\"https:\/\/infoecos.com.ar\/#\/schema\/person\/8f5ace5ce73b4b4aac4b7245aee6f191\"},\"headline\":\"El violador de una empleada del Hospital de Trenque Lauquen ya est\u00e1 en calidad de detenido\",\"datePublished\":\"2023-02-17T21:56:26+00:00\",\"dateModified\":\"2023-02-20T14:40:59+00:00\",\"mainEntityOfPage\":{\"@id\":\"https:\/\/infoecos.com.ar\/index.php\/el-violador-de-una-empleada-del-hospital-de-trenque-lauquen-ya-esta-en-calidad-de-detenido\/\"},\"wordCount\":279,\"publisher\":{\"@id\":\"https:\/\/infoecos.com.ar\/#organization\"},\"image\":{\"@id\":\"https:\/\/infoecos.com.ar\/index.php\/el-violador-de-una-empleada-del-hospital-de-trenque-lauquen-ya-esta-en-calidad-de-detenido\/#primaryimage\"},\"thumbnailUrl\":\"\",\"keywords\":[\"DECISI\u00d3N JUDICIAL\"],\"articleSection\":[\"C2 N7\"],\"inLanguage\":\"es\"},{\"@type\":\"WebPage\",\"@id\":\"https:\/\/infoecos.com.ar\/index.php\/el-violador-de-una-empleada-del-hospital-de-trenque-lauquen-ya-esta-en-calidad-de-detenido\/\",\"url\":\"https:\/\/infoecos.com.ar\/index.php\/el-violador-de-una-empleada-del-hospital-de-trenque-lauquen-ya-esta-en-calidad-de-detenido\/\",\"name\":\"El violador de una empleada del Hospital de Trenque Lauquen ya est\u00e1 en calidad de detenido - Infoecos\",\"isPartOf\":{\"@id\":\"https:\/\/infoecos.com.ar\/#website\"},\"primaryImageOfPage\":{\"@id\":\"https:\/\/infoecos.com.ar\/index.php\/el-violador-de-una-empleada-del-hospital-de-trenque-lauquen-ya-esta-en-calidad-de-detenido\/#primaryimage\"},\"image\":{\"@id\":\"https:\/\/infoecos.com.ar\/index.php\/el-violador-de-una-empleada-del-hospital-de-trenque-lauquen-ya-esta-en-calidad-de-detenido\/#primaryimage\"},\"thumbnailUrl\":\"\",\"datePublished\":\"2023-02-17T21:56:26+00:00\",\"dateModified\":\"2023-02-20T14:40:59+00:00\",\"breadcrumb\":{\"@id\":\"https:\/\/infoecos.com.ar\/index.php\/el-violador-de-una-empleada-del-hospital-de-trenque-lauquen-ya-esta-en-calidad-de-detenido\/#breadcrumb\"},\"inLanguage\":\"es\",\"potentialAction\":[{\"@type\":\"ReadAction\",\"target\":[\"https:\/\/infoecos.com.ar\/index.php\/el-violador-de-una-empleada-del-hospital-de-trenque-lauquen-ya-esta-en-calidad-de-detenido\/\"]}]},{\"@type\":\"ImageObject\",\"inLanguage\":\"es\",\"@id\":\"https:\/\/infoecos.com.ar\/index.php\/el-violador-de-una-empleada-del-hospital-de-trenque-lauquen-ya-esta-en-calidad-de-detenido\/#primaryimage\",\"url\":\"\",\"contentUrl\":\"\"},{\"@type\":\"BreadcrumbList\",\"@id\":\"https:\/\/infoecos.com.ar\/index.php\/el-violador-de-una-empleada-del-hospital-de-trenque-lauquen-ya-esta-en-calidad-de-detenido\/#breadcrumb\",\"itemListElement\":[{\"@type\":\"ListItem\",\"position\":1,\"name\":\"Portada\",\"item\":\"https:\/\/infoecos.com.ar\/\"},{\"@type\":\"ListItem\",\"position\":2,\"name\":\"El violador de una empleada del Hospital de Trenque Lauquen ya est\u00e1 en calidad de detenido\"}]},{\"@type\":\"WebSite\",\"@id\":\"https:\/\/infoecos.com.ar\/#website\",\"url\":\"https:\/\/infoecos.com.ar\/\",\"name\":\"Infoecos\",\"description\":\"Noticias de trenque lauquen y la zona\",\"publisher\":{\"@id\":\"https:\/\/infoecos.com.ar\/#organization\"},\"alternateName\":\"Noticias\",\"potentialAction\":[{\"@type\":\"SearchAction\",\"target\":{\"@type\":\"EntryPoint\",\"urlTemplate\":\"https:\/\/infoecos.com.ar\/?s={search_term_string}\"},\"query-input\":{\"@type\":\"PropertyValueSpecification\",\"valueRequired\":true,\"valueName\":\"search_term_string\"}}],\"inLanguage\":\"es\"},{\"@type\":\"Organization\",\"@id\":\"https:\/\/infoecos.com.ar\/#organization\",\"name\":\"Infoecos\",\"alternateName\":\"Noticias\",\"url\":\"https:\/\/infoecos.com.ar\/\",\"logo\":{\"@type\":\"ImageObject\",\"inLanguage\":\"es\",\"@id\":\"https:\/\/infoecos.com.ar\/#\/schema\/logo\/image\/\",\"url\":\"https:\/\/infoecos.com.ar\/wp-content\/uploads\/2024\/03\/cropped-logo.png\",\"contentUrl\":\"https:\/\/infoecos.com.ar\/wp-content\/uploads\/2024\/03\/cropped-logo.png\",\"width\":374,\"height\":90,\"caption\":\"Infoecos\"},\"image\":{\"@id\":\"https:\/\/infoecos.com.ar\/#\/schema\/logo\/image\/\"},\"sameAs\":[\"https:\/\/www.facebook.com\/profile.php?id=100063200290284\",\"https:\/\/x.com\/infoecos\"]},{\"@type\":\"Person\",\"@id\":\"https:\/\/infoecos.com.ar\/#\/schema\/person\/8f5ace5ce73b4b4aac4b7245aee6f191\",\"name\":\"Jorge Matheus\",\"url\":\"https:\/\/infoecos.com.ar\/index.php\/author\/jomatheus\/\"}]}<\/script>\n<!-- \/ Yoast SEO plugin. -->","yoast_head_json":{"title":"El violador de una empleada del Hospital de Trenque Lauquen ya est\u00e1 en calidad de detenido - Infoecos","robots":{"index":"index","follow":"follow","max-snippet":"max-snippet:-1","max-image-preview":"max-image-preview:large","max-video-preview":"max-video-preview:-1"},"canonical":"https:\/\/infoecos.com.ar\/index.php\/el-violador-de-una-empleada-del-hospital-de-trenque-lauquen-ya-esta-en-calidad-de-detenido\/","og_locale":"es_ES","og_type":"article","og_title":"El violador de una empleada del Hospital de Trenque Lauquen ya est\u00e1 en calidad de detenido - Infoecos","og_description":"Tambi\u00e9n se conoci\u00f3 con la determinaci\u00f3n, la identidad del autor de este hecho deplorable ocurrido en el interior del propio establecimiento entre la noche del s\u00e1bado y la madrugada del domingo","og_url":"https:\/\/infoecos.com.ar\/index.php\/el-violador-de-una-empleada-del-hospital-de-trenque-lauquen-ya-esta-en-calidad-de-detenido\/","og_site_name":"Infoecos","article_publisher":"https:\/\/www.facebook.com\/profile.php?id=100063200290284","article_published_time":"2023-02-17T21:56:26+00:00","article_modified_time":"2023-02-20T14:40:59+00:00","og_image":[{"width":1280,"height":960,"url":"https:\/\/infoecos.com.ar\/wp-content\/uploads\/Obras-hospital-3.jpeg","type":"image\/jpeg"}],"author":"Jorge Matheus","twitter_card":"summary_large_image","twitter_creator":"@infoecos","twitter_site":"@infoecos","twitter_misc":{"Escrito por":"Jorge Matheus","Tiempo de lectura":"2 minutos"},"schema":{"@context":"https:\/\/schema.org","@graph":[{"@type":"Article","@id":"https:\/\/infoecos.com.ar\/index.php\/el-violador-de-una-empleada-del-hospital-de-trenque-lauquen-ya-esta-en-calidad-de-detenido\/#article","isPartOf":{"@id":"https:\/\/infoecos.com.ar\/index.php\/el-violador-de-una-empleada-del-hospital-de-trenque-lauquen-ya-esta-en-calidad-de-detenido\/"},"author":{"name":"Jorge Matheus","@id":"https:\/\/infoecos.com.ar\/#\/schema\/person\/8f5ace5ce73b4b4aac4b7245aee6f191"},"headline":"El violador de una empleada del Hospital de Trenque Lauquen ya est\u00e1 en calidad de detenido","datePublished":"2023-02-17T21:56:26+00:00","dateModified":"2023-02-20T14:40:59+00:00","mainEntityOfPage":{"@id":"https:\/\/infoecos.com.ar\/index.php\/el-violador-de-una-empleada-del-hospital-de-trenque-lauquen-ya-esta-en-calidad-de-detenido\/"},"wordCount":279,"publisher":{"@id":"https:\/\/infoecos.com.ar\/#organization"},"image":{"@id":"https:\/\/infoecos.com.ar\/index.php\/el-violador-de-una-empleada-del-hospital-de-trenque-lauquen-ya-esta-en-calidad-de-detenido\/#primaryimage"},"thumbnailUrl":"","keywords":["DECISI\u00d3N JUDICIAL"],"articleSection":["C2 N7"],"inLanguage":"es"},{"@type":"WebPage","@id":"https:\/\/infoecos.com.ar\/index.php\/el-violador-de-una-empleada-del-hospital-de-trenque-lauquen-ya-esta-en-calidad-de-detenido\/","url":"https:\/\/infoecos.com.ar\/index.php\/el-violador-de-una-empleada-del-hospital-de-trenque-lauquen-ya-esta-en-calidad-de-detenido\/","name":"El violador de una empleada del Hospital de Trenque Lauquen ya est\u00e1 en calidad de detenido - Infoecos","isPartOf":{"@id":"https:\/\/infoecos.com.ar\/#website"},"primaryImageOfPage":{"@id":"https:\/\/infoecos.com.ar\/index.php\/el-violador-de-una-empleada-del-hospital-de-trenque-lauquen-ya-esta-en-calidad-de-detenido\/#primaryimage"},"image":{"@id":"https:\/\/infoecos.com.ar\/index.php\/el-violador-de-una-empleada-del-hospital-de-trenque-lauquen-ya-esta-en-calidad-de-detenido\/#primaryimage"},"thumbnailUrl":"","datePublished":"2023-02-17T21:56:26+00:00","dateModified":"2023-02-20T14:40:59+00:00","breadcrumb":{"@id":"https:\/\/infoecos.com.ar\/index.php\/el-violador-de-una-empleada-del-hospital-de-trenque-lauquen-ya-esta-en-calidad-de-detenido\/#breadcrumb"},"inLanguage":"es","potentialAction":[{"@type":"ReadAction","target":["https:\/\/infoecos.com.ar\/index.php\/el-violador-de-una-empleada-del-hospital-de-trenque-lauquen-ya-esta-en-calidad-de-detenido\/"]}]},{"@type":"ImageObject","inLanguage":"es","@id":"https:\/\/infoecos.com.ar\/index.php\/el-violador-de-una-empleada-del-hospital-de-trenque-lauquen-ya-esta-en-calidad-de-detenido\/#primaryimage","url":"","contentUrl":""},{"@type":"BreadcrumbList","@id":"https:\/\/infoecos.com.ar\/index.php\/el-violador-de-una-empleada-del-hospital-de-trenque-lauquen-ya-esta-en-calidad-de-detenido\/#breadcrumb","itemListElement":[{"@type":"ListItem","position":1,"name":"Portada","item":"https:\/\/infoecos.com.ar\/"},{"@type":"ListItem","position":2,"name":"El violador de una empleada del Hospital de Trenque Lauquen ya est\u00e1 en calidad de detenido"}]},{"@type":"WebSite","@id":"https:\/\/infoecos.com.ar\/#website","url":"https:\/\/infoecos.com.ar\/","name":"Infoecos","description":"Noticias de trenque lauquen y la zona","publisher":{"@id":"https:\/\/infoecos.com.ar\/#organization"},"alternateName":"Noticias","potentialAction":[{"@type":"SearchAction","target":{"@type":"EntryPoint","urlTemplate":"https:\/\/infoecos.com.ar\/?s={search_term_string}"},"query-input":{"@type":"PropertyValueSpecification","valueRequired":true,"valueName":"search_term_string"}}],"inLanguage":"es"},{"@type":"Organization","@id":"https:\/\/infoecos.com.ar\/#organization","name":"Infoecos","alternateName":"Noticias","url":"https:\/\/infoecos.com.ar\/","logo":{"@type":"ImageObject","inLanguage":"es","@id":"https:\/\/infoecos.com.ar\/#\/schema\/logo\/image\/","url":"https:\/\/infoecos.com.ar\/wp-content\/uploads\/2024\/03\/cropped-logo.png","contentUrl":"https:\/\/infoecos.com.ar\/wp-content\/uploads\/2024\/03\/cropped-logo.png","width":374,"height":90,"caption":"Infoecos"},"image":{"@id":"https:\/\/infoecos.com.ar\/#\/schema\/logo\/image\/"},"sameAs":["https:\/\/www.facebook.com\/profile.php?id=100063200290284","https:\/\/x.com\/infoecos"]},{"@type":"Person","@id":"https:\/\/infoecos.com.ar\/#\/schema\/person\/8f5ace5ce73b4b4aac4b7245aee6f191","name":"Jorge Matheus","url":"https:\/\/infoecos.com.ar\/index.php\/author\/jomatheus\/"}]}},"featured_image_urls":{"full":"","thumbnail":"","medium":"","medium_large":"","large":"","1536x1536":"","2048x2048":"","covernews-slider-full":"","covernews-slider-center":"","covernews-featured":"","covernews-medium":"","covernews-medium-square":""},"author_info":{"info":["Jorge Matheus"]},"category_info":"<a href=\"https:\/\/infoecos.com.ar\/index.php\/category\/c2nota7\/\" rel=\"category tag\">C2 N7<\/a>","tag_info":"C2 N7","comment_count":"0","_links":{"self":[{"href":"https:\/\/infoecos.com.ar\/index.php\/wp-json\/wp\/v2\/posts\/102010"}],"collection":[{"href":"https:\/\/infoecos.com.ar\/index.php\/wp-json\/wp\/v2\/posts"}],"about":[{"href":"https:\/\/infoecos.com.ar\/index.php\/wp-json\/wp\/v2\/types\/post"}],"author":[{"embeddable":true,"href":"https:\/\/infoecos.com.ar\/index.php\/wp-json\/wp\/v2\/users\/2"}],"replies":[{"embeddable":true,"href":"https:\/\/infoecos.com.ar\/index.php\/wp-json\/wp\/v2\/comments?post=102010"}],"version-history":[{"count":1,"href":"https:\/\/infoecos.com.ar\/index.php\/wp-json\/wp\/v2\/posts\/102010\/revisions"}],"predecessor-version":[{"id":102011,"href":"https:\/\/infoecos.com.ar\/index.php\/wp-json\/wp\/v2\/posts\/102010\/revisions\/102011"}],"wp:featuredmedia":[{"embeddable":true,"href":"https:\/\/infoecos.com.ar\/index.php\/wp-json\/"}],"wp:attachment":[{"href":"https:\/\/infoecos.com.ar\/index.php\/wp-json\/wp\/v2\/media?parent=102010"}],"wp:term":[{"taxonomy":"category","embeddable":true,"href":"https:\/\/infoecos.com.ar\/index.php\/wp-json\/wp\/v2\/categories?post=102010"},{"taxonomy":"post_tag","embeddable":true,"href":"https:\/\/infoecos.com.ar\/index.php\/wp-json\/wp\/v2\/tags?post=102010"}],"curies":[{"name":"wp","href":"https:\/\/api.w.org\/{rel}","templated":true}]}}