{"id":102012,"date":"2023-02-17T20:38:52","date_gmt":"2023-02-17T23:38:52","guid":{"rendered":"https:\/\/infoecos.com.ar\/?p=102012"},"modified":"2023-02-21T01:49:20","modified_gmt":"2023-02-21T04:49:20","slug":"asesinas-de-lucio-dupuy-condenadas-a-prision-perpetua","status":"publish","type":"post","link":"https:\/\/infoecos.com.ar\/index.php\/asesinas-de-lucio-dupuy-condenadas-a-prision-perpetua\/","title":{"rendered":"Asesinas de Lucio Dupuy: condenadas a prisi\u00f3n perpetua"},"content":{"rendered":"\n<p>Magdalena Esp\u00f3sito Valenti y Abigail P\u00e1ez fueron condenadas a prisi\u00f3n perpetua por el crimen de Lucio Dupuy.<\/p>\n\n\n\n<figure class=\"wp-block-image aligncenter size-full is-resized\"><img loading=\"lazy\" decoding=\"async\" src=\"https:\/\/infoecos.com.ar\/wp-content\/uploads\/2023\/02\/image-115.png\" alt=\"\" class=\"wp-image-102013\" width=\"535\" height=\"263\" srcset=\"https:\/\/infoecos.com.ar\/wp-content\/uploads\/2023\/02\/image-115.png 1256w, https:\/\/infoecos.com.ar\/wp-content\/uploads\/2023\/02\/image-115-800x395.png 800w, https:\/\/infoecos.com.ar\/wp-content\/uploads\/2023\/02\/image-115-768x379.png 768w, https:\/\/infoecos.com.ar\/wp-content\/uploads\/2023\/02\/image-115-1024x505.png 1024w\" sizes=\"(max-width: 535px) 100vw, 535px\" \/><figcaption class=\"wp-element-caption\">Foto: diario Clar\u00edn<\/figcaption><\/figure>\n\n\n\n<p>Los jueces&nbsp;Alejandra Ongaro, An\u00edbal Oli\u00e9 y Daniel S\u00e1ez Zamora&nbsp;condenaron a prisi\u00f3n perpetua a&nbsp;Magdalena Esp\u00f3sito Valenti&nbsp;por \u201chomicidio triplemente calificado por el v\u00ednculo, alevos\u00eda y ensa\u00f1amiento\u201d, aunque se la absolvi\u00f3 por abuso sexual.<\/p>\n\n\n\n<p>Sin embargo, a su novia&nbsp;Abiga\u00edl P\u00e1ez&nbsp;la declararon culpable de \u201chomicidio doblemente calificado por alevos\u00eda y ensa\u00f1amiento, en concurso real con el delito de&nbsp;abuso sexual con acceso carnal por v\u00eda anal, ejecutado con un objeto f\u00e1lico, agravado por tratarse de la guardadora y por haberse cometido contra un menor de 18 a\u00f1os de edad, aprovechando la situaci\u00f3n de convivencia preexistente\u201d.<\/p>\n\n\n\n<figure class=\"wp-block-image aligncenter size-full is-resized\"><img loading=\"lazy\" decoding=\"async\" src=\"https:\/\/infoecos.com.ar\/wp-content\/uploads\/2023\/02\/image-116.png\" alt=\"\" class=\"wp-image-102014\" width=\"544\" height=\"363\" srcset=\"https:\/\/infoecos.com.ar\/wp-content\/uploads\/2023\/02\/image-116.png 720w, https:\/\/infoecos.com.ar\/wp-content\/uploads\/2023\/02\/image-116-675x450.png 675w\" sizes=\"(max-width: 544px) 100vw, 544px\" \/><figcaption class=\"wp-element-caption\">Foto: Telam<\/figcaption><\/figure>\n\n\n\n<p>La fiscal de la causa habl\u00f3 con la prensa y explic\u00f3 que \u201choy por hoy -y conforme a lo que establece nuestra ley aplicable-&nbsp;es una pena de por vida. No tienen posibilidad de salir en libertad\u201d.<\/p>\n\n\n\n<figure class=\"wp-block-image aligncenter size-full is-resized\"><img loading=\"lazy\" decoding=\"async\" src=\"https:\/\/infoecos.com.ar\/wp-content\/uploads\/2023\/02\/image-117.png\" alt=\"\" class=\"wp-image-102015\" width=\"554\" height=\"370\" srcset=\"https:\/\/infoecos.com.ar\/wp-content\/uploads\/2023\/02\/image-117.png 700w, https:\/\/infoecos.com.ar\/wp-content\/uploads\/2023\/02\/image-117-675x450.png 675w\" sizes=\"(max-width: 554px) 100vw, 554px\" \/><figcaption class=\"wp-element-caption\">Fiscal de la causa<\/figcaption><\/figure>\n\n\n\n<p><\/p>\n\n\n\n<p><\/p>\n","protected":false},"excerpt":{"rendered":"<p>La fiscal de la causa habl\u00f3 con la prensa y explic\u00f3 que \u201choy por hoy -y conforme a lo que establece nuestra ley aplicable-\u00a0es una pena de por vida. No tienen posibilidad de salir en libertad\u201d<\/p>\n","protected":false},"author":2,"featured_media":95696,"comment_status":"closed","ping_status":"open","sticky":false,"template":"","format":"standard","meta":{"footnotes":""},"categories":[40],"tags":[7355],"class_list":["post-102012","post","type-post","status-publish","format-standard","has-post-thumbnail","hentry","category-inferior1","tag-de-por-vida"],"yoast_head":"<!-- This site is optimized with the Yoast SEO plugin v23.4 - https:\/\/yoast.com\/wordpress\/plugins\/seo\/ -->\n<title>Asesinas de Lucio Dupuy: condenadas a prisi\u00f3n perpetua - Infoecos<\/title>\n<meta name=\"robots\" content=\"index, follow, max-snippet:-1, max-image-preview:large, max-video-preview:-1\" \/>\n<link rel=\"canonical\" href=\"https:\/\/infoecos.com.ar\/index.php\/asesinas-de-lucio-dupuy-condenadas-a-prision-perpetua\/\" \/>\n<meta property=\"og:locale\" content=\"es_ES\" \/>\n<meta property=\"og:type\" content=\"article\" \/>\n<meta property=\"og:title\" content=\"Asesinas de Lucio Dupuy: condenadas a prisi\u00f3n perpetua - Infoecos\" \/>\n<meta property=\"og:description\" content=\"La fiscal de la causa habl\u00f3 con la prensa y explic\u00f3 que \u201choy por hoy -y conforme a lo que establece nuestra ley aplicable-\u00a0es una pena de por vida. No tienen posibilidad de salir en libertad\u201d\" \/>\n<meta property=\"og:url\" content=\"https:\/\/infoecos.com.ar\/index.php\/asesinas-de-lucio-dupuy-condenadas-a-prision-perpetua\/\" \/>\n<meta property=\"og:site_name\" content=\"Infoecos\" \/>\n<meta property=\"article:publisher\" content=\"https:\/\/www.facebook.com\/profile.php?id=100063200290284\" \/>\n<meta property=\"article:published_time\" content=\"2023-02-17T23:38:52+00:00\" \/>\n<meta property=\"article:modified_time\" content=\"2023-02-21T04:49:20+00:00\" \/>\n<meta property=\"og:image\" content=\"https:\/\/infoecos.com.ar\/wp-content\/uploads\/2022\/08\/image-30.png\" \/>\n\t<meta property=\"og:image:width\" content=\"1440\" \/>\n\t<meta property=\"og:image:height\" content=\"693\" \/>\n\t<meta property=\"og:image:type\" content=\"image\/png\" \/>\n<meta name=\"author\" content=\"Jorge Matheus\" \/>\n<meta name=\"twitter:card\" content=\"summary_large_image\" \/>\n<meta name=\"twitter:creator\" content=\"@infoecos\" \/>\n<meta name=\"twitter:site\" content=\"@infoecos\" \/>\n<meta name=\"twitter:label1\" content=\"Escrito por\" \/>\n\t<meta name=\"twitter:data1\" content=\"Jorge Matheus\" \/>\n\t<meta name=\"twitter:label2\" content=\"Tiempo de lectura\" \/>\n\t<meta name=\"twitter:data2\" content=\"2 minutos\" \/>\n<script type=\"application\/ld+json\" class=\"yoast-schema-graph\">{\"@context\":\"https:\/\/schema.org\",\"@graph\":[{\"@type\":\"Article\",\"@id\":\"https:\/\/infoecos.com.ar\/index.php\/asesinas-de-lucio-dupuy-condenadas-a-prision-perpetua\/#article\",\"isPartOf\":{\"@id\":\"https:\/\/infoecos.com.ar\/index.php\/asesinas-de-lucio-dupuy-condenadas-a-prision-perpetua\/\"},\"author\":{\"name\":\"Jorge Matheus\",\"@id\":\"https:\/\/infoecos.com.ar\/#\/schema\/person\/8f5ace5ce73b4b4aac4b7245aee6f191\"},\"headline\":\"Asesinas de Lucio Dupuy: condenadas a prisi\u00f3n perpetua\",\"datePublished\":\"2023-02-17T23:38:52+00:00\",\"dateModified\":\"2023-02-21T04:49:20+00:00\",\"mainEntityOfPage\":{\"@id\":\"https:\/\/infoecos.com.ar\/index.php\/asesinas-de-lucio-dupuy-condenadas-a-prision-perpetua\/\"},\"wordCount\":195,\"publisher\":{\"@id\":\"https:\/\/infoecos.com.ar\/#organization\"},\"image\":{\"@id\":\"https:\/\/infoecos.com.ar\/index.php\/asesinas-de-lucio-dupuy-condenadas-a-prision-perpetua\/#primaryimage\"},\"thumbnailUrl\":\"https:\/\/infoecos.com.ar\/wp-content\/uploads\/2022\/08\/image-30.png\",\"keywords\":[\"&quot;DE POR VIDA&quot;\"],\"articleSection\":[\"Bloque inferior - 1\"],\"inLanguage\":\"es\"},{\"@type\":\"WebPage\",\"@id\":\"https:\/\/infoecos.com.ar\/index.php\/asesinas-de-lucio-dupuy-condenadas-a-prision-perpetua\/\",\"url\":\"https:\/\/infoecos.com.ar\/index.php\/asesinas-de-lucio-dupuy-condenadas-a-prision-perpetua\/\",\"name\":\"Asesinas de Lucio Dupuy: condenadas a prisi\u00f3n perpetua - Infoecos\",\"isPartOf\":{\"@id\":\"https:\/\/infoecos.com.ar\/#website\"},\"primaryImageOfPage\":{\"@id\":\"https:\/\/infoecos.com.ar\/index.php\/asesinas-de-lucio-dupuy-condenadas-a-prision-perpetua\/#primaryimage\"},\"image\":{\"@id\":\"https:\/\/infoecos.com.ar\/index.php\/asesinas-de-lucio-dupuy-condenadas-a-prision-perpetua\/#primaryimage\"},\"thumbnailUrl\":\"https:\/\/infoecos.com.ar\/wp-content\/uploads\/2022\/08\/image-30.png\",\"datePublished\":\"2023-02-17T23:38:52+00:00\",\"dateModified\":\"2023-02-21T04:49:20+00:00\",\"breadcrumb\":{\"@id\":\"https:\/\/infoecos.com.ar\/index.php\/asesinas-de-lucio-dupuy-condenadas-a-prision-perpetua\/#breadcrumb\"},\"inLanguage\":\"es\",\"potentialAction\":[{\"@type\":\"ReadAction\",\"target\":[\"https:\/\/infoecos.com.ar\/index.php\/asesinas-de-lucio-dupuy-condenadas-a-prision-perpetua\/\"]}]},{\"@type\":\"ImageObject\",\"inLanguage\":\"es\",\"@id\":\"https:\/\/infoecos.com.ar\/index.php\/asesinas-de-lucio-dupuy-condenadas-a-prision-perpetua\/#primaryimage\",\"url\":\"https:\/\/infoecos.com.ar\/wp-content\/uploads\/2022\/08\/image-30.png\",\"contentUrl\":\"https:\/\/infoecos.com.ar\/wp-content\/uploads\/2022\/08\/image-30.png\",\"width\":1440,\"height\":693},{\"@type\":\"BreadcrumbList\",\"@id\":\"https:\/\/infoecos.com.ar\/index.php\/asesinas-de-lucio-dupuy-condenadas-a-prision-perpetua\/#breadcrumb\",\"itemListElement\":[{\"@type\":\"ListItem\",\"position\":1,\"name\":\"Portada\",\"item\":\"https:\/\/infoecos.com.ar\/\"},{\"@type\":\"ListItem\",\"position\":2,\"name\":\"Asesinas de Lucio Dupuy: condenadas a prisi\u00f3n perpetua\"}]},{\"@type\":\"WebSite\",\"@id\":\"https:\/\/infoecos.com.ar\/#website\",\"url\":\"https:\/\/infoecos.com.ar\/\",\"name\":\"Infoecos\",\"description\":\"Noticias de trenque lauquen y la zona\",\"publisher\":{\"@id\":\"https:\/\/infoecos.com.ar\/#organization\"},\"alternateName\":\"Noticias\",\"potentialAction\":[{\"@type\":\"SearchAction\",\"target\":{\"@type\":\"EntryPoint\",\"urlTemplate\":\"https:\/\/infoecos.com.ar\/?s={search_term_string}\"},\"query-input\":{\"@type\":\"PropertyValueSpecification\",\"valueRequired\":true,\"valueName\":\"search_term_string\"}}],\"inLanguage\":\"es\"},{\"@type\":\"Organization\",\"@id\":\"https:\/\/infoecos.com.ar\/#organization\",\"name\":\"Infoecos\",\"alternateName\":\"Noticias\",\"url\":\"https:\/\/infoecos.com.ar\/\",\"logo\":{\"@type\":\"ImageObject\",\"inLanguage\":\"es\",\"@id\":\"https:\/\/infoecos.com.ar\/#\/schema\/logo\/image\/\",\"url\":\"https:\/\/infoecos.com.ar\/wp-content\/uploads\/2024\/03\/cropped-logo.png\",\"contentUrl\":\"https:\/\/infoecos.com.ar\/wp-content\/uploads\/2024\/03\/cropped-logo.png\",\"width\":374,\"height\":90,\"caption\":\"Infoecos\"},\"image\":{\"@id\":\"https:\/\/infoecos.com.ar\/#\/schema\/logo\/image\/\"},\"sameAs\":[\"https:\/\/www.facebook.com\/profile.php?id=100063200290284\",\"https:\/\/x.com\/infoecos\"]},{\"@type\":\"Person\",\"@id\":\"https:\/\/infoecos.com.ar\/#\/schema\/person\/8f5ace5ce73b4b4aac4b7245aee6f191\",\"name\":\"Jorge Matheus\",\"url\":\"https:\/\/infoecos.com.ar\/index.php\/author\/jomatheus\/\"}]}<\/script>\n<!-- \/ Yoast SEO plugin. -->","yoast_head_json":{"title":"Asesinas de Lucio Dupuy: condenadas a prisi\u00f3n perpetua - Infoecos","robots":{"index":"index","follow":"follow","max-snippet":"max-snippet:-1","max-image-preview":"max-image-preview:large","max-video-preview":"max-video-preview:-1"},"canonical":"https:\/\/infoecos.com.ar\/index.php\/asesinas-de-lucio-dupuy-condenadas-a-prision-perpetua\/","og_locale":"es_ES","og_type":"article","og_title":"Asesinas de Lucio Dupuy: condenadas a prisi\u00f3n perpetua - Infoecos","og_description":"La fiscal de la causa habl\u00f3 con la prensa y explic\u00f3 que \u201choy por hoy -y conforme a lo que establece nuestra ley aplicable-\u00a0es una pena de por vida. No tienen posibilidad de salir en libertad\u201d","og_url":"https:\/\/infoecos.com.ar\/index.php\/asesinas-de-lucio-dupuy-condenadas-a-prision-perpetua\/","og_site_name":"Infoecos","article_publisher":"https:\/\/www.facebook.com\/profile.php?id=100063200290284","article_published_time":"2023-02-17T23:38:52+00:00","article_modified_time":"2023-02-21T04:49:20+00:00","og_image":[{"width":1440,"height":693,"url":"https:\/\/infoecos.com.ar\/wp-content\/uploads\/2022\/08\/image-30.png","type":"image\/png"}],"author":"Jorge Matheus","twitter_card":"summary_large_image","twitter_creator":"@infoecos","twitter_site":"@infoecos","twitter_misc":{"Escrito por":"Jorge Matheus","Tiempo de lectura":"2 minutos"},"schema":{"@context":"https:\/\/schema.org","@graph":[{"@type":"Article","@id":"https:\/\/infoecos.com.ar\/index.php\/asesinas-de-lucio-dupuy-condenadas-a-prision-perpetua\/#article","isPartOf":{"@id":"https:\/\/infoecos.com.ar\/index.php\/asesinas-de-lucio-dupuy-condenadas-a-prision-perpetua\/"},"author":{"name":"Jorge Matheus","@id":"https:\/\/infoecos.com.ar\/#\/schema\/person\/8f5ace5ce73b4b4aac4b7245aee6f191"},"headline":"Asesinas de Lucio Dupuy: condenadas a prisi\u00f3n perpetua","datePublished":"2023-02-17T23:38:52+00:00","dateModified":"2023-02-21T04:49:20+00:00","mainEntityOfPage":{"@id":"https:\/\/infoecos.com.ar\/index.php\/asesinas-de-lucio-dupuy-condenadas-a-prision-perpetua\/"},"wordCount":195,"publisher":{"@id":"https:\/\/infoecos.com.ar\/#organization"},"image":{"@id":"https:\/\/infoecos.com.ar\/index.php\/asesinas-de-lucio-dupuy-condenadas-a-prision-perpetua\/#primaryimage"},"thumbnailUrl":"https:\/\/infoecos.com.ar\/wp-content\/uploads\/2022\/08\/image-30.png","keywords":["&quot;DE POR VIDA&quot;"],"articleSection":["Bloque inferior - 1"],"inLanguage":"es"},{"@type":"WebPage","@id":"https:\/\/infoecos.com.ar\/index.php\/asesinas-de-lucio-dupuy-condenadas-a-prision-perpetua\/","url":"https:\/\/infoecos.com.ar\/index.php\/asesinas-de-lucio-dupuy-condenadas-a-prision-perpetua\/","name":"Asesinas de Lucio Dupuy: condenadas a prisi\u00f3n perpetua - Infoecos","isPartOf":{"@id":"https:\/\/infoecos.com.ar\/#website"},"primaryImageOfPage":{"@id":"https:\/\/infoecos.com.ar\/index.php\/asesinas-de-lucio-dupuy-condenadas-a-prision-perpetua\/#primaryimage"},"image":{"@id":"https:\/\/infoecos.com.ar\/index.php\/asesinas-de-lucio-dupuy-condenadas-a-prision-perpetua\/#primaryimage"},"thumbnailUrl":"https:\/\/infoecos.com.ar\/wp-content\/uploads\/2022\/08\/image-30.png","datePublished":"2023-02-17T23:38:52+00:00","dateModified":"2023-02-21T04:49:20+00:00","breadcrumb":{"@id":"https:\/\/infoecos.com.ar\/index.php\/asesinas-de-lucio-dupuy-condenadas-a-prision-perpetua\/#breadcrumb"},"inLanguage":"es","potentialAction":[{"@type":"ReadAction","target":["https:\/\/infoecos.com.ar\/index.php\/asesinas-de-lucio-dupuy-condenadas-a-prision-perpetua\/"]}]},{"@type":"ImageObject","inLanguage":"es","@id":"https:\/\/infoecos.com.ar\/index.php\/asesinas-de-lucio-dupuy-condenadas-a-prision-perpetua\/#primaryimage","url":"https:\/\/infoecos.com.ar\/wp-content\/uploads\/2022\/08\/image-30.png","contentUrl":"https:\/\/infoecos.com.ar\/wp-content\/uploads\/2022\/08\/image-30.png","width":1440,"height":693},{"@type":"BreadcrumbList","@id":"https:\/\/infoecos.com.ar\/index.php\/asesinas-de-lucio-dupuy-condenadas-a-prision-perpetua\/#breadcrumb","itemListElement":[{"@type":"ListItem","position":1,"name":"Portada","item":"https:\/\/infoecos.com.ar\/"},{"@type":"ListItem","position":2,"name":"Asesinas de Lucio Dupuy: condenadas a prisi\u00f3n perpetua"}]},{"@type":"WebSite","@id":"https:\/\/infoecos.com.ar\/#website","url":"https:\/\/infoecos.com.ar\/","name":"Infoecos","description":"Noticias de trenque lauquen y la zona","publisher":{"@id":"https:\/\/infoecos.com.ar\/#organization"},"alternateName":"Noticias","potentialAction":[{"@type":"SearchAction","target":{"@type":"EntryPoint","urlTemplate":"https:\/\/infoecos.com.ar\/?s={search_term_string}"},"query-input":{"@type":"PropertyValueSpecification","valueRequired":true,"valueName":"search_term_string"}}],"inLanguage":"es"},{"@type":"Organization","@id":"https:\/\/infoecos.com.ar\/#organization","name":"Infoecos","alternateName":"Noticias","url":"https:\/\/infoecos.com.ar\/","logo":{"@type":"ImageObject","inLanguage":"es","@id":"https:\/\/infoecos.com.ar\/#\/schema\/logo\/image\/","url":"https:\/\/infoecos.com.ar\/wp-content\/uploads\/2024\/03\/cropped-logo.png","contentUrl":"https:\/\/infoecos.com.ar\/wp-content\/uploads\/2024\/03\/cropped-logo.png","width":374,"height":90,"caption":"Infoecos"},"image":{"@id":"https:\/\/infoecos.com.ar\/#\/schema\/logo\/image\/"},"sameAs":["https:\/\/www.facebook.com\/profile.php?id=100063200290284","https:\/\/x.com\/infoecos"]},{"@type":"Person","@id":"https:\/\/infoecos.com.ar\/#\/schema\/person\/8f5ace5ce73b4b4aac4b7245aee6f191","name":"Jorge Matheus","url":"https:\/\/infoecos.com.ar\/index.php\/author\/jomatheus\/"}]}},"featured_image_urls":{"full":["https:\/\/infoecos.com.ar\/wp-content\/uploads\/2022\/08\/image-30.png",1440,693,false],"thumbnail":["https:\/\/infoecos.com.ar\/wp-content\/uploads\/2022\/08\/image-30-150x150.png",150,150,true],"medium":["https:\/\/infoecos.com.ar\/wp-content\/uploads\/2022\/08\/image-30-460x221.png",460,221,true],"medium_large":["https:\/\/infoecos.com.ar\/wp-content\/uploads\/2022\/08\/image-30-768x370.png",640,308,true],"large":["https:\/\/infoecos.com.ar\/wp-content\/uploads\/2022\/08\/image-30-920x443.png",640,308,true],"1536x1536":["https:\/\/infoecos.com.ar\/wp-content\/uploads\/2022\/08\/image-30.png",1440,693,false],"2048x2048":["https:\/\/infoecos.com.ar\/wp-content\/uploads\/2022\/08\/image-30.png",1440,693,false],"covernews-slider-full":["https:\/\/infoecos.com.ar\/wp-content\/uploads\/2022\/08\/image-30.png",1115,537,false],"covernews-slider-center":["https:\/\/infoecos.com.ar\/wp-content\/uploads\/2022\/08\/image-30-936x693.png",675,500,true],"covernews-featured":["https:\/\/infoecos.com.ar\/wp-content\/uploads\/2022\/08\/image-30-1024x493.png",1024,493,true],"covernews-medium":["https:\/\/infoecos.com.ar\/wp-content\/uploads\/2022\/08\/image-30-720x380.png",540,285,true],"covernews-medium-square":["https:\/\/infoecos.com.ar\/wp-content\/uploads\/2022\/08\/image-30-675x450.png",375,250,true]},"author_info":{"info":["Jorge Matheus"]},"category_info":"<a href=\"https:\/\/infoecos.com.ar\/index.php\/category\/inferior1\/\" rel=\"category tag\">Bloque inferior - 1<\/a>","tag_info":"Bloque inferior - 1","comment_count":"0","_links":{"self":[{"href":"https:\/\/infoecos.com.ar\/index.php\/wp-json\/wp\/v2\/posts\/102012"}],"collection":[{"href":"https:\/\/infoecos.com.ar\/index.php\/wp-json\/wp\/v2\/posts"}],"about":[{"href":"https:\/\/infoecos.com.ar\/index.php\/wp-json\/wp\/v2\/types\/post"}],"author":[{"embeddable":true,"href":"https:\/\/infoecos.com.ar\/index.php\/wp-json\/wp\/v2\/users\/2"}],"replies":[{"embeddable":true,"href":"https:\/\/infoecos.com.ar\/index.php\/wp-json\/wp\/v2\/comments?post=102012"}],"version-history":[{"count":2,"href":"https:\/\/infoecos.com.ar\/index.php\/wp-json\/wp\/v2\/posts\/102012\/revisions"}],"predecessor-version":[{"id":102027,"href":"https:\/\/infoecos.com.ar\/index.php\/wp-json\/wp\/v2\/posts\/102012\/revisions\/102027"}],"wp:featuredmedia":[{"embeddable":true,"href":"https:\/\/infoecos.com.ar\/index.php\/wp-json\/wp\/v2\/media\/95696"}],"wp:attachment":[{"href":"https:\/\/infoecos.com.ar\/index.php\/wp-json\/wp\/v2\/media?parent=102012"}],"wp:term":[{"taxonomy":"category","embeddable":true,"href":"https:\/\/infoecos.com.ar\/index.php\/wp-json\/wp\/v2\/categories?post=102012"},{"taxonomy":"post_tag","embeddable":true,"href":"https:\/\/infoecos.com.ar\/index.php\/wp-json\/wp\/v2\/tags?post=102012"}],"curies":[{"name":"wp","href":"https:\/\/api.w.org\/{rel}","templated":true}]}}