{"id":102030,"date":"2023-02-18T01:43:43","date_gmt":"2023-02-18T04:43:43","guid":{"rendered":"https:\/\/infoecos.com.ar\/?p=102030"},"modified":"2023-02-22T03:08:33","modified_gmt":"2023-02-22T06:08:33","slug":"335-de-aumento-para-los-docentes-nacionales-hasta-el-mes-de-julio","status":"publish","type":"post","link":"https:\/\/infoecos.com.ar\/index.php\/335-de-aumento-para-los-docentes-nacionales-hasta-el-mes-de-julio\/","title":{"rendered":"33,5 % de aumento para los docentes nacionales hasta el mes de julio"},"content":{"rendered":"\n<p>El Gobierno acord\u00f3 un aumento para los docentes nacionales del 33,5% hasta el mes de julio, a abonar un 17,5% en marzo, 8% en mayo y 8% en julio, durante un encuentro de la mesa paritaria nacional con los cinco gremios del sector, a la&nbsp;que asisti\u00f3 el presidente Alberto Fern\u00e1ndez.<\/p>\n\n\n\n<figure class=\"wp-block-image aligncenter size-full is-resized\"><img loading=\"lazy\" decoding=\"async\" src=\"https:\/\/infoecos.com.ar\/wp-content\/uploads\/2023\/02\/image-118.png\" alt=\"\" class=\"wp-image-102031\" width=\"477\" height=\"269\" srcset=\"https:\/\/infoecos.com.ar\/wp-content\/uploads\/2023\/02\/image-118.png 1121w, https:\/\/infoecos.com.ar\/wp-content\/uploads\/2023\/02\/image-118-800x452.png 800w, https:\/\/infoecos.com.ar\/wp-content\/uploads\/2023\/02\/image-118-768x434.png 768w, https:\/\/infoecos.com.ar\/wp-content\/uploads\/2023\/02\/image-118-1024x578.png 1024w\" sizes=\"(max-width: 477px) 100vw, 477px\" \/><\/figure>\n\n\n\n<p>El anuncio fue realizado por el ministro de Educaci\u00f3n,&nbsp;Jaime Perczyk, en una conferencia de prensa que ofreci\u00f3 anoche en el Palacio Sarmiento, ubicado en la calle Pizzurno 935 de la ciudad de Buenos Aires, al t\u00e9rmino de la reuni\u00f3n en la que tambi\u00e9n participaron los ministros de Trabajo,&nbsp;Raquel \u00abKelly\u00bb Olmos, y de Econom\u00eda,&nbsp;Sergio Massa.<\/p>\n\n\n\n<p>En lo que constituy\u00f3 la segunda reuni\u00f3n paritaria de los docentes nacionales, se resolvi\u00f3 tambi\u00e9n que se har\u00e1 una revisi\u00f3n salarial en mayo.<\/p>\n","protected":false},"excerpt":{"rendered":"<p>El anuncio fue realizado por el ministro de Educaci\u00f3n,\u00a0Jaime Perczyk, en una conferencia de prensa que ofreci\u00f3 anoche en el Palacio Sarmiento, ubicado en la calle Pizzurno 935 de la ciudad de Buenos Aires<\/p>\n","protected":false},"author":2,"featured_media":102031,"comment_status":"closed","ping_status":"open","sticky":false,"template":"","format":"standard","meta":{"footnotes":""},"categories":[43],"tags":[7362],"class_list":["post-102030","post","type-post","status-publish","format-standard","has-post-thumbnail","hentry","category-inferior4","tag-mesa-paritaria-nacional"],"yoast_head":"<!-- This site is optimized with the Yoast SEO plugin v23.4 - https:\/\/yoast.com\/wordpress\/plugins\/seo\/ -->\n<title>33,5 % de aumento para los docentes nacionales hasta el mes de julio - Infoecos<\/title>\n<meta name=\"robots\" content=\"index, follow, max-snippet:-1, max-image-preview:large, max-video-preview:-1\" \/>\n<link rel=\"canonical\" href=\"https:\/\/infoecos.com.ar\/index.php\/335-de-aumento-para-los-docentes-nacionales-hasta-el-mes-de-julio\/\" \/>\n<meta property=\"og:locale\" content=\"es_ES\" \/>\n<meta property=\"og:type\" content=\"article\" \/>\n<meta property=\"og:title\" content=\"33,5 % de aumento para los docentes nacionales hasta el mes de julio - Infoecos\" \/>\n<meta property=\"og:description\" content=\"El anuncio fue realizado por el ministro de Educaci\u00f3n,\u00a0Jaime Perczyk, en una conferencia de prensa que ofreci\u00f3 anoche en el Palacio Sarmiento, ubicado en la calle Pizzurno 935 de la ciudad de Buenos Aires\" \/>\n<meta property=\"og:url\" content=\"https:\/\/infoecos.com.ar\/index.php\/335-de-aumento-para-los-docentes-nacionales-hasta-el-mes-de-julio\/\" \/>\n<meta property=\"og:site_name\" content=\"Infoecos\" \/>\n<meta property=\"article:publisher\" content=\"https:\/\/www.facebook.com\/profile.php?id=100063200290284\" \/>\n<meta property=\"article:published_time\" content=\"2023-02-18T04:43:43+00:00\" \/>\n<meta property=\"article:modified_time\" content=\"2023-02-22T06:08:33+00:00\" \/>\n<meta property=\"og:image\" content=\"https:\/\/infoecos.com.ar\/wp-content\/uploads\/2023\/02\/image-118.png\" \/>\n\t<meta property=\"og:image:width\" content=\"1121\" \/>\n\t<meta property=\"og:image:height\" content=\"633\" \/>\n\t<meta property=\"og:image:type\" content=\"image\/png\" \/>\n<meta name=\"author\" content=\"Jorge Matheus\" \/>\n<meta name=\"twitter:card\" content=\"summary_large_image\" \/>\n<meta name=\"twitter:creator\" content=\"@infoecos\" \/>\n<meta name=\"twitter:site\" content=\"@infoecos\" \/>\n<meta name=\"twitter:label1\" content=\"Escrito por\" \/>\n\t<meta name=\"twitter:data1\" content=\"Jorge Matheus\" \/>\n\t<meta name=\"twitter:label2\" content=\"Tiempo de lectura\" \/>\n\t<meta name=\"twitter:data2\" content=\"1 minuto\" \/>\n<script type=\"application\/ld+json\" class=\"yoast-schema-graph\">{\"@context\":\"https:\/\/schema.org\",\"@graph\":[{\"@type\":\"Article\",\"@id\":\"https:\/\/infoecos.com.ar\/index.php\/335-de-aumento-para-los-docentes-nacionales-hasta-el-mes-de-julio\/#article\",\"isPartOf\":{\"@id\":\"https:\/\/infoecos.com.ar\/index.php\/335-de-aumento-para-los-docentes-nacionales-hasta-el-mes-de-julio\/\"},\"author\":{\"name\":\"Jorge Matheus\",\"@id\":\"https:\/\/infoecos.com.ar\/#\/schema\/person\/8f5ace5ce73b4b4aac4b7245aee6f191\"},\"headline\":\"33,5 % de aumento para los docentes nacionales hasta el mes de julio\",\"datePublished\":\"2023-02-18T04:43:43+00:00\",\"dateModified\":\"2023-02-22T06:08:33+00:00\",\"mainEntityOfPage\":{\"@id\":\"https:\/\/infoecos.com.ar\/index.php\/335-de-aumento-para-los-docentes-nacionales-hasta-el-mes-de-julio\/\"},\"wordCount\":150,\"publisher\":{\"@id\":\"https:\/\/infoecos.com.ar\/#organization\"},\"image\":{\"@id\":\"https:\/\/infoecos.com.ar\/index.php\/335-de-aumento-para-los-docentes-nacionales-hasta-el-mes-de-julio\/#primaryimage\"},\"thumbnailUrl\":\"https:\/\/infoecos.com.ar\/wp-content\/uploads\/2023\/02\/image-118.png\",\"keywords\":[\"MESA PARITARIA NACIONAL\"],\"articleSection\":[\"Bloque inferior - 4\"],\"inLanguage\":\"es\"},{\"@type\":\"WebPage\",\"@id\":\"https:\/\/infoecos.com.ar\/index.php\/335-de-aumento-para-los-docentes-nacionales-hasta-el-mes-de-julio\/\",\"url\":\"https:\/\/infoecos.com.ar\/index.php\/335-de-aumento-para-los-docentes-nacionales-hasta-el-mes-de-julio\/\",\"name\":\"33,5 % de aumento para los docentes nacionales hasta el mes de julio - Infoecos\",\"isPartOf\":{\"@id\":\"https:\/\/infoecos.com.ar\/#website\"},\"primaryImageOfPage\":{\"@id\":\"https:\/\/infoecos.com.ar\/index.php\/335-de-aumento-para-los-docentes-nacionales-hasta-el-mes-de-julio\/#primaryimage\"},\"image\":{\"@id\":\"https:\/\/infoecos.com.ar\/index.php\/335-de-aumento-para-los-docentes-nacionales-hasta-el-mes-de-julio\/#primaryimage\"},\"thumbnailUrl\":\"https:\/\/infoecos.com.ar\/wp-content\/uploads\/2023\/02\/image-118.png\",\"datePublished\":\"2023-02-18T04:43:43+00:00\",\"dateModified\":\"2023-02-22T06:08:33+00:00\",\"breadcrumb\":{\"@id\":\"https:\/\/infoecos.com.ar\/index.php\/335-de-aumento-para-los-docentes-nacionales-hasta-el-mes-de-julio\/#breadcrumb\"},\"inLanguage\":\"es\",\"potentialAction\":[{\"@type\":\"ReadAction\",\"target\":[\"https:\/\/infoecos.com.ar\/index.php\/335-de-aumento-para-los-docentes-nacionales-hasta-el-mes-de-julio\/\"]}]},{\"@type\":\"ImageObject\",\"inLanguage\":\"es\",\"@id\":\"https:\/\/infoecos.com.ar\/index.php\/335-de-aumento-para-los-docentes-nacionales-hasta-el-mes-de-julio\/#primaryimage\",\"url\":\"https:\/\/infoecos.com.ar\/wp-content\/uploads\/2023\/02\/image-118.png\",\"contentUrl\":\"https:\/\/infoecos.com.ar\/wp-content\/uploads\/2023\/02\/image-118.png\",\"width\":1121,\"height\":633},{\"@type\":\"BreadcrumbList\",\"@id\":\"https:\/\/infoecos.com.ar\/index.php\/335-de-aumento-para-los-docentes-nacionales-hasta-el-mes-de-julio\/#breadcrumb\",\"itemListElement\":[{\"@type\":\"ListItem\",\"position\":1,\"name\":\"Portada\",\"item\":\"https:\/\/infoecos.com.ar\/\"},{\"@type\":\"ListItem\",\"position\":2,\"name\":\"33,5 % de aumento para los docentes nacionales hasta el mes de julio\"}]},{\"@type\":\"WebSite\",\"@id\":\"https:\/\/infoecos.com.ar\/#website\",\"url\":\"https:\/\/infoecos.com.ar\/\",\"name\":\"Infoecos\",\"description\":\"Noticias de trenque lauquen y la zona\",\"publisher\":{\"@id\":\"https:\/\/infoecos.com.ar\/#organization\"},\"alternateName\":\"Noticias\",\"potentialAction\":[{\"@type\":\"SearchAction\",\"target\":{\"@type\":\"EntryPoint\",\"urlTemplate\":\"https:\/\/infoecos.com.ar\/?s={search_term_string}\"},\"query-input\":{\"@type\":\"PropertyValueSpecification\",\"valueRequired\":true,\"valueName\":\"search_term_string\"}}],\"inLanguage\":\"es\"},{\"@type\":\"Organization\",\"@id\":\"https:\/\/infoecos.com.ar\/#organization\",\"name\":\"Infoecos\",\"alternateName\":\"Noticias\",\"url\":\"https:\/\/infoecos.com.ar\/\",\"logo\":{\"@type\":\"ImageObject\",\"inLanguage\":\"es\",\"@id\":\"https:\/\/infoecos.com.ar\/#\/schema\/logo\/image\/\",\"url\":\"https:\/\/infoecos.com.ar\/wp-content\/uploads\/2024\/03\/cropped-logo.png\",\"contentUrl\":\"https:\/\/infoecos.com.ar\/wp-content\/uploads\/2024\/03\/cropped-logo.png\",\"width\":374,\"height\":90,\"caption\":\"Infoecos\"},\"image\":{\"@id\":\"https:\/\/infoecos.com.ar\/#\/schema\/logo\/image\/\"},\"sameAs\":[\"https:\/\/www.facebook.com\/profile.php?id=100063200290284\",\"https:\/\/x.com\/infoecos\"]},{\"@type\":\"Person\",\"@id\":\"https:\/\/infoecos.com.ar\/#\/schema\/person\/8f5ace5ce73b4b4aac4b7245aee6f191\",\"name\":\"Jorge Matheus\",\"url\":\"https:\/\/infoecos.com.ar\/index.php\/author\/jomatheus\/\"}]}<\/script>\n<!-- \/ Yoast SEO plugin. -->","yoast_head_json":{"title":"33,5 % de aumento para los docentes nacionales hasta el mes de julio - Infoecos","robots":{"index":"index","follow":"follow","max-snippet":"max-snippet:-1","max-image-preview":"max-image-preview:large","max-video-preview":"max-video-preview:-1"},"canonical":"https:\/\/infoecos.com.ar\/index.php\/335-de-aumento-para-los-docentes-nacionales-hasta-el-mes-de-julio\/","og_locale":"es_ES","og_type":"article","og_title":"33,5 % de aumento para los docentes nacionales hasta el mes de julio - Infoecos","og_description":"El anuncio fue realizado por el ministro de Educaci\u00f3n,\u00a0Jaime Perczyk, en una conferencia de prensa que ofreci\u00f3 anoche en el Palacio Sarmiento, ubicado en la calle Pizzurno 935 de la ciudad de Buenos Aires","og_url":"https:\/\/infoecos.com.ar\/index.php\/335-de-aumento-para-los-docentes-nacionales-hasta-el-mes-de-julio\/","og_site_name":"Infoecos","article_publisher":"https:\/\/www.facebook.com\/profile.php?id=100063200290284","article_published_time":"2023-02-18T04:43:43+00:00","article_modified_time":"2023-02-22T06:08:33+00:00","og_image":[{"width":1121,"height":633,"url":"https:\/\/infoecos.com.ar\/wp-content\/uploads\/2023\/02\/image-118.png","type":"image\/png"}],"author":"Jorge Matheus","twitter_card":"summary_large_image","twitter_creator":"@infoecos","twitter_site":"@infoecos","twitter_misc":{"Escrito por":"Jorge Matheus","Tiempo de lectura":"1 minuto"},"schema":{"@context":"https:\/\/schema.org","@graph":[{"@type":"Article","@id":"https:\/\/infoecos.com.ar\/index.php\/335-de-aumento-para-los-docentes-nacionales-hasta-el-mes-de-julio\/#article","isPartOf":{"@id":"https:\/\/infoecos.com.ar\/index.php\/335-de-aumento-para-los-docentes-nacionales-hasta-el-mes-de-julio\/"},"author":{"name":"Jorge Matheus","@id":"https:\/\/infoecos.com.ar\/#\/schema\/person\/8f5ace5ce73b4b4aac4b7245aee6f191"},"headline":"33,5 % de aumento para los docentes nacionales hasta el mes de julio","datePublished":"2023-02-18T04:43:43+00:00","dateModified":"2023-02-22T06:08:33+00:00","mainEntityOfPage":{"@id":"https:\/\/infoecos.com.ar\/index.php\/335-de-aumento-para-los-docentes-nacionales-hasta-el-mes-de-julio\/"},"wordCount":150,"publisher":{"@id":"https:\/\/infoecos.com.ar\/#organization"},"image":{"@id":"https:\/\/infoecos.com.ar\/index.php\/335-de-aumento-para-los-docentes-nacionales-hasta-el-mes-de-julio\/#primaryimage"},"thumbnailUrl":"https:\/\/infoecos.com.ar\/wp-content\/uploads\/2023\/02\/image-118.png","keywords":["MESA PARITARIA NACIONAL"],"articleSection":["Bloque inferior - 4"],"inLanguage":"es"},{"@type":"WebPage","@id":"https:\/\/infoecos.com.ar\/index.php\/335-de-aumento-para-los-docentes-nacionales-hasta-el-mes-de-julio\/","url":"https:\/\/infoecos.com.ar\/index.php\/335-de-aumento-para-los-docentes-nacionales-hasta-el-mes-de-julio\/","name":"33,5 % de aumento para los docentes nacionales hasta el mes de julio - Infoecos","isPartOf":{"@id":"https:\/\/infoecos.com.ar\/#website"},"primaryImageOfPage":{"@id":"https:\/\/infoecos.com.ar\/index.php\/335-de-aumento-para-los-docentes-nacionales-hasta-el-mes-de-julio\/#primaryimage"},"image":{"@id":"https:\/\/infoecos.com.ar\/index.php\/335-de-aumento-para-los-docentes-nacionales-hasta-el-mes-de-julio\/#primaryimage"},"thumbnailUrl":"https:\/\/infoecos.com.ar\/wp-content\/uploads\/2023\/02\/image-118.png","datePublished":"2023-02-18T04:43:43+00:00","dateModified":"2023-02-22T06:08:33+00:00","breadcrumb":{"@id":"https:\/\/infoecos.com.ar\/index.php\/335-de-aumento-para-los-docentes-nacionales-hasta-el-mes-de-julio\/#breadcrumb"},"inLanguage":"es","potentialAction":[{"@type":"ReadAction","target":["https:\/\/infoecos.com.ar\/index.php\/335-de-aumento-para-los-docentes-nacionales-hasta-el-mes-de-julio\/"]}]},{"@type":"ImageObject","inLanguage":"es","@id":"https:\/\/infoecos.com.ar\/index.php\/335-de-aumento-para-los-docentes-nacionales-hasta-el-mes-de-julio\/#primaryimage","url":"https:\/\/infoecos.com.ar\/wp-content\/uploads\/2023\/02\/image-118.png","contentUrl":"https:\/\/infoecos.com.ar\/wp-content\/uploads\/2023\/02\/image-118.png","width":1121,"height":633},{"@type":"BreadcrumbList","@id":"https:\/\/infoecos.com.ar\/index.php\/335-de-aumento-para-los-docentes-nacionales-hasta-el-mes-de-julio\/#breadcrumb","itemListElement":[{"@type":"ListItem","position":1,"name":"Portada","item":"https:\/\/infoecos.com.ar\/"},{"@type":"ListItem","position":2,"name":"33,5 % de aumento para los docentes nacionales hasta el mes de julio"}]},{"@type":"WebSite","@id":"https:\/\/infoecos.com.ar\/#website","url":"https:\/\/infoecos.com.ar\/","name":"Infoecos","description":"Noticias de trenque lauquen y la zona","publisher":{"@id":"https:\/\/infoecos.com.ar\/#organization"},"alternateName":"Noticias","potentialAction":[{"@type":"SearchAction","target":{"@type":"EntryPoint","urlTemplate":"https:\/\/infoecos.com.ar\/?s={search_term_string}"},"query-input":{"@type":"PropertyValueSpecification","valueRequired":true,"valueName":"search_term_string"}}],"inLanguage":"es"},{"@type":"Organization","@id":"https:\/\/infoecos.com.ar\/#organization","name":"Infoecos","alternateName":"Noticias","url":"https:\/\/infoecos.com.ar\/","logo":{"@type":"ImageObject","inLanguage":"es","@id":"https:\/\/infoecos.com.ar\/#\/schema\/logo\/image\/","url":"https:\/\/infoecos.com.ar\/wp-content\/uploads\/2024\/03\/cropped-logo.png","contentUrl":"https:\/\/infoecos.com.ar\/wp-content\/uploads\/2024\/03\/cropped-logo.png","width":374,"height":90,"caption":"Infoecos"},"image":{"@id":"https:\/\/infoecos.com.ar\/#\/schema\/logo\/image\/"},"sameAs":["https:\/\/www.facebook.com\/profile.php?id=100063200290284","https:\/\/x.com\/infoecos"]},{"@type":"Person","@id":"https:\/\/infoecos.com.ar\/#\/schema\/person\/8f5ace5ce73b4b4aac4b7245aee6f191","name":"Jorge Matheus","url":"https:\/\/infoecos.com.ar\/index.php\/author\/jomatheus\/"}]}},"featured_image_urls":{"full":["https:\/\/infoecos.com.ar\/wp-content\/uploads\/2023\/02\/image-118.png",1121,633,false],"thumbnail":["https:\/\/infoecos.com.ar\/wp-content\/uploads\/2023\/02\/image-118-300x150.png",300,150,true],"medium":["https:\/\/infoecos.com.ar\/wp-content\/uploads\/2023\/02\/image-118-800x452.png",800,452,true],"medium_large":["https:\/\/infoecos.com.ar\/wp-content\/uploads\/2023\/02\/image-118-768x434.png",640,362,true],"large":["https:\/\/infoecos.com.ar\/wp-content\/uploads\/2023\/02\/image-118.png",640,361,false],"1536x1536":["https:\/\/infoecos.com.ar\/wp-content\/uploads\/2023\/02\/image-118.png",1121,633,false],"2048x2048":["https:\/\/infoecos.com.ar\/wp-content\/uploads\/2023\/02\/image-118.png",1121,633,false],"covernews-slider-full":["https:\/\/infoecos.com.ar\/wp-content\/uploads\/2023\/02\/image-118.png",1115,630,false],"covernews-slider-center":["https:\/\/infoecos.com.ar\/wp-content\/uploads\/2023\/02\/image-118-936x633.png",739,500,true],"covernews-featured":["https:\/\/infoecos.com.ar\/wp-content\/uploads\/2023\/02\/image-118-1024x578.png",1024,578,true],"covernews-medium":["https:\/\/infoecos.com.ar\/wp-content\/uploads\/2023\/02\/image-118-720x380.png",540,285,true],"covernews-medium-square":["https:\/\/infoecos.com.ar\/wp-content\/uploads\/2023\/02\/image-118-675x450.png",375,250,true]},"author_info":{"info":["Jorge Matheus"]},"category_info":"<a href=\"https:\/\/infoecos.com.ar\/index.php\/category\/inferior4\/\" rel=\"category tag\">Bloque inferior - 4<\/a>","tag_info":"Bloque inferior - 4","comment_count":"0","_links":{"self":[{"href":"https:\/\/infoecos.com.ar\/index.php\/wp-json\/wp\/v2\/posts\/102030"}],"collection":[{"href":"https:\/\/infoecos.com.ar\/index.php\/wp-json\/wp\/v2\/posts"}],"about":[{"href":"https:\/\/infoecos.com.ar\/index.php\/wp-json\/wp\/v2\/types\/post"}],"author":[{"embeddable":true,"href":"https:\/\/infoecos.com.ar\/index.php\/wp-json\/wp\/v2\/users\/2"}],"replies":[{"embeddable":true,"href":"https:\/\/infoecos.com.ar\/index.php\/wp-json\/wp\/v2\/comments?post=102030"}],"version-history":[{"count":2,"href":"https:\/\/infoecos.com.ar\/index.php\/wp-json\/wp\/v2\/posts\/102030\/revisions"}],"predecessor-version":[{"id":102098,"href":"https:\/\/infoecos.com.ar\/index.php\/wp-json\/wp\/v2\/posts\/102030\/revisions\/102098"}],"wp:featuredmedia":[{"embeddable":true,"href":"https:\/\/infoecos.com.ar\/index.php\/wp-json\/wp\/v2\/media\/102031"}],"wp:attachment":[{"href":"https:\/\/infoecos.com.ar\/index.php\/wp-json\/wp\/v2\/media?parent=102030"}],"wp:term":[{"taxonomy":"category","embeddable":true,"href":"https:\/\/infoecos.com.ar\/index.php\/wp-json\/wp\/v2\/categories?post=102030"},{"taxonomy":"post_tag","embeddable":true,"href":"https:\/\/infoecos.com.ar\/index.php\/wp-json\/wp\/v2\/tags?post=102030"}],"curies":[{"name":"wp","href":"https:\/\/api.w.org\/{rel}","templated":true}]}}