{"id":102042,"date":"2023-02-19T16:23:52","date_gmt":"2023-02-19T19:23:52","guid":{"rendered":"https:\/\/infoecos.com.ar\/?p=102042"},"modified":"2023-02-22T03:07:57","modified_gmt":"2023-02-22T06:07:57","slug":"murio-nano-balbo-en-neuquen-un-maestro-una-historia-de-lucha-una-historia-de-vida","status":"publish","type":"post","link":"https:\/\/infoecos.com.ar\/index.php\/murio-nano-balbo-en-neuquen-un-maestro-una-historia-de-lucha-una-historia-de-vida\/","title":{"rendered":"Muri\u00f3 Nano Balbo en Neuqu\u00e9n: \u00abUn maestro&#8230;una historia de lucha&#8230;una historia de vida\u00bb"},"content":{"rendered":"\n<p>Muri\u00f3 en Neuqu\u00e9n, donde resid\u00eda, el reconocido docente nacido y criado en Pellegrini, Orlando \u00abNano\u00bb Balbo, que inspir\u00f3 al escritor y periodista Guillermo Saccomanno a escribir el libro \u00abUn Maestro\u00bb, donde est\u00e1 reflejada su historia personal desde la vida misma. Es una obra literaria, dolorosa por un lado y agradable por otra. Dolorosa porque sufri\u00f3 la persecuci\u00f3n de la dictadura a punto se haber perdido casi en un cien por ciento la audici\u00f3n. Agradable porque est\u00e1 contada por el mismo conteniendo aristas muy importantes vinculadas con la educaci\u00f3n y la sociedad.<\/p>\n\n\n\n<figure class=\"wp-block-image aligncenter size-full is-resized\"><img loading=\"lazy\" decoding=\"async\" src=\"https:\/\/infoecos.com.ar\/wp-content\/uploads\/2023\/02\/331923687_738045857988686_3482402885419813803_n.jpg\" alt=\"\" class=\"wp-image-102045\" width=\"404\" height=\"636\" srcset=\"https:\/\/infoecos.com.ar\/wp-content\/uploads\/2023\/02\/331923687_738045857988686_3482402885419813803_n.jpg 566w, https:\/\/infoecos.com.ar\/wp-content\/uploads\/2023\/02\/331923687_738045857988686_3482402885419813803_n-508x800.jpg 508w\" sizes=\"(max-width: 404px) 100vw, 404px\" \/><\/figure>\n\n\n\n<p>Distintas expresiones en torno a su figura se han publicado en las redes sociales, especialmente desde Trenque Lauquen donde residen sus dos hermanas, ten\u00eda amigas y hasta estuvo viviendo durante unos meses, pu\u00e9s su idea era recalar definitivamente en estas tierras de la pampa.<\/p>\n\n\n\n<p>Liliana Gim\u00e9nez, Inspectora de la Direcci\u00f3n General de Cultura y Educaci\u00f3n de la provincia de Buenos Aires, menciona en su cuenta de la red Facebook: &nbsp;<strong><em>QEPD AMIGO!!! MAESTRO!!! HOMBRE EJEMPLAR!!! Cu\u00e1ntas ense\u00f1anzas nos dejaste!!! Me queda tu hermoso recuerdo y los audios con tus an\u00e9cdotas de momentos vividos!!! (Qued\u00e1 en mi poder, tu libro&#8230;, el que me mandaste hace poco con Titi.., y guardar\u00e9 como un gran tesoro)&#8230; Gracias por tanto!! Te voy a extra\u00f1ar!! Hasta la Victoria Siempre!!!<\/em><\/strong>.<\/p>\n\n\n\n<p>Gim\u00e9nez, tambi\u00e9n sube segmentos del programa \u00abCaminos de Tiza\u00bb de Canal 7, donde habla el propio Nano y tambi\u00e9n Saccomanno. Se hace en el mismo un gran reconocimiento a su tarea como educador. Se\u00f1ala la docente y amiga: <strong><em>Su cultura y sus experiencias de vida hicieron de \u00c9L un gran MAESTRO!!! Un reconocimiento de mi parte hacia \u00e9l&#8230;, <\/em>va a ser recordarlo desde distintos videos y escritos q nos dej\u00f3&#8230;INVITO A TODOS a entrar en ellos y disfrutar de su riqueza cultural y vivencial, m\u00e1s all\u00e1 de los ideales pol\u00edticos de cada uno de mis contactos!!!<\/strong>. <strong><em>Mi Gran Recuerdo hacia Vos, Nano Querido!!!<\/em><\/strong><\/p>\n\n\n\n<figure class=\"wp-block-embed is-type-video is-provider-youtube wp-block-embed-youtube wp-embed-aspect-4-3 wp-has-aspect-ratio\"><div class=\"wp-block-embed__wrapper\">\n<iframe loading=\"lazy\" title=\"Caminos de tiza: Orlando &quot;Nano&quot; Balbo - 13-08-11 (1 de 2)\" width=\"640\" height=\"480\" src=\"https:\/\/www.youtube.com\/embed\/IUkpBkd8QHU?feature=oembed\" frameborder=\"0\" allow=\"accelerometer; autoplay; clipboard-write; encrypted-media; gyroscope; picture-in-picture; web-share\" referrerpolicy=\"strict-origin-when-cross-origin\" allowfullscreen><\/iframe>\n<\/div><\/figure>\n\n\n\n<p>El docente de la Universidad Nacional del Comahue, que en la red se identifica como el \u00abNegro\u00bb Ram\u00edrez, a la par de publicar las fotos que tomamos como propias, levanta un escrito de Fernando Barraza, que dice: <\/p>\n\n\n\n<p><strong>En esta foto lo ves al Nano Balbo, uno de los m\u00e1s grandes maestros que ha tenido la docencia en Argentina.<\/strong><\/p>\n\n\n\n<figure class=\"wp-block-image aligncenter size-full is-resized\"><img loading=\"lazy\" decoding=\"async\" src=\"https:\/\/infoecos.com.ar\/wp-content\/uploads\/2023\/02\/332419908_484320713725819_5605470126097920503_n.jpg\" alt=\"\" class=\"wp-image-102043\" width=\"516\" height=\"511\" srcset=\"https:\/\/infoecos.com.ar\/wp-content\/uploads\/2023\/02\/332419908_484320713725819_5605470126097920503_n.jpg 843w, https:\/\/infoecos.com.ar\/wp-content\/uploads\/2023\/02\/332419908_484320713725819_5605470126097920503_n-800x792.jpg 800w, https:\/\/infoecos.com.ar\/wp-content\/uploads\/2023\/02\/332419908_484320713725819_5605470126097920503_n-768x761.jpg 768w\" sizes=\"(max-width: 516px) 100vw, 516px\" \/><\/figure>\n\n\n\n<p><strong>\u00bfSab\u00e9s de cu\u00e1ndo es esta foto y qui\u00e9n es ella? La foto es de la \u00faltima vigilia por la Memoria Verdad y Justicia que se hizo en TeNeAs el 24 de marzo pasado. Ella es Rocio Carbajo, si sos de Neuqu\u00e9n o el Valle seguro que la conoc\u00e9s, porque ha cantado sola o en banda en miles de escenarios. Tambi\u00e9n es docente, como el Nano.<\/strong><\/p>\n\n\n\n<p><strong>En esa foto estaban sentados en la sala principal de Te.Ne.As vac\u00eda, porque el recinto tiene muy buena ac\u00fastica y el aud\u00edfono del Nano llegaba a captar algo medianamente claro, sumado al movimiento de labios de Rochi, Nano pod\u00eda entender lo que hablaban.<\/strong><\/p>\n\n\n\n<p><strong>Estaban haciendo la previa a una entrevista p\u00fablica en la que Nano le iba a contar al p\u00fablico, afuera, en el escenario del anfiteatro, quien era y por lo que hab\u00eda pasado. La entrevista cerrar\u00eda con \u00abThe sound of silence\u00bb, la canci\u00f3n de Simon y Garfunkel, cantada por Roc\u00edo.<\/strong><\/p>\n\n\n\n<p><strong>En los primeros d\u00edas de la \u00faltima dictadura c\u00edvico militar eclesi\u00e1stica Nano fue detenido y torturado. A ra\u00edz de esa acci\u00f3n de violencia perdi\u00f3 la audici\u00f3n de ambos o\u00eddos casi por completo. La \u00faltima canci\u00f3n que recuerda haber escuchado bien fue \u00abLos sonidos del silencio\u00bb de Simon y Garfunkel, que sonaba en la radio de la federal mientras le daban m\u00e1quina.<\/strong><\/p>\n\n\n\n<figure class=\"wp-block-image aligncenter size-full is-resized\"><img loading=\"lazy\" decoding=\"async\" src=\"https:\/\/infoecos.com.ar\/wp-content\/uploads\/2023\/02\/332299803_1959601217543753_4012844479074512704_n.jpg\" alt=\"\" class=\"wp-image-102044\" width=\"498\" height=\"339\"\/><\/figure>\n\n\n\n<p><strong>Aquella noche quienes est\u00e1bamos all\u00ed, tras el testimonio del maestro y la versi\u00f3n viva de esa canci\u00f3n hecha por Rochi, frente a la mirada de amor de Nano, vivimos uno de los momentos de magia m\u00e1s emotivos que podamos atesorar a futuro.<\/strong><\/p>\n\n\n\n<p><strong>Cuando todo termin\u00f3, Nano abraz\u00f3 a Roc\u00edo, la separ\u00f3 un poco de s\u00ed, y con una sonrisa enorme y emocionada le dijo: \u00abte escuch\u00e9, pude identificar las partes de la canci\u00f3n!\u00bb<\/strong><\/p>\n\n\n\n<p><strong>Hoy, en esta ma\u00f1ana soleada de febrero en la que Nano Balbo ha partido de este plano, dej\u00e1ndonos sumidos en esa tristeza primera que da el ver irse de aqu\u00ed a alguien amado por tantas personas, alguien tan importante para tantas generaciones, el viento suave del suroeste trae la melod\u00eda de aquella canci\u00f3n y una voz que dice el verso \u00abEscucha mis palabras para que pueda ense\u00f1arte\/ Toma mis brazos para que pueda alcanzarte\u00bb, susurrando con vitalidad en los sonidos del silencio.<\/strong><\/p>\n\n\n\n<p><strong>Adi\u00f3s maestro, todo nuestro amor en tu memoria.<\/strong><\/p>\n\n\n\n<p><strong>Aguante la vida<\/strong><\/p>\n\n\n\n<p><strong>Aguante el Nano<\/strong><\/p>\n\n\n\n<p><strong>Aguante su militancia<\/strong><\/p>\n\n\n\n<p><strong>Aguante la memoria<\/strong><\/p>\n\n\n\n<p><strong>Aguante la verdad<\/strong><\/p>\n\n\n\n<p><strong>Aguante la justicia<\/strong><\/p>\n\n\n\n<p><strong>Aguante todo<\/strong><\/p>\n","protected":false},"excerpt":{"rendered":"<p>Inspirado en su historia, el escritor Guillermo Saccomanno escribi\u00f3 el libro que da t\u00edtulo a esta nota<\/p>\n","protected":false},"author":2,"featured_media":102044,"comment_status":"closed","ping_status":"open","sticky":false,"template":"","format":"standard","meta":{"footnotes":""},"categories":[42],"tags":[7365],"class_list":["post-102042","post","type-post","status-publish","format-standard","has-post-thumbnail","hentry","category-inferior3","tag-nacido-y-criado-en-pellegrini"],"yoast_head":"<!-- This site is optimized with the Yoast SEO plugin v23.4 - https:\/\/yoast.com\/wordpress\/plugins\/seo\/ -->\n<title>Muri\u00f3 Nano Balbo en Neuqu\u00e9n: &quot;Un maestro...una historia de lucha...una historia de vida&quot; - Infoecos<\/title>\n<meta name=\"robots\" content=\"index, follow, max-snippet:-1, max-image-preview:large, max-video-preview:-1\" \/>\n<link rel=\"canonical\" href=\"https:\/\/infoecos.com.ar\/index.php\/murio-nano-balbo-en-neuquen-un-maestro-una-historia-de-lucha-una-historia-de-vida\/\" \/>\n<meta property=\"og:locale\" content=\"es_ES\" \/>\n<meta property=\"og:type\" content=\"article\" \/>\n<meta property=\"og:title\" content=\"Muri\u00f3 Nano Balbo en Neuqu\u00e9n: &quot;Un maestro...una historia de lucha...una historia de vida&quot; - Infoecos\" \/>\n<meta property=\"og:description\" content=\"Inspirado en su historia, el escritor Guillermo Saccomanno escribi\u00f3 el libro que da t\u00edtulo a esta nota\" \/>\n<meta property=\"og:url\" content=\"https:\/\/infoecos.com.ar\/index.php\/murio-nano-balbo-en-neuquen-un-maestro-una-historia-de-lucha-una-historia-de-vida\/\" \/>\n<meta property=\"og:site_name\" content=\"Infoecos\" \/>\n<meta property=\"article:publisher\" content=\"https:\/\/www.facebook.com\/profile.php?id=100063200290284\" \/>\n<meta property=\"article:published_time\" content=\"2023-02-19T19:23:52+00:00\" \/>\n<meta property=\"article:modified_time\" content=\"2023-02-22T06:07:57+00:00\" \/>\n<meta property=\"og:image\" content=\"https:\/\/infoecos.com.ar\/wp-content\/uploads\/2023\/02\/332299803_1959601217543753_4012844479074512704_n.jpg\" \/>\n\t<meta property=\"og:image:width\" content=\"720\" \/>\n\t<meta property=\"og:image:height\" content=\"490\" \/>\n\t<meta property=\"og:image:type\" content=\"image\/jpeg\" \/>\n<meta name=\"author\" content=\"Jorge Matheus\" \/>\n<meta name=\"twitter:card\" content=\"summary_large_image\" \/>\n<meta name=\"twitter:creator\" content=\"@infoecos\" \/>\n<meta name=\"twitter:site\" content=\"@infoecos\" \/>\n<meta name=\"twitter:label1\" content=\"Escrito por\" \/>\n\t<meta name=\"twitter:data1\" content=\"Jorge Matheus\" \/>\n\t<meta name=\"twitter:label2\" content=\"Tiempo de lectura\" \/>\n\t<meta name=\"twitter:data2\" content=\"5 minutos\" \/>\n<script type=\"application\/ld+json\" class=\"yoast-schema-graph\">{\"@context\":\"https:\/\/schema.org\",\"@graph\":[{\"@type\":\"Article\",\"@id\":\"https:\/\/infoecos.com.ar\/index.php\/murio-nano-balbo-en-neuquen-un-maestro-una-historia-de-lucha-una-historia-de-vida\/#article\",\"isPartOf\":{\"@id\":\"https:\/\/infoecos.com.ar\/index.php\/murio-nano-balbo-en-neuquen-un-maestro-una-historia-de-lucha-una-historia-de-vida\/\"},\"author\":{\"name\":\"Jorge Matheus\",\"@id\":\"https:\/\/infoecos.com.ar\/#\/schema\/person\/8f5ace5ce73b4b4aac4b7245aee6f191\"},\"headline\":\"Muri\u00f3 Nano Balbo en Neuqu\u00e9n: \u00abUn maestro&#8230;una historia de lucha&#8230;una historia de vida\u00bb\",\"datePublished\":\"2023-02-19T19:23:52+00:00\",\"dateModified\":\"2023-02-22T06:07:57+00:00\",\"mainEntityOfPage\":{\"@id\":\"https:\/\/infoecos.com.ar\/index.php\/murio-nano-balbo-en-neuquen-un-maestro-una-historia-de-lucha-una-historia-de-vida\/\"},\"wordCount\":870,\"publisher\":{\"@id\":\"https:\/\/infoecos.com.ar\/#organization\"},\"image\":{\"@id\":\"https:\/\/infoecos.com.ar\/index.php\/murio-nano-balbo-en-neuquen-un-maestro-una-historia-de-lucha-una-historia-de-vida\/#primaryimage\"},\"thumbnailUrl\":\"https:\/\/infoecos.com.ar\/wp-content\/uploads\/2023\/02\/332299803_1959601217543753_4012844479074512704_n.jpg\",\"keywords\":[\"NACIDO Y CRIADO EN PELLEGRINI\"],\"articleSection\":[\"Bloque inferior - 3\"],\"inLanguage\":\"es\"},{\"@type\":\"WebPage\",\"@id\":\"https:\/\/infoecos.com.ar\/index.php\/murio-nano-balbo-en-neuquen-un-maestro-una-historia-de-lucha-una-historia-de-vida\/\",\"url\":\"https:\/\/infoecos.com.ar\/index.php\/murio-nano-balbo-en-neuquen-un-maestro-una-historia-de-lucha-una-historia-de-vida\/\",\"name\":\"Muri\u00f3 Nano Balbo en Neuqu\u00e9n: \\\"Un maestro...una historia de lucha...una historia de vida\\\" - Infoecos\",\"isPartOf\":{\"@id\":\"https:\/\/infoecos.com.ar\/#website\"},\"primaryImageOfPage\":{\"@id\":\"https:\/\/infoecos.com.ar\/index.php\/murio-nano-balbo-en-neuquen-un-maestro-una-historia-de-lucha-una-historia-de-vida\/#primaryimage\"},\"image\":{\"@id\":\"https:\/\/infoecos.com.ar\/index.php\/murio-nano-balbo-en-neuquen-un-maestro-una-historia-de-lucha-una-historia-de-vida\/#primaryimage\"},\"thumbnailUrl\":\"https:\/\/infoecos.com.ar\/wp-content\/uploads\/2023\/02\/332299803_1959601217543753_4012844479074512704_n.jpg\",\"datePublished\":\"2023-02-19T19:23:52+00:00\",\"dateModified\":\"2023-02-22T06:07:57+00:00\",\"breadcrumb\":{\"@id\":\"https:\/\/infoecos.com.ar\/index.php\/murio-nano-balbo-en-neuquen-un-maestro-una-historia-de-lucha-una-historia-de-vida\/#breadcrumb\"},\"inLanguage\":\"es\",\"potentialAction\":[{\"@type\":\"ReadAction\",\"target\":[\"https:\/\/infoecos.com.ar\/index.php\/murio-nano-balbo-en-neuquen-un-maestro-una-historia-de-lucha-una-historia-de-vida\/\"]}]},{\"@type\":\"ImageObject\",\"inLanguage\":\"es\",\"@id\":\"https:\/\/infoecos.com.ar\/index.php\/murio-nano-balbo-en-neuquen-un-maestro-una-historia-de-lucha-una-historia-de-vida\/#primaryimage\",\"url\":\"https:\/\/infoecos.com.ar\/wp-content\/uploads\/2023\/02\/332299803_1959601217543753_4012844479074512704_n.jpg\",\"contentUrl\":\"https:\/\/infoecos.com.ar\/wp-content\/uploads\/2023\/02\/332299803_1959601217543753_4012844479074512704_n.jpg\",\"width\":720,\"height\":490},{\"@type\":\"BreadcrumbList\",\"@id\":\"https:\/\/infoecos.com.ar\/index.php\/murio-nano-balbo-en-neuquen-un-maestro-una-historia-de-lucha-una-historia-de-vida\/#breadcrumb\",\"itemListElement\":[{\"@type\":\"ListItem\",\"position\":1,\"name\":\"Portada\",\"item\":\"https:\/\/infoecos.com.ar\/\"},{\"@type\":\"ListItem\",\"position\":2,\"name\":\"Muri\u00f3 Nano Balbo en Neuqu\u00e9n: \u00abUn maestro&#8230;una historia de lucha&#8230;una historia de vida\u00bb\"}]},{\"@type\":\"WebSite\",\"@id\":\"https:\/\/infoecos.com.ar\/#website\",\"url\":\"https:\/\/infoecos.com.ar\/\",\"name\":\"Infoecos\",\"description\":\"Noticias de trenque lauquen y la zona\",\"publisher\":{\"@id\":\"https:\/\/infoecos.com.ar\/#organization\"},\"alternateName\":\"Noticias\",\"potentialAction\":[{\"@type\":\"SearchAction\",\"target\":{\"@type\":\"EntryPoint\",\"urlTemplate\":\"https:\/\/infoecos.com.ar\/?s={search_term_string}\"},\"query-input\":{\"@type\":\"PropertyValueSpecification\",\"valueRequired\":true,\"valueName\":\"search_term_string\"}}],\"inLanguage\":\"es\"},{\"@type\":\"Organization\",\"@id\":\"https:\/\/infoecos.com.ar\/#organization\",\"name\":\"Infoecos\",\"alternateName\":\"Noticias\",\"url\":\"https:\/\/infoecos.com.ar\/\",\"logo\":{\"@type\":\"ImageObject\",\"inLanguage\":\"es\",\"@id\":\"https:\/\/infoecos.com.ar\/#\/schema\/logo\/image\/\",\"url\":\"https:\/\/infoecos.com.ar\/wp-content\/uploads\/2024\/03\/cropped-logo.png\",\"contentUrl\":\"https:\/\/infoecos.com.ar\/wp-content\/uploads\/2024\/03\/cropped-logo.png\",\"width\":374,\"height\":90,\"caption\":\"Infoecos\"},\"image\":{\"@id\":\"https:\/\/infoecos.com.ar\/#\/schema\/logo\/image\/\"},\"sameAs\":[\"https:\/\/www.facebook.com\/profile.php?id=100063200290284\",\"https:\/\/x.com\/infoecos\"]},{\"@type\":\"Person\",\"@id\":\"https:\/\/infoecos.com.ar\/#\/schema\/person\/8f5ace5ce73b4b4aac4b7245aee6f191\",\"name\":\"Jorge Matheus\",\"url\":\"https:\/\/infoecos.com.ar\/index.php\/author\/jomatheus\/\"}]}<\/script>\n<!-- \/ Yoast SEO plugin. -->","yoast_head_json":{"title":"Muri\u00f3 Nano Balbo en Neuqu\u00e9n: \"Un maestro...una historia de lucha...una historia de vida\" - Infoecos","robots":{"index":"index","follow":"follow","max-snippet":"max-snippet:-1","max-image-preview":"max-image-preview:large","max-video-preview":"max-video-preview:-1"},"canonical":"https:\/\/infoecos.com.ar\/index.php\/murio-nano-balbo-en-neuquen-un-maestro-una-historia-de-lucha-una-historia-de-vida\/","og_locale":"es_ES","og_type":"article","og_title":"Muri\u00f3 Nano Balbo en Neuqu\u00e9n: \"Un maestro...una historia de lucha...una historia de vida\" - Infoecos","og_description":"Inspirado en su historia, el escritor Guillermo Saccomanno escribi\u00f3 el libro que da t\u00edtulo a esta nota","og_url":"https:\/\/infoecos.com.ar\/index.php\/murio-nano-balbo-en-neuquen-un-maestro-una-historia-de-lucha-una-historia-de-vida\/","og_site_name":"Infoecos","article_publisher":"https:\/\/www.facebook.com\/profile.php?id=100063200290284","article_published_time":"2023-02-19T19:23:52+00:00","article_modified_time":"2023-02-22T06:07:57+00:00","og_image":[{"width":720,"height":490,"url":"https:\/\/infoecos.com.ar\/wp-content\/uploads\/2023\/02\/332299803_1959601217543753_4012844479074512704_n.jpg","type":"image\/jpeg"}],"author":"Jorge Matheus","twitter_card":"summary_large_image","twitter_creator":"@infoecos","twitter_site":"@infoecos","twitter_misc":{"Escrito por":"Jorge Matheus","Tiempo de lectura":"5 minutos"},"schema":{"@context":"https:\/\/schema.org","@graph":[{"@type":"Article","@id":"https:\/\/infoecos.com.ar\/index.php\/murio-nano-balbo-en-neuquen-un-maestro-una-historia-de-lucha-una-historia-de-vida\/#article","isPartOf":{"@id":"https:\/\/infoecos.com.ar\/index.php\/murio-nano-balbo-en-neuquen-un-maestro-una-historia-de-lucha-una-historia-de-vida\/"},"author":{"name":"Jorge Matheus","@id":"https:\/\/infoecos.com.ar\/#\/schema\/person\/8f5ace5ce73b4b4aac4b7245aee6f191"},"headline":"Muri\u00f3 Nano Balbo en Neuqu\u00e9n: \u00abUn maestro&#8230;una historia de lucha&#8230;una historia de vida\u00bb","datePublished":"2023-02-19T19:23:52+00:00","dateModified":"2023-02-22T06:07:57+00:00","mainEntityOfPage":{"@id":"https:\/\/infoecos.com.ar\/index.php\/murio-nano-balbo-en-neuquen-un-maestro-una-historia-de-lucha-una-historia-de-vida\/"},"wordCount":870,"publisher":{"@id":"https:\/\/infoecos.com.ar\/#organization"},"image":{"@id":"https:\/\/infoecos.com.ar\/index.php\/murio-nano-balbo-en-neuquen-un-maestro-una-historia-de-lucha-una-historia-de-vida\/#primaryimage"},"thumbnailUrl":"https:\/\/infoecos.com.ar\/wp-content\/uploads\/2023\/02\/332299803_1959601217543753_4012844479074512704_n.jpg","keywords":["NACIDO Y CRIADO EN PELLEGRINI"],"articleSection":["Bloque inferior - 3"],"inLanguage":"es"},{"@type":"WebPage","@id":"https:\/\/infoecos.com.ar\/index.php\/murio-nano-balbo-en-neuquen-un-maestro-una-historia-de-lucha-una-historia-de-vida\/","url":"https:\/\/infoecos.com.ar\/index.php\/murio-nano-balbo-en-neuquen-un-maestro-una-historia-de-lucha-una-historia-de-vida\/","name":"Muri\u00f3 Nano Balbo en Neuqu\u00e9n: \"Un maestro...una historia de lucha...una historia de vida\" - Infoecos","isPartOf":{"@id":"https:\/\/infoecos.com.ar\/#website"},"primaryImageOfPage":{"@id":"https:\/\/infoecos.com.ar\/index.php\/murio-nano-balbo-en-neuquen-un-maestro-una-historia-de-lucha-una-historia-de-vida\/#primaryimage"},"image":{"@id":"https:\/\/infoecos.com.ar\/index.php\/murio-nano-balbo-en-neuquen-un-maestro-una-historia-de-lucha-una-historia-de-vida\/#primaryimage"},"thumbnailUrl":"https:\/\/infoecos.com.ar\/wp-content\/uploads\/2023\/02\/332299803_1959601217543753_4012844479074512704_n.jpg","datePublished":"2023-02-19T19:23:52+00:00","dateModified":"2023-02-22T06:07:57+00:00","breadcrumb":{"@id":"https:\/\/infoecos.com.ar\/index.php\/murio-nano-balbo-en-neuquen-un-maestro-una-historia-de-lucha-una-historia-de-vida\/#breadcrumb"},"inLanguage":"es","potentialAction":[{"@type":"ReadAction","target":["https:\/\/infoecos.com.ar\/index.php\/murio-nano-balbo-en-neuquen-un-maestro-una-historia-de-lucha-una-historia-de-vida\/"]}]},{"@type":"ImageObject","inLanguage":"es","@id":"https:\/\/infoecos.com.ar\/index.php\/murio-nano-balbo-en-neuquen-un-maestro-una-historia-de-lucha-una-historia-de-vida\/#primaryimage","url":"https:\/\/infoecos.com.ar\/wp-content\/uploads\/2023\/02\/332299803_1959601217543753_4012844479074512704_n.jpg","contentUrl":"https:\/\/infoecos.com.ar\/wp-content\/uploads\/2023\/02\/332299803_1959601217543753_4012844479074512704_n.jpg","width":720,"height":490},{"@type":"BreadcrumbList","@id":"https:\/\/infoecos.com.ar\/index.php\/murio-nano-balbo-en-neuquen-un-maestro-una-historia-de-lucha-una-historia-de-vida\/#breadcrumb","itemListElement":[{"@type":"ListItem","position":1,"name":"Portada","item":"https:\/\/infoecos.com.ar\/"},{"@type":"ListItem","position":2,"name":"Muri\u00f3 Nano Balbo en Neuqu\u00e9n: \u00abUn maestro&#8230;una historia de lucha&#8230;una historia de vida\u00bb"}]},{"@type":"WebSite","@id":"https:\/\/infoecos.com.ar\/#website","url":"https:\/\/infoecos.com.ar\/","name":"Infoecos","description":"Noticias de trenque lauquen y la zona","publisher":{"@id":"https:\/\/infoecos.com.ar\/#organization"},"alternateName":"Noticias","potentialAction":[{"@type":"SearchAction","target":{"@type":"EntryPoint","urlTemplate":"https:\/\/infoecos.com.ar\/?s={search_term_string}"},"query-input":{"@type":"PropertyValueSpecification","valueRequired":true,"valueName":"search_term_string"}}],"inLanguage":"es"},{"@type":"Organization","@id":"https:\/\/infoecos.com.ar\/#organization","name":"Infoecos","alternateName":"Noticias","url":"https:\/\/infoecos.com.ar\/","logo":{"@type":"ImageObject","inLanguage":"es","@id":"https:\/\/infoecos.com.ar\/#\/schema\/logo\/image\/","url":"https:\/\/infoecos.com.ar\/wp-content\/uploads\/2024\/03\/cropped-logo.png","contentUrl":"https:\/\/infoecos.com.ar\/wp-content\/uploads\/2024\/03\/cropped-logo.png","width":374,"height":90,"caption":"Infoecos"},"image":{"@id":"https:\/\/infoecos.com.ar\/#\/schema\/logo\/image\/"},"sameAs":["https:\/\/www.facebook.com\/profile.php?id=100063200290284","https:\/\/x.com\/infoecos"]},{"@type":"Person","@id":"https:\/\/infoecos.com.ar\/#\/schema\/person\/8f5ace5ce73b4b4aac4b7245aee6f191","name":"Jorge Matheus","url":"https:\/\/infoecos.com.ar\/index.php\/author\/jomatheus\/"}]}},"featured_image_urls":{"full":["https:\/\/infoecos.com.ar\/wp-content\/uploads\/2023\/02\/332299803_1959601217543753_4012844479074512704_n.jpg",720,490,false],"thumbnail":["https:\/\/infoecos.com.ar\/wp-content\/uploads\/2023\/02\/332299803_1959601217543753_4012844479074512704_n-300x150.jpg",300,150,true],"medium":["https:\/\/infoecos.com.ar\/wp-content\/uploads\/2023\/02\/332299803_1959601217543753_4012844479074512704_n.jpg",720,490,false],"medium_large":["https:\/\/infoecos.com.ar\/wp-content\/uploads\/2023\/02\/332299803_1959601217543753_4012844479074512704_n.jpg",640,436,false],"large":["https:\/\/infoecos.com.ar\/wp-content\/uploads\/2023\/02\/332299803_1959601217543753_4012844479074512704_n.jpg",640,436,false],"1536x1536":["https:\/\/infoecos.com.ar\/wp-content\/uploads\/2023\/02\/332299803_1959601217543753_4012844479074512704_n.jpg",720,490,false],"2048x2048":["https:\/\/infoecos.com.ar\/wp-content\/uploads\/2023\/02\/332299803_1959601217543753_4012844479074512704_n.jpg",720,490,false],"covernews-slider-full":["https:\/\/infoecos.com.ar\/wp-content\/uploads\/2023\/02\/332299803_1959601217543753_4012844479074512704_n.jpg",720,490,false],"covernews-slider-center":["https:\/\/infoecos.com.ar\/wp-content\/uploads\/2023\/02\/332299803_1959601217543753_4012844479074512704_n.jpg",720,490,false],"covernews-featured":["https:\/\/infoecos.com.ar\/wp-content\/uploads\/2023\/02\/332299803_1959601217543753_4012844479074512704_n.jpg",720,490,false],"covernews-medium":["https:\/\/infoecos.com.ar\/wp-content\/uploads\/2023\/02\/332299803_1959601217543753_4012844479074512704_n-720x380.jpg",540,285,true],"covernews-medium-square":["https:\/\/infoecos.com.ar\/wp-content\/uploads\/2023\/02\/332299803_1959601217543753_4012844479074512704_n-675x450.jpg",375,250,true]},"author_info":{"info":["Jorge Matheus"]},"category_info":"<a href=\"https:\/\/infoecos.com.ar\/index.php\/category\/inferior3\/\" rel=\"category tag\">Bloque inferior - 3<\/a>","tag_info":"Bloque inferior - 3","comment_count":"0","_links":{"self":[{"href":"https:\/\/infoecos.com.ar\/index.php\/wp-json\/wp\/v2\/posts\/102042"}],"collection":[{"href":"https:\/\/infoecos.com.ar\/index.php\/wp-json\/wp\/v2\/posts"}],"about":[{"href":"https:\/\/infoecos.com.ar\/index.php\/wp-json\/wp\/v2\/types\/post"}],"author":[{"embeddable":true,"href":"https:\/\/infoecos.com.ar\/index.php\/wp-json\/wp\/v2\/users\/2"}],"replies":[{"embeddable":true,"href":"https:\/\/infoecos.com.ar\/index.php\/wp-json\/wp\/v2\/comments?post=102042"}],"version-history":[{"count":2,"href":"https:\/\/infoecos.com.ar\/index.php\/wp-json\/wp\/v2\/posts\/102042\/revisions"}],"predecessor-version":[{"id":102048,"href":"https:\/\/infoecos.com.ar\/index.php\/wp-json\/wp\/v2\/posts\/102042\/revisions\/102048"}],"wp:featuredmedia":[{"embeddable":true,"href":"https:\/\/infoecos.com.ar\/index.php\/wp-json\/wp\/v2\/media\/102044"}],"wp:attachment":[{"href":"https:\/\/infoecos.com.ar\/index.php\/wp-json\/wp\/v2\/media?parent=102042"}],"wp:term":[{"taxonomy":"category","embeddable":true,"href":"https:\/\/infoecos.com.ar\/index.php\/wp-json\/wp\/v2\/categories?post=102042"},{"taxonomy":"post_tag","embeddable":true,"href":"https:\/\/infoecos.com.ar\/index.php\/wp-json\/wp\/v2\/tags?post=102042"}],"curies":[{"name":"wp","href":"https:\/\/api.w.org\/{rel}","templated":true}]}}