{"id":102076,"date":"2023-02-20T01:18:56","date_gmt":"2023-02-20T04:18:56","guid":{"rendered":"https:\/\/infoecos.com.ar\/?p=102076"},"modified":"2023-02-24T10:47:28","modified_gmt":"2023-02-24T13:47:28","slug":"antes-del-proximo-invierno-podria-estar-finalizado-el-gasoducto-nestor-kirchner","status":"publish","type":"post","link":"https:\/\/infoecos.com.ar\/index.php\/antes-del-proximo-invierno-podria-estar-finalizado-el-gasoducto-nestor-kirchner\/","title":{"rendered":"Antes del pr\u00f3ximo invierno podr\u00eda estar finalizado el gasoducto N\u00e9stor Kirchner"},"content":{"rendered":"\n<p>El presidente de la empresa Energ\u00eda Argentina S.A. (Enarsa), Agust\u00edn Gerez, asegur\u00f3, seg\u00fan publica El Diario de La Pampa, que \u00abde no mediar ning\u00fan imprevisto, el gasoducto N\u00e9stor Kirchner estar\u00e1 finalizado antes del pr\u00f3ximo invierno\u00bb. <\/p>\n\n\n\n<figure class=\"wp-block-image aligncenter size-full is-resized\"><img loading=\"lazy\" decoding=\"async\" src=\"https:\/\/infoecos.com.ar\/wp-content\/uploads\/2023\/02\/image-119.png\" alt=\"\" class=\"wp-image-102077\" width=\"620\" height=\"326\" srcset=\"https:\/\/infoecos.com.ar\/wp-content\/uploads\/2023\/02\/image-119.png 860w, https:\/\/infoecos.com.ar\/wp-content\/uploads\/2023\/02\/image-119-800x420.png 800w, https:\/\/infoecos.com.ar\/wp-content\/uploads\/2023\/02\/image-119-768x404.png 768w, https:\/\/infoecos.com.ar\/wp-content\/uploads\/2023\/02\/image-119-720x380.png 720w\" sizes=\"(max-width: 620px) 100vw, 620px\" \/><\/figure>\n\n\n\n<p>En un comunicado, Gerez destac\u00f3 que \u00aba m\u00e1s de 6 meses de iniciada la construcci\u00f3n del Gasoducto Presidente N\u00e9stor Kirchner, y cuando restan 4 meses para su finalizaci\u00f3n, Energ\u00eda Argentina destaca los avances realizados a partir del trabajo conjunto entre la empresa, los contratistas y las distintas \u00e1reas del Estado Nacional y las provincias involucradas para que nuestro pa\u00eds pueda contar con esta importante obra en los plazos previstos\u00bb.<\/p>\n\n\n\n<p>\u00abGracias al gran esfuerzo de todas las partes involucradas, en particular de los trabajadores que llevan adelante esta obra, estamos cumpliendo el ambicioso cronograma que nos impusimos y de no mediar ning\u00fan imprevisto estaremos en condiciones de cumplir el objetivo que nos propusimos y poner en funcionamiento el Gasoducto Presidente N\u00e9stor Kirchner para antes del inicio del pr\u00f3ximo invierno\u00bb, puntualiz\u00f3 Gerez.<\/p>\n\n\n\n<p>El ejecutivo subray\u00f3 que \u00abesta obra es fundamental para el futuro de nuestro pa\u00eds, al permitir sustituir importaciones mediante la mayor producci\u00f3n de gas de Vaca Muerta\u00bb.<\/p>\n","protected":false},"excerpt":{"rendered":"<p>Informe del presidente de la empresa Energ\u00eda Argentina SA (Enarsa), Agust\u00edn G\u00e9rez. (El Diario de La Pampa)<\/p>\n","protected":false},"author":2,"featured_media":102077,"comment_status":"closed","ping_status":"open","sticky":false,"template":"","format":"standard","meta":{"footnotes":""},"categories":[1643],"tags":[7370],"class_list":["post-102076","post","type-post","status-publish","format-standard","has-post-thumbnail","hentry","category-inferior16","tag-destacan-los-avances-de-obra"],"yoast_head":"<!-- This site is optimized with the Yoast SEO plugin v23.4 - https:\/\/yoast.com\/wordpress\/plugins\/seo\/ -->\n<title>Antes del pr\u00f3ximo invierno podr\u00eda estar finalizado el gasoducto N\u00e9stor Kirchner - Infoecos<\/title>\n<meta name=\"robots\" content=\"index, follow, max-snippet:-1, max-image-preview:large, max-video-preview:-1\" \/>\n<link rel=\"canonical\" href=\"https:\/\/infoecos.com.ar\/index.php\/antes-del-proximo-invierno-podria-estar-finalizado-el-gasoducto-nestor-kirchner\/\" \/>\n<meta property=\"og:locale\" content=\"es_ES\" \/>\n<meta property=\"og:type\" content=\"article\" \/>\n<meta property=\"og:title\" content=\"Antes del pr\u00f3ximo invierno podr\u00eda estar finalizado el gasoducto N\u00e9stor Kirchner - Infoecos\" \/>\n<meta property=\"og:description\" content=\"Informe del presidente de la empresa Energ\u00eda Argentina SA (Enarsa), Agust\u00edn G\u00e9rez. (El Diario de La Pampa)\" \/>\n<meta property=\"og:url\" content=\"https:\/\/infoecos.com.ar\/index.php\/antes-del-proximo-invierno-podria-estar-finalizado-el-gasoducto-nestor-kirchner\/\" \/>\n<meta property=\"og:site_name\" content=\"Infoecos\" \/>\n<meta property=\"article:publisher\" content=\"https:\/\/www.facebook.com\/profile.php?id=100063200290284\" \/>\n<meta property=\"article:published_time\" content=\"2023-02-20T04:18:56+00:00\" \/>\n<meta property=\"article:modified_time\" content=\"2023-02-24T13:47:28+00:00\" \/>\n<meta property=\"og:image\" content=\"https:\/\/infoecos.com.ar\/wp-content\/uploads\/2023\/02\/image-119.png\" \/>\n\t<meta property=\"og:image:width\" content=\"860\" \/>\n\t<meta property=\"og:image:height\" content=\"452\" \/>\n\t<meta property=\"og:image:type\" content=\"image\/png\" \/>\n<meta name=\"author\" content=\"Jorge Matheus\" \/>\n<meta name=\"twitter:card\" content=\"summary_large_image\" \/>\n<meta name=\"twitter:creator\" content=\"@infoecos\" \/>\n<meta name=\"twitter:site\" content=\"@infoecos\" \/>\n<meta name=\"twitter:label1\" content=\"Escrito por\" \/>\n\t<meta name=\"twitter:data1\" content=\"Jorge Matheus\" \/>\n\t<meta name=\"twitter:label2\" content=\"Tiempo de lectura\" \/>\n\t<meta name=\"twitter:data2\" content=\"2 minutos\" \/>\n<script type=\"application\/ld+json\" class=\"yoast-schema-graph\">{\"@context\":\"https:\/\/schema.org\",\"@graph\":[{\"@type\":\"Article\",\"@id\":\"https:\/\/infoecos.com.ar\/index.php\/antes-del-proximo-invierno-podria-estar-finalizado-el-gasoducto-nestor-kirchner\/#article\",\"isPartOf\":{\"@id\":\"https:\/\/infoecos.com.ar\/index.php\/antes-del-proximo-invierno-podria-estar-finalizado-el-gasoducto-nestor-kirchner\/\"},\"author\":{\"name\":\"Jorge Matheus\",\"@id\":\"https:\/\/infoecos.com.ar\/#\/schema\/person\/8f5ace5ce73b4b4aac4b7245aee6f191\"},\"headline\":\"Antes del pr\u00f3ximo invierno podr\u00eda estar finalizado el gasoducto N\u00e9stor Kirchner\",\"datePublished\":\"2023-02-20T04:18:56+00:00\",\"dateModified\":\"2023-02-24T13:47:28+00:00\",\"mainEntityOfPage\":{\"@id\":\"https:\/\/infoecos.com.ar\/index.php\/antes-del-proximo-invierno-podria-estar-finalizado-el-gasoducto-nestor-kirchner\/\"},\"wordCount\":222,\"publisher\":{\"@id\":\"https:\/\/infoecos.com.ar\/#organization\"},\"image\":{\"@id\":\"https:\/\/infoecos.com.ar\/index.php\/antes-del-proximo-invierno-podria-estar-finalizado-el-gasoducto-nestor-kirchner\/#primaryimage\"},\"thumbnailUrl\":\"https:\/\/infoecos.com.ar\/wp-content\/uploads\/2023\/02\/image-119.png\",\"keywords\":[\"DESTACAN LOS AVANCES DE OBRA\"],\"articleSection\":[\"Bloque inferior - 16\"],\"inLanguage\":\"es\"},{\"@type\":\"WebPage\",\"@id\":\"https:\/\/infoecos.com.ar\/index.php\/antes-del-proximo-invierno-podria-estar-finalizado-el-gasoducto-nestor-kirchner\/\",\"url\":\"https:\/\/infoecos.com.ar\/index.php\/antes-del-proximo-invierno-podria-estar-finalizado-el-gasoducto-nestor-kirchner\/\",\"name\":\"Antes del pr\u00f3ximo invierno podr\u00eda estar finalizado el gasoducto N\u00e9stor Kirchner - Infoecos\",\"isPartOf\":{\"@id\":\"https:\/\/infoecos.com.ar\/#website\"},\"primaryImageOfPage\":{\"@id\":\"https:\/\/infoecos.com.ar\/index.php\/antes-del-proximo-invierno-podria-estar-finalizado-el-gasoducto-nestor-kirchner\/#primaryimage\"},\"image\":{\"@id\":\"https:\/\/infoecos.com.ar\/index.php\/antes-del-proximo-invierno-podria-estar-finalizado-el-gasoducto-nestor-kirchner\/#primaryimage\"},\"thumbnailUrl\":\"https:\/\/infoecos.com.ar\/wp-content\/uploads\/2023\/02\/image-119.png\",\"datePublished\":\"2023-02-20T04:18:56+00:00\",\"dateModified\":\"2023-02-24T13:47:28+00:00\",\"breadcrumb\":{\"@id\":\"https:\/\/infoecos.com.ar\/index.php\/antes-del-proximo-invierno-podria-estar-finalizado-el-gasoducto-nestor-kirchner\/#breadcrumb\"},\"inLanguage\":\"es\",\"potentialAction\":[{\"@type\":\"ReadAction\",\"target\":[\"https:\/\/infoecos.com.ar\/index.php\/antes-del-proximo-invierno-podria-estar-finalizado-el-gasoducto-nestor-kirchner\/\"]}]},{\"@type\":\"ImageObject\",\"inLanguage\":\"es\",\"@id\":\"https:\/\/infoecos.com.ar\/index.php\/antes-del-proximo-invierno-podria-estar-finalizado-el-gasoducto-nestor-kirchner\/#primaryimage\",\"url\":\"https:\/\/infoecos.com.ar\/wp-content\/uploads\/2023\/02\/image-119.png\",\"contentUrl\":\"https:\/\/infoecos.com.ar\/wp-content\/uploads\/2023\/02\/image-119.png\",\"width\":860,\"height\":452},{\"@type\":\"BreadcrumbList\",\"@id\":\"https:\/\/infoecos.com.ar\/index.php\/antes-del-proximo-invierno-podria-estar-finalizado-el-gasoducto-nestor-kirchner\/#breadcrumb\",\"itemListElement\":[{\"@type\":\"ListItem\",\"position\":1,\"name\":\"Portada\",\"item\":\"https:\/\/infoecos.com.ar\/\"},{\"@type\":\"ListItem\",\"position\":2,\"name\":\"Antes del pr\u00f3ximo invierno podr\u00eda estar finalizado el gasoducto N\u00e9stor Kirchner\"}]},{\"@type\":\"WebSite\",\"@id\":\"https:\/\/infoecos.com.ar\/#website\",\"url\":\"https:\/\/infoecos.com.ar\/\",\"name\":\"Infoecos\",\"description\":\"Noticias de trenque lauquen y la zona\",\"publisher\":{\"@id\":\"https:\/\/infoecos.com.ar\/#organization\"},\"alternateName\":\"Noticias\",\"potentialAction\":[{\"@type\":\"SearchAction\",\"target\":{\"@type\":\"EntryPoint\",\"urlTemplate\":\"https:\/\/infoecos.com.ar\/?s={search_term_string}\"},\"query-input\":{\"@type\":\"PropertyValueSpecification\",\"valueRequired\":true,\"valueName\":\"search_term_string\"}}],\"inLanguage\":\"es\"},{\"@type\":\"Organization\",\"@id\":\"https:\/\/infoecos.com.ar\/#organization\",\"name\":\"Infoecos\",\"alternateName\":\"Noticias\",\"url\":\"https:\/\/infoecos.com.ar\/\",\"logo\":{\"@type\":\"ImageObject\",\"inLanguage\":\"es\",\"@id\":\"https:\/\/infoecos.com.ar\/#\/schema\/logo\/image\/\",\"url\":\"https:\/\/infoecos.com.ar\/wp-content\/uploads\/2024\/03\/cropped-logo.png\",\"contentUrl\":\"https:\/\/infoecos.com.ar\/wp-content\/uploads\/2024\/03\/cropped-logo.png\",\"width\":374,\"height\":90,\"caption\":\"Infoecos\"},\"image\":{\"@id\":\"https:\/\/infoecos.com.ar\/#\/schema\/logo\/image\/\"},\"sameAs\":[\"https:\/\/www.facebook.com\/profile.php?id=100063200290284\",\"https:\/\/x.com\/infoecos\"]},{\"@type\":\"Person\",\"@id\":\"https:\/\/infoecos.com.ar\/#\/schema\/person\/8f5ace5ce73b4b4aac4b7245aee6f191\",\"name\":\"Jorge Matheus\",\"url\":\"https:\/\/infoecos.com.ar\/index.php\/author\/jomatheus\/\"}]}<\/script>\n<!-- \/ Yoast SEO plugin. -->","yoast_head_json":{"title":"Antes del pr\u00f3ximo invierno podr\u00eda estar finalizado el gasoducto N\u00e9stor Kirchner - Infoecos","robots":{"index":"index","follow":"follow","max-snippet":"max-snippet:-1","max-image-preview":"max-image-preview:large","max-video-preview":"max-video-preview:-1"},"canonical":"https:\/\/infoecos.com.ar\/index.php\/antes-del-proximo-invierno-podria-estar-finalizado-el-gasoducto-nestor-kirchner\/","og_locale":"es_ES","og_type":"article","og_title":"Antes del pr\u00f3ximo invierno podr\u00eda estar finalizado el gasoducto N\u00e9stor Kirchner - Infoecos","og_description":"Informe del presidente de la empresa Energ\u00eda Argentina SA (Enarsa), Agust\u00edn G\u00e9rez. (El Diario de La Pampa)","og_url":"https:\/\/infoecos.com.ar\/index.php\/antes-del-proximo-invierno-podria-estar-finalizado-el-gasoducto-nestor-kirchner\/","og_site_name":"Infoecos","article_publisher":"https:\/\/www.facebook.com\/profile.php?id=100063200290284","article_published_time":"2023-02-20T04:18:56+00:00","article_modified_time":"2023-02-24T13:47:28+00:00","og_image":[{"width":860,"height":452,"url":"https:\/\/infoecos.com.ar\/wp-content\/uploads\/2023\/02\/image-119.png","type":"image\/png"}],"author":"Jorge Matheus","twitter_card":"summary_large_image","twitter_creator":"@infoecos","twitter_site":"@infoecos","twitter_misc":{"Escrito por":"Jorge Matheus","Tiempo de lectura":"2 minutos"},"schema":{"@context":"https:\/\/schema.org","@graph":[{"@type":"Article","@id":"https:\/\/infoecos.com.ar\/index.php\/antes-del-proximo-invierno-podria-estar-finalizado-el-gasoducto-nestor-kirchner\/#article","isPartOf":{"@id":"https:\/\/infoecos.com.ar\/index.php\/antes-del-proximo-invierno-podria-estar-finalizado-el-gasoducto-nestor-kirchner\/"},"author":{"name":"Jorge Matheus","@id":"https:\/\/infoecos.com.ar\/#\/schema\/person\/8f5ace5ce73b4b4aac4b7245aee6f191"},"headline":"Antes del pr\u00f3ximo invierno podr\u00eda estar finalizado el gasoducto N\u00e9stor Kirchner","datePublished":"2023-02-20T04:18:56+00:00","dateModified":"2023-02-24T13:47:28+00:00","mainEntityOfPage":{"@id":"https:\/\/infoecos.com.ar\/index.php\/antes-del-proximo-invierno-podria-estar-finalizado-el-gasoducto-nestor-kirchner\/"},"wordCount":222,"publisher":{"@id":"https:\/\/infoecos.com.ar\/#organization"},"image":{"@id":"https:\/\/infoecos.com.ar\/index.php\/antes-del-proximo-invierno-podria-estar-finalizado-el-gasoducto-nestor-kirchner\/#primaryimage"},"thumbnailUrl":"https:\/\/infoecos.com.ar\/wp-content\/uploads\/2023\/02\/image-119.png","keywords":["DESTACAN LOS AVANCES DE OBRA"],"articleSection":["Bloque inferior - 16"],"inLanguage":"es"},{"@type":"WebPage","@id":"https:\/\/infoecos.com.ar\/index.php\/antes-del-proximo-invierno-podria-estar-finalizado-el-gasoducto-nestor-kirchner\/","url":"https:\/\/infoecos.com.ar\/index.php\/antes-del-proximo-invierno-podria-estar-finalizado-el-gasoducto-nestor-kirchner\/","name":"Antes del pr\u00f3ximo invierno podr\u00eda estar finalizado el gasoducto N\u00e9stor Kirchner - Infoecos","isPartOf":{"@id":"https:\/\/infoecos.com.ar\/#website"},"primaryImageOfPage":{"@id":"https:\/\/infoecos.com.ar\/index.php\/antes-del-proximo-invierno-podria-estar-finalizado-el-gasoducto-nestor-kirchner\/#primaryimage"},"image":{"@id":"https:\/\/infoecos.com.ar\/index.php\/antes-del-proximo-invierno-podria-estar-finalizado-el-gasoducto-nestor-kirchner\/#primaryimage"},"thumbnailUrl":"https:\/\/infoecos.com.ar\/wp-content\/uploads\/2023\/02\/image-119.png","datePublished":"2023-02-20T04:18:56+00:00","dateModified":"2023-02-24T13:47:28+00:00","breadcrumb":{"@id":"https:\/\/infoecos.com.ar\/index.php\/antes-del-proximo-invierno-podria-estar-finalizado-el-gasoducto-nestor-kirchner\/#breadcrumb"},"inLanguage":"es","potentialAction":[{"@type":"ReadAction","target":["https:\/\/infoecos.com.ar\/index.php\/antes-del-proximo-invierno-podria-estar-finalizado-el-gasoducto-nestor-kirchner\/"]}]},{"@type":"ImageObject","inLanguage":"es","@id":"https:\/\/infoecos.com.ar\/index.php\/antes-del-proximo-invierno-podria-estar-finalizado-el-gasoducto-nestor-kirchner\/#primaryimage","url":"https:\/\/infoecos.com.ar\/wp-content\/uploads\/2023\/02\/image-119.png","contentUrl":"https:\/\/infoecos.com.ar\/wp-content\/uploads\/2023\/02\/image-119.png","width":860,"height":452},{"@type":"BreadcrumbList","@id":"https:\/\/infoecos.com.ar\/index.php\/antes-del-proximo-invierno-podria-estar-finalizado-el-gasoducto-nestor-kirchner\/#breadcrumb","itemListElement":[{"@type":"ListItem","position":1,"name":"Portada","item":"https:\/\/infoecos.com.ar\/"},{"@type":"ListItem","position":2,"name":"Antes del pr\u00f3ximo invierno podr\u00eda estar finalizado el gasoducto N\u00e9stor Kirchner"}]},{"@type":"WebSite","@id":"https:\/\/infoecos.com.ar\/#website","url":"https:\/\/infoecos.com.ar\/","name":"Infoecos","description":"Noticias de trenque lauquen y la zona","publisher":{"@id":"https:\/\/infoecos.com.ar\/#organization"},"alternateName":"Noticias","potentialAction":[{"@type":"SearchAction","target":{"@type":"EntryPoint","urlTemplate":"https:\/\/infoecos.com.ar\/?s={search_term_string}"},"query-input":{"@type":"PropertyValueSpecification","valueRequired":true,"valueName":"search_term_string"}}],"inLanguage":"es"},{"@type":"Organization","@id":"https:\/\/infoecos.com.ar\/#organization","name":"Infoecos","alternateName":"Noticias","url":"https:\/\/infoecos.com.ar\/","logo":{"@type":"ImageObject","inLanguage":"es","@id":"https:\/\/infoecos.com.ar\/#\/schema\/logo\/image\/","url":"https:\/\/infoecos.com.ar\/wp-content\/uploads\/2024\/03\/cropped-logo.png","contentUrl":"https:\/\/infoecos.com.ar\/wp-content\/uploads\/2024\/03\/cropped-logo.png","width":374,"height":90,"caption":"Infoecos"},"image":{"@id":"https:\/\/infoecos.com.ar\/#\/schema\/logo\/image\/"},"sameAs":["https:\/\/www.facebook.com\/profile.php?id=100063200290284","https:\/\/x.com\/infoecos"]},{"@type":"Person","@id":"https:\/\/infoecos.com.ar\/#\/schema\/person\/8f5ace5ce73b4b4aac4b7245aee6f191","name":"Jorge Matheus","url":"https:\/\/infoecos.com.ar\/index.php\/author\/jomatheus\/"}]}},"featured_image_urls":{"full":["https:\/\/infoecos.com.ar\/wp-content\/uploads\/2023\/02\/image-119.png",860,452,false],"thumbnail":["https:\/\/infoecos.com.ar\/wp-content\/uploads\/2023\/02\/image-119-300x150.png",300,150,true],"medium":["https:\/\/infoecos.com.ar\/wp-content\/uploads\/2023\/02\/image-119-800x420.png",800,420,true],"medium_large":["https:\/\/infoecos.com.ar\/wp-content\/uploads\/2023\/02\/image-119-768x404.png",640,337,true],"large":["https:\/\/infoecos.com.ar\/wp-content\/uploads\/2023\/02\/image-119.png",640,336,false],"1536x1536":["https:\/\/infoecos.com.ar\/wp-content\/uploads\/2023\/02\/image-119.png",860,452,false],"2048x2048":["https:\/\/infoecos.com.ar\/wp-content\/uploads\/2023\/02\/image-119.png",860,452,false],"covernews-slider-full":["https:\/\/infoecos.com.ar\/wp-content\/uploads\/2023\/02\/image-119.png",860,452,false],"covernews-slider-center":["https:\/\/infoecos.com.ar\/wp-content\/uploads\/2023\/02\/image-119.png",800,420,false],"covernews-featured":["https:\/\/infoecos.com.ar\/wp-content\/uploads\/2023\/02\/image-119.png",860,452,false],"covernews-medium":["https:\/\/infoecos.com.ar\/wp-content\/uploads\/2023\/02\/image-119-720x380.png",540,285,true],"covernews-medium-square":["https:\/\/infoecos.com.ar\/wp-content\/uploads\/2023\/02\/image-119-675x450.png",375,250,true]},"author_info":{"info":["Jorge Matheus"]},"category_info":"<a href=\"https:\/\/infoecos.com.ar\/index.php\/category\/inferior16\/\" rel=\"category tag\">Bloque inferior - 16<\/a>","tag_info":"Bloque inferior - 16","comment_count":"0","_links":{"self":[{"href":"https:\/\/infoecos.com.ar\/index.php\/wp-json\/wp\/v2\/posts\/102076"}],"collection":[{"href":"https:\/\/infoecos.com.ar\/index.php\/wp-json\/wp\/v2\/posts"}],"about":[{"href":"https:\/\/infoecos.com.ar\/index.php\/wp-json\/wp\/v2\/types\/post"}],"author":[{"embeddable":true,"href":"https:\/\/infoecos.com.ar\/index.php\/wp-json\/wp\/v2\/users\/2"}],"replies":[{"embeddable":true,"href":"https:\/\/infoecos.com.ar\/index.php\/wp-json\/wp\/v2\/comments?post=102076"}],"version-history":[{"count":1,"href":"https:\/\/infoecos.com.ar\/index.php\/wp-json\/wp\/v2\/posts\/102076\/revisions"}],"predecessor-version":[{"id":102078,"href":"https:\/\/infoecos.com.ar\/index.php\/wp-json\/wp\/v2\/posts\/102076\/revisions\/102078"}],"wp:featuredmedia":[{"embeddable":true,"href":"https:\/\/infoecos.com.ar\/index.php\/wp-json\/wp\/v2\/media\/102077"}],"wp:attachment":[{"href":"https:\/\/infoecos.com.ar\/index.php\/wp-json\/wp\/v2\/media?parent=102076"}],"wp:term":[{"taxonomy":"category","embeddable":true,"href":"https:\/\/infoecos.com.ar\/index.php\/wp-json\/wp\/v2\/categories?post=102076"},{"taxonomy":"post_tag","embeddable":true,"href":"https:\/\/infoecos.com.ar\/index.php\/wp-json\/wp\/v2\/tags?post=102076"}],"curies":[{"name":"wp","href":"https:\/\/api.w.org\/{rel}","templated":true}]}}