{"id":102089,"date":"2023-02-20T11:18:16","date_gmt":"2023-02-20T14:18:16","guid":{"rendered":"https:\/\/infoecos.com.ar\/?p=102089"},"modified":"2023-02-22T03:07:17","modified_gmt":"2023-02-22T06:07:17","slug":"murio-en-america-uno-de-los-reconocidos-cantantes-de-tango-de-la-region-nino-omar","status":"publish","type":"post","link":"https:\/\/infoecos.com.ar\/index.php\/murio-en-america-uno-de-los-reconocidos-cantantes-de-tango-de-la-region-nino-omar\/","title":{"rendered":"Muri\u00f3 en Am\u00e9rica uno de los reconocidos cantantes de tango de la regi\u00f3n: Nino Omar"},"content":{"rendered":"\n<p><strong>Nota extra\u00edda (con algunas modificaciones) de: www.masternews.com.ar <\/strong><\/p>\n\n\n\n<p>A los 86 a\u00f1os falleci\u00f3 el s\u00e1bado en Am\u00e9rica, capital del distrito de Rivadavia, Arnoldo Omar Rodriguez, conocido como Nino Omar. Fue cantante de la orquesta que conduc\u00eda su hermano Lito Rodr\u00edguez. Era el \u00faltimo de los integrantes vivos de aquella formaci\u00f3n que completaron sus otros hermanos Rolando, en contrabajo; Quito, bandoneonista, y Nalli Estela, la voz femenina.<\/p>\n\n\n\n<figure class=\"wp-block-image aligncenter size-full\"><img loading=\"lazy\" decoding=\"async\" width=\"640\" height=\"480\" src=\"https:\/\/infoecos.com.ar\/wp-content\/uploads\/2023\/02\/image-122.png\" alt=\"\" class=\"wp-image-102090\"\/><figcaption class=\"wp-element-caption\">Foto masternews.com.ar<\/figcaption><\/figure>\n\n\n\n<p>Todos ellos conformaron el conjunto Am\u00e9rica. Durante medio siglo fue la m\u00e1s aplaudida en todo el oeste bonaerense, y poblaciones de las provincias de La Pampa, C\u00f3rdoba y Santa F\u00e9. Los clubes sol\u00edan contratarla hasta con dos a\u00f1os de anticipaci\u00f3n, especialmente para los carnavales.<\/p>\n\n\n\n<p>Nino sol\u00eda visitar con cierta frecuencia a sus amigos trenquelauquenses, con los que compart\u00eda sabrosas e incontables an\u00e9cdotas, acopiadas en tantas noches de escenarios y andanzas por los caminos que los conduc\u00edan a sus reiteradas actuaciones.<\/p>\n\n\n\n<figure class=\"wp-block-image aligncenter size-full is-resized\"><img loading=\"lazy\" decoding=\"async\" src=\"https:\/\/infoecos.com.ar\/wp-content\/uploads\/2023\/02\/image-123.png\" alt=\"\" class=\"wp-image-102091\" width=\"686\" height=\"515\"\/><figcaption class=\"wp-element-caption\">Foto masternews.com.ar<\/figcaption><\/figure>\n\n\n\n<p>En la \u00faltima de la Jornadas de Historia Regional del Oeste Bonaerense realizadas en el Centro C\u00edvico Intendente Juan Carlos Font Edificio La Primera, Nino fue objeto de un homenaje, en el cu\u00e1l hasta se anim\u00f3 a entonar \u201ca capela\u201d uno de los temas que habitualmente eran parte de su repertorio en la orquesta.<\/p>\n\n\n\n<figure class=\"wp-block-image aligncenter size-full is-resized\"><img loading=\"lazy\" decoding=\"async\" src=\"https:\/\/infoecos.com.ar\/wp-content\/uploads\/2023\/02\/image-124.png\" alt=\"\" class=\"wp-image-102092\" width=\"687\" height=\"386\"\/><\/figure>\n\n\n\n<p>Enamorado del tango, simp\u00e1tico, conversador, de extrema nobleza, la regi\u00f3n, con la partida de Nino, pierde a uno de los reconocidos referentes de su pasado musical.<\/p>\n\n\n\n<p><\/p>\n","protected":false},"excerpt":{"rendered":"<p>Era el \u00faltimo de los integrantes vivos de aquella formaci\u00f3n que completaron sus otros hermanos Rolando, en contrabajo; Quito, bandoneonista, y Nalli Estela, la voz femenina<\/p>\n","protected":false},"author":2,"featured_media":102092,"comment_status":"closed","ping_status":"open","sticky":false,"template":"","format":"standard","meta":{"footnotes":""},"categories":[41],"tags":[7372],"class_list":["post-102089","post","type-post","status-publish","format-standard","has-post-thumbnail","hentry","category-inferior2","tag-hermano-de-lito-rodriguez"],"yoast_head":"<!-- This site is optimized with the Yoast SEO plugin v23.4 - https:\/\/yoast.com\/wordpress\/plugins\/seo\/ -->\n<title>Muri\u00f3 en Am\u00e9rica uno de los reconocidos cantantes de tango de la regi\u00f3n: Nino Omar - Infoecos<\/title>\n<meta name=\"robots\" content=\"index, follow, max-snippet:-1, max-image-preview:large, max-video-preview:-1\" \/>\n<link rel=\"canonical\" href=\"https:\/\/infoecos.com.ar\/index.php\/murio-en-america-uno-de-los-reconocidos-cantantes-de-tango-de-la-region-nino-omar\/\" \/>\n<meta property=\"og:locale\" content=\"es_ES\" \/>\n<meta property=\"og:type\" content=\"article\" \/>\n<meta property=\"og:title\" content=\"Muri\u00f3 en Am\u00e9rica uno de los reconocidos cantantes de tango de la regi\u00f3n: Nino Omar - Infoecos\" \/>\n<meta property=\"og:description\" content=\"Era el \u00faltimo de los integrantes vivos de aquella formaci\u00f3n que completaron sus otros hermanos Rolando, en contrabajo; Quito, bandoneonista, y Nalli Estela, la voz femenina\" \/>\n<meta property=\"og:url\" content=\"https:\/\/infoecos.com.ar\/index.php\/murio-en-america-uno-de-los-reconocidos-cantantes-de-tango-de-la-region-nino-omar\/\" \/>\n<meta property=\"og:site_name\" content=\"Infoecos\" \/>\n<meta property=\"article:publisher\" content=\"https:\/\/www.facebook.com\/profile.php?id=100063200290284\" \/>\n<meta property=\"article:published_time\" content=\"2023-02-20T14:18:16+00:00\" \/>\n<meta property=\"article:modified_time\" content=\"2023-02-22T06:07:17+00:00\" \/>\n<meta property=\"og:image\" content=\"https:\/\/infoecos.com.ar\/wp-content\/uploads\/2023\/02\/image-124.png\" \/>\n\t<meta property=\"og:image:width\" content=\"640\" \/>\n\t<meta property=\"og:image:height\" content=\"360\" \/>\n\t<meta property=\"og:image:type\" content=\"image\/png\" \/>\n<meta name=\"author\" content=\"Jorge Matheus\" \/>\n<meta name=\"twitter:card\" content=\"summary_large_image\" \/>\n<meta name=\"twitter:creator\" content=\"@infoecos\" \/>\n<meta name=\"twitter:site\" content=\"@infoecos\" \/>\n<meta name=\"twitter:label1\" content=\"Escrito por\" \/>\n\t<meta name=\"twitter:data1\" content=\"Jorge Matheus\" \/>\n\t<meta name=\"twitter:label2\" content=\"Tiempo de lectura\" \/>\n\t<meta name=\"twitter:data2\" content=\"2 minutos\" \/>\n<script type=\"application\/ld+json\" class=\"yoast-schema-graph\">{\"@context\":\"https:\/\/schema.org\",\"@graph\":[{\"@type\":\"Article\",\"@id\":\"https:\/\/infoecos.com.ar\/index.php\/murio-en-america-uno-de-los-reconocidos-cantantes-de-tango-de-la-region-nino-omar\/#article\",\"isPartOf\":{\"@id\":\"https:\/\/infoecos.com.ar\/index.php\/murio-en-america-uno-de-los-reconocidos-cantantes-de-tango-de-la-region-nino-omar\/\"},\"author\":{\"name\":\"Jorge Matheus\",\"@id\":\"https:\/\/infoecos.com.ar\/#\/schema\/person\/8f5ace5ce73b4b4aac4b7245aee6f191\"},\"headline\":\"Muri\u00f3 en Am\u00e9rica uno de los reconocidos cantantes de tango de la regi\u00f3n: Nino Omar\",\"datePublished\":\"2023-02-20T14:18:16+00:00\",\"dateModified\":\"2023-02-22T06:07:17+00:00\",\"mainEntityOfPage\":{\"@id\":\"https:\/\/infoecos.com.ar\/index.php\/murio-en-america-uno-de-los-reconocidos-cantantes-de-tango-de-la-region-nino-omar\/\"},\"wordCount\":273,\"publisher\":{\"@id\":\"https:\/\/infoecos.com.ar\/#organization\"},\"image\":{\"@id\":\"https:\/\/infoecos.com.ar\/index.php\/murio-en-america-uno-de-los-reconocidos-cantantes-de-tango-de-la-region-nino-omar\/#primaryimage\"},\"thumbnailUrl\":\"https:\/\/infoecos.com.ar\/wp-content\/uploads\/2023\/02\/image-124.png\",\"keywords\":[\"HERMANO DE LITO RODR\u00cdGUEZ\"],\"articleSection\":[\"Bloque inferior - 2\"],\"inLanguage\":\"es\"},{\"@type\":\"WebPage\",\"@id\":\"https:\/\/infoecos.com.ar\/index.php\/murio-en-america-uno-de-los-reconocidos-cantantes-de-tango-de-la-region-nino-omar\/\",\"url\":\"https:\/\/infoecos.com.ar\/index.php\/murio-en-america-uno-de-los-reconocidos-cantantes-de-tango-de-la-region-nino-omar\/\",\"name\":\"Muri\u00f3 en Am\u00e9rica uno de los reconocidos cantantes de tango de la regi\u00f3n: Nino Omar - Infoecos\",\"isPartOf\":{\"@id\":\"https:\/\/infoecos.com.ar\/#website\"},\"primaryImageOfPage\":{\"@id\":\"https:\/\/infoecos.com.ar\/index.php\/murio-en-america-uno-de-los-reconocidos-cantantes-de-tango-de-la-region-nino-omar\/#primaryimage\"},\"image\":{\"@id\":\"https:\/\/infoecos.com.ar\/index.php\/murio-en-america-uno-de-los-reconocidos-cantantes-de-tango-de-la-region-nino-omar\/#primaryimage\"},\"thumbnailUrl\":\"https:\/\/infoecos.com.ar\/wp-content\/uploads\/2023\/02\/image-124.png\",\"datePublished\":\"2023-02-20T14:18:16+00:00\",\"dateModified\":\"2023-02-22T06:07:17+00:00\",\"breadcrumb\":{\"@id\":\"https:\/\/infoecos.com.ar\/index.php\/murio-en-america-uno-de-los-reconocidos-cantantes-de-tango-de-la-region-nino-omar\/#breadcrumb\"},\"inLanguage\":\"es\",\"potentialAction\":[{\"@type\":\"ReadAction\",\"target\":[\"https:\/\/infoecos.com.ar\/index.php\/murio-en-america-uno-de-los-reconocidos-cantantes-de-tango-de-la-region-nino-omar\/\"]}]},{\"@type\":\"ImageObject\",\"inLanguage\":\"es\",\"@id\":\"https:\/\/infoecos.com.ar\/index.php\/murio-en-america-uno-de-los-reconocidos-cantantes-de-tango-de-la-region-nino-omar\/#primaryimage\",\"url\":\"https:\/\/infoecos.com.ar\/wp-content\/uploads\/2023\/02\/image-124.png\",\"contentUrl\":\"https:\/\/infoecos.com.ar\/wp-content\/uploads\/2023\/02\/image-124.png\",\"width\":640,\"height\":360},{\"@type\":\"BreadcrumbList\",\"@id\":\"https:\/\/infoecos.com.ar\/index.php\/murio-en-america-uno-de-los-reconocidos-cantantes-de-tango-de-la-region-nino-omar\/#breadcrumb\",\"itemListElement\":[{\"@type\":\"ListItem\",\"position\":1,\"name\":\"Portada\",\"item\":\"https:\/\/infoecos.com.ar\/\"},{\"@type\":\"ListItem\",\"position\":2,\"name\":\"Muri\u00f3 en Am\u00e9rica uno de los reconocidos cantantes de tango de la regi\u00f3n: Nino Omar\"}]},{\"@type\":\"WebSite\",\"@id\":\"https:\/\/infoecos.com.ar\/#website\",\"url\":\"https:\/\/infoecos.com.ar\/\",\"name\":\"Infoecos\",\"description\":\"Noticias de trenque lauquen y la zona\",\"publisher\":{\"@id\":\"https:\/\/infoecos.com.ar\/#organization\"},\"alternateName\":\"Noticias\",\"potentialAction\":[{\"@type\":\"SearchAction\",\"target\":{\"@type\":\"EntryPoint\",\"urlTemplate\":\"https:\/\/infoecos.com.ar\/?s={search_term_string}\"},\"query-input\":{\"@type\":\"PropertyValueSpecification\",\"valueRequired\":true,\"valueName\":\"search_term_string\"}}],\"inLanguage\":\"es\"},{\"@type\":\"Organization\",\"@id\":\"https:\/\/infoecos.com.ar\/#organization\",\"name\":\"Infoecos\",\"alternateName\":\"Noticias\",\"url\":\"https:\/\/infoecos.com.ar\/\",\"logo\":{\"@type\":\"ImageObject\",\"inLanguage\":\"es\",\"@id\":\"https:\/\/infoecos.com.ar\/#\/schema\/logo\/image\/\",\"url\":\"https:\/\/infoecos.com.ar\/wp-content\/uploads\/2024\/03\/cropped-logo.png\",\"contentUrl\":\"https:\/\/infoecos.com.ar\/wp-content\/uploads\/2024\/03\/cropped-logo.png\",\"width\":374,\"height\":90,\"caption\":\"Infoecos\"},\"image\":{\"@id\":\"https:\/\/infoecos.com.ar\/#\/schema\/logo\/image\/\"},\"sameAs\":[\"https:\/\/www.facebook.com\/profile.php?id=100063200290284\",\"https:\/\/x.com\/infoecos\"]},{\"@type\":\"Person\",\"@id\":\"https:\/\/infoecos.com.ar\/#\/schema\/person\/8f5ace5ce73b4b4aac4b7245aee6f191\",\"name\":\"Jorge Matheus\",\"url\":\"https:\/\/infoecos.com.ar\/index.php\/author\/jomatheus\/\"}]}<\/script>\n<!-- \/ Yoast SEO plugin. -->","yoast_head_json":{"title":"Muri\u00f3 en Am\u00e9rica uno de los reconocidos cantantes de tango de la regi\u00f3n: Nino Omar - Infoecos","robots":{"index":"index","follow":"follow","max-snippet":"max-snippet:-1","max-image-preview":"max-image-preview:large","max-video-preview":"max-video-preview:-1"},"canonical":"https:\/\/infoecos.com.ar\/index.php\/murio-en-america-uno-de-los-reconocidos-cantantes-de-tango-de-la-region-nino-omar\/","og_locale":"es_ES","og_type":"article","og_title":"Muri\u00f3 en Am\u00e9rica uno de los reconocidos cantantes de tango de la regi\u00f3n: Nino Omar - Infoecos","og_description":"Era el \u00faltimo de los integrantes vivos de aquella formaci\u00f3n que completaron sus otros hermanos Rolando, en contrabajo; Quito, bandoneonista, y Nalli Estela, la voz femenina","og_url":"https:\/\/infoecos.com.ar\/index.php\/murio-en-america-uno-de-los-reconocidos-cantantes-de-tango-de-la-region-nino-omar\/","og_site_name":"Infoecos","article_publisher":"https:\/\/www.facebook.com\/profile.php?id=100063200290284","article_published_time":"2023-02-20T14:18:16+00:00","article_modified_time":"2023-02-22T06:07:17+00:00","og_image":[{"width":640,"height":360,"url":"https:\/\/infoecos.com.ar\/wp-content\/uploads\/2023\/02\/image-124.png","type":"image\/png"}],"author":"Jorge Matheus","twitter_card":"summary_large_image","twitter_creator":"@infoecos","twitter_site":"@infoecos","twitter_misc":{"Escrito por":"Jorge Matheus","Tiempo de lectura":"2 minutos"},"schema":{"@context":"https:\/\/schema.org","@graph":[{"@type":"Article","@id":"https:\/\/infoecos.com.ar\/index.php\/murio-en-america-uno-de-los-reconocidos-cantantes-de-tango-de-la-region-nino-omar\/#article","isPartOf":{"@id":"https:\/\/infoecos.com.ar\/index.php\/murio-en-america-uno-de-los-reconocidos-cantantes-de-tango-de-la-region-nino-omar\/"},"author":{"name":"Jorge Matheus","@id":"https:\/\/infoecos.com.ar\/#\/schema\/person\/8f5ace5ce73b4b4aac4b7245aee6f191"},"headline":"Muri\u00f3 en Am\u00e9rica uno de los reconocidos cantantes de tango de la regi\u00f3n: Nino Omar","datePublished":"2023-02-20T14:18:16+00:00","dateModified":"2023-02-22T06:07:17+00:00","mainEntityOfPage":{"@id":"https:\/\/infoecos.com.ar\/index.php\/murio-en-america-uno-de-los-reconocidos-cantantes-de-tango-de-la-region-nino-omar\/"},"wordCount":273,"publisher":{"@id":"https:\/\/infoecos.com.ar\/#organization"},"image":{"@id":"https:\/\/infoecos.com.ar\/index.php\/murio-en-america-uno-de-los-reconocidos-cantantes-de-tango-de-la-region-nino-omar\/#primaryimage"},"thumbnailUrl":"https:\/\/infoecos.com.ar\/wp-content\/uploads\/2023\/02\/image-124.png","keywords":["HERMANO DE LITO RODR\u00cdGUEZ"],"articleSection":["Bloque inferior - 2"],"inLanguage":"es"},{"@type":"WebPage","@id":"https:\/\/infoecos.com.ar\/index.php\/murio-en-america-uno-de-los-reconocidos-cantantes-de-tango-de-la-region-nino-omar\/","url":"https:\/\/infoecos.com.ar\/index.php\/murio-en-america-uno-de-los-reconocidos-cantantes-de-tango-de-la-region-nino-omar\/","name":"Muri\u00f3 en Am\u00e9rica uno de los reconocidos cantantes de tango de la regi\u00f3n: Nino Omar - Infoecos","isPartOf":{"@id":"https:\/\/infoecos.com.ar\/#website"},"primaryImageOfPage":{"@id":"https:\/\/infoecos.com.ar\/index.php\/murio-en-america-uno-de-los-reconocidos-cantantes-de-tango-de-la-region-nino-omar\/#primaryimage"},"image":{"@id":"https:\/\/infoecos.com.ar\/index.php\/murio-en-america-uno-de-los-reconocidos-cantantes-de-tango-de-la-region-nino-omar\/#primaryimage"},"thumbnailUrl":"https:\/\/infoecos.com.ar\/wp-content\/uploads\/2023\/02\/image-124.png","datePublished":"2023-02-20T14:18:16+00:00","dateModified":"2023-02-22T06:07:17+00:00","breadcrumb":{"@id":"https:\/\/infoecos.com.ar\/index.php\/murio-en-america-uno-de-los-reconocidos-cantantes-de-tango-de-la-region-nino-omar\/#breadcrumb"},"inLanguage":"es","potentialAction":[{"@type":"ReadAction","target":["https:\/\/infoecos.com.ar\/index.php\/murio-en-america-uno-de-los-reconocidos-cantantes-de-tango-de-la-region-nino-omar\/"]}]},{"@type":"ImageObject","inLanguage":"es","@id":"https:\/\/infoecos.com.ar\/index.php\/murio-en-america-uno-de-los-reconocidos-cantantes-de-tango-de-la-region-nino-omar\/#primaryimage","url":"https:\/\/infoecos.com.ar\/wp-content\/uploads\/2023\/02\/image-124.png","contentUrl":"https:\/\/infoecos.com.ar\/wp-content\/uploads\/2023\/02\/image-124.png","width":640,"height":360},{"@type":"BreadcrumbList","@id":"https:\/\/infoecos.com.ar\/index.php\/murio-en-america-uno-de-los-reconocidos-cantantes-de-tango-de-la-region-nino-omar\/#breadcrumb","itemListElement":[{"@type":"ListItem","position":1,"name":"Portada","item":"https:\/\/infoecos.com.ar\/"},{"@type":"ListItem","position":2,"name":"Muri\u00f3 en Am\u00e9rica uno de los reconocidos cantantes de tango de la regi\u00f3n: Nino Omar"}]},{"@type":"WebSite","@id":"https:\/\/infoecos.com.ar\/#website","url":"https:\/\/infoecos.com.ar\/","name":"Infoecos","description":"Noticias de trenque lauquen y la zona","publisher":{"@id":"https:\/\/infoecos.com.ar\/#organization"},"alternateName":"Noticias","potentialAction":[{"@type":"SearchAction","target":{"@type":"EntryPoint","urlTemplate":"https:\/\/infoecos.com.ar\/?s={search_term_string}"},"query-input":{"@type":"PropertyValueSpecification","valueRequired":true,"valueName":"search_term_string"}}],"inLanguage":"es"},{"@type":"Organization","@id":"https:\/\/infoecos.com.ar\/#organization","name":"Infoecos","alternateName":"Noticias","url":"https:\/\/infoecos.com.ar\/","logo":{"@type":"ImageObject","inLanguage":"es","@id":"https:\/\/infoecos.com.ar\/#\/schema\/logo\/image\/","url":"https:\/\/infoecos.com.ar\/wp-content\/uploads\/2024\/03\/cropped-logo.png","contentUrl":"https:\/\/infoecos.com.ar\/wp-content\/uploads\/2024\/03\/cropped-logo.png","width":374,"height":90,"caption":"Infoecos"},"image":{"@id":"https:\/\/infoecos.com.ar\/#\/schema\/logo\/image\/"},"sameAs":["https:\/\/www.facebook.com\/profile.php?id=100063200290284","https:\/\/x.com\/infoecos"]},{"@type":"Person","@id":"https:\/\/infoecos.com.ar\/#\/schema\/person\/8f5ace5ce73b4b4aac4b7245aee6f191","name":"Jorge Matheus","url":"https:\/\/infoecos.com.ar\/index.php\/author\/jomatheus\/"}]}},"featured_image_urls":{"full":["https:\/\/infoecos.com.ar\/wp-content\/uploads\/2023\/02\/image-124.png",640,360,false],"thumbnail":["https:\/\/infoecos.com.ar\/wp-content\/uploads\/2023\/02\/image-124-300x150.png",300,150,true],"medium":["https:\/\/infoecos.com.ar\/wp-content\/uploads\/2023\/02\/image-124.png",640,360,false],"medium_large":["https:\/\/infoecos.com.ar\/wp-content\/uploads\/2023\/02\/image-124.png",640,360,false],"large":["https:\/\/infoecos.com.ar\/wp-content\/uploads\/2023\/02\/image-124.png",640,360,false],"1536x1536":["https:\/\/infoecos.com.ar\/wp-content\/uploads\/2023\/02\/image-124.png",640,360,false],"2048x2048":["https:\/\/infoecos.com.ar\/wp-content\/uploads\/2023\/02\/image-124.png",640,360,false],"covernews-slider-full":["https:\/\/infoecos.com.ar\/wp-content\/uploads\/2023\/02\/image-124.png",640,360,false],"covernews-slider-center":["https:\/\/infoecos.com.ar\/wp-content\/uploads\/2023\/02\/image-124.png",640,360,false],"covernews-featured":["https:\/\/infoecos.com.ar\/wp-content\/uploads\/2023\/02\/image-124.png",640,360,false],"covernews-medium":["https:\/\/infoecos.com.ar\/wp-content\/uploads\/2023\/02\/image-124.png",540,304,false],"covernews-medium-square":["https:\/\/infoecos.com.ar\/wp-content\/uploads\/2023\/02\/image-124.png",400,225,false]},"author_info":{"info":["Jorge Matheus"]},"category_info":"<a href=\"https:\/\/infoecos.com.ar\/index.php\/category\/inferior2\/\" rel=\"category tag\">Bloque inferior - 2<\/a>","tag_info":"Bloque inferior - 2","comment_count":"0","_links":{"self":[{"href":"https:\/\/infoecos.com.ar\/index.php\/wp-json\/wp\/v2\/posts\/102089"}],"collection":[{"href":"https:\/\/infoecos.com.ar\/index.php\/wp-json\/wp\/v2\/posts"}],"about":[{"href":"https:\/\/infoecos.com.ar\/index.php\/wp-json\/wp\/v2\/types\/post"}],"author":[{"embeddable":true,"href":"https:\/\/infoecos.com.ar\/index.php\/wp-json\/wp\/v2\/users\/2"}],"replies":[{"embeddable":true,"href":"https:\/\/infoecos.com.ar\/index.php\/wp-json\/wp\/v2\/comments?post=102089"}],"version-history":[{"count":1,"href":"https:\/\/infoecos.com.ar\/index.php\/wp-json\/wp\/v2\/posts\/102089\/revisions"}],"predecessor-version":[{"id":102093,"href":"https:\/\/infoecos.com.ar\/index.php\/wp-json\/wp\/v2\/posts\/102089\/revisions\/102093"}],"wp:featuredmedia":[{"embeddable":true,"href":"https:\/\/infoecos.com.ar\/index.php\/wp-json\/wp\/v2\/media\/102092"}],"wp:attachment":[{"href":"https:\/\/infoecos.com.ar\/index.php\/wp-json\/wp\/v2\/media?parent=102089"}],"wp:term":[{"taxonomy":"category","embeddable":true,"href":"https:\/\/infoecos.com.ar\/index.php\/wp-json\/wp\/v2\/categories?post=102089"},{"taxonomy":"post_tag","embeddable":true,"href":"https:\/\/infoecos.com.ar\/index.php\/wp-json\/wp\/v2\/tags?post=102089"}],"curies":[{"name":"wp","href":"https:\/\/api.w.org\/{rel}","templated":true}]}}