{"id":102111,"date":"2023-02-21T02:32:15","date_gmt":"2023-02-21T05:32:15","guid":{"rendered":"https:\/\/infoecos.com.ar\/?p=102111"},"modified":"2023-02-23T04:36:53","modified_gmt":"2023-02-23T07:36:53","slug":"el-gobierno-no-ha-generado-ninguna-politica-desfavorable-para-el-sector-dijo-bahillo","status":"publish","type":"post","link":"https:\/\/infoecos.com.ar\/index.php\/el-gobierno-no-ha-generado-ninguna-politica-desfavorable-para-el-sector-dijo-bahillo\/","title":{"rendered":"\u00abEl gobierno no ha generado ninguna pol\u00edtica desfavorable para el sector\u201d, dijo Bahillo"},"content":{"rendered":"\n<p>Juan Jos\u00e9 Bahillo, secretario de Agricultura y Ganader\u00eda de la Naci\u00f3n, descart\u00f3 la posibilidad de un nuevo d\u00f3lar soja y admiti\u00f3 tener una relaci\u00f3n \u201cmuy buena\u201d con la Mesa de Enlace.<\/p>\n\n\n\n<figure class=\"wp-block-image aligncenter size-full is-resized\"><img loading=\"lazy\" decoding=\"async\" src=\"https:\/\/infoecos.com.ar\/wp-content\/uploads\/2023\/02\/image-128.png\" alt=\"\" class=\"wp-image-102112\" width=\"477\" height=\"268\" srcset=\"https:\/\/infoecos.com.ar\/wp-content\/uploads\/2023\/02\/image-128.png 1200w, https:\/\/infoecos.com.ar\/wp-content\/uploads\/2023\/02\/image-128-800x450.png 800w, https:\/\/infoecos.com.ar\/wp-content\/uploads\/2023\/02\/image-128-768x432.png 768w, https:\/\/infoecos.com.ar\/wp-content\/uploads\/2023\/02\/image-128-1024x576.png 1024w\" sizes=\"(max-width: 477px) 100vw, 477px\" \/><\/figure>\n\n\n\n<p>Con respecto a las medidas que llevan adelante desde su cartera, afirm\u00f3 que \u201cel objetivo es que no se nos caiga ning\u00fan productor, que ning\u00fan productor deje de producir, que tengamos la misma cantidad de productores que ten\u00edamos antes de la sequ\u00eda\u201d.<\/p>\n\n\n\n<p>Sobre la sequ\u00eda, dijo que si bien \u201cha habido algo de lluvias, volvieron a ser dispares\u201d, y expres\u00f3: \u201cEstamos un poco mejor que en la primera quincena de enero, pero todav\u00eda falta, eso no se recompone de un d\u00eda para el otro\u201d.<\/p>\n\n\n\n<p>Para Bahillo, \u201cel Gobierno no ha generado en los \u00faltimos a\u00f1os ninguna pol\u00edtica desfavorable para el sector\u201d. Sin embargo, indic\u00f3: \u201cHay un reclamo que es justo y leg\u00edtimo y es que no cambien las reglas de juego entre que sembramos y cosechamos o entre que empezamos un proceso productivo y terminarlo. El Gobierno no ha cambiado las reglas de juego en los \u00faltimos tiempos y, si las ha cambiado, ha sido para favorecer al sector\u201d.<\/p>\n","protected":false},"excerpt":{"rendered":"<p>afirm\u00f3 que \u201cel objetivo es que no se nos caiga ning\u00fan productor, que ning\u00fan productor deje de producir, que tengamos la misma cantidad de productores que ten\u00edamos antes de la sequ\u00eda\u201d<\/p>\n","protected":false},"author":2,"featured_media":102112,"comment_status":"closed","ping_status":"open","sticky":false,"template":"","format":"standard","meta":{"footnotes":""},"categories":[1326],"tags":[7375],"class_list":["post-102111","post","type-post","status-publish","format-standard","has-post-thumbnail","hentry","category-c2nota6","tag-declaraciones-del-secretario-de-agricultura"],"yoast_head":"<!-- This site is optimized with the Yoast SEO plugin v23.4 - https:\/\/yoast.com\/wordpress\/plugins\/seo\/ -->\n<title>&quot;El gobierno no ha generado ninguna pol\u00edtica desfavorable para el sector\u201d, dijo Bahillo - Infoecos<\/title>\n<meta name=\"robots\" content=\"index, follow, max-snippet:-1, max-image-preview:large, max-video-preview:-1\" \/>\n<link rel=\"canonical\" href=\"https:\/\/infoecos.com.ar\/index.php\/el-gobierno-no-ha-generado-ninguna-politica-desfavorable-para-el-sector-dijo-bahillo\/\" \/>\n<meta property=\"og:locale\" content=\"es_ES\" \/>\n<meta property=\"og:type\" content=\"article\" \/>\n<meta property=\"og:title\" content=\"&quot;El gobierno no ha generado ninguna pol\u00edtica desfavorable para el sector\u201d, dijo Bahillo - Infoecos\" \/>\n<meta property=\"og:description\" content=\"afirm\u00f3 que \u201cel objetivo es que no se nos caiga ning\u00fan productor, que ning\u00fan productor deje de producir, que tengamos la misma cantidad de productores que ten\u00edamos antes de la sequ\u00eda\u201d\" \/>\n<meta property=\"og:url\" content=\"https:\/\/infoecos.com.ar\/index.php\/el-gobierno-no-ha-generado-ninguna-politica-desfavorable-para-el-sector-dijo-bahillo\/\" \/>\n<meta property=\"og:site_name\" content=\"Infoecos\" \/>\n<meta property=\"article:publisher\" content=\"https:\/\/www.facebook.com\/profile.php?id=100063200290284\" \/>\n<meta property=\"article:published_time\" content=\"2023-02-21T05:32:15+00:00\" \/>\n<meta property=\"article:modified_time\" content=\"2023-02-23T07:36:53+00:00\" \/>\n<meta property=\"og:image\" content=\"https:\/\/infoecos.com.ar\/wp-content\/uploads\/2023\/02\/image-128.png\" \/>\n\t<meta property=\"og:image:width\" content=\"1200\" \/>\n\t<meta property=\"og:image:height\" content=\"675\" \/>\n\t<meta property=\"og:image:type\" content=\"image\/png\" \/>\n<meta name=\"author\" content=\"Jorge Matheus\" \/>\n<meta name=\"twitter:card\" content=\"summary_large_image\" \/>\n<meta name=\"twitter:creator\" content=\"@infoecos\" \/>\n<meta name=\"twitter:site\" content=\"@infoecos\" \/>\n<meta name=\"twitter:label1\" content=\"Escrito por\" \/>\n\t<meta name=\"twitter:data1\" content=\"Jorge Matheus\" \/>\n\t<meta name=\"twitter:label2\" content=\"Tiempo de lectura\" \/>\n\t<meta name=\"twitter:data2\" content=\"2 minutos\" \/>\n<script type=\"application\/ld+json\" class=\"yoast-schema-graph\">{\"@context\":\"https:\/\/schema.org\",\"@graph\":[{\"@type\":\"Article\",\"@id\":\"https:\/\/infoecos.com.ar\/index.php\/el-gobierno-no-ha-generado-ninguna-politica-desfavorable-para-el-sector-dijo-bahillo\/#article\",\"isPartOf\":{\"@id\":\"https:\/\/infoecos.com.ar\/index.php\/el-gobierno-no-ha-generado-ninguna-politica-desfavorable-para-el-sector-dijo-bahillo\/\"},\"author\":{\"name\":\"Jorge Matheus\",\"@id\":\"https:\/\/infoecos.com.ar\/#\/schema\/person\/8f5ace5ce73b4b4aac4b7245aee6f191\"},\"headline\":\"\u00abEl gobierno no ha generado ninguna pol\u00edtica desfavorable para el sector\u201d, dijo Bahillo\",\"datePublished\":\"2023-02-21T05:32:15+00:00\",\"dateModified\":\"2023-02-23T07:36:53+00:00\",\"mainEntityOfPage\":{\"@id\":\"https:\/\/infoecos.com.ar\/index.php\/el-gobierno-no-ha-generado-ninguna-politica-desfavorable-para-el-sector-dijo-bahillo\/\"},\"wordCount\":218,\"publisher\":{\"@id\":\"https:\/\/infoecos.com.ar\/#organization\"},\"image\":{\"@id\":\"https:\/\/infoecos.com.ar\/index.php\/el-gobierno-no-ha-generado-ninguna-politica-desfavorable-para-el-sector-dijo-bahillo\/#primaryimage\"},\"thumbnailUrl\":\"https:\/\/infoecos.com.ar\/wp-content\/uploads\/2023\/02\/image-128.png\",\"keywords\":[\"DECLARACIONES DEL SECRETARIO DE AGRICULTURA\"],\"articleSection\":[\"C2 N6\"],\"inLanguage\":\"es\"},{\"@type\":\"WebPage\",\"@id\":\"https:\/\/infoecos.com.ar\/index.php\/el-gobierno-no-ha-generado-ninguna-politica-desfavorable-para-el-sector-dijo-bahillo\/\",\"url\":\"https:\/\/infoecos.com.ar\/index.php\/el-gobierno-no-ha-generado-ninguna-politica-desfavorable-para-el-sector-dijo-bahillo\/\",\"name\":\"\\\"El gobierno no ha generado ninguna pol\u00edtica desfavorable para el sector\u201d, dijo Bahillo - Infoecos\",\"isPartOf\":{\"@id\":\"https:\/\/infoecos.com.ar\/#website\"},\"primaryImageOfPage\":{\"@id\":\"https:\/\/infoecos.com.ar\/index.php\/el-gobierno-no-ha-generado-ninguna-politica-desfavorable-para-el-sector-dijo-bahillo\/#primaryimage\"},\"image\":{\"@id\":\"https:\/\/infoecos.com.ar\/index.php\/el-gobierno-no-ha-generado-ninguna-politica-desfavorable-para-el-sector-dijo-bahillo\/#primaryimage\"},\"thumbnailUrl\":\"https:\/\/infoecos.com.ar\/wp-content\/uploads\/2023\/02\/image-128.png\",\"datePublished\":\"2023-02-21T05:32:15+00:00\",\"dateModified\":\"2023-02-23T07:36:53+00:00\",\"breadcrumb\":{\"@id\":\"https:\/\/infoecos.com.ar\/index.php\/el-gobierno-no-ha-generado-ninguna-politica-desfavorable-para-el-sector-dijo-bahillo\/#breadcrumb\"},\"inLanguage\":\"es\",\"potentialAction\":[{\"@type\":\"ReadAction\",\"target\":[\"https:\/\/infoecos.com.ar\/index.php\/el-gobierno-no-ha-generado-ninguna-politica-desfavorable-para-el-sector-dijo-bahillo\/\"]}]},{\"@type\":\"ImageObject\",\"inLanguage\":\"es\",\"@id\":\"https:\/\/infoecos.com.ar\/index.php\/el-gobierno-no-ha-generado-ninguna-politica-desfavorable-para-el-sector-dijo-bahillo\/#primaryimage\",\"url\":\"https:\/\/infoecos.com.ar\/wp-content\/uploads\/2023\/02\/image-128.png\",\"contentUrl\":\"https:\/\/infoecos.com.ar\/wp-content\/uploads\/2023\/02\/image-128.png\",\"width\":1200,\"height\":675},{\"@type\":\"BreadcrumbList\",\"@id\":\"https:\/\/infoecos.com.ar\/index.php\/el-gobierno-no-ha-generado-ninguna-politica-desfavorable-para-el-sector-dijo-bahillo\/#breadcrumb\",\"itemListElement\":[{\"@type\":\"ListItem\",\"position\":1,\"name\":\"Portada\",\"item\":\"https:\/\/infoecos.com.ar\/\"},{\"@type\":\"ListItem\",\"position\":2,\"name\":\"\u00abEl gobierno no ha generado ninguna pol\u00edtica desfavorable para el sector\u201d, dijo Bahillo\"}]},{\"@type\":\"WebSite\",\"@id\":\"https:\/\/infoecos.com.ar\/#website\",\"url\":\"https:\/\/infoecos.com.ar\/\",\"name\":\"Infoecos\",\"description\":\"Noticias de trenque lauquen y la zona\",\"publisher\":{\"@id\":\"https:\/\/infoecos.com.ar\/#organization\"},\"alternateName\":\"Noticias\",\"potentialAction\":[{\"@type\":\"SearchAction\",\"target\":{\"@type\":\"EntryPoint\",\"urlTemplate\":\"https:\/\/infoecos.com.ar\/?s={search_term_string}\"},\"query-input\":{\"@type\":\"PropertyValueSpecification\",\"valueRequired\":true,\"valueName\":\"search_term_string\"}}],\"inLanguage\":\"es\"},{\"@type\":\"Organization\",\"@id\":\"https:\/\/infoecos.com.ar\/#organization\",\"name\":\"Infoecos\",\"alternateName\":\"Noticias\",\"url\":\"https:\/\/infoecos.com.ar\/\",\"logo\":{\"@type\":\"ImageObject\",\"inLanguage\":\"es\",\"@id\":\"https:\/\/infoecos.com.ar\/#\/schema\/logo\/image\/\",\"url\":\"https:\/\/infoecos.com.ar\/wp-content\/uploads\/2024\/03\/cropped-logo.png\",\"contentUrl\":\"https:\/\/infoecos.com.ar\/wp-content\/uploads\/2024\/03\/cropped-logo.png\",\"width\":374,\"height\":90,\"caption\":\"Infoecos\"},\"image\":{\"@id\":\"https:\/\/infoecos.com.ar\/#\/schema\/logo\/image\/\"},\"sameAs\":[\"https:\/\/www.facebook.com\/profile.php?id=100063200290284\",\"https:\/\/x.com\/infoecos\"]},{\"@type\":\"Person\",\"@id\":\"https:\/\/infoecos.com.ar\/#\/schema\/person\/8f5ace5ce73b4b4aac4b7245aee6f191\",\"name\":\"Jorge Matheus\",\"url\":\"https:\/\/infoecos.com.ar\/index.php\/author\/jomatheus\/\"}]}<\/script>\n<!-- \/ Yoast SEO plugin. -->","yoast_head_json":{"title":"\"El gobierno no ha generado ninguna pol\u00edtica desfavorable para el sector\u201d, dijo Bahillo - Infoecos","robots":{"index":"index","follow":"follow","max-snippet":"max-snippet:-1","max-image-preview":"max-image-preview:large","max-video-preview":"max-video-preview:-1"},"canonical":"https:\/\/infoecos.com.ar\/index.php\/el-gobierno-no-ha-generado-ninguna-politica-desfavorable-para-el-sector-dijo-bahillo\/","og_locale":"es_ES","og_type":"article","og_title":"\"El gobierno no ha generado ninguna pol\u00edtica desfavorable para el sector\u201d, dijo Bahillo - Infoecos","og_description":"afirm\u00f3 que \u201cel objetivo es que no se nos caiga ning\u00fan productor, que ning\u00fan productor deje de producir, que tengamos la misma cantidad de productores que ten\u00edamos antes de la sequ\u00eda\u201d","og_url":"https:\/\/infoecos.com.ar\/index.php\/el-gobierno-no-ha-generado-ninguna-politica-desfavorable-para-el-sector-dijo-bahillo\/","og_site_name":"Infoecos","article_publisher":"https:\/\/www.facebook.com\/profile.php?id=100063200290284","article_published_time":"2023-02-21T05:32:15+00:00","article_modified_time":"2023-02-23T07:36:53+00:00","og_image":[{"width":1200,"height":675,"url":"https:\/\/infoecos.com.ar\/wp-content\/uploads\/2023\/02\/image-128.png","type":"image\/png"}],"author":"Jorge Matheus","twitter_card":"summary_large_image","twitter_creator":"@infoecos","twitter_site":"@infoecos","twitter_misc":{"Escrito por":"Jorge Matheus","Tiempo de lectura":"2 minutos"},"schema":{"@context":"https:\/\/schema.org","@graph":[{"@type":"Article","@id":"https:\/\/infoecos.com.ar\/index.php\/el-gobierno-no-ha-generado-ninguna-politica-desfavorable-para-el-sector-dijo-bahillo\/#article","isPartOf":{"@id":"https:\/\/infoecos.com.ar\/index.php\/el-gobierno-no-ha-generado-ninguna-politica-desfavorable-para-el-sector-dijo-bahillo\/"},"author":{"name":"Jorge Matheus","@id":"https:\/\/infoecos.com.ar\/#\/schema\/person\/8f5ace5ce73b4b4aac4b7245aee6f191"},"headline":"\u00abEl gobierno no ha generado ninguna pol\u00edtica desfavorable para el sector\u201d, dijo Bahillo","datePublished":"2023-02-21T05:32:15+00:00","dateModified":"2023-02-23T07:36:53+00:00","mainEntityOfPage":{"@id":"https:\/\/infoecos.com.ar\/index.php\/el-gobierno-no-ha-generado-ninguna-politica-desfavorable-para-el-sector-dijo-bahillo\/"},"wordCount":218,"publisher":{"@id":"https:\/\/infoecos.com.ar\/#organization"},"image":{"@id":"https:\/\/infoecos.com.ar\/index.php\/el-gobierno-no-ha-generado-ninguna-politica-desfavorable-para-el-sector-dijo-bahillo\/#primaryimage"},"thumbnailUrl":"https:\/\/infoecos.com.ar\/wp-content\/uploads\/2023\/02\/image-128.png","keywords":["DECLARACIONES DEL SECRETARIO DE AGRICULTURA"],"articleSection":["C2 N6"],"inLanguage":"es"},{"@type":"WebPage","@id":"https:\/\/infoecos.com.ar\/index.php\/el-gobierno-no-ha-generado-ninguna-politica-desfavorable-para-el-sector-dijo-bahillo\/","url":"https:\/\/infoecos.com.ar\/index.php\/el-gobierno-no-ha-generado-ninguna-politica-desfavorable-para-el-sector-dijo-bahillo\/","name":"\"El gobierno no ha generado ninguna pol\u00edtica desfavorable para el sector\u201d, dijo Bahillo - Infoecos","isPartOf":{"@id":"https:\/\/infoecos.com.ar\/#website"},"primaryImageOfPage":{"@id":"https:\/\/infoecos.com.ar\/index.php\/el-gobierno-no-ha-generado-ninguna-politica-desfavorable-para-el-sector-dijo-bahillo\/#primaryimage"},"image":{"@id":"https:\/\/infoecos.com.ar\/index.php\/el-gobierno-no-ha-generado-ninguna-politica-desfavorable-para-el-sector-dijo-bahillo\/#primaryimage"},"thumbnailUrl":"https:\/\/infoecos.com.ar\/wp-content\/uploads\/2023\/02\/image-128.png","datePublished":"2023-02-21T05:32:15+00:00","dateModified":"2023-02-23T07:36:53+00:00","breadcrumb":{"@id":"https:\/\/infoecos.com.ar\/index.php\/el-gobierno-no-ha-generado-ninguna-politica-desfavorable-para-el-sector-dijo-bahillo\/#breadcrumb"},"inLanguage":"es","potentialAction":[{"@type":"ReadAction","target":["https:\/\/infoecos.com.ar\/index.php\/el-gobierno-no-ha-generado-ninguna-politica-desfavorable-para-el-sector-dijo-bahillo\/"]}]},{"@type":"ImageObject","inLanguage":"es","@id":"https:\/\/infoecos.com.ar\/index.php\/el-gobierno-no-ha-generado-ninguna-politica-desfavorable-para-el-sector-dijo-bahillo\/#primaryimage","url":"https:\/\/infoecos.com.ar\/wp-content\/uploads\/2023\/02\/image-128.png","contentUrl":"https:\/\/infoecos.com.ar\/wp-content\/uploads\/2023\/02\/image-128.png","width":1200,"height":675},{"@type":"BreadcrumbList","@id":"https:\/\/infoecos.com.ar\/index.php\/el-gobierno-no-ha-generado-ninguna-politica-desfavorable-para-el-sector-dijo-bahillo\/#breadcrumb","itemListElement":[{"@type":"ListItem","position":1,"name":"Portada","item":"https:\/\/infoecos.com.ar\/"},{"@type":"ListItem","position":2,"name":"\u00abEl gobierno no ha generado ninguna pol\u00edtica desfavorable para el sector\u201d, dijo Bahillo"}]},{"@type":"WebSite","@id":"https:\/\/infoecos.com.ar\/#website","url":"https:\/\/infoecos.com.ar\/","name":"Infoecos","description":"Noticias de trenque lauquen y la zona","publisher":{"@id":"https:\/\/infoecos.com.ar\/#organization"},"alternateName":"Noticias","potentialAction":[{"@type":"SearchAction","target":{"@type":"EntryPoint","urlTemplate":"https:\/\/infoecos.com.ar\/?s={search_term_string}"},"query-input":{"@type":"PropertyValueSpecification","valueRequired":true,"valueName":"search_term_string"}}],"inLanguage":"es"},{"@type":"Organization","@id":"https:\/\/infoecos.com.ar\/#organization","name":"Infoecos","alternateName":"Noticias","url":"https:\/\/infoecos.com.ar\/","logo":{"@type":"ImageObject","inLanguage":"es","@id":"https:\/\/infoecos.com.ar\/#\/schema\/logo\/image\/","url":"https:\/\/infoecos.com.ar\/wp-content\/uploads\/2024\/03\/cropped-logo.png","contentUrl":"https:\/\/infoecos.com.ar\/wp-content\/uploads\/2024\/03\/cropped-logo.png","width":374,"height":90,"caption":"Infoecos"},"image":{"@id":"https:\/\/infoecos.com.ar\/#\/schema\/logo\/image\/"},"sameAs":["https:\/\/www.facebook.com\/profile.php?id=100063200290284","https:\/\/x.com\/infoecos"]},{"@type":"Person","@id":"https:\/\/infoecos.com.ar\/#\/schema\/person\/8f5ace5ce73b4b4aac4b7245aee6f191","name":"Jorge Matheus","url":"https:\/\/infoecos.com.ar\/index.php\/author\/jomatheus\/"}]}},"featured_image_urls":{"full":["https:\/\/infoecos.com.ar\/wp-content\/uploads\/2023\/02\/image-128.png",1200,675,false],"thumbnail":["https:\/\/infoecos.com.ar\/wp-content\/uploads\/2023\/02\/image-128-300x150.png",300,150,true],"medium":["https:\/\/infoecos.com.ar\/wp-content\/uploads\/2023\/02\/image-128-800x450.png",800,450,true],"medium_large":["https:\/\/infoecos.com.ar\/wp-content\/uploads\/2023\/02\/image-128-768x432.png",640,360,true],"large":["https:\/\/infoecos.com.ar\/wp-content\/uploads\/2023\/02\/image-128.png",640,360,false],"1536x1536":["https:\/\/infoecos.com.ar\/wp-content\/uploads\/2023\/02\/image-128.png",1200,675,false],"2048x2048":["https:\/\/infoecos.com.ar\/wp-content\/uploads\/2023\/02\/image-128.png",1200,675,false],"covernews-slider-full":["https:\/\/infoecos.com.ar\/wp-content\/uploads\/2023\/02\/image-128.png",1115,627,false],"covernews-slider-center":["https:\/\/infoecos.com.ar\/wp-content\/uploads\/2023\/02\/image-128-936x675.png",693,500,true],"covernews-featured":["https:\/\/infoecos.com.ar\/wp-content\/uploads\/2023\/02\/image-128-1024x576.png",1024,576,true],"covernews-medium":["https:\/\/infoecos.com.ar\/wp-content\/uploads\/2023\/02\/image-128-720x380.png",540,285,true],"covernews-medium-square":["https:\/\/infoecos.com.ar\/wp-content\/uploads\/2023\/02\/image-128-675x450.png",375,250,true]},"author_info":{"info":["Jorge Matheus"]},"category_info":"<a href=\"https:\/\/infoecos.com.ar\/index.php\/category\/c2nota6\/\" rel=\"category tag\">C2 N6<\/a>","tag_info":"C2 N6","comment_count":"0","_links":{"self":[{"href":"https:\/\/infoecos.com.ar\/index.php\/wp-json\/wp\/v2\/posts\/102111"}],"collection":[{"href":"https:\/\/infoecos.com.ar\/index.php\/wp-json\/wp\/v2\/posts"}],"about":[{"href":"https:\/\/infoecos.com.ar\/index.php\/wp-json\/wp\/v2\/types\/post"}],"author":[{"embeddable":true,"href":"https:\/\/infoecos.com.ar\/index.php\/wp-json\/wp\/v2\/users\/2"}],"replies":[{"embeddable":true,"href":"https:\/\/infoecos.com.ar\/index.php\/wp-json\/wp\/v2\/comments?post=102111"}],"version-history":[{"count":1,"href":"https:\/\/infoecos.com.ar\/index.php\/wp-json\/wp\/v2\/posts\/102111\/revisions"}],"predecessor-version":[{"id":102113,"href":"https:\/\/infoecos.com.ar\/index.php\/wp-json\/wp\/v2\/posts\/102111\/revisions\/102113"}],"wp:featuredmedia":[{"embeddable":true,"href":"https:\/\/infoecos.com.ar\/index.php\/wp-json\/wp\/v2\/media\/102112"}],"wp:attachment":[{"href":"https:\/\/infoecos.com.ar\/index.php\/wp-json\/wp\/v2\/media?parent=102111"}],"wp:term":[{"taxonomy":"category","embeddable":true,"href":"https:\/\/infoecos.com.ar\/index.php\/wp-json\/wp\/v2\/categories?post=102111"},{"taxonomy":"post_tag","embeddable":true,"href":"https:\/\/infoecos.com.ar\/index.php\/wp-json\/wp\/v2\/tags?post=102111"}],"curies":[{"name":"wp","href":"https:\/\/api.w.org\/{rel}","templated":true}]}}