{"id":102129,"date":"2023-02-21T10:08:20","date_gmt":"2023-02-21T13:08:20","guid":{"rendered":"https:\/\/infoecos.com.ar\/?p=102129"},"modified":"2023-02-21T10:08:21","modified_gmt":"2023-02-21T13:08:21","slug":"a-partir-de-las-14-horas-restriccion-para-circulacion-de-camiones-de-gran-porte","status":"publish","type":"post","link":"https:\/\/infoecos.com.ar\/index.php\/a-partir-de-las-14-horas-restriccion-para-circulacion-de-camiones-de-gran-porte\/","title":{"rendered":"A partir de las 14 horas restricci\u00f3n para circulaci\u00f3n de camiones de gran porte"},"content":{"rendered":"\n<p>Con motivo de la terminaci\u00f3n del fin de semana largo por los carnavales este martes habr\u00e1 restricci\u00f3n de circulaci\u00f3n de camiones de gran porte a partir de las 14 y hasta la medianoche con sentido a CABA, reiter\u00f3 la Direcci\u00f3n de Vialidad bonaerense.<\/p>\n\n\n\n<figure class=\"wp-block-image aligncenter size-large is-resized\"><img loading=\"lazy\" decoding=\"async\" src=\"https:\/\/infoecos.com.ar\/wp-content\/uploads\/2021\/10\/camiones-ruta-1-920x524.jpg\" alt=\"\" class=\"wp-image-87807\" width=\"455\" height=\"259\" srcset=\"https:\/\/infoecos.com.ar\/wp-content\/uploads\/2021\/10\/camiones-ruta-1-920x524.jpg 920w, https:\/\/infoecos.com.ar\/wp-content\/uploads\/2021\/10\/camiones-ruta-1-460x262.jpg 460w, https:\/\/infoecos.com.ar\/wp-content\/uploads\/2021\/10\/camiones-ruta-1-768x438.jpg 768w, https:\/\/infoecos.com.ar\/wp-content\/uploads\/2021\/10\/camiones-ruta-1.jpg 1000w\" sizes=\"(max-width: 455px) 100vw, 455px\" \/><\/figure>\n\n\n\n<p>Por lo tanto, no podr\u00e1n circular camiones con carga superior a las 7 toneladas en la Autov\u00eda 2, en las rutas provinciales 11, 36, 56, 63 y 74, como as\u00ed tambi\u00e9n en la Autopista Buenos Aires-La Plata, con el objetivo de agilizar el desplazamiento vehicular y prevenir siniestros de tr\u00e1nsito.<\/p>\n\n\n\n<p>Seg\u00fan inform\u00f3 Aubasa (Autopistas de Buenos Aires) en esta jornada el tr\u00e1nsito es normal y sin restricciones en ambos sentidos, aunque para ma\u00f1ana se espera un flujo vehicular mucho m\u00e1s intenso.(Telam)<\/p>\n","protected":false},"excerpt":{"rendered":"<p>No podr\u00e1n circular camiones con carga superior a las 7 toneladas en la Autov\u00eda 2, en las rutas provinciales 11, 36, 56, 63 y 74, como as\u00ed tambi\u00e9n en la Autopista Buenos Aires-La Plata<\/p>\n","protected":false},"author":2,"featured_media":87807,"comment_status":"closed","ping_status":"open","sticky":false,"template":"","format":"standard","meta":{"footnotes":""},"categories":[49],"tags":[7378],"class_list":["post-102129","post","type-post","status-publish","format-standard","has-post-thumbnail","hentry","category-c3nota3","tag-con-sentido-a-caba"],"yoast_head":"<!-- This site is optimized with the Yoast SEO plugin v23.4 - https:\/\/yoast.com\/wordpress\/plugins\/seo\/ -->\n<title>A partir de las 14 horas restricci\u00f3n para circulaci\u00f3n de camiones de gran porte - Infoecos<\/title>\n<meta name=\"robots\" content=\"index, follow, max-snippet:-1, max-image-preview:large, max-video-preview:-1\" \/>\n<link rel=\"canonical\" href=\"https:\/\/infoecos.com.ar\/index.php\/a-partir-de-las-14-horas-restriccion-para-circulacion-de-camiones-de-gran-porte\/\" \/>\n<meta property=\"og:locale\" content=\"es_ES\" \/>\n<meta property=\"og:type\" content=\"article\" \/>\n<meta property=\"og:title\" content=\"A partir de las 14 horas restricci\u00f3n para circulaci\u00f3n de camiones de gran porte - Infoecos\" \/>\n<meta property=\"og:description\" content=\"No podr\u00e1n circular camiones con carga superior a las 7 toneladas en la Autov\u00eda 2, en las rutas provinciales 11, 36, 56, 63 y 74, como as\u00ed tambi\u00e9n en la Autopista Buenos Aires-La Plata\" \/>\n<meta property=\"og:url\" content=\"https:\/\/infoecos.com.ar\/index.php\/a-partir-de-las-14-horas-restriccion-para-circulacion-de-camiones-de-gran-porte\/\" \/>\n<meta property=\"og:site_name\" content=\"Infoecos\" \/>\n<meta property=\"article:publisher\" content=\"https:\/\/www.facebook.com\/profile.php?id=100063200290284\" \/>\n<meta property=\"article:published_time\" content=\"2023-02-21T13:08:20+00:00\" \/>\n<meta property=\"article:modified_time\" content=\"2023-02-21T13:08:21+00:00\" \/>\n<meta property=\"og:image\" content=\"https:\/\/infoecos.com.ar\/wp-content\/uploads\/2021\/10\/camiones-ruta-1.jpg\" \/>\n\t<meta property=\"og:image:width\" content=\"1000\" \/>\n\t<meta property=\"og:image:height\" content=\"570\" \/>\n\t<meta property=\"og:image:type\" content=\"image\/jpeg\" \/>\n<meta name=\"author\" content=\"Jorge Matheus\" \/>\n<meta name=\"twitter:card\" content=\"summary_large_image\" \/>\n<meta name=\"twitter:creator\" content=\"@infoecos\" \/>\n<meta name=\"twitter:site\" content=\"@infoecos\" \/>\n<meta name=\"twitter:label1\" content=\"Escrito por\" \/>\n\t<meta name=\"twitter:data1\" content=\"Jorge Matheus\" \/>\n\t<meta name=\"twitter:label2\" content=\"Tiempo de lectura\" \/>\n\t<meta name=\"twitter:data2\" content=\"1 minuto\" \/>\n<script type=\"application\/ld+json\" class=\"yoast-schema-graph\">{\"@context\":\"https:\/\/schema.org\",\"@graph\":[{\"@type\":\"Article\",\"@id\":\"https:\/\/infoecos.com.ar\/index.php\/a-partir-de-las-14-horas-restriccion-para-circulacion-de-camiones-de-gran-porte\/#article\",\"isPartOf\":{\"@id\":\"https:\/\/infoecos.com.ar\/index.php\/a-partir-de-las-14-horas-restriccion-para-circulacion-de-camiones-de-gran-porte\/\"},\"author\":{\"name\":\"Jorge Matheus\",\"@id\":\"https:\/\/infoecos.com.ar\/#\/schema\/person\/8f5ace5ce73b4b4aac4b7245aee6f191\"},\"headline\":\"A partir de las 14 horas restricci\u00f3n para circulaci\u00f3n de camiones de gran porte\",\"datePublished\":\"2023-02-21T13:08:20+00:00\",\"dateModified\":\"2023-02-21T13:08:21+00:00\",\"mainEntityOfPage\":{\"@id\":\"https:\/\/infoecos.com.ar\/index.php\/a-partir-de-las-14-horas-restriccion-para-circulacion-de-camiones-de-gran-porte\/\"},\"wordCount\":144,\"publisher\":{\"@id\":\"https:\/\/infoecos.com.ar\/#organization\"},\"image\":{\"@id\":\"https:\/\/infoecos.com.ar\/index.php\/a-partir-de-las-14-horas-restriccion-para-circulacion-de-camiones-de-gran-porte\/#primaryimage\"},\"thumbnailUrl\":\"https:\/\/infoecos.com.ar\/wp-content\/uploads\/2021\/10\/camiones-ruta-1.jpg\",\"keywords\":[\"CON SENTIDO A CABA\"],\"articleSection\":[\"C3 N3\"],\"inLanguage\":\"es\"},{\"@type\":\"WebPage\",\"@id\":\"https:\/\/infoecos.com.ar\/index.php\/a-partir-de-las-14-horas-restriccion-para-circulacion-de-camiones-de-gran-porte\/\",\"url\":\"https:\/\/infoecos.com.ar\/index.php\/a-partir-de-las-14-horas-restriccion-para-circulacion-de-camiones-de-gran-porte\/\",\"name\":\"A partir de las 14 horas restricci\u00f3n para circulaci\u00f3n de camiones de gran porte - Infoecos\",\"isPartOf\":{\"@id\":\"https:\/\/infoecos.com.ar\/#website\"},\"primaryImageOfPage\":{\"@id\":\"https:\/\/infoecos.com.ar\/index.php\/a-partir-de-las-14-horas-restriccion-para-circulacion-de-camiones-de-gran-porte\/#primaryimage\"},\"image\":{\"@id\":\"https:\/\/infoecos.com.ar\/index.php\/a-partir-de-las-14-horas-restriccion-para-circulacion-de-camiones-de-gran-porte\/#primaryimage\"},\"thumbnailUrl\":\"https:\/\/infoecos.com.ar\/wp-content\/uploads\/2021\/10\/camiones-ruta-1.jpg\",\"datePublished\":\"2023-02-21T13:08:20+00:00\",\"dateModified\":\"2023-02-21T13:08:21+00:00\",\"breadcrumb\":{\"@id\":\"https:\/\/infoecos.com.ar\/index.php\/a-partir-de-las-14-horas-restriccion-para-circulacion-de-camiones-de-gran-porte\/#breadcrumb\"},\"inLanguage\":\"es\",\"potentialAction\":[{\"@type\":\"ReadAction\",\"target\":[\"https:\/\/infoecos.com.ar\/index.php\/a-partir-de-las-14-horas-restriccion-para-circulacion-de-camiones-de-gran-porte\/\"]}]},{\"@type\":\"ImageObject\",\"inLanguage\":\"es\",\"@id\":\"https:\/\/infoecos.com.ar\/index.php\/a-partir-de-las-14-horas-restriccion-para-circulacion-de-camiones-de-gran-porte\/#primaryimage\",\"url\":\"https:\/\/infoecos.com.ar\/wp-content\/uploads\/2021\/10\/camiones-ruta-1.jpg\",\"contentUrl\":\"https:\/\/infoecos.com.ar\/wp-content\/uploads\/2021\/10\/camiones-ruta-1.jpg\",\"width\":1000,\"height\":570},{\"@type\":\"BreadcrumbList\",\"@id\":\"https:\/\/infoecos.com.ar\/index.php\/a-partir-de-las-14-horas-restriccion-para-circulacion-de-camiones-de-gran-porte\/#breadcrumb\",\"itemListElement\":[{\"@type\":\"ListItem\",\"position\":1,\"name\":\"Portada\",\"item\":\"https:\/\/infoecos.com.ar\/\"},{\"@type\":\"ListItem\",\"position\":2,\"name\":\"A partir de las 14 horas restricci\u00f3n para circulaci\u00f3n de camiones de gran porte\"}]},{\"@type\":\"WebSite\",\"@id\":\"https:\/\/infoecos.com.ar\/#website\",\"url\":\"https:\/\/infoecos.com.ar\/\",\"name\":\"Infoecos\",\"description\":\"Noticias de trenque lauquen y la zona\",\"publisher\":{\"@id\":\"https:\/\/infoecos.com.ar\/#organization\"},\"alternateName\":\"Noticias\",\"potentialAction\":[{\"@type\":\"SearchAction\",\"target\":{\"@type\":\"EntryPoint\",\"urlTemplate\":\"https:\/\/infoecos.com.ar\/?s={search_term_string}\"},\"query-input\":{\"@type\":\"PropertyValueSpecification\",\"valueRequired\":true,\"valueName\":\"search_term_string\"}}],\"inLanguage\":\"es\"},{\"@type\":\"Organization\",\"@id\":\"https:\/\/infoecos.com.ar\/#organization\",\"name\":\"Infoecos\",\"alternateName\":\"Noticias\",\"url\":\"https:\/\/infoecos.com.ar\/\",\"logo\":{\"@type\":\"ImageObject\",\"inLanguage\":\"es\",\"@id\":\"https:\/\/infoecos.com.ar\/#\/schema\/logo\/image\/\",\"url\":\"https:\/\/infoecos.com.ar\/wp-content\/uploads\/2024\/03\/cropped-logo.png\",\"contentUrl\":\"https:\/\/infoecos.com.ar\/wp-content\/uploads\/2024\/03\/cropped-logo.png\",\"width\":374,\"height\":90,\"caption\":\"Infoecos\"},\"image\":{\"@id\":\"https:\/\/infoecos.com.ar\/#\/schema\/logo\/image\/\"},\"sameAs\":[\"https:\/\/www.facebook.com\/profile.php?id=100063200290284\",\"https:\/\/x.com\/infoecos\"]},{\"@type\":\"Person\",\"@id\":\"https:\/\/infoecos.com.ar\/#\/schema\/person\/8f5ace5ce73b4b4aac4b7245aee6f191\",\"name\":\"Jorge Matheus\",\"url\":\"https:\/\/infoecos.com.ar\/index.php\/author\/jomatheus\/\"}]}<\/script>\n<!-- \/ Yoast SEO plugin. -->","yoast_head_json":{"title":"A partir de las 14 horas restricci\u00f3n para circulaci\u00f3n de camiones de gran porte - Infoecos","robots":{"index":"index","follow":"follow","max-snippet":"max-snippet:-1","max-image-preview":"max-image-preview:large","max-video-preview":"max-video-preview:-1"},"canonical":"https:\/\/infoecos.com.ar\/index.php\/a-partir-de-las-14-horas-restriccion-para-circulacion-de-camiones-de-gran-porte\/","og_locale":"es_ES","og_type":"article","og_title":"A partir de las 14 horas restricci\u00f3n para circulaci\u00f3n de camiones de gran porte - Infoecos","og_description":"No podr\u00e1n circular camiones con carga superior a las 7 toneladas en la Autov\u00eda 2, en las rutas provinciales 11, 36, 56, 63 y 74, como as\u00ed tambi\u00e9n en la Autopista Buenos Aires-La Plata","og_url":"https:\/\/infoecos.com.ar\/index.php\/a-partir-de-las-14-horas-restriccion-para-circulacion-de-camiones-de-gran-porte\/","og_site_name":"Infoecos","article_publisher":"https:\/\/www.facebook.com\/profile.php?id=100063200290284","article_published_time":"2023-02-21T13:08:20+00:00","article_modified_time":"2023-02-21T13:08:21+00:00","og_image":[{"width":1000,"height":570,"url":"https:\/\/infoecos.com.ar\/wp-content\/uploads\/2021\/10\/camiones-ruta-1.jpg","type":"image\/jpeg"}],"author":"Jorge Matheus","twitter_card":"summary_large_image","twitter_creator":"@infoecos","twitter_site":"@infoecos","twitter_misc":{"Escrito por":"Jorge Matheus","Tiempo de lectura":"1 minuto"},"schema":{"@context":"https:\/\/schema.org","@graph":[{"@type":"Article","@id":"https:\/\/infoecos.com.ar\/index.php\/a-partir-de-las-14-horas-restriccion-para-circulacion-de-camiones-de-gran-porte\/#article","isPartOf":{"@id":"https:\/\/infoecos.com.ar\/index.php\/a-partir-de-las-14-horas-restriccion-para-circulacion-de-camiones-de-gran-porte\/"},"author":{"name":"Jorge Matheus","@id":"https:\/\/infoecos.com.ar\/#\/schema\/person\/8f5ace5ce73b4b4aac4b7245aee6f191"},"headline":"A partir de las 14 horas restricci\u00f3n para circulaci\u00f3n de camiones de gran porte","datePublished":"2023-02-21T13:08:20+00:00","dateModified":"2023-02-21T13:08:21+00:00","mainEntityOfPage":{"@id":"https:\/\/infoecos.com.ar\/index.php\/a-partir-de-las-14-horas-restriccion-para-circulacion-de-camiones-de-gran-porte\/"},"wordCount":144,"publisher":{"@id":"https:\/\/infoecos.com.ar\/#organization"},"image":{"@id":"https:\/\/infoecos.com.ar\/index.php\/a-partir-de-las-14-horas-restriccion-para-circulacion-de-camiones-de-gran-porte\/#primaryimage"},"thumbnailUrl":"https:\/\/infoecos.com.ar\/wp-content\/uploads\/2021\/10\/camiones-ruta-1.jpg","keywords":["CON SENTIDO A CABA"],"articleSection":["C3 N3"],"inLanguage":"es"},{"@type":"WebPage","@id":"https:\/\/infoecos.com.ar\/index.php\/a-partir-de-las-14-horas-restriccion-para-circulacion-de-camiones-de-gran-porte\/","url":"https:\/\/infoecos.com.ar\/index.php\/a-partir-de-las-14-horas-restriccion-para-circulacion-de-camiones-de-gran-porte\/","name":"A partir de las 14 horas restricci\u00f3n para circulaci\u00f3n de camiones de gran porte - Infoecos","isPartOf":{"@id":"https:\/\/infoecos.com.ar\/#website"},"primaryImageOfPage":{"@id":"https:\/\/infoecos.com.ar\/index.php\/a-partir-de-las-14-horas-restriccion-para-circulacion-de-camiones-de-gran-porte\/#primaryimage"},"image":{"@id":"https:\/\/infoecos.com.ar\/index.php\/a-partir-de-las-14-horas-restriccion-para-circulacion-de-camiones-de-gran-porte\/#primaryimage"},"thumbnailUrl":"https:\/\/infoecos.com.ar\/wp-content\/uploads\/2021\/10\/camiones-ruta-1.jpg","datePublished":"2023-02-21T13:08:20+00:00","dateModified":"2023-02-21T13:08:21+00:00","breadcrumb":{"@id":"https:\/\/infoecos.com.ar\/index.php\/a-partir-de-las-14-horas-restriccion-para-circulacion-de-camiones-de-gran-porte\/#breadcrumb"},"inLanguage":"es","potentialAction":[{"@type":"ReadAction","target":["https:\/\/infoecos.com.ar\/index.php\/a-partir-de-las-14-horas-restriccion-para-circulacion-de-camiones-de-gran-porte\/"]}]},{"@type":"ImageObject","inLanguage":"es","@id":"https:\/\/infoecos.com.ar\/index.php\/a-partir-de-las-14-horas-restriccion-para-circulacion-de-camiones-de-gran-porte\/#primaryimage","url":"https:\/\/infoecos.com.ar\/wp-content\/uploads\/2021\/10\/camiones-ruta-1.jpg","contentUrl":"https:\/\/infoecos.com.ar\/wp-content\/uploads\/2021\/10\/camiones-ruta-1.jpg","width":1000,"height":570},{"@type":"BreadcrumbList","@id":"https:\/\/infoecos.com.ar\/index.php\/a-partir-de-las-14-horas-restriccion-para-circulacion-de-camiones-de-gran-porte\/#breadcrumb","itemListElement":[{"@type":"ListItem","position":1,"name":"Portada","item":"https:\/\/infoecos.com.ar\/"},{"@type":"ListItem","position":2,"name":"A partir de las 14 horas restricci\u00f3n para circulaci\u00f3n de camiones de gran porte"}]},{"@type":"WebSite","@id":"https:\/\/infoecos.com.ar\/#website","url":"https:\/\/infoecos.com.ar\/","name":"Infoecos","description":"Noticias de trenque lauquen y la zona","publisher":{"@id":"https:\/\/infoecos.com.ar\/#organization"},"alternateName":"Noticias","potentialAction":[{"@type":"SearchAction","target":{"@type":"EntryPoint","urlTemplate":"https:\/\/infoecos.com.ar\/?s={search_term_string}"},"query-input":{"@type":"PropertyValueSpecification","valueRequired":true,"valueName":"search_term_string"}}],"inLanguage":"es"},{"@type":"Organization","@id":"https:\/\/infoecos.com.ar\/#organization","name":"Infoecos","alternateName":"Noticias","url":"https:\/\/infoecos.com.ar\/","logo":{"@type":"ImageObject","inLanguage":"es","@id":"https:\/\/infoecos.com.ar\/#\/schema\/logo\/image\/","url":"https:\/\/infoecos.com.ar\/wp-content\/uploads\/2024\/03\/cropped-logo.png","contentUrl":"https:\/\/infoecos.com.ar\/wp-content\/uploads\/2024\/03\/cropped-logo.png","width":374,"height":90,"caption":"Infoecos"},"image":{"@id":"https:\/\/infoecos.com.ar\/#\/schema\/logo\/image\/"},"sameAs":["https:\/\/www.facebook.com\/profile.php?id=100063200290284","https:\/\/x.com\/infoecos"]},{"@type":"Person","@id":"https:\/\/infoecos.com.ar\/#\/schema\/person\/8f5ace5ce73b4b4aac4b7245aee6f191","name":"Jorge Matheus","url":"https:\/\/infoecos.com.ar\/index.php\/author\/jomatheus\/"}]}},"featured_image_urls":{"full":["https:\/\/infoecos.com.ar\/wp-content\/uploads\/2021\/10\/camiones-ruta-1.jpg",1000,570,false],"thumbnail":["https:\/\/infoecos.com.ar\/wp-content\/uploads\/2021\/10\/camiones-ruta-1-150x150.jpg",150,150,true],"medium":["https:\/\/infoecos.com.ar\/wp-content\/uploads\/2021\/10\/camiones-ruta-1-460x262.jpg",460,262,true],"medium_large":["https:\/\/infoecos.com.ar\/wp-content\/uploads\/2021\/10\/camiones-ruta-1-768x438.jpg",640,365,true],"large":["https:\/\/infoecos.com.ar\/wp-content\/uploads\/2021\/10\/camiones-ruta-1-920x524.jpg",640,365,true],"1536x1536":["https:\/\/infoecos.com.ar\/wp-content\/uploads\/2021\/10\/camiones-ruta-1.jpg",1000,570,false],"2048x2048":["https:\/\/infoecos.com.ar\/wp-content\/uploads\/2021\/10\/camiones-ruta-1.jpg",1000,570,false],"covernews-slider-full":["https:\/\/infoecos.com.ar\/wp-content\/uploads\/2021\/10\/camiones-ruta-1.jpg",1000,570,false],"covernews-slider-center":["https:\/\/infoecos.com.ar\/wp-content\/uploads\/2021\/10\/camiones-ruta-1-936x570.jpg",800,487,true],"covernews-featured":["https:\/\/infoecos.com.ar\/wp-content\/uploads\/2021\/10\/camiones-ruta-1.jpg",1000,570,false],"covernews-medium":["https:\/\/infoecos.com.ar\/wp-content\/uploads\/2021\/10\/camiones-ruta-1-720x380.jpg",540,285,true],"covernews-medium-square":["https:\/\/infoecos.com.ar\/wp-content\/uploads\/2021\/10\/camiones-ruta-1-675x450.jpg",375,250,true]},"author_info":{"info":["Jorge Matheus"]},"category_info":"<a href=\"https:\/\/infoecos.com.ar\/index.php\/category\/c3nota3\/\" rel=\"category tag\">C3 N3<\/a>","tag_info":"C3 N3","comment_count":"0","_links":{"self":[{"href":"https:\/\/infoecos.com.ar\/index.php\/wp-json\/wp\/v2\/posts\/102129"}],"collection":[{"href":"https:\/\/infoecos.com.ar\/index.php\/wp-json\/wp\/v2\/posts"}],"about":[{"href":"https:\/\/infoecos.com.ar\/index.php\/wp-json\/wp\/v2\/types\/post"}],"author":[{"embeddable":true,"href":"https:\/\/infoecos.com.ar\/index.php\/wp-json\/wp\/v2\/users\/2"}],"replies":[{"embeddable":true,"href":"https:\/\/infoecos.com.ar\/index.php\/wp-json\/wp\/v2\/comments?post=102129"}],"version-history":[{"count":1,"href":"https:\/\/infoecos.com.ar\/index.php\/wp-json\/wp\/v2\/posts\/102129\/revisions"}],"predecessor-version":[{"id":102130,"href":"https:\/\/infoecos.com.ar\/index.php\/wp-json\/wp\/v2\/posts\/102129\/revisions\/102130"}],"wp:featuredmedia":[{"embeddable":true,"href":"https:\/\/infoecos.com.ar\/index.php\/wp-json\/wp\/v2\/media\/87807"}],"wp:attachment":[{"href":"https:\/\/infoecos.com.ar\/index.php\/wp-json\/wp\/v2\/media?parent=102129"}],"wp:term":[{"taxonomy":"category","embeddable":true,"href":"https:\/\/infoecos.com.ar\/index.php\/wp-json\/wp\/v2\/categories?post=102129"},{"taxonomy":"post_tag","embeddable":true,"href":"https:\/\/infoecos.com.ar\/index.php\/wp-json\/wp\/v2\/tags?post=102129"}],"curies":[{"name":"wp","href":"https:\/\/api.w.org\/{rel}","templated":true}]}}