{"id":102134,"date":"2023-02-21T19:02:45","date_gmt":"2023-02-21T22:02:45","guid":{"rendered":"https:\/\/infoecos.com.ar\/?p=102134"},"modified":"2023-02-23T04:08:54","modified_gmt":"2023-02-23T07:08:54","slug":"embistio-a-una-joven-de-16-anos-con-su-camioneta-y-el-control-de-alcoholemia-dio-positivo","status":"publish","type":"post","link":"https:\/\/infoecos.com.ar\/index.php\/embistio-a-una-joven-de-16-anos-con-su-camioneta-y-el-control-de-alcoholemia-dio-positivo\/","title":{"rendered":"Embisti\u00f3 a una joven de 16 a\u00f1os con su camioneta y el control de alcoholemia dio positivo"},"content":{"rendered":"\n<p>Atropellaron a una joven de 16 a\u00f1os en pleno barrio Norte de Am\u00e9rica, cabecera del distrito de Rivadavia. Fue en la madrugada (6.40hs) del lunes. Ocurri\u00f3 en la esquina de Avellaneda e Islas Malvinas. As\u00ed comienza la noticia publicada en la red Facebook por el colega <a href=\"https:\/\/www.facebook.com\/rtpe.multimedios?__cft__[0]=AZW9FORJhaa4x6JcSKH8eEF2Ve1E2yGszMDC3P6iCsWUSwWJX7auO7bq9oZkonKtOvGxKJHKt_9kaTogf5T25k0BwgxngnhxMXxL_Mk5bUjIlQ&amp;__tn__=-UC%2CP-R\"><strong>Flores Duperou Nicol\u00e1s<\/strong><\/a> del grupo de medios La Nueva Prensa. <\/p>\n\n\n\n<figure class=\"wp-block-image aligncenter size-full is-resized\"><img loading=\"lazy\" decoding=\"async\" src=\"https:\/\/infoecos.com.ar\/wp-content\/uploads\/2023\/02\/accidenteamerica.jpg\" alt=\"\" class=\"wp-image-102135\" width=\"470\" height=\"342\" srcset=\"https:\/\/infoecos.com.ar\/wp-content\/uploads\/2023\/02\/accidenteamerica.jpg 960w, https:\/\/infoecos.com.ar\/wp-content\/uploads\/2023\/02\/accidenteamerica-800x583.jpg 800w, https:\/\/infoecos.com.ar\/wp-content\/uploads\/2023\/02\/accidenteamerica-768x560.jpg 768w\" sizes=\"(max-width: 470px) 100vw, 470px\" \/><\/figure>\n\n\n\n<p>Un comunicado policial indica que &#8216;la Comisar\u00eda local inici\u00f3 su intervenci\u00f3n caratulada LESIONES CULPOSAS a ra\u00edz de lo informado por el Centro de Monitoreo Municipal.<\/p>\n\n\n\n<p>La <a><\/a>v\u00edctima fue atropellada por una camioneta VW Saveiro color blanca conducida por un hombre mayor de edad de 34 a\u00f1os. La chica fue asistida por un m\u00e9dico de la Guardia del Hospital. Interviene la UFI 1 a cargo del Dr. Iglesias. Personal de la Guardia Urbana realiz\u00f3 los controles de alcoholemia y quien manejaba el veh\u00edculo dio positivo&#8217;.<\/p>\n\n\n\n<p>Ahora deber\u00e1 actuar el Dr. Alejandro Belfiori del Juzgado de Faltas de Rivadavia. La camioneta qued\u00f3 secuestrada, y se presume habr\u00e1 sanci\u00f3n econ\u00f3mica, retenci\u00f3n de carnet, m\u00e1s curso de educaci\u00f3n vial.<\/p>\n","protected":false},"excerpt":{"rendered":"<p>La camioneta qued\u00f3 secuestrada, y se presume habr\u00e1 sanci\u00f3n econ\u00f3mica, retenci\u00f3n de carnet, m\u00e1s curso de educaci\u00f3n vial<\/p>\n","protected":false},"author":2,"featured_media":102135,"comment_status":"closed","ping_status":"open","sticky":false,"template":"","format":"standard","meta":{"footnotes":""},"categories":[197],"tags":[7379],"class_list":["post-102134","post","type-post","status-publish","format-standard","has-post-thumbnail","hentry","category-c3nota4","tag-informe-de-flores-duperou"],"yoast_head":"<!-- This site is optimized with the Yoast SEO plugin v23.4 - https:\/\/yoast.com\/wordpress\/plugins\/seo\/ -->\n<title>Embisti\u00f3 a una joven de 16 a\u00f1os con su camioneta y el control de alcoholemia dio positivo - Infoecos<\/title>\n<meta name=\"robots\" content=\"index, follow, max-snippet:-1, max-image-preview:large, max-video-preview:-1\" \/>\n<link rel=\"canonical\" href=\"https:\/\/infoecos.com.ar\/index.php\/embistio-a-una-joven-de-16-anos-con-su-camioneta-y-el-control-de-alcoholemia-dio-positivo\/\" \/>\n<meta property=\"og:locale\" content=\"es_ES\" \/>\n<meta property=\"og:type\" content=\"article\" \/>\n<meta property=\"og:title\" content=\"Embisti\u00f3 a una joven de 16 a\u00f1os con su camioneta y el control de alcoholemia dio positivo - Infoecos\" \/>\n<meta property=\"og:description\" content=\"La camioneta qued\u00f3 secuestrada, y se presume habr\u00e1 sanci\u00f3n econ\u00f3mica, retenci\u00f3n de carnet, m\u00e1s curso de educaci\u00f3n vial\" \/>\n<meta property=\"og:url\" content=\"https:\/\/infoecos.com.ar\/index.php\/embistio-a-una-joven-de-16-anos-con-su-camioneta-y-el-control-de-alcoholemia-dio-positivo\/\" \/>\n<meta property=\"og:site_name\" content=\"Infoecos\" \/>\n<meta property=\"article:publisher\" content=\"https:\/\/www.facebook.com\/profile.php?id=100063200290284\" \/>\n<meta property=\"article:published_time\" content=\"2023-02-21T22:02:45+00:00\" \/>\n<meta property=\"article:modified_time\" content=\"2023-02-23T07:08:54+00:00\" \/>\n<meta property=\"og:image\" content=\"https:\/\/infoecos.com.ar\/wp-content\/uploads\/2023\/02\/accidenteamerica.jpg\" \/>\n\t<meta property=\"og:image:width\" content=\"960\" \/>\n\t<meta property=\"og:image:height\" content=\"700\" \/>\n\t<meta property=\"og:image:type\" content=\"image\/jpeg\" \/>\n<meta name=\"author\" content=\"Jorge Matheus\" \/>\n<meta name=\"twitter:card\" content=\"summary_large_image\" \/>\n<meta name=\"twitter:creator\" content=\"@infoecos\" \/>\n<meta name=\"twitter:site\" content=\"@infoecos\" \/>\n<meta name=\"twitter:label1\" content=\"Escrito por\" \/>\n\t<meta name=\"twitter:data1\" content=\"Jorge Matheus\" \/>\n\t<meta name=\"twitter:label2\" content=\"Tiempo de lectura\" \/>\n\t<meta name=\"twitter:data2\" content=\"1 minuto\" \/>\n<script type=\"application\/ld+json\" class=\"yoast-schema-graph\">{\"@context\":\"https:\/\/schema.org\",\"@graph\":[{\"@type\":\"Article\",\"@id\":\"https:\/\/infoecos.com.ar\/index.php\/embistio-a-una-joven-de-16-anos-con-su-camioneta-y-el-control-de-alcoholemia-dio-positivo\/#article\",\"isPartOf\":{\"@id\":\"https:\/\/infoecos.com.ar\/index.php\/embistio-a-una-joven-de-16-anos-con-su-camioneta-y-el-control-de-alcoholemia-dio-positivo\/\"},\"author\":{\"name\":\"Jorge Matheus\",\"@id\":\"https:\/\/infoecos.com.ar\/#\/schema\/person\/8f5ace5ce73b4b4aac4b7245aee6f191\"},\"headline\":\"Embisti\u00f3 a una joven de 16 a\u00f1os con su camioneta y el control de alcoholemia dio positivo\",\"datePublished\":\"2023-02-21T22:02:45+00:00\",\"dateModified\":\"2023-02-23T07:08:54+00:00\",\"mainEntityOfPage\":{\"@id\":\"https:\/\/infoecos.com.ar\/index.php\/embistio-a-una-joven-de-16-anos-con-su-camioneta-y-el-control-de-alcoholemia-dio-positivo\/\"},\"wordCount\":200,\"publisher\":{\"@id\":\"https:\/\/infoecos.com.ar\/#organization\"},\"image\":{\"@id\":\"https:\/\/infoecos.com.ar\/index.php\/embistio-a-una-joven-de-16-anos-con-su-camioneta-y-el-control-de-alcoholemia-dio-positivo\/#primaryimage\"},\"thumbnailUrl\":\"https:\/\/infoecos.com.ar\/wp-content\/uploads\/2023\/02\/accidenteamerica.jpg\",\"keywords\":[\"INFORME DE FLORES DUPEROU\"],\"articleSection\":[\"C3 N4\"],\"inLanguage\":\"es\"},{\"@type\":\"WebPage\",\"@id\":\"https:\/\/infoecos.com.ar\/index.php\/embistio-a-una-joven-de-16-anos-con-su-camioneta-y-el-control-de-alcoholemia-dio-positivo\/\",\"url\":\"https:\/\/infoecos.com.ar\/index.php\/embistio-a-una-joven-de-16-anos-con-su-camioneta-y-el-control-de-alcoholemia-dio-positivo\/\",\"name\":\"Embisti\u00f3 a una joven de 16 a\u00f1os con su camioneta y el control de alcoholemia dio positivo - Infoecos\",\"isPartOf\":{\"@id\":\"https:\/\/infoecos.com.ar\/#website\"},\"primaryImageOfPage\":{\"@id\":\"https:\/\/infoecos.com.ar\/index.php\/embistio-a-una-joven-de-16-anos-con-su-camioneta-y-el-control-de-alcoholemia-dio-positivo\/#primaryimage\"},\"image\":{\"@id\":\"https:\/\/infoecos.com.ar\/index.php\/embistio-a-una-joven-de-16-anos-con-su-camioneta-y-el-control-de-alcoholemia-dio-positivo\/#primaryimage\"},\"thumbnailUrl\":\"https:\/\/infoecos.com.ar\/wp-content\/uploads\/2023\/02\/accidenteamerica.jpg\",\"datePublished\":\"2023-02-21T22:02:45+00:00\",\"dateModified\":\"2023-02-23T07:08:54+00:00\",\"breadcrumb\":{\"@id\":\"https:\/\/infoecos.com.ar\/index.php\/embistio-a-una-joven-de-16-anos-con-su-camioneta-y-el-control-de-alcoholemia-dio-positivo\/#breadcrumb\"},\"inLanguage\":\"es\",\"potentialAction\":[{\"@type\":\"ReadAction\",\"target\":[\"https:\/\/infoecos.com.ar\/index.php\/embistio-a-una-joven-de-16-anos-con-su-camioneta-y-el-control-de-alcoholemia-dio-positivo\/\"]}]},{\"@type\":\"ImageObject\",\"inLanguage\":\"es\",\"@id\":\"https:\/\/infoecos.com.ar\/index.php\/embistio-a-una-joven-de-16-anos-con-su-camioneta-y-el-control-de-alcoholemia-dio-positivo\/#primaryimage\",\"url\":\"https:\/\/infoecos.com.ar\/wp-content\/uploads\/2023\/02\/accidenteamerica.jpg\",\"contentUrl\":\"https:\/\/infoecos.com.ar\/wp-content\/uploads\/2023\/02\/accidenteamerica.jpg\",\"width\":960,\"height\":700},{\"@type\":\"BreadcrumbList\",\"@id\":\"https:\/\/infoecos.com.ar\/index.php\/embistio-a-una-joven-de-16-anos-con-su-camioneta-y-el-control-de-alcoholemia-dio-positivo\/#breadcrumb\",\"itemListElement\":[{\"@type\":\"ListItem\",\"position\":1,\"name\":\"Portada\",\"item\":\"https:\/\/infoecos.com.ar\/\"},{\"@type\":\"ListItem\",\"position\":2,\"name\":\"Embisti\u00f3 a una joven de 16 a\u00f1os con su camioneta y el control de alcoholemia dio positivo\"}]},{\"@type\":\"WebSite\",\"@id\":\"https:\/\/infoecos.com.ar\/#website\",\"url\":\"https:\/\/infoecos.com.ar\/\",\"name\":\"Infoecos\",\"description\":\"Noticias de trenque lauquen y la zona\",\"publisher\":{\"@id\":\"https:\/\/infoecos.com.ar\/#organization\"},\"alternateName\":\"Noticias\",\"potentialAction\":[{\"@type\":\"SearchAction\",\"target\":{\"@type\":\"EntryPoint\",\"urlTemplate\":\"https:\/\/infoecos.com.ar\/?s={search_term_string}\"},\"query-input\":{\"@type\":\"PropertyValueSpecification\",\"valueRequired\":true,\"valueName\":\"search_term_string\"}}],\"inLanguage\":\"es\"},{\"@type\":\"Organization\",\"@id\":\"https:\/\/infoecos.com.ar\/#organization\",\"name\":\"Infoecos\",\"alternateName\":\"Noticias\",\"url\":\"https:\/\/infoecos.com.ar\/\",\"logo\":{\"@type\":\"ImageObject\",\"inLanguage\":\"es\",\"@id\":\"https:\/\/infoecos.com.ar\/#\/schema\/logo\/image\/\",\"url\":\"https:\/\/infoecos.com.ar\/wp-content\/uploads\/2024\/03\/cropped-logo.png\",\"contentUrl\":\"https:\/\/infoecos.com.ar\/wp-content\/uploads\/2024\/03\/cropped-logo.png\",\"width\":374,\"height\":90,\"caption\":\"Infoecos\"},\"image\":{\"@id\":\"https:\/\/infoecos.com.ar\/#\/schema\/logo\/image\/\"},\"sameAs\":[\"https:\/\/www.facebook.com\/profile.php?id=100063200290284\",\"https:\/\/x.com\/infoecos\"]},{\"@type\":\"Person\",\"@id\":\"https:\/\/infoecos.com.ar\/#\/schema\/person\/8f5ace5ce73b4b4aac4b7245aee6f191\",\"name\":\"Jorge Matheus\",\"url\":\"https:\/\/infoecos.com.ar\/index.php\/author\/jomatheus\/\"}]}<\/script>\n<!-- \/ Yoast SEO plugin. -->","yoast_head_json":{"title":"Embisti\u00f3 a una joven de 16 a\u00f1os con su camioneta y el control de alcoholemia dio positivo - Infoecos","robots":{"index":"index","follow":"follow","max-snippet":"max-snippet:-1","max-image-preview":"max-image-preview:large","max-video-preview":"max-video-preview:-1"},"canonical":"https:\/\/infoecos.com.ar\/index.php\/embistio-a-una-joven-de-16-anos-con-su-camioneta-y-el-control-de-alcoholemia-dio-positivo\/","og_locale":"es_ES","og_type":"article","og_title":"Embisti\u00f3 a una joven de 16 a\u00f1os con su camioneta y el control de alcoholemia dio positivo - Infoecos","og_description":"La camioneta qued\u00f3 secuestrada, y se presume habr\u00e1 sanci\u00f3n econ\u00f3mica, retenci\u00f3n de carnet, m\u00e1s curso de educaci\u00f3n vial","og_url":"https:\/\/infoecos.com.ar\/index.php\/embistio-a-una-joven-de-16-anos-con-su-camioneta-y-el-control-de-alcoholemia-dio-positivo\/","og_site_name":"Infoecos","article_publisher":"https:\/\/www.facebook.com\/profile.php?id=100063200290284","article_published_time":"2023-02-21T22:02:45+00:00","article_modified_time":"2023-02-23T07:08:54+00:00","og_image":[{"width":960,"height":700,"url":"https:\/\/infoecos.com.ar\/wp-content\/uploads\/2023\/02\/accidenteamerica.jpg","type":"image\/jpeg"}],"author":"Jorge Matheus","twitter_card":"summary_large_image","twitter_creator":"@infoecos","twitter_site":"@infoecos","twitter_misc":{"Escrito por":"Jorge Matheus","Tiempo de lectura":"1 minuto"},"schema":{"@context":"https:\/\/schema.org","@graph":[{"@type":"Article","@id":"https:\/\/infoecos.com.ar\/index.php\/embistio-a-una-joven-de-16-anos-con-su-camioneta-y-el-control-de-alcoholemia-dio-positivo\/#article","isPartOf":{"@id":"https:\/\/infoecos.com.ar\/index.php\/embistio-a-una-joven-de-16-anos-con-su-camioneta-y-el-control-de-alcoholemia-dio-positivo\/"},"author":{"name":"Jorge Matheus","@id":"https:\/\/infoecos.com.ar\/#\/schema\/person\/8f5ace5ce73b4b4aac4b7245aee6f191"},"headline":"Embisti\u00f3 a una joven de 16 a\u00f1os con su camioneta y el control de alcoholemia dio positivo","datePublished":"2023-02-21T22:02:45+00:00","dateModified":"2023-02-23T07:08:54+00:00","mainEntityOfPage":{"@id":"https:\/\/infoecos.com.ar\/index.php\/embistio-a-una-joven-de-16-anos-con-su-camioneta-y-el-control-de-alcoholemia-dio-positivo\/"},"wordCount":200,"publisher":{"@id":"https:\/\/infoecos.com.ar\/#organization"},"image":{"@id":"https:\/\/infoecos.com.ar\/index.php\/embistio-a-una-joven-de-16-anos-con-su-camioneta-y-el-control-de-alcoholemia-dio-positivo\/#primaryimage"},"thumbnailUrl":"https:\/\/infoecos.com.ar\/wp-content\/uploads\/2023\/02\/accidenteamerica.jpg","keywords":["INFORME DE FLORES DUPEROU"],"articleSection":["C3 N4"],"inLanguage":"es"},{"@type":"WebPage","@id":"https:\/\/infoecos.com.ar\/index.php\/embistio-a-una-joven-de-16-anos-con-su-camioneta-y-el-control-de-alcoholemia-dio-positivo\/","url":"https:\/\/infoecos.com.ar\/index.php\/embistio-a-una-joven-de-16-anos-con-su-camioneta-y-el-control-de-alcoholemia-dio-positivo\/","name":"Embisti\u00f3 a una joven de 16 a\u00f1os con su camioneta y el control de alcoholemia dio positivo - Infoecos","isPartOf":{"@id":"https:\/\/infoecos.com.ar\/#website"},"primaryImageOfPage":{"@id":"https:\/\/infoecos.com.ar\/index.php\/embistio-a-una-joven-de-16-anos-con-su-camioneta-y-el-control-de-alcoholemia-dio-positivo\/#primaryimage"},"image":{"@id":"https:\/\/infoecos.com.ar\/index.php\/embistio-a-una-joven-de-16-anos-con-su-camioneta-y-el-control-de-alcoholemia-dio-positivo\/#primaryimage"},"thumbnailUrl":"https:\/\/infoecos.com.ar\/wp-content\/uploads\/2023\/02\/accidenteamerica.jpg","datePublished":"2023-02-21T22:02:45+00:00","dateModified":"2023-02-23T07:08:54+00:00","breadcrumb":{"@id":"https:\/\/infoecos.com.ar\/index.php\/embistio-a-una-joven-de-16-anos-con-su-camioneta-y-el-control-de-alcoholemia-dio-positivo\/#breadcrumb"},"inLanguage":"es","potentialAction":[{"@type":"ReadAction","target":["https:\/\/infoecos.com.ar\/index.php\/embistio-a-una-joven-de-16-anos-con-su-camioneta-y-el-control-de-alcoholemia-dio-positivo\/"]}]},{"@type":"ImageObject","inLanguage":"es","@id":"https:\/\/infoecos.com.ar\/index.php\/embistio-a-una-joven-de-16-anos-con-su-camioneta-y-el-control-de-alcoholemia-dio-positivo\/#primaryimage","url":"https:\/\/infoecos.com.ar\/wp-content\/uploads\/2023\/02\/accidenteamerica.jpg","contentUrl":"https:\/\/infoecos.com.ar\/wp-content\/uploads\/2023\/02\/accidenteamerica.jpg","width":960,"height":700},{"@type":"BreadcrumbList","@id":"https:\/\/infoecos.com.ar\/index.php\/embistio-a-una-joven-de-16-anos-con-su-camioneta-y-el-control-de-alcoholemia-dio-positivo\/#breadcrumb","itemListElement":[{"@type":"ListItem","position":1,"name":"Portada","item":"https:\/\/infoecos.com.ar\/"},{"@type":"ListItem","position":2,"name":"Embisti\u00f3 a una joven de 16 a\u00f1os con su camioneta y el control de alcoholemia dio positivo"}]},{"@type":"WebSite","@id":"https:\/\/infoecos.com.ar\/#website","url":"https:\/\/infoecos.com.ar\/","name":"Infoecos","description":"Noticias de trenque lauquen y la zona","publisher":{"@id":"https:\/\/infoecos.com.ar\/#organization"},"alternateName":"Noticias","potentialAction":[{"@type":"SearchAction","target":{"@type":"EntryPoint","urlTemplate":"https:\/\/infoecos.com.ar\/?s={search_term_string}"},"query-input":{"@type":"PropertyValueSpecification","valueRequired":true,"valueName":"search_term_string"}}],"inLanguage":"es"},{"@type":"Organization","@id":"https:\/\/infoecos.com.ar\/#organization","name":"Infoecos","alternateName":"Noticias","url":"https:\/\/infoecos.com.ar\/","logo":{"@type":"ImageObject","inLanguage":"es","@id":"https:\/\/infoecos.com.ar\/#\/schema\/logo\/image\/","url":"https:\/\/infoecos.com.ar\/wp-content\/uploads\/2024\/03\/cropped-logo.png","contentUrl":"https:\/\/infoecos.com.ar\/wp-content\/uploads\/2024\/03\/cropped-logo.png","width":374,"height":90,"caption":"Infoecos"},"image":{"@id":"https:\/\/infoecos.com.ar\/#\/schema\/logo\/image\/"},"sameAs":["https:\/\/www.facebook.com\/profile.php?id=100063200290284","https:\/\/x.com\/infoecos"]},{"@type":"Person","@id":"https:\/\/infoecos.com.ar\/#\/schema\/person\/8f5ace5ce73b4b4aac4b7245aee6f191","name":"Jorge Matheus","url":"https:\/\/infoecos.com.ar\/index.php\/author\/jomatheus\/"}]}},"featured_image_urls":{"full":["https:\/\/infoecos.com.ar\/wp-content\/uploads\/2023\/02\/accidenteamerica.jpg",960,700,false],"thumbnail":["https:\/\/infoecos.com.ar\/wp-content\/uploads\/2023\/02\/accidenteamerica-300x150.jpg",300,150,true],"medium":["https:\/\/infoecos.com.ar\/wp-content\/uploads\/2023\/02\/accidenteamerica-800x583.jpg",800,583,true],"medium_large":["https:\/\/infoecos.com.ar\/wp-content\/uploads\/2023\/02\/accidenteamerica-768x560.jpg",640,467,true],"large":["https:\/\/infoecos.com.ar\/wp-content\/uploads\/2023\/02\/accidenteamerica.jpg",640,467,false],"1536x1536":["https:\/\/infoecos.com.ar\/wp-content\/uploads\/2023\/02\/accidenteamerica.jpg",960,700,false],"2048x2048":["https:\/\/infoecos.com.ar\/wp-content\/uploads\/2023\/02\/accidenteamerica.jpg",960,700,false],"covernews-slider-full":["https:\/\/infoecos.com.ar\/wp-content\/uploads\/2023\/02\/accidenteamerica.jpg",960,700,false],"covernews-slider-center":["https:\/\/infoecos.com.ar\/wp-content\/uploads\/2023\/02\/accidenteamerica-936x700.jpg",669,500,true],"covernews-featured":["https:\/\/infoecos.com.ar\/wp-content\/uploads\/2023\/02\/accidenteamerica.jpg",960,700,false],"covernews-medium":["https:\/\/infoecos.com.ar\/wp-content\/uploads\/2023\/02\/accidenteamerica-720x380.jpg",540,285,true],"covernews-medium-square":["https:\/\/infoecos.com.ar\/wp-content\/uploads\/2023\/02\/accidenteamerica-675x450.jpg",375,250,true]},"author_info":{"info":["Jorge Matheus"]},"category_info":"<a href=\"https:\/\/infoecos.com.ar\/index.php\/category\/c3nota4\/\" rel=\"category tag\">C3 N4<\/a>","tag_info":"C3 N4","comment_count":"0","_links":{"self":[{"href":"https:\/\/infoecos.com.ar\/index.php\/wp-json\/wp\/v2\/posts\/102134"}],"collection":[{"href":"https:\/\/infoecos.com.ar\/index.php\/wp-json\/wp\/v2\/posts"}],"about":[{"href":"https:\/\/infoecos.com.ar\/index.php\/wp-json\/wp\/v2\/types\/post"}],"author":[{"embeddable":true,"href":"https:\/\/infoecos.com.ar\/index.php\/wp-json\/wp\/v2\/users\/2"}],"replies":[{"embeddable":true,"href":"https:\/\/infoecos.com.ar\/index.php\/wp-json\/wp\/v2\/comments?post=102134"}],"version-history":[{"count":1,"href":"https:\/\/infoecos.com.ar\/index.php\/wp-json\/wp\/v2\/posts\/102134\/revisions"}],"predecessor-version":[{"id":102136,"href":"https:\/\/infoecos.com.ar\/index.php\/wp-json\/wp\/v2\/posts\/102134\/revisions\/102136"}],"wp:featuredmedia":[{"embeddable":true,"href":"https:\/\/infoecos.com.ar\/index.php\/wp-json\/wp\/v2\/media\/102135"}],"wp:attachment":[{"href":"https:\/\/infoecos.com.ar\/index.php\/wp-json\/wp\/v2\/media?parent=102134"}],"wp:term":[{"taxonomy":"category","embeddable":true,"href":"https:\/\/infoecos.com.ar\/index.php\/wp-json\/wp\/v2\/categories?post=102134"},{"taxonomy":"post_tag","embeddable":true,"href":"https:\/\/infoecos.com.ar\/index.php\/wp-json\/wp\/v2\/tags?post=102134"}],"curies":[{"name":"wp","href":"https:\/\/api.w.org\/{rel}","templated":true}]}}