{"id":102152,"date":"2023-02-22T02:07:16","date_gmt":"2023-02-22T05:07:16","guid":{"rendered":"https:\/\/infoecos.com.ar\/?p=102152"},"modified":"2023-02-23T21:05:40","modified_gmt":"2023-02-24T00:05:40","slug":"sergio-massa-anuncio-medidas-para-reforzar-los-controles-por-la-gripe-aviar","status":"publish","type":"post","link":"https:\/\/infoecos.com.ar\/index.php\/sergio-massa-anuncio-medidas-para-reforzar-los-controles-por-la-gripe-aviar\/","title":{"rendered":"Sergio Massa anunci\u00f3 medidas para reforzar los controles por la gripe Aviar"},"content":{"rendered":"\n<p>El ministro de Econom\u00eda, Sergio Massa, anunci\u00f3 la creaci\u00f3n de un programa para compensar a los productores que puedan ser afectados por la influenza o gripe aviar, en el marco de una inversi\u00f3n de m\u00e1s $ 1.000 millones para reforzar la prevenci\u00f3n de la enfermedad en el circuito comercial, al tiempo que aclar\u00f3 que la misma no afecta al proceso de producci\u00f3n o consumo.<\/p>\n\n\n\n<figure class=\"wp-block-image aligncenter size-full\"><img loading=\"lazy\" decoding=\"async\" width=\"680\" height=\"452\" src=\"https:\/\/infoecos.com.ar\/wp-content\/uploads\/2023\/02\/image-130.png\" alt=\"\" class=\"wp-image-102153\" srcset=\"https:\/\/infoecos.com.ar\/wp-content\/uploads\/2023\/02\/image-130.png 680w, https:\/\/infoecos.com.ar\/wp-content\/uploads\/2023\/02\/image-130-675x450.png 675w\" sizes=\"(max-width: 680px) 100vw, 680px\" \/><\/figure>\n\n\n\n<p>Tras revelar la decisi\u00f3n del Gobierno de poner en \u00abm\u00e1ximo alerta\u00bb a todo el sistema sanitario en relaci\u00f3n a la influenza aviar, Massa se\u00f1al\u00f3 que se trata de un \u00abprograma coordinado de barrera sanitaria que permita seguir abasteciendo los mercados interno y externo\u00bb.<\/p>\n\n\n\n<p>El secretario de Agricultura, Ganader\u00eda y Pesca, Juan Jos\u00e9 Bahillo precis\u00f3 que se dispuso un refuerzo presupuestario de $ 909 millones para mejorar la presencia y el control territorial de la influenza aviar y una compensaci\u00f3n econ\u00f3mica para la reposici\u00f3n de aves afectadas.<\/p>\n\n\n\n<p>Adem\u00e1s, el funcionario anunci\u00f3 una compensaci\u00f3n econ\u00f3mica para la reposici\u00f3n de aves afectadas.<\/p>\n","protected":false},"excerpt":{"rendered":"<p>Para reforzar la prevenci\u00f3n de la enfermedad en el circuito comercial, al tiempo que aclar\u00f3 que la misma no afecta al proceso de producci\u00f3n o consumo<\/p>\n","protected":false},"author":2,"featured_media":102153,"comment_status":"closed","ping_status":"open","sticky":false,"template":"","format":"standard","meta":{"footnotes":""},"categories":[201],"tags":[7382],"class_list":["post-102152","post","type-post","status-publish","format-standard","has-post-thumbnail","hentry","category-inferior9","tag-mil-millones"],"yoast_head":"<!-- This site is optimized with the Yoast SEO plugin v23.4 - https:\/\/yoast.com\/wordpress\/plugins\/seo\/ -->\n<title>Sergio Massa anunci\u00f3 medidas para reforzar los controles por la gripe Aviar - Infoecos<\/title>\n<meta name=\"robots\" content=\"index, follow, max-snippet:-1, max-image-preview:large, max-video-preview:-1\" \/>\n<link rel=\"canonical\" href=\"https:\/\/infoecos.com.ar\/index.php\/sergio-massa-anuncio-medidas-para-reforzar-los-controles-por-la-gripe-aviar\/\" \/>\n<meta property=\"og:locale\" content=\"es_ES\" \/>\n<meta property=\"og:type\" content=\"article\" \/>\n<meta property=\"og:title\" content=\"Sergio Massa anunci\u00f3 medidas para reforzar los controles por la gripe Aviar - Infoecos\" \/>\n<meta property=\"og:description\" content=\"Para reforzar la prevenci\u00f3n de la enfermedad en el circuito comercial, al tiempo que aclar\u00f3 que la misma no afecta al proceso de producci\u00f3n o consumo\" \/>\n<meta property=\"og:url\" content=\"https:\/\/infoecos.com.ar\/index.php\/sergio-massa-anuncio-medidas-para-reforzar-los-controles-por-la-gripe-aviar\/\" \/>\n<meta property=\"og:site_name\" content=\"Infoecos\" \/>\n<meta property=\"article:publisher\" content=\"https:\/\/www.facebook.com\/profile.php?id=100063200290284\" \/>\n<meta property=\"article:published_time\" content=\"2023-02-22T05:07:16+00:00\" \/>\n<meta property=\"article:modified_time\" content=\"2023-02-24T00:05:40+00:00\" \/>\n<meta property=\"og:image\" content=\"https:\/\/infoecos.com.ar\/wp-content\/uploads\/2023\/02\/image-130.png\" \/>\n\t<meta property=\"og:image:width\" content=\"680\" \/>\n\t<meta property=\"og:image:height\" content=\"452\" \/>\n\t<meta property=\"og:image:type\" content=\"image\/png\" \/>\n<meta name=\"author\" content=\"Jorge Matheus\" \/>\n<meta name=\"twitter:card\" content=\"summary_large_image\" \/>\n<meta name=\"twitter:creator\" content=\"@infoecos\" \/>\n<meta name=\"twitter:site\" content=\"@infoecos\" \/>\n<meta name=\"twitter:label1\" content=\"Escrito por\" \/>\n\t<meta name=\"twitter:data1\" content=\"Jorge Matheus\" \/>\n\t<meta name=\"twitter:label2\" content=\"Tiempo de lectura\" \/>\n\t<meta name=\"twitter:data2\" content=\"1 minuto\" \/>\n<script type=\"application\/ld+json\" class=\"yoast-schema-graph\">{\"@context\":\"https:\/\/schema.org\",\"@graph\":[{\"@type\":\"Article\",\"@id\":\"https:\/\/infoecos.com.ar\/index.php\/sergio-massa-anuncio-medidas-para-reforzar-los-controles-por-la-gripe-aviar\/#article\",\"isPartOf\":{\"@id\":\"https:\/\/infoecos.com.ar\/index.php\/sergio-massa-anuncio-medidas-para-reforzar-los-controles-por-la-gripe-aviar\/\"},\"author\":{\"name\":\"Jorge Matheus\",\"@id\":\"https:\/\/infoecos.com.ar\/#\/schema\/person\/8f5ace5ce73b4b4aac4b7245aee6f191\"},\"headline\":\"Sergio Massa anunci\u00f3 medidas para reforzar los controles por la gripe Aviar\",\"datePublished\":\"2023-02-22T05:07:16+00:00\",\"dateModified\":\"2023-02-24T00:05:40+00:00\",\"mainEntityOfPage\":{\"@id\":\"https:\/\/infoecos.com.ar\/index.php\/sergio-massa-anuncio-medidas-para-reforzar-los-controles-por-la-gripe-aviar\/\"},\"wordCount\":189,\"publisher\":{\"@id\":\"https:\/\/infoecos.com.ar\/#organization\"},\"image\":{\"@id\":\"https:\/\/infoecos.com.ar\/index.php\/sergio-massa-anuncio-medidas-para-reforzar-los-controles-por-la-gripe-aviar\/#primaryimage\"},\"thumbnailUrl\":\"https:\/\/infoecos.com.ar\/wp-content\/uploads\/2023\/02\/image-130.png\",\"keywords\":[\"mil millones\"],\"articleSection\":[\"Bloque inferior - 9\"],\"inLanguage\":\"es\"},{\"@type\":\"WebPage\",\"@id\":\"https:\/\/infoecos.com.ar\/index.php\/sergio-massa-anuncio-medidas-para-reforzar-los-controles-por-la-gripe-aviar\/\",\"url\":\"https:\/\/infoecos.com.ar\/index.php\/sergio-massa-anuncio-medidas-para-reforzar-los-controles-por-la-gripe-aviar\/\",\"name\":\"Sergio Massa anunci\u00f3 medidas para reforzar los controles por la gripe Aviar - Infoecos\",\"isPartOf\":{\"@id\":\"https:\/\/infoecos.com.ar\/#website\"},\"primaryImageOfPage\":{\"@id\":\"https:\/\/infoecos.com.ar\/index.php\/sergio-massa-anuncio-medidas-para-reforzar-los-controles-por-la-gripe-aviar\/#primaryimage\"},\"image\":{\"@id\":\"https:\/\/infoecos.com.ar\/index.php\/sergio-massa-anuncio-medidas-para-reforzar-los-controles-por-la-gripe-aviar\/#primaryimage\"},\"thumbnailUrl\":\"https:\/\/infoecos.com.ar\/wp-content\/uploads\/2023\/02\/image-130.png\",\"datePublished\":\"2023-02-22T05:07:16+00:00\",\"dateModified\":\"2023-02-24T00:05:40+00:00\",\"breadcrumb\":{\"@id\":\"https:\/\/infoecos.com.ar\/index.php\/sergio-massa-anuncio-medidas-para-reforzar-los-controles-por-la-gripe-aviar\/#breadcrumb\"},\"inLanguage\":\"es\",\"potentialAction\":[{\"@type\":\"ReadAction\",\"target\":[\"https:\/\/infoecos.com.ar\/index.php\/sergio-massa-anuncio-medidas-para-reforzar-los-controles-por-la-gripe-aviar\/\"]}]},{\"@type\":\"ImageObject\",\"inLanguage\":\"es\",\"@id\":\"https:\/\/infoecos.com.ar\/index.php\/sergio-massa-anuncio-medidas-para-reforzar-los-controles-por-la-gripe-aviar\/#primaryimage\",\"url\":\"https:\/\/infoecos.com.ar\/wp-content\/uploads\/2023\/02\/image-130.png\",\"contentUrl\":\"https:\/\/infoecos.com.ar\/wp-content\/uploads\/2023\/02\/image-130.png\",\"width\":680,\"height\":452},{\"@type\":\"BreadcrumbList\",\"@id\":\"https:\/\/infoecos.com.ar\/index.php\/sergio-massa-anuncio-medidas-para-reforzar-los-controles-por-la-gripe-aviar\/#breadcrumb\",\"itemListElement\":[{\"@type\":\"ListItem\",\"position\":1,\"name\":\"Portada\",\"item\":\"https:\/\/infoecos.com.ar\/\"},{\"@type\":\"ListItem\",\"position\":2,\"name\":\"Sergio Massa anunci\u00f3 medidas para reforzar los controles por la gripe Aviar\"}]},{\"@type\":\"WebSite\",\"@id\":\"https:\/\/infoecos.com.ar\/#website\",\"url\":\"https:\/\/infoecos.com.ar\/\",\"name\":\"Infoecos\",\"description\":\"Noticias de trenque lauquen y la zona\",\"publisher\":{\"@id\":\"https:\/\/infoecos.com.ar\/#organization\"},\"alternateName\":\"Noticias\",\"potentialAction\":[{\"@type\":\"SearchAction\",\"target\":{\"@type\":\"EntryPoint\",\"urlTemplate\":\"https:\/\/infoecos.com.ar\/?s={search_term_string}\"},\"query-input\":{\"@type\":\"PropertyValueSpecification\",\"valueRequired\":true,\"valueName\":\"search_term_string\"}}],\"inLanguage\":\"es\"},{\"@type\":\"Organization\",\"@id\":\"https:\/\/infoecos.com.ar\/#organization\",\"name\":\"Infoecos\",\"alternateName\":\"Noticias\",\"url\":\"https:\/\/infoecos.com.ar\/\",\"logo\":{\"@type\":\"ImageObject\",\"inLanguage\":\"es\",\"@id\":\"https:\/\/infoecos.com.ar\/#\/schema\/logo\/image\/\",\"url\":\"https:\/\/infoecos.com.ar\/wp-content\/uploads\/2024\/03\/cropped-logo.png\",\"contentUrl\":\"https:\/\/infoecos.com.ar\/wp-content\/uploads\/2024\/03\/cropped-logo.png\",\"width\":374,\"height\":90,\"caption\":\"Infoecos\"},\"image\":{\"@id\":\"https:\/\/infoecos.com.ar\/#\/schema\/logo\/image\/\"},\"sameAs\":[\"https:\/\/www.facebook.com\/profile.php?id=100063200290284\",\"https:\/\/x.com\/infoecos\"]},{\"@type\":\"Person\",\"@id\":\"https:\/\/infoecos.com.ar\/#\/schema\/person\/8f5ace5ce73b4b4aac4b7245aee6f191\",\"name\":\"Jorge Matheus\",\"url\":\"https:\/\/infoecos.com.ar\/index.php\/author\/jomatheus\/\"}]}<\/script>\n<!-- \/ Yoast SEO plugin. -->","yoast_head_json":{"title":"Sergio Massa anunci\u00f3 medidas para reforzar los controles por la gripe Aviar - Infoecos","robots":{"index":"index","follow":"follow","max-snippet":"max-snippet:-1","max-image-preview":"max-image-preview:large","max-video-preview":"max-video-preview:-1"},"canonical":"https:\/\/infoecos.com.ar\/index.php\/sergio-massa-anuncio-medidas-para-reforzar-los-controles-por-la-gripe-aviar\/","og_locale":"es_ES","og_type":"article","og_title":"Sergio Massa anunci\u00f3 medidas para reforzar los controles por la gripe Aviar - Infoecos","og_description":"Para reforzar la prevenci\u00f3n de la enfermedad en el circuito comercial, al tiempo que aclar\u00f3 que la misma no afecta al proceso de producci\u00f3n o consumo","og_url":"https:\/\/infoecos.com.ar\/index.php\/sergio-massa-anuncio-medidas-para-reforzar-los-controles-por-la-gripe-aviar\/","og_site_name":"Infoecos","article_publisher":"https:\/\/www.facebook.com\/profile.php?id=100063200290284","article_published_time":"2023-02-22T05:07:16+00:00","article_modified_time":"2023-02-24T00:05:40+00:00","og_image":[{"width":680,"height":452,"url":"https:\/\/infoecos.com.ar\/wp-content\/uploads\/2023\/02\/image-130.png","type":"image\/png"}],"author":"Jorge Matheus","twitter_card":"summary_large_image","twitter_creator":"@infoecos","twitter_site":"@infoecos","twitter_misc":{"Escrito por":"Jorge Matheus","Tiempo de lectura":"1 minuto"},"schema":{"@context":"https:\/\/schema.org","@graph":[{"@type":"Article","@id":"https:\/\/infoecos.com.ar\/index.php\/sergio-massa-anuncio-medidas-para-reforzar-los-controles-por-la-gripe-aviar\/#article","isPartOf":{"@id":"https:\/\/infoecos.com.ar\/index.php\/sergio-massa-anuncio-medidas-para-reforzar-los-controles-por-la-gripe-aviar\/"},"author":{"name":"Jorge Matheus","@id":"https:\/\/infoecos.com.ar\/#\/schema\/person\/8f5ace5ce73b4b4aac4b7245aee6f191"},"headline":"Sergio Massa anunci\u00f3 medidas para reforzar los controles por la gripe Aviar","datePublished":"2023-02-22T05:07:16+00:00","dateModified":"2023-02-24T00:05:40+00:00","mainEntityOfPage":{"@id":"https:\/\/infoecos.com.ar\/index.php\/sergio-massa-anuncio-medidas-para-reforzar-los-controles-por-la-gripe-aviar\/"},"wordCount":189,"publisher":{"@id":"https:\/\/infoecos.com.ar\/#organization"},"image":{"@id":"https:\/\/infoecos.com.ar\/index.php\/sergio-massa-anuncio-medidas-para-reforzar-los-controles-por-la-gripe-aviar\/#primaryimage"},"thumbnailUrl":"https:\/\/infoecos.com.ar\/wp-content\/uploads\/2023\/02\/image-130.png","keywords":["mil millones"],"articleSection":["Bloque inferior - 9"],"inLanguage":"es"},{"@type":"WebPage","@id":"https:\/\/infoecos.com.ar\/index.php\/sergio-massa-anuncio-medidas-para-reforzar-los-controles-por-la-gripe-aviar\/","url":"https:\/\/infoecos.com.ar\/index.php\/sergio-massa-anuncio-medidas-para-reforzar-los-controles-por-la-gripe-aviar\/","name":"Sergio Massa anunci\u00f3 medidas para reforzar los controles por la gripe Aviar - Infoecos","isPartOf":{"@id":"https:\/\/infoecos.com.ar\/#website"},"primaryImageOfPage":{"@id":"https:\/\/infoecos.com.ar\/index.php\/sergio-massa-anuncio-medidas-para-reforzar-los-controles-por-la-gripe-aviar\/#primaryimage"},"image":{"@id":"https:\/\/infoecos.com.ar\/index.php\/sergio-massa-anuncio-medidas-para-reforzar-los-controles-por-la-gripe-aviar\/#primaryimage"},"thumbnailUrl":"https:\/\/infoecos.com.ar\/wp-content\/uploads\/2023\/02\/image-130.png","datePublished":"2023-02-22T05:07:16+00:00","dateModified":"2023-02-24T00:05:40+00:00","breadcrumb":{"@id":"https:\/\/infoecos.com.ar\/index.php\/sergio-massa-anuncio-medidas-para-reforzar-los-controles-por-la-gripe-aviar\/#breadcrumb"},"inLanguage":"es","potentialAction":[{"@type":"ReadAction","target":["https:\/\/infoecos.com.ar\/index.php\/sergio-massa-anuncio-medidas-para-reforzar-los-controles-por-la-gripe-aviar\/"]}]},{"@type":"ImageObject","inLanguage":"es","@id":"https:\/\/infoecos.com.ar\/index.php\/sergio-massa-anuncio-medidas-para-reforzar-los-controles-por-la-gripe-aviar\/#primaryimage","url":"https:\/\/infoecos.com.ar\/wp-content\/uploads\/2023\/02\/image-130.png","contentUrl":"https:\/\/infoecos.com.ar\/wp-content\/uploads\/2023\/02\/image-130.png","width":680,"height":452},{"@type":"BreadcrumbList","@id":"https:\/\/infoecos.com.ar\/index.php\/sergio-massa-anuncio-medidas-para-reforzar-los-controles-por-la-gripe-aviar\/#breadcrumb","itemListElement":[{"@type":"ListItem","position":1,"name":"Portada","item":"https:\/\/infoecos.com.ar\/"},{"@type":"ListItem","position":2,"name":"Sergio Massa anunci\u00f3 medidas para reforzar los controles por la gripe Aviar"}]},{"@type":"WebSite","@id":"https:\/\/infoecos.com.ar\/#website","url":"https:\/\/infoecos.com.ar\/","name":"Infoecos","description":"Noticias de trenque lauquen y la zona","publisher":{"@id":"https:\/\/infoecos.com.ar\/#organization"},"alternateName":"Noticias","potentialAction":[{"@type":"SearchAction","target":{"@type":"EntryPoint","urlTemplate":"https:\/\/infoecos.com.ar\/?s={search_term_string}"},"query-input":{"@type":"PropertyValueSpecification","valueRequired":true,"valueName":"search_term_string"}}],"inLanguage":"es"},{"@type":"Organization","@id":"https:\/\/infoecos.com.ar\/#organization","name":"Infoecos","alternateName":"Noticias","url":"https:\/\/infoecos.com.ar\/","logo":{"@type":"ImageObject","inLanguage":"es","@id":"https:\/\/infoecos.com.ar\/#\/schema\/logo\/image\/","url":"https:\/\/infoecos.com.ar\/wp-content\/uploads\/2024\/03\/cropped-logo.png","contentUrl":"https:\/\/infoecos.com.ar\/wp-content\/uploads\/2024\/03\/cropped-logo.png","width":374,"height":90,"caption":"Infoecos"},"image":{"@id":"https:\/\/infoecos.com.ar\/#\/schema\/logo\/image\/"},"sameAs":["https:\/\/www.facebook.com\/profile.php?id=100063200290284","https:\/\/x.com\/infoecos"]},{"@type":"Person","@id":"https:\/\/infoecos.com.ar\/#\/schema\/person\/8f5ace5ce73b4b4aac4b7245aee6f191","name":"Jorge Matheus","url":"https:\/\/infoecos.com.ar\/index.php\/author\/jomatheus\/"}]}},"featured_image_urls":{"full":["https:\/\/infoecos.com.ar\/wp-content\/uploads\/2023\/02\/image-130.png",680,452,false],"thumbnail":["https:\/\/infoecos.com.ar\/wp-content\/uploads\/2023\/02\/image-130-300x150.png",300,150,true],"medium":["https:\/\/infoecos.com.ar\/wp-content\/uploads\/2023\/02\/image-130.png",680,452,false],"medium_large":["https:\/\/infoecos.com.ar\/wp-content\/uploads\/2023\/02\/image-130.png",640,425,false],"large":["https:\/\/infoecos.com.ar\/wp-content\/uploads\/2023\/02\/image-130.png",640,425,false],"1536x1536":["https:\/\/infoecos.com.ar\/wp-content\/uploads\/2023\/02\/image-130.png",680,452,false],"2048x2048":["https:\/\/infoecos.com.ar\/wp-content\/uploads\/2023\/02\/image-130.png",680,452,false],"covernews-slider-full":["https:\/\/infoecos.com.ar\/wp-content\/uploads\/2023\/02\/image-130.png",680,452,false],"covernews-slider-center":["https:\/\/infoecos.com.ar\/wp-content\/uploads\/2023\/02\/image-130.png",680,452,false],"covernews-featured":["https:\/\/infoecos.com.ar\/wp-content\/uploads\/2023\/02\/image-130.png",680,452,false],"covernews-medium":["https:\/\/infoecos.com.ar\/wp-content\/uploads\/2023\/02\/image-130-680x380.png",540,302,true],"covernews-medium-square":["https:\/\/infoecos.com.ar\/wp-content\/uploads\/2023\/02\/image-130-675x450.png",375,250,true]},"author_info":{"info":["Jorge Matheus"]},"category_info":"<a href=\"https:\/\/infoecos.com.ar\/index.php\/category\/inferior9\/\" rel=\"category tag\">Bloque inferior - 9<\/a>","tag_info":"Bloque inferior - 9","comment_count":"0","_links":{"self":[{"href":"https:\/\/infoecos.com.ar\/index.php\/wp-json\/wp\/v2\/posts\/102152"}],"collection":[{"href":"https:\/\/infoecos.com.ar\/index.php\/wp-json\/wp\/v2\/posts"}],"about":[{"href":"https:\/\/infoecos.com.ar\/index.php\/wp-json\/wp\/v2\/types\/post"}],"author":[{"embeddable":true,"href":"https:\/\/infoecos.com.ar\/index.php\/wp-json\/wp\/v2\/users\/2"}],"replies":[{"embeddable":true,"href":"https:\/\/infoecos.com.ar\/index.php\/wp-json\/wp\/v2\/comments?post=102152"}],"version-history":[{"count":1,"href":"https:\/\/infoecos.com.ar\/index.php\/wp-json\/wp\/v2\/posts\/102152\/revisions"}],"predecessor-version":[{"id":102155,"href":"https:\/\/infoecos.com.ar\/index.php\/wp-json\/wp\/v2\/posts\/102152\/revisions\/102155"}],"wp:featuredmedia":[{"embeddable":true,"href":"https:\/\/infoecos.com.ar\/index.php\/wp-json\/wp\/v2\/media\/102153"}],"wp:attachment":[{"href":"https:\/\/infoecos.com.ar\/index.php\/wp-json\/wp\/v2\/media?parent=102152"}],"wp:term":[{"taxonomy":"category","embeddable":true,"href":"https:\/\/infoecos.com.ar\/index.php\/wp-json\/wp\/v2\/categories?post=102152"},{"taxonomy":"post_tag","embeddable":true,"href":"https:\/\/infoecos.com.ar\/index.php\/wp-json\/wp\/v2\/tags?post=102152"}],"curies":[{"name":"wp","href":"https:\/\/api.w.org\/{rel}","templated":true}]}}