{"id":102156,"date":"2023-02-22T02:14:15","date_gmt":"2023-02-22T05:14:15","guid":{"rendered":"https:\/\/infoecos.com.ar\/?p=102156"},"modified":"2023-02-24T10:45:16","modified_gmt":"2023-02-24T13:45:16","slug":"un-empresario-de-santa-rosa-la-pampa-murio-ahogado-en-el-balneario-de-reta","status":"publish","type":"post","link":"https:\/\/infoecos.com.ar\/index.php\/un-empresario-de-santa-rosa-la-pampa-murio-ahogado-en-el-balneario-de-reta\/","title":{"rendered":"Un empresario de Santa Rosa, La Pampa, muri\u00f3 ahogado en el balneario de Reta"},"content":{"rendered":"\n<p>Un&nbsp;pampeano de 44 a\u00f1os falleci\u00f3 ahogado en el balneario de Reta, al que hab\u00eda viajado para pasar el fin de semana largo.<\/p>\n\n\n\n<figure class=\"wp-block-image alignright size-full is-resized\"><img loading=\"lazy\" decoding=\"async\" src=\"https:\/\/infoecos.com.ar\/wp-content\/uploads\/2023\/02\/image-132.png\" alt=\"\" class=\"wp-image-102157\" width=\"459\" height=\"306\" srcset=\"https:\/\/infoecos.com.ar\/wp-content\/uploads\/2023\/02\/image-132.png 1024w, https:\/\/infoecos.com.ar\/wp-content\/uploads\/2023\/02\/image-132-800x534.png 800w, https:\/\/infoecos.com.ar\/wp-content\/uploads\/2023\/02\/image-132-768x512.png 768w, https:\/\/infoecos.com.ar\/wp-content\/uploads\/2023\/02\/image-132-675x450.png 675w\" sizes=\"(max-width: 459px) 100vw, 459px\" \/><figcaption class=\"wp-element-caption\">Foto ilustrativa<\/figcaption><\/figure>\n\n\n\n<p>La v\u00edctima fue identificada como Juan Jos\u00e9 Portalez, quien, seg\u00fan indic\u00f3 un medio de Santa Rosa estaba vinculado a una firma de refrigerados.<\/p>\n\n\n\n<p>Los voceros mencionaron que el hombre se habr\u00eda internado en el mar poco despu\u00e9s del mediod\u00eda, en cercan\u00edas de la Albufera de Reta, alejada unos dos kil\u00f3metros de la \u00abzona de ba\u00f1o\u00bb.<\/p>\n\n\n\n<p>Su cuerpo fue rescatado del agua por turistas que lo hallaron flotando alrededor de las 17:30.<\/p>\n\n\n\n<p>Seg\u00fan mencionaron, el santarrose\u00f1o \u00abfue sacado del mar todav\u00eda con vida y asistido por seis miembros del cuerpo de guardavidas, quienes lo derivaron al Centro de Salud, donde falleci\u00f3\u00bb.<\/p>\n\n\n\n<p>Indicaron tambi\u00e9n que \u00abdurante el procedimiento, adem\u00e1s de maniobras de RCP utilizaron un desfibrilador, pero todos los intentos por reanimarlo resultaron in\u00fatiles.<\/p>\n\n\n\n<p>&nbsp;Manifestaron adem\u00e1s que \u00abel mar se encontraba en condiciones peligrosas, luego de d\u00edas con clima inestable y en una jornada con viento intenso\u00bb.<\/p>\n\n\n\n<p>Por el caso se iniciaron actuaciones con la intervenci\u00f3n de la UFI N\u00b0 16 de Tres Arroyos.<\/p>\n","protected":false},"excerpt":{"rendered":"<p>Seg\u00fan mencionaron, el santarrose\u00f1o \u00abfue sacado del mar todav\u00eda con vida y asistido por seis miembros del cuerpo de guardavidas, quienes lo derivaron al Centro de Salud, donde falleci\u00f3\u00bb<\/p>\n","protected":false},"author":2,"featured_media":102157,"comment_status":"closed","ping_status":"open","sticky":false,"template":"","format":"standard","meta":{"footnotes":""},"categories":[1333,47],"tags":[7383],"class_list":["post-102156","post","type-post","status-publish","format-standard","has-post-thumbnail","hentry","category-inferior13","category-c3nota2","tag-fue-rescatado-por-turistas"],"yoast_head":"<!-- This site is optimized with the Yoast SEO plugin v23.4 - https:\/\/yoast.com\/wordpress\/plugins\/seo\/ -->\n<title>Un empresario de Santa Rosa, La Pampa, muri\u00f3 ahogado en el balneario de Reta - Infoecos<\/title>\n<meta name=\"robots\" content=\"index, follow, max-snippet:-1, max-image-preview:large, max-video-preview:-1\" \/>\n<link rel=\"canonical\" href=\"https:\/\/infoecos.com.ar\/index.php\/un-empresario-de-santa-rosa-la-pampa-murio-ahogado-en-el-balneario-de-reta\/\" \/>\n<meta property=\"og:locale\" content=\"es_ES\" \/>\n<meta property=\"og:type\" content=\"article\" \/>\n<meta property=\"og:title\" content=\"Un empresario de Santa Rosa, La Pampa, muri\u00f3 ahogado en el balneario de Reta - Infoecos\" \/>\n<meta property=\"og:description\" content=\"Seg\u00fan mencionaron, el santarrose\u00f1o &quot;fue sacado del mar todav\u00eda con vida y asistido por seis miembros del cuerpo de guardavidas, quienes lo derivaron al Centro de Salud, donde falleci\u00f3&quot;\" \/>\n<meta property=\"og:url\" content=\"https:\/\/infoecos.com.ar\/index.php\/un-empresario-de-santa-rosa-la-pampa-murio-ahogado-en-el-balneario-de-reta\/\" \/>\n<meta property=\"og:site_name\" content=\"Infoecos\" \/>\n<meta property=\"article:publisher\" content=\"https:\/\/www.facebook.com\/profile.php?id=100063200290284\" \/>\n<meta property=\"article:published_time\" content=\"2023-02-22T05:14:15+00:00\" \/>\n<meta property=\"article:modified_time\" content=\"2023-02-24T13:45:16+00:00\" \/>\n<meta property=\"og:image\" content=\"https:\/\/infoecos.com.ar\/wp-content\/uploads\/2023\/02\/image-132.png\" \/>\n\t<meta property=\"og:image:width\" content=\"1024\" \/>\n\t<meta property=\"og:image:height\" content=\"683\" \/>\n\t<meta property=\"og:image:type\" content=\"image\/png\" \/>\n<meta name=\"author\" content=\"Jorge Matheus\" \/>\n<meta name=\"twitter:card\" content=\"summary_large_image\" \/>\n<meta name=\"twitter:creator\" content=\"@infoecos\" \/>\n<meta name=\"twitter:site\" content=\"@infoecos\" \/>\n<meta name=\"twitter:label1\" content=\"Escrito por\" \/>\n\t<meta name=\"twitter:data1\" content=\"Jorge Matheus\" \/>\n\t<meta name=\"twitter:label2\" content=\"Tiempo de lectura\" \/>\n\t<meta name=\"twitter:data2\" content=\"2 minutos\" \/>\n<script type=\"application\/ld+json\" class=\"yoast-schema-graph\">{\"@context\":\"https:\/\/schema.org\",\"@graph\":[{\"@type\":\"Article\",\"@id\":\"https:\/\/infoecos.com.ar\/index.php\/un-empresario-de-santa-rosa-la-pampa-murio-ahogado-en-el-balneario-de-reta\/#article\",\"isPartOf\":{\"@id\":\"https:\/\/infoecos.com.ar\/index.php\/un-empresario-de-santa-rosa-la-pampa-murio-ahogado-en-el-balneario-de-reta\/\"},\"author\":{\"name\":\"Jorge Matheus\",\"@id\":\"https:\/\/infoecos.com.ar\/#\/schema\/person\/8f5ace5ce73b4b4aac4b7245aee6f191\"},\"headline\":\"Un empresario de Santa Rosa, La Pampa, muri\u00f3 ahogado en el balneario de Reta\",\"datePublished\":\"2023-02-22T05:14:15+00:00\",\"dateModified\":\"2023-02-24T13:45:16+00:00\",\"mainEntityOfPage\":{\"@id\":\"https:\/\/infoecos.com.ar\/index.php\/un-empresario-de-santa-rosa-la-pampa-murio-ahogado-en-el-balneario-de-reta\/\"},\"wordCount\":219,\"publisher\":{\"@id\":\"https:\/\/infoecos.com.ar\/#organization\"},\"image\":{\"@id\":\"https:\/\/infoecos.com.ar\/index.php\/un-empresario-de-santa-rosa-la-pampa-murio-ahogado-en-el-balneario-de-reta\/#primaryimage\"},\"thumbnailUrl\":\"https:\/\/infoecos.com.ar\/wp-content\/uploads\/2023\/02\/image-132.png\",\"keywords\":[\"FUE RESCATADO POR TURISTAS\"],\"articleSection\":[\"Bloque inferior - 13\",\"C3 N2\"],\"inLanguage\":\"es\"},{\"@type\":\"WebPage\",\"@id\":\"https:\/\/infoecos.com.ar\/index.php\/un-empresario-de-santa-rosa-la-pampa-murio-ahogado-en-el-balneario-de-reta\/\",\"url\":\"https:\/\/infoecos.com.ar\/index.php\/un-empresario-de-santa-rosa-la-pampa-murio-ahogado-en-el-balneario-de-reta\/\",\"name\":\"Un empresario de Santa Rosa, La Pampa, muri\u00f3 ahogado en el balneario de Reta - Infoecos\",\"isPartOf\":{\"@id\":\"https:\/\/infoecos.com.ar\/#website\"},\"primaryImageOfPage\":{\"@id\":\"https:\/\/infoecos.com.ar\/index.php\/un-empresario-de-santa-rosa-la-pampa-murio-ahogado-en-el-balneario-de-reta\/#primaryimage\"},\"image\":{\"@id\":\"https:\/\/infoecos.com.ar\/index.php\/un-empresario-de-santa-rosa-la-pampa-murio-ahogado-en-el-balneario-de-reta\/#primaryimage\"},\"thumbnailUrl\":\"https:\/\/infoecos.com.ar\/wp-content\/uploads\/2023\/02\/image-132.png\",\"datePublished\":\"2023-02-22T05:14:15+00:00\",\"dateModified\":\"2023-02-24T13:45:16+00:00\",\"breadcrumb\":{\"@id\":\"https:\/\/infoecos.com.ar\/index.php\/un-empresario-de-santa-rosa-la-pampa-murio-ahogado-en-el-balneario-de-reta\/#breadcrumb\"},\"inLanguage\":\"es\",\"potentialAction\":[{\"@type\":\"ReadAction\",\"target\":[\"https:\/\/infoecos.com.ar\/index.php\/un-empresario-de-santa-rosa-la-pampa-murio-ahogado-en-el-balneario-de-reta\/\"]}]},{\"@type\":\"ImageObject\",\"inLanguage\":\"es\",\"@id\":\"https:\/\/infoecos.com.ar\/index.php\/un-empresario-de-santa-rosa-la-pampa-murio-ahogado-en-el-balneario-de-reta\/#primaryimage\",\"url\":\"https:\/\/infoecos.com.ar\/wp-content\/uploads\/2023\/02\/image-132.png\",\"contentUrl\":\"https:\/\/infoecos.com.ar\/wp-content\/uploads\/2023\/02\/image-132.png\",\"width\":1024,\"height\":683},{\"@type\":\"BreadcrumbList\",\"@id\":\"https:\/\/infoecos.com.ar\/index.php\/un-empresario-de-santa-rosa-la-pampa-murio-ahogado-en-el-balneario-de-reta\/#breadcrumb\",\"itemListElement\":[{\"@type\":\"ListItem\",\"position\":1,\"name\":\"Portada\",\"item\":\"https:\/\/infoecos.com.ar\/\"},{\"@type\":\"ListItem\",\"position\":2,\"name\":\"Un empresario de Santa Rosa, La Pampa, muri\u00f3 ahogado en el balneario de Reta\"}]},{\"@type\":\"WebSite\",\"@id\":\"https:\/\/infoecos.com.ar\/#website\",\"url\":\"https:\/\/infoecos.com.ar\/\",\"name\":\"Infoecos\",\"description\":\"Noticias de trenque lauquen y la zona\",\"publisher\":{\"@id\":\"https:\/\/infoecos.com.ar\/#organization\"},\"alternateName\":\"Noticias\",\"potentialAction\":[{\"@type\":\"SearchAction\",\"target\":{\"@type\":\"EntryPoint\",\"urlTemplate\":\"https:\/\/infoecos.com.ar\/?s={search_term_string}\"},\"query-input\":{\"@type\":\"PropertyValueSpecification\",\"valueRequired\":true,\"valueName\":\"search_term_string\"}}],\"inLanguage\":\"es\"},{\"@type\":\"Organization\",\"@id\":\"https:\/\/infoecos.com.ar\/#organization\",\"name\":\"Infoecos\",\"alternateName\":\"Noticias\",\"url\":\"https:\/\/infoecos.com.ar\/\",\"logo\":{\"@type\":\"ImageObject\",\"inLanguage\":\"es\",\"@id\":\"https:\/\/infoecos.com.ar\/#\/schema\/logo\/image\/\",\"url\":\"https:\/\/infoecos.com.ar\/wp-content\/uploads\/2024\/03\/cropped-logo.png\",\"contentUrl\":\"https:\/\/infoecos.com.ar\/wp-content\/uploads\/2024\/03\/cropped-logo.png\",\"width\":374,\"height\":90,\"caption\":\"Infoecos\"},\"image\":{\"@id\":\"https:\/\/infoecos.com.ar\/#\/schema\/logo\/image\/\"},\"sameAs\":[\"https:\/\/www.facebook.com\/profile.php?id=100063200290284\",\"https:\/\/x.com\/infoecos\"]},{\"@type\":\"Person\",\"@id\":\"https:\/\/infoecos.com.ar\/#\/schema\/person\/8f5ace5ce73b4b4aac4b7245aee6f191\",\"name\":\"Jorge Matheus\",\"url\":\"https:\/\/infoecos.com.ar\/index.php\/author\/jomatheus\/\"}]}<\/script>\n<!-- \/ Yoast SEO plugin. -->","yoast_head_json":{"title":"Un empresario de Santa Rosa, La Pampa, muri\u00f3 ahogado en el balneario de Reta - Infoecos","robots":{"index":"index","follow":"follow","max-snippet":"max-snippet:-1","max-image-preview":"max-image-preview:large","max-video-preview":"max-video-preview:-1"},"canonical":"https:\/\/infoecos.com.ar\/index.php\/un-empresario-de-santa-rosa-la-pampa-murio-ahogado-en-el-balneario-de-reta\/","og_locale":"es_ES","og_type":"article","og_title":"Un empresario de Santa Rosa, La Pampa, muri\u00f3 ahogado en el balneario de Reta - Infoecos","og_description":"Seg\u00fan mencionaron, el santarrose\u00f1o \"fue sacado del mar todav\u00eda con vida y asistido por seis miembros del cuerpo de guardavidas, quienes lo derivaron al Centro de Salud, donde falleci\u00f3\"","og_url":"https:\/\/infoecos.com.ar\/index.php\/un-empresario-de-santa-rosa-la-pampa-murio-ahogado-en-el-balneario-de-reta\/","og_site_name":"Infoecos","article_publisher":"https:\/\/www.facebook.com\/profile.php?id=100063200290284","article_published_time":"2023-02-22T05:14:15+00:00","article_modified_time":"2023-02-24T13:45:16+00:00","og_image":[{"width":1024,"height":683,"url":"https:\/\/infoecos.com.ar\/wp-content\/uploads\/2023\/02\/image-132.png","type":"image\/png"}],"author":"Jorge Matheus","twitter_card":"summary_large_image","twitter_creator":"@infoecos","twitter_site":"@infoecos","twitter_misc":{"Escrito por":"Jorge Matheus","Tiempo de lectura":"2 minutos"},"schema":{"@context":"https:\/\/schema.org","@graph":[{"@type":"Article","@id":"https:\/\/infoecos.com.ar\/index.php\/un-empresario-de-santa-rosa-la-pampa-murio-ahogado-en-el-balneario-de-reta\/#article","isPartOf":{"@id":"https:\/\/infoecos.com.ar\/index.php\/un-empresario-de-santa-rosa-la-pampa-murio-ahogado-en-el-balneario-de-reta\/"},"author":{"name":"Jorge Matheus","@id":"https:\/\/infoecos.com.ar\/#\/schema\/person\/8f5ace5ce73b4b4aac4b7245aee6f191"},"headline":"Un empresario de Santa Rosa, La Pampa, muri\u00f3 ahogado en el balneario de Reta","datePublished":"2023-02-22T05:14:15+00:00","dateModified":"2023-02-24T13:45:16+00:00","mainEntityOfPage":{"@id":"https:\/\/infoecos.com.ar\/index.php\/un-empresario-de-santa-rosa-la-pampa-murio-ahogado-en-el-balneario-de-reta\/"},"wordCount":219,"publisher":{"@id":"https:\/\/infoecos.com.ar\/#organization"},"image":{"@id":"https:\/\/infoecos.com.ar\/index.php\/un-empresario-de-santa-rosa-la-pampa-murio-ahogado-en-el-balneario-de-reta\/#primaryimage"},"thumbnailUrl":"https:\/\/infoecos.com.ar\/wp-content\/uploads\/2023\/02\/image-132.png","keywords":["FUE RESCATADO POR TURISTAS"],"articleSection":["Bloque inferior - 13","C3 N2"],"inLanguage":"es"},{"@type":"WebPage","@id":"https:\/\/infoecos.com.ar\/index.php\/un-empresario-de-santa-rosa-la-pampa-murio-ahogado-en-el-balneario-de-reta\/","url":"https:\/\/infoecos.com.ar\/index.php\/un-empresario-de-santa-rosa-la-pampa-murio-ahogado-en-el-balneario-de-reta\/","name":"Un empresario de Santa Rosa, La Pampa, muri\u00f3 ahogado en el balneario de Reta - Infoecos","isPartOf":{"@id":"https:\/\/infoecos.com.ar\/#website"},"primaryImageOfPage":{"@id":"https:\/\/infoecos.com.ar\/index.php\/un-empresario-de-santa-rosa-la-pampa-murio-ahogado-en-el-balneario-de-reta\/#primaryimage"},"image":{"@id":"https:\/\/infoecos.com.ar\/index.php\/un-empresario-de-santa-rosa-la-pampa-murio-ahogado-en-el-balneario-de-reta\/#primaryimage"},"thumbnailUrl":"https:\/\/infoecos.com.ar\/wp-content\/uploads\/2023\/02\/image-132.png","datePublished":"2023-02-22T05:14:15+00:00","dateModified":"2023-02-24T13:45:16+00:00","breadcrumb":{"@id":"https:\/\/infoecos.com.ar\/index.php\/un-empresario-de-santa-rosa-la-pampa-murio-ahogado-en-el-balneario-de-reta\/#breadcrumb"},"inLanguage":"es","potentialAction":[{"@type":"ReadAction","target":["https:\/\/infoecos.com.ar\/index.php\/un-empresario-de-santa-rosa-la-pampa-murio-ahogado-en-el-balneario-de-reta\/"]}]},{"@type":"ImageObject","inLanguage":"es","@id":"https:\/\/infoecos.com.ar\/index.php\/un-empresario-de-santa-rosa-la-pampa-murio-ahogado-en-el-balneario-de-reta\/#primaryimage","url":"https:\/\/infoecos.com.ar\/wp-content\/uploads\/2023\/02\/image-132.png","contentUrl":"https:\/\/infoecos.com.ar\/wp-content\/uploads\/2023\/02\/image-132.png","width":1024,"height":683},{"@type":"BreadcrumbList","@id":"https:\/\/infoecos.com.ar\/index.php\/un-empresario-de-santa-rosa-la-pampa-murio-ahogado-en-el-balneario-de-reta\/#breadcrumb","itemListElement":[{"@type":"ListItem","position":1,"name":"Portada","item":"https:\/\/infoecos.com.ar\/"},{"@type":"ListItem","position":2,"name":"Un empresario de Santa Rosa, La Pampa, muri\u00f3 ahogado en el balneario de Reta"}]},{"@type":"WebSite","@id":"https:\/\/infoecos.com.ar\/#website","url":"https:\/\/infoecos.com.ar\/","name":"Infoecos","description":"Noticias de trenque lauquen y la zona","publisher":{"@id":"https:\/\/infoecos.com.ar\/#organization"},"alternateName":"Noticias","potentialAction":[{"@type":"SearchAction","target":{"@type":"EntryPoint","urlTemplate":"https:\/\/infoecos.com.ar\/?s={search_term_string}"},"query-input":{"@type":"PropertyValueSpecification","valueRequired":true,"valueName":"search_term_string"}}],"inLanguage":"es"},{"@type":"Organization","@id":"https:\/\/infoecos.com.ar\/#organization","name":"Infoecos","alternateName":"Noticias","url":"https:\/\/infoecos.com.ar\/","logo":{"@type":"ImageObject","inLanguage":"es","@id":"https:\/\/infoecos.com.ar\/#\/schema\/logo\/image\/","url":"https:\/\/infoecos.com.ar\/wp-content\/uploads\/2024\/03\/cropped-logo.png","contentUrl":"https:\/\/infoecos.com.ar\/wp-content\/uploads\/2024\/03\/cropped-logo.png","width":374,"height":90,"caption":"Infoecos"},"image":{"@id":"https:\/\/infoecos.com.ar\/#\/schema\/logo\/image\/"},"sameAs":["https:\/\/www.facebook.com\/profile.php?id=100063200290284","https:\/\/x.com\/infoecos"]},{"@type":"Person","@id":"https:\/\/infoecos.com.ar\/#\/schema\/person\/8f5ace5ce73b4b4aac4b7245aee6f191","name":"Jorge Matheus","url":"https:\/\/infoecos.com.ar\/index.php\/author\/jomatheus\/"}]}},"featured_image_urls":{"full":["https:\/\/infoecos.com.ar\/wp-content\/uploads\/2023\/02\/image-132.png",1024,683,false],"thumbnail":["https:\/\/infoecos.com.ar\/wp-content\/uploads\/2023\/02\/image-132-300x150.png",300,150,true],"medium":["https:\/\/infoecos.com.ar\/wp-content\/uploads\/2023\/02\/image-132-800x534.png",800,534,true],"medium_large":["https:\/\/infoecos.com.ar\/wp-content\/uploads\/2023\/02\/image-132-768x512.png",640,427,true],"large":["https:\/\/infoecos.com.ar\/wp-content\/uploads\/2023\/02\/image-132.png",640,427,false],"1536x1536":["https:\/\/infoecos.com.ar\/wp-content\/uploads\/2023\/02\/image-132.png",1024,683,false],"2048x2048":["https:\/\/infoecos.com.ar\/wp-content\/uploads\/2023\/02\/image-132.png",1024,683,false],"covernews-slider-full":["https:\/\/infoecos.com.ar\/wp-content\/uploads\/2023\/02\/image-132.png",1024,683,false],"covernews-slider-center":["https:\/\/infoecos.com.ar\/wp-content\/uploads\/2023\/02\/image-132-936x683.png",685,500,true],"covernews-featured":["https:\/\/infoecos.com.ar\/wp-content\/uploads\/2023\/02\/image-132.png",1024,683,false],"covernews-medium":["https:\/\/infoecos.com.ar\/wp-content\/uploads\/2023\/02\/image-132-720x380.png",540,285,true],"covernews-medium-square":["https:\/\/infoecos.com.ar\/wp-content\/uploads\/2023\/02\/image-132-675x450.png",375,250,true]},"author_info":{"info":["Jorge Matheus"]},"category_info":"<a href=\"https:\/\/infoecos.com.ar\/index.php\/category\/inferior13\/\" rel=\"category tag\">Bloque inferior - 13<\/a> <a href=\"https:\/\/infoecos.com.ar\/index.php\/category\/c3nota2\/\" rel=\"category tag\">C3 N2<\/a>","tag_info":"C3 N2","comment_count":"0","_links":{"self":[{"href":"https:\/\/infoecos.com.ar\/index.php\/wp-json\/wp\/v2\/posts\/102156"}],"collection":[{"href":"https:\/\/infoecos.com.ar\/index.php\/wp-json\/wp\/v2\/posts"}],"about":[{"href":"https:\/\/infoecos.com.ar\/index.php\/wp-json\/wp\/v2\/types\/post"}],"author":[{"embeddable":true,"href":"https:\/\/infoecos.com.ar\/index.php\/wp-json\/wp\/v2\/users\/2"}],"replies":[{"embeddable":true,"href":"https:\/\/infoecos.com.ar\/index.php\/wp-json\/wp\/v2\/comments?post=102156"}],"version-history":[{"count":2,"href":"https:\/\/infoecos.com.ar\/index.php\/wp-json\/wp\/v2\/posts\/102156\/revisions"}],"predecessor-version":[{"id":102267,"href":"https:\/\/infoecos.com.ar\/index.php\/wp-json\/wp\/v2\/posts\/102156\/revisions\/102267"}],"wp:featuredmedia":[{"embeddable":true,"href":"https:\/\/infoecos.com.ar\/index.php\/wp-json\/wp\/v2\/media\/102157"}],"wp:attachment":[{"href":"https:\/\/infoecos.com.ar\/index.php\/wp-json\/wp\/v2\/media?parent=102156"}],"wp:term":[{"taxonomy":"category","embeddable":true,"href":"https:\/\/infoecos.com.ar\/index.php\/wp-json\/wp\/v2\/categories?post=102156"},{"taxonomy":"post_tag","embeddable":true,"href":"https:\/\/infoecos.com.ar\/index.php\/wp-json\/wp\/v2\/tags?post=102156"}],"curies":[{"name":"wp","href":"https:\/\/api.w.org\/{rel}","templated":true}]}}