{"id":102175,"date":"2023-02-23T01:39:45","date_gmt":"2023-02-23T04:39:45","guid":{"rendered":"https:\/\/infoecos.com.ar\/?p=102175"},"modified":"2023-02-24T02:33:56","modified_gmt":"2023-02-24T05:33:56","slug":"el-primer-caso-de-gripe-aviar-se-detecto-a-casi-230-kilometros-de-trenque-lauquen-en-puan","status":"publish","type":"post","link":"https:\/\/infoecos.com.ar\/index.php\/el-primer-caso-de-gripe-aviar-se-detecto-a-casi-230-kilometros-de-trenque-lauquen-en-puan\/","title":{"rendered":"El primer caso de gripe Aviar se detect\u00f3 a casi 230 kil\u00f3metros de Trenque Lauquen: en Pu\u00e1n"},"content":{"rendered":"\n<p>El Gobierno de la provincia de Buenos Aires inform\u00f3 ayer  que detectaron&nbsp;los primeros casos de gripe aviar y difundi\u00f3&nbsp;una serie de medidas preventivas.<\/p>\n\n\n\n<figure class=\"wp-block-image alignright size-full is-resized\"><img loading=\"lazy\" decoding=\"async\" src=\"https:\/\/infoecos.com.ar\/wp-content\/uploads\/2023\/02\/la-segovia-puan.jpg\" alt=\"\" class=\"wp-image-102176\" width=\"490\" height=\"368\" srcset=\"https:\/\/infoecos.com.ar\/wp-content\/uploads\/2023\/02\/la-segovia-puan.jpg 800w, https:\/\/infoecos.com.ar\/wp-content\/uploads\/2023\/02\/la-segovia-puan-768x576.jpg 768w\" sizes=\"(max-width: 490px) 100vw, 490px\" \/><figcaption class=\"wp-element-caption\">Puan . Laguna La Segovia<\/figcaption><\/figure>\n\n\n\n<p>Los confirm\u00f3 el Senasa y se trata de gallinas, pavos y patos silvestres y de traspatio que se encontraron muertos en el municipio de Puan, ubicado a casi 230 kil\u00f3metros de Trenque Lauquen.<\/p>\n\n\n\n<p>El Ministerio de Salud est\u00e1 realizando la investigaci\u00f3n epidemiol\u00f3gica para dar con personas que hayan podido estar en contacto con estas aves y realizar las acciones correspondientes seg\u00fan los protocolos epidemiol\u00f3gicos vigentes, seg\u00fan se\u00f1al\u00f3 la Provincia.<\/p>\n\n\n\n<p>Adem\u00e1s, destallaron que la influenza aviar es una enfermedad viral que afecta tanto a las aves silvestres como a las aves de corral, y el subtipo que circula actualmente afecta particularmente a aves acu\u00e1ticas. Las aves adquieren la enfermedad por contacto directo con otras aves enfermas, sus heces, plumas o con elementos contaminados (cama de galp\u00f3n, ropa o calzado de personas en contacto, veh\u00edculo de traslado, etc).<\/p>\n\n\n\n<p>Y agregaron que, ocasionalmente, las personas en contacto con aves enfermas&nbsp;tambi\u00e9n pueden infectarse. La v\u00eda principal de la infecci\u00f3n humana es por contacto directo con aves infectadas, o con superficies y objetos contaminados por sus heces. Actualmente, no hay evidencia de que el consumo de carne aviar o de huevos pueda ser una fuente de infecci\u00f3n.<\/p>\n\n\n\n<p>El Servicio Nacional de Sanidad y Calidad Agroalimentaria (Senasa) al confirmar el caso inform\u00f3 que es de un ave hallada muerta en el predio del Club de Pesca de la laguna La Segovia, del distrito de Puan. (las im\u00e1genes de ese espejo de agua, son tomadas del medio colega diariodepuan.com.ar)<\/p>\n\n\n\n<p>Las muestras fueron tomadas por el M\u00e9d. Vet. Pablo Fregeneda del Senasa de Puan y analizadas en la Direcci\u00f3n General de Laboratorios Contaminantes y Alimentos de Senasa, se\u00f1ala el diariodepuan.com.ar.<\/p>\n","protected":false},"excerpt":{"rendered":"<p>Los confirm\u00f3 el Senasa y se trata de gallinas, pavos y patos silvestres y de traspatio que se encontraron muertos en el municipio de Puan<\/p>\n","protected":false},"author":2,"featured_media":102176,"comment_status":"closed","ping_status":"open","sticky":false,"template":"","format":"standard","meta":{"footnotes":""},"categories":[198],"tags":[7388],"class_list":["post-102175","post","type-post","status-publish","format-standard","has-post-thumbnail","hentry","category-c1nota5","tag-lo-confirmo-el-senasa"],"yoast_head":"<!-- This site is optimized with the Yoast SEO plugin v23.4 - https:\/\/yoast.com\/wordpress\/plugins\/seo\/ -->\n<title>El primer caso de gripe Aviar se detect\u00f3 a casi 230 kil\u00f3metros de Trenque Lauquen: en Pu\u00e1n - Infoecos<\/title>\n<meta name=\"robots\" content=\"index, follow, max-snippet:-1, max-image-preview:large, max-video-preview:-1\" \/>\n<link rel=\"canonical\" href=\"https:\/\/infoecos.com.ar\/index.php\/el-primer-caso-de-gripe-aviar-se-detecto-a-casi-230-kilometros-de-trenque-lauquen-en-puan\/\" \/>\n<meta property=\"og:locale\" content=\"es_ES\" \/>\n<meta property=\"og:type\" content=\"article\" \/>\n<meta property=\"og:title\" content=\"El primer caso de gripe Aviar se detect\u00f3 a casi 230 kil\u00f3metros de Trenque Lauquen: en Pu\u00e1n - Infoecos\" \/>\n<meta property=\"og:description\" content=\"Los confirm\u00f3 el Senasa y se trata de gallinas, pavos y patos silvestres y de traspatio que se encontraron muertos en el municipio de Puan\" \/>\n<meta property=\"og:url\" content=\"https:\/\/infoecos.com.ar\/index.php\/el-primer-caso-de-gripe-aviar-se-detecto-a-casi-230-kilometros-de-trenque-lauquen-en-puan\/\" \/>\n<meta property=\"og:site_name\" content=\"Infoecos\" \/>\n<meta property=\"article:publisher\" content=\"https:\/\/www.facebook.com\/profile.php?id=100063200290284\" \/>\n<meta property=\"article:published_time\" content=\"2023-02-23T04:39:45+00:00\" \/>\n<meta property=\"article:modified_time\" content=\"2023-02-24T05:33:56+00:00\" \/>\n<meta property=\"og:image\" content=\"https:\/\/infoecos.com.ar\/wp-content\/uploads\/2023\/02\/la-segovia-puan.jpg\" \/>\n\t<meta property=\"og:image:width\" content=\"800\" \/>\n\t<meta property=\"og:image:height\" content=\"600\" \/>\n\t<meta property=\"og:image:type\" content=\"image\/jpeg\" \/>\n<meta name=\"author\" content=\"Jorge Matheus\" \/>\n<meta name=\"twitter:card\" content=\"summary_large_image\" \/>\n<meta name=\"twitter:creator\" content=\"@infoecos\" \/>\n<meta name=\"twitter:site\" content=\"@infoecos\" \/>\n<meta name=\"twitter:label1\" content=\"Escrito por\" \/>\n\t<meta name=\"twitter:data1\" content=\"Jorge Matheus\" \/>\n\t<meta name=\"twitter:label2\" content=\"Tiempo de lectura\" \/>\n\t<meta name=\"twitter:data2\" content=\"2 minutos\" \/>\n<script type=\"application\/ld+json\" class=\"yoast-schema-graph\">{\"@context\":\"https:\/\/schema.org\",\"@graph\":[{\"@type\":\"Article\",\"@id\":\"https:\/\/infoecos.com.ar\/index.php\/el-primer-caso-de-gripe-aviar-se-detecto-a-casi-230-kilometros-de-trenque-lauquen-en-puan\/#article\",\"isPartOf\":{\"@id\":\"https:\/\/infoecos.com.ar\/index.php\/el-primer-caso-de-gripe-aviar-se-detecto-a-casi-230-kilometros-de-trenque-lauquen-en-puan\/\"},\"author\":{\"name\":\"Jorge Matheus\",\"@id\":\"https:\/\/infoecos.com.ar\/#\/schema\/person\/8f5ace5ce73b4b4aac4b7245aee6f191\"},\"headline\":\"El primer caso de gripe Aviar se detect\u00f3 a casi 230 kil\u00f3metros de Trenque Lauquen: en Pu\u00e1n\",\"datePublished\":\"2023-02-23T04:39:45+00:00\",\"dateModified\":\"2023-02-24T05:33:56+00:00\",\"mainEntityOfPage\":{\"@id\":\"https:\/\/infoecos.com.ar\/index.php\/el-primer-caso-de-gripe-aviar-se-detecto-a-casi-230-kilometros-de-trenque-lauquen-en-puan\/\"},\"wordCount\":345,\"publisher\":{\"@id\":\"https:\/\/infoecos.com.ar\/#organization\"},\"image\":{\"@id\":\"https:\/\/infoecos.com.ar\/index.php\/el-primer-caso-de-gripe-aviar-se-detecto-a-casi-230-kilometros-de-trenque-lauquen-en-puan\/#primaryimage\"},\"thumbnailUrl\":\"https:\/\/infoecos.com.ar\/wp-content\/uploads\/2023\/02\/la-segovia-puan.jpg\",\"keywords\":[\"lo confirm\u00f3 el SENASA\"],\"articleSection\":[\"C1 nota 5\"],\"inLanguage\":\"es\"},{\"@type\":\"WebPage\",\"@id\":\"https:\/\/infoecos.com.ar\/index.php\/el-primer-caso-de-gripe-aviar-se-detecto-a-casi-230-kilometros-de-trenque-lauquen-en-puan\/\",\"url\":\"https:\/\/infoecos.com.ar\/index.php\/el-primer-caso-de-gripe-aviar-se-detecto-a-casi-230-kilometros-de-trenque-lauquen-en-puan\/\",\"name\":\"El primer caso de gripe Aviar se detect\u00f3 a casi 230 kil\u00f3metros de Trenque Lauquen: en Pu\u00e1n - Infoecos\",\"isPartOf\":{\"@id\":\"https:\/\/infoecos.com.ar\/#website\"},\"primaryImageOfPage\":{\"@id\":\"https:\/\/infoecos.com.ar\/index.php\/el-primer-caso-de-gripe-aviar-se-detecto-a-casi-230-kilometros-de-trenque-lauquen-en-puan\/#primaryimage\"},\"image\":{\"@id\":\"https:\/\/infoecos.com.ar\/index.php\/el-primer-caso-de-gripe-aviar-se-detecto-a-casi-230-kilometros-de-trenque-lauquen-en-puan\/#primaryimage\"},\"thumbnailUrl\":\"https:\/\/infoecos.com.ar\/wp-content\/uploads\/2023\/02\/la-segovia-puan.jpg\",\"datePublished\":\"2023-02-23T04:39:45+00:00\",\"dateModified\":\"2023-02-24T05:33:56+00:00\",\"breadcrumb\":{\"@id\":\"https:\/\/infoecos.com.ar\/index.php\/el-primer-caso-de-gripe-aviar-se-detecto-a-casi-230-kilometros-de-trenque-lauquen-en-puan\/#breadcrumb\"},\"inLanguage\":\"es\",\"potentialAction\":[{\"@type\":\"ReadAction\",\"target\":[\"https:\/\/infoecos.com.ar\/index.php\/el-primer-caso-de-gripe-aviar-se-detecto-a-casi-230-kilometros-de-trenque-lauquen-en-puan\/\"]}]},{\"@type\":\"ImageObject\",\"inLanguage\":\"es\",\"@id\":\"https:\/\/infoecos.com.ar\/index.php\/el-primer-caso-de-gripe-aviar-se-detecto-a-casi-230-kilometros-de-trenque-lauquen-en-puan\/#primaryimage\",\"url\":\"https:\/\/infoecos.com.ar\/wp-content\/uploads\/2023\/02\/la-segovia-puan.jpg\",\"contentUrl\":\"https:\/\/infoecos.com.ar\/wp-content\/uploads\/2023\/02\/la-segovia-puan.jpg\",\"width\":800,\"height\":600},{\"@type\":\"BreadcrumbList\",\"@id\":\"https:\/\/infoecos.com.ar\/index.php\/el-primer-caso-de-gripe-aviar-se-detecto-a-casi-230-kilometros-de-trenque-lauquen-en-puan\/#breadcrumb\",\"itemListElement\":[{\"@type\":\"ListItem\",\"position\":1,\"name\":\"Portada\",\"item\":\"https:\/\/infoecos.com.ar\/\"},{\"@type\":\"ListItem\",\"position\":2,\"name\":\"El primer caso de gripe Aviar se detect\u00f3 a casi 230 kil\u00f3metros de Trenque Lauquen: en Pu\u00e1n\"}]},{\"@type\":\"WebSite\",\"@id\":\"https:\/\/infoecos.com.ar\/#website\",\"url\":\"https:\/\/infoecos.com.ar\/\",\"name\":\"Infoecos\",\"description\":\"Noticias de trenque lauquen y la zona\",\"publisher\":{\"@id\":\"https:\/\/infoecos.com.ar\/#organization\"},\"alternateName\":\"Noticias\",\"potentialAction\":[{\"@type\":\"SearchAction\",\"target\":{\"@type\":\"EntryPoint\",\"urlTemplate\":\"https:\/\/infoecos.com.ar\/?s={search_term_string}\"},\"query-input\":{\"@type\":\"PropertyValueSpecification\",\"valueRequired\":true,\"valueName\":\"search_term_string\"}}],\"inLanguage\":\"es\"},{\"@type\":\"Organization\",\"@id\":\"https:\/\/infoecos.com.ar\/#organization\",\"name\":\"Infoecos\",\"alternateName\":\"Noticias\",\"url\":\"https:\/\/infoecos.com.ar\/\",\"logo\":{\"@type\":\"ImageObject\",\"inLanguage\":\"es\",\"@id\":\"https:\/\/infoecos.com.ar\/#\/schema\/logo\/image\/\",\"url\":\"https:\/\/infoecos.com.ar\/wp-content\/uploads\/2024\/03\/cropped-logo.png\",\"contentUrl\":\"https:\/\/infoecos.com.ar\/wp-content\/uploads\/2024\/03\/cropped-logo.png\",\"width\":374,\"height\":90,\"caption\":\"Infoecos\"},\"image\":{\"@id\":\"https:\/\/infoecos.com.ar\/#\/schema\/logo\/image\/\"},\"sameAs\":[\"https:\/\/www.facebook.com\/profile.php?id=100063200290284\",\"https:\/\/x.com\/infoecos\"]},{\"@type\":\"Person\",\"@id\":\"https:\/\/infoecos.com.ar\/#\/schema\/person\/8f5ace5ce73b4b4aac4b7245aee6f191\",\"name\":\"Jorge Matheus\",\"url\":\"https:\/\/infoecos.com.ar\/index.php\/author\/jomatheus\/\"}]}<\/script>\n<!-- \/ Yoast SEO plugin. -->","yoast_head_json":{"title":"El primer caso de gripe Aviar se detect\u00f3 a casi 230 kil\u00f3metros de Trenque Lauquen: en Pu\u00e1n - Infoecos","robots":{"index":"index","follow":"follow","max-snippet":"max-snippet:-1","max-image-preview":"max-image-preview:large","max-video-preview":"max-video-preview:-1"},"canonical":"https:\/\/infoecos.com.ar\/index.php\/el-primer-caso-de-gripe-aviar-se-detecto-a-casi-230-kilometros-de-trenque-lauquen-en-puan\/","og_locale":"es_ES","og_type":"article","og_title":"El primer caso de gripe Aviar se detect\u00f3 a casi 230 kil\u00f3metros de Trenque Lauquen: en Pu\u00e1n - Infoecos","og_description":"Los confirm\u00f3 el Senasa y se trata de gallinas, pavos y patos silvestres y de traspatio que se encontraron muertos en el municipio de Puan","og_url":"https:\/\/infoecos.com.ar\/index.php\/el-primer-caso-de-gripe-aviar-se-detecto-a-casi-230-kilometros-de-trenque-lauquen-en-puan\/","og_site_name":"Infoecos","article_publisher":"https:\/\/www.facebook.com\/profile.php?id=100063200290284","article_published_time":"2023-02-23T04:39:45+00:00","article_modified_time":"2023-02-24T05:33:56+00:00","og_image":[{"width":800,"height":600,"url":"https:\/\/infoecos.com.ar\/wp-content\/uploads\/2023\/02\/la-segovia-puan.jpg","type":"image\/jpeg"}],"author":"Jorge Matheus","twitter_card":"summary_large_image","twitter_creator":"@infoecos","twitter_site":"@infoecos","twitter_misc":{"Escrito por":"Jorge Matheus","Tiempo de lectura":"2 minutos"},"schema":{"@context":"https:\/\/schema.org","@graph":[{"@type":"Article","@id":"https:\/\/infoecos.com.ar\/index.php\/el-primer-caso-de-gripe-aviar-se-detecto-a-casi-230-kilometros-de-trenque-lauquen-en-puan\/#article","isPartOf":{"@id":"https:\/\/infoecos.com.ar\/index.php\/el-primer-caso-de-gripe-aviar-se-detecto-a-casi-230-kilometros-de-trenque-lauquen-en-puan\/"},"author":{"name":"Jorge Matheus","@id":"https:\/\/infoecos.com.ar\/#\/schema\/person\/8f5ace5ce73b4b4aac4b7245aee6f191"},"headline":"El primer caso de gripe Aviar se detect\u00f3 a casi 230 kil\u00f3metros de Trenque Lauquen: en Pu\u00e1n","datePublished":"2023-02-23T04:39:45+00:00","dateModified":"2023-02-24T05:33:56+00:00","mainEntityOfPage":{"@id":"https:\/\/infoecos.com.ar\/index.php\/el-primer-caso-de-gripe-aviar-se-detecto-a-casi-230-kilometros-de-trenque-lauquen-en-puan\/"},"wordCount":345,"publisher":{"@id":"https:\/\/infoecos.com.ar\/#organization"},"image":{"@id":"https:\/\/infoecos.com.ar\/index.php\/el-primer-caso-de-gripe-aviar-se-detecto-a-casi-230-kilometros-de-trenque-lauquen-en-puan\/#primaryimage"},"thumbnailUrl":"https:\/\/infoecos.com.ar\/wp-content\/uploads\/2023\/02\/la-segovia-puan.jpg","keywords":["lo confirm\u00f3 el SENASA"],"articleSection":["C1 nota 5"],"inLanguage":"es"},{"@type":"WebPage","@id":"https:\/\/infoecos.com.ar\/index.php\/el-primer-caso-de-gripe-aviar-se-detecto-a-casi-230-kilometros-de-trenque-lauquen-en-puan\/","url":"https:\/\/infoecos.com.ar\/index.php\/el-primer-caso-de-gripe-aviar-se-detecto-a-casi-230-kilometros-de-trenque-lauquen-en-puan\/","name":"El primer caso de gripe Aviar se detect\u00f3 a casi 230 kil\u00f3metros de Trenque Lauquen: en Pu\u00e1n - Infoecos","isPartOf":{"@id":"https:\/\/infoecos.com.ar\/#website"},"primaryImageOfPage":{"@id":"https:\/\/infoecos.com.ar\/index.php\/el-primer-caso-de-gripe-aviar-se-detecto-a-casi-230-kilometros-de-trenque-lauquen-en-puan\/#primaryimage"},"image":{"@id":"https:\/\/infoecos.com.ar\/index.php\/el-primer-caso-de-gripe-aviar-se-detecto-a-casi-230-kilometros-de-trenque-lauquen-en-puan\/#primaryimage"},"thumbnailUrl":"https:\/\/infoecos.com.ar\/wp-content\/uploads\/2023\/02\/la-segovia-puan.jpg","datePublished":"2023-02-23T04:39:45+00:00","dateModified":"2023-02-24T05:33:56+00:00","breadcrumb":{"@id":"https:\/\/infoecos.com.ar\/index.php\/el-primer-caso-de-gripe-aviar-se-detecto-a-casi-230-kilometros-de-trenque-lauquen-en-puan\/#breadcrumb"},"inLanguage":"es","potentialAction":[{"@type":"ReadAction","target":["https:\/\/infoecos.com.ar\/index.php\/el-primer-caso-de-gripe-aviar-se-detecto-a-casi-230-kilometros-de-trenque-lauquen-en-puan\/"]}]},{"@type":"ImageObject","inLanguage":"es","@id":"https:\/\/infoecos.com.ar\/index.php\/el-primer-caso-de-gripe-aviar-se-detecto-a-casi-230-kilometros-de-trenque-lauquen-en-puan\/#primaryimage","url":"https:\/\/infoecos.com.ar\/wp-content\/uploads\/2023\/02\/la-segovia-puan.jpg","contentUrl":"https:\/\/infoecos.com.ar\/wp-content\/uploads\/2023\/02\/la-segovia-puan.jpg","width":800,"height":600},{"@type":"BreadcrumbList","@id":"https:\/\/infoecos.com.ar\/index.php\/el-primer-caso-de-gripe-aviar-se-detecto-a-casi-230-kilometros-de-trenque-lauquen-en-puan\/#breadcrumb","itemListElement":[{"@type":"ListItem","position":1,"name":"Portada","item":"https:\/\/infoecos.com.ar\/"},{"@type":"ListItem","position":2,"name":"El primer caso de gripe Aviar se detect\u00f3 a casi 230 kil\u00f3metros de Trenque Lauquen: en Pu\u00e1n"}]},{"@type":"WebSite","@id":"https:\/\/infoecos.com.ar\/#website","url":"https:\/\/infoecos.com.ar\/","name":"Infoecos","description":"Noticias de trenque lauquen y la zona","publisher":{"@id":"https:\/\/infoecos.com.ar\/#organization"},"alternateName":"Noticias","potentialAction":[{"@type":"SearchAction","target":{"@type":"EntryPoint","urlTemplate":"https:\/\/infoecos.com.ar\/?s={search_term_string}"},"query-input":{"@type":"PropertyValueSpecification","valueRequired":true,"valueName":"search_term_string"}}],"inLanguage":"es"},{"@type":"Organization","@id":"https:\/\/infoecos.com.ar\/#organization","name":"Infoecos","alternateName":"Noticias","url":"https:\/\/infoecos.com.ar\/","logo":{"@type":"ImageObject","inLanguage":"es","@id":"https:\/\/infoecos.com.ar\/#\/schema\/logo\/image\/","url":"https:\/\/infoecos.com.ar\/wp-content\/uploads\/2024\/03\/cropped-logo.png","contentUrl":"https:\/\/infoecos.com.ar\/wp-content\/uploads\/2024\/03\/cropped-logo.png","width":374,"height":90,"caption":"Infoecos"},"image":{"@id":"https:\/\/infoecos.com.ar\/#\/schema\/logo\/image\/"},"sameAs":["https:\/\/www.facebook.com\/profile.php?id=100063200290284","https:\/\/x.com\/infoecos"]},{"@type":"Person","@id":"https:\/\/infoecos.com.ar\/#\/schema\/person\/8f5ace5ce73b4b4aac4b7245aee6f191","name":"Jorge Matheus","url":"https:\/\/infoecos.com.ar\/index.php\/author\/jomatheus\/"}]}},"featured_image_urls":{"full":["https:\/\/infoecos.com.ar\/wp-content\/uploads\/2023\/02\/la-segovia-puan.jpg",800,600,false],"thumbnail":["https:\/\/infoecos.com.ar\/wp-content\/uploads\/2023\/02\/la-segovia-puan-300x150.jpg",300,150,true],"medium":["https:\/\/infoecos.com.ar\/wp-content\/uploads\/2023\/02\/la-segovia-puan.jpg",800,600,false],"medium_large":["https:\/\/infoecos.com.ar\/wp-content\/uploads\/2023\/02\/la-segovia-puan-768x576.jpg",640,480,true],"large":["https:\/\/infoecos.com.ar\/wp-content\/uploads\/2023\/02\/la-segovia-puan.jpg",640,480,false],"1536x1536":["https:\/\/infoecos.com.ar\/wp-content\/uploads\/2023\/02\/la-segovia-puan.jpg",800,600,false],"2048x2048":["https:\/\/infoecos.com.ar\/wp-content\/uploads\/2023\/02\/la-segovia-puan.jpg",800,600,false],"covernews-slider-full":["https:\/\/infoecos.com.ar\/wp-content\/uploads\/2023\/02\/la-segovia-puan.jpg",800,600,false],"covernews-slider-center":["https:\/\/infoecos.com.ar\/wp-content\/uploads\/2023\/02\/la-segovia-puan.jpg",667,500,false],"covernews-featured":["https:\/\/infoecos.com.ar\/wp-content\/uploads\/2023\/02\/la-segovia-puan.jpg",800,600,false],"covernews-medium":["https:\/\/infoecos.com.ar\/wp-content\/uploads\/2023\/02\/la-segovia-puan-720x380.jpg",540,285,true],"covernews-medium-square":["https:\/\/infoecos.com.ar\/wp-content\/uploads\/2023\/02\/la-segovia-puan-675x450.jpg",375,250,true]},"author_info":{"info":["Jorge Matheus"]},"category_info":"<a href=\"https:\/\/infoecos.com.ar\/index.php\/category\/c1nota5\/\" rel=\"category tag\">C1 nota 5<\/a>","tag_info":"C1 nota 5","comment_count":"0","_links":{"self":[{"href":"https:\/\/infoecos.com.ar\/index.php\/wp-json\/wp\/v2\/posts\/102175"}],"collection":[{"href":"https:\/\/infoecos.com.ar\/index.php\/wp-json\/wp\/v2\/posts"}],"about":[{"href":"https:\/\/infoecos.com.ar\/index.php\/wp-json\/wp\/v2\/types\/post"}],"author":[{"embeddable":true,"href":"https:\/\/infoecos.com.ar\/index.php\/wp-json\/wp\/v2\/users\/2"}],"replies":[{"embeddable":true,"href":"https:\/\/infoecos.com.ar\/index.php\/wp-json\/wp\/v2\/comments?post=102175"}],"version-history":[{"count":2,"href":"https:\/\/infoecos.com.ar\/index.php\/wp-json\/wp\/v2\/posts\/102175\/revisions"}],"predecessor-version":[{"id":102205,"href":"https:\/\/infoecos.com.ar\/index.php\/wp-json\/wp\/v2\/posts\/102175\/revisions\/102205"}],"wp:featuredmedia":[{"embeddable":true,"href":"https:\/\/infoecos.com.ar\/index.php\/wp-json\/wp\/v2\/media\/102176"}],"wp:attachment":[{"href":"https:\/\/infoecos.com.ar\/index.php\/wp-json\/wp\/v2\/media?parent=102175"}],"wp:term":[{"taxonomy":"category","embeddable":true,"href":"https:\/\/infoecos.com.ar\/index.php\/wp-json\/wp\/v2\/categories?post=102175"},{"taxonomy":"post_tag","embeddable":true,"href":"https:\/\/infoecos.com.ar\/index.php\/wp-json\/wp\/v2\/tags?post=102175"}],"curies":[{"name":"wp","href":"https:\/\/api.w.org\/{rel}","templated":true}]}}