{"id":102225,"date":"2023-02-23T19:01:14","date_gmt":"2023-02-23T22:01:14","guid":{"rendered":"https:\/\/infoecos.com.ar\/?p=102225"},"modified":"2023-02-26T14:15:00","modified_gmt":"2023-02-26T17:15:00","slug":"se-reunieron-los-intendentes-radicales-en-rauch-se-habla-de-asistencia-perfecta","status":"publish","type":"post","link":"https:\/\/infoecos.com.ar\/index.php\/se-reunieron-los-intendentes-radicales-en-rauch-se-habla-de-asistencia-perfecta\/","title":{"rendered":"Se reunieron los intendentes radicales en Rauch: consideran que hubo asistencia perfecta"},"content":{"rendered":"\n<p>Miguel Fern\u00e1ndez, intendente municipal de Trenque Lauquen, se\u00f1al\u00f3 a algunos medios que durante la reuni\u00f3n del Foro de mandatarios comunales del radicalismo que \u00abhay dos objetivos, uno el relacionado con el tema pol\u00edtico de discusiones locales, seccionales, provinciales y nacionales, y luego otro que es de gesti\u00f3n y que contempla todos los desaf\u00edos que cada uno de nosotros, tenemos por lo que resta del 2023\u00bb. <\/p>\n\n\n\n<figure class=\"wp-block-image alignright size-full is-resized\"><img loading=\"lazy\" decoding=\"async\" src=\"https:\/\/infoecos.com.ar\/wp-content\/uploads\/2023\/02\/20230223170555_foro_ucr_rauch.jpg\" alt=\"\" class=\"wp-image-102226\" width=\"450\" height=\"299\" srcset=\"https:\/\/infoecos.com.ar\/wp-content\/uploads\/2023\/02\/20230223170555_foro_ucr_rauch.jpg 880w, https:\/\/infoecos.com.ar\/wp-content\/uploads\/2023\/02\/20230223170555_foro_ucr_rauch-800x533.jpg 800w, https:\/\/infoecos.com.ar\/wp-content\/uploads\/2023\/02\/20230223170555_foro_ucr_rauch-768x511.jpg 768w, https:\/\/infoecos.com.ar\/wp-content\/uploads\/2023\/02\/20230223170555_foro_ucr_rauch-675x450.jpg 675w\" sizes=\"(max-width: 450px) 100vw, 450px\" \/><figcaption class=\"wp-element-caption\">Rauch &#8211; Reuni\u00f3n del Foro de Intendentes Radicales <\/figcaption><\/figure>\n\n\n\n<p>Seg\u00fan el sitio latecla.info, la reuni\u00f3n desarrollada en Rauch este jueves tuvo asistencia casi perfecta, donde se hicieron planteos referidos al desarrollo del Fondo de Infraestructura Municipal y como avanzar en las obras en las que hacer convenios con la Provincia. Se expres\u00f3 tambi\u00e9n la preocupaci\u00f3n por la disminuci\u00f3n en la recepci\u00f3n de la coparticipaci\u00f3n durante el mes de enero, para lo cual solicitaron mantener una entrevista con el Ministro de Econom\u00eda bonaerense, Pablo L\u00f3pez, como as\u00ed tambi\u00e9n se insisti\u00f3 en la conformaci\u00f3n de una mesa t\u00e9cnica de intendentes para debatir los datos que hacen al Coeficiente \u00danico de Distribuci\u00f3n.&nbsp;<br><br>En lo que seguramente son opiniones del Jefe Comunal de Trenque Lauquen, latecla.info apunta que durante la discusi\u00f3n pol\u00edtica en el foro qued\u00f3 \u00abexpresamente claro que ante la posibilidad de elecciones PASO (Primarias Abiertas Simult\u00e1neas Obligatorias) en los distritos conducidos por alcaldes radicales, se pedir\u00e1 competencia con reglas claras, pero entendiendo que es importante el respeto por la territorialidad y de quienes, adem\u00e1s, han sostenido el espacio durante los \u00faltimos ocho a\u00f1os\u00bb.<\/p>\n\n\n\n<figure class=\"wp-block-image alignright size-full is-resized\"><img loading=\"lazy\" decoding=\"async\" src=\"https:\/\/infoecos.com.ar\/wp-content\/uploads\/2023\/02\/20230223171218_foro_ucr_rauch_2-1.jpg\" alt=\"\" class=\"wp-image-102227\" width=\"459\" height=\"306\" srcset=\"https:\/\/infoecos.com.ar\/wp-content\/uploads\/2023\/02\/20230223171218_foro_ucr_rauch_2-1.jpg 730w, https:\/\/infoecos.com.ar\/wp-content\/uploads\/2023\/02\/20230223171218_foro_ucr_rauch_2-1-675x450.jpg 675w\" sizes=\"(max-width: 459px) 100vw, 459px\" \/><figcaption class=\"wp-element-caption\">Rauch &#8211; Foro de Intendentes Radicales <\/figcaption><\/figure>\n\n\n\n<p>La informaci\u00f3n del medio colega consigna que se hizo un repaso de los resultados del Censo 2021 y en c\u00f3mo impactar\u00edan los mismos en cada distrito. Y &nbsp;se plante\u00f3, finalmente, la necesidad de hacer un foro m\u00e1s amplio, con los otros intendentes del espacio Juntos por el Cambio para buscar ponerse de acuerdo en los puntos abordados.<\/p>\n\n\n\n<p>Sobre la asistencia perfecta ninguno de los medios que se ocupan del tema, hablan sobre si estuvieron el intendente de Torquinst \u00f3 su par de Carmen de Patagones. <br>&nbsp;<\/p>\n","protected":false},"excerpt":{"rendered":"<p>Seg\u00fan el sitio latecla.info, la reuni\u00f3n desarrollada en Rauch este jueves tuvo asistencia casi perfecta, donde se hicieron planteos referidos al desarrollo del Fondo de Infraestructura Municipal y como avanzar en las obras en las que hacer convenios con la Provincia<\/p>\n","protected":false},"author":2,"featured_media":102226,"comment_status":"closed","ping_status":"open","sticky":false,"template":"","format":"standard","meta":{"footnotes":""},"categories":[50],"tags":[7398],"class_list":["post-102225","post","type-post","status-publish","format-standard","has-post-thumbnail","hentry","category-c1nota4","tag-el-fim-cud-coparticipacion"],"yoast_head":"<!-- This site is optimized with the Yoast SEO plugin v23.4 - https:\/\/yoast.com\/wordpress\/plugins\/seo\/ -->\n<title>Se reunieron los intendentes radicales en Rauch: consideran que hubo asistencia perfecta - Infoecos<\/title>\n<meta name=\"robots\" content=\"index, follow, max-snippet:-1, max-image-preview:large, max-video-preview:-1\" \/>\n<link rel=\"canonical\" href=\"https:\/\/infoecos.com.ar\/index.php\/se-reunieron-los-intendentes-radicales-en-rauch-se-habla-de-asistencia-perfecta\/\" \/>\n<meta property=\"og:locale\" content=\"es_ES\" \/>\n<meta property=\"og:type\" content=\"article\" \/>\n<meta property=\"og:title\" content=\"Se reunieron los intendentes radicales en Rauch: consideran que hubo asistencia perfecta - Infoecos\" \/>\n<meta property=\"og:description\" content=\"Seg\u00fan el sitio latecla.info, la reuni\u00f3n desarrollada en Rauch este jueves tuvo asistencia casi perfecta, donde se hicieron planteos referidos al desarrollo del Fondo de Infraestructura Municipal y como avanzar en las obras en las que hacer convenios con la Provincia\" \/>\n<meta property=\"og:url\" content=\"https:\/\/infoecos.com.ar\/index.php\/se-reunieron-los-intendentes-radicales-en-rauch-se-habla-de-asistencia-perfecta\/\" \/>\n<meta property=\"og:site_name\" content=\"Infoecos\" \/>\n<meta property=\"article:publisher\" content=\"https:\/\/www.facebook.com\/profile.php?id=100063200290284\" \/>\n<meta property=\"article:published_time\" content=\"2023-02-23T22:01:14+00:00\" \/>\n<meta property=\"article:modified_time\" content=\"2023-02-26T17:15:00+00:00\" \/>\n<meta property=\"og:image\" content=\"https:\/\/infoecos.com.ar\/wp-content\/uploads\/2023\/02\/20230223170555_foro_ucr_rauch.jpg\" \/>\n\t<meta property=\"og:image:width\" content=\"880\" \/>\n\t<meta property=\"og:image:height\" content=\"586\" \/>\n\t<meta property=\"og:image:type\" content=\"image\/jpeg\" \/>\n<meta name=\"author\" content=\"Jorge Matheus\" \/>\n<meta name=\"twitter:card\" content=\"summary_large_image\" \/>\n<meta name=\"twitter:creator\" content=\"@infoecos\" \/>\n<meta name=\"twitter:site\" content=\"@infoecos\" \/>\n<meta name=\"twitter:label1\" content=\"Escrito por\" \/>\n\t<meta name=\"twitter:data1\" content=\"Jorge Matheus\" \/>\n\t<meta name=\"twitter:label2\" content=\"Tiempo de lectura\" \/>\n\t<meta name=\"twitter:data2\" content=\"2 minutos\" \/>\n<script type=\"application\/ld+json\" class=\"yoast-schema-graph\">{\"@context\":\"https:\/\/schema.org\",\"@graph\":[{\"@type\":\"Article\",\"@id\":\"https:\/\/infoecos.com.ar\/index.php\/se-reunieron-los-intendentes-radicales-en-rauch-se-habla-de-asistencia-perfecta\/#article\",\"isPartOf\":{\"@id\":\"https:\/\/infoecos.com.ar\/index.php\/se-reunieron-los-intendentes-radicales-en-rauch-se-habla-de-asistencia-perfecta\/\"},\"author\":{\"name\":\"Jorge Matheus\",\"@id\":\"https:\/\/infoecos.com.ar\/#\/schema\/person\/8f5ace5ce73b4b4aac4b7245aee6f191\"},\"headline\":\"Se reunieron los intendentes radicales en Rauch: consideran que hubo asistencia perfecta\",\"datePublished\":\"2023-02-23T22:01:14+00:00\",\"dateModified\":\"2023-02-26T17:15:00+00:00\",\"mainEntityOfPage\":{\"@id\":\"https:\/\/infoecos.com.ar\/index.php\/se-reunieron-los-intendentes-radicales-en-rauch-se-habla-de-asistencia-perfecta\/\"},\"wordCount\":379,\"publisher\":{\"@id\":\"https:\/\/infoecos.com.ar\/#organization\"},\"image\":{\"@id\":\"https:\/\/infoecos.com.ar\/index.php\/se-reunieron-los-intendentes-radicales-en-rauch-se-habla-de-asistencia-perfecta\/#primaryimage\"},\"thumbnailUrl\":\"https:\/\/infoecos.com.ar\/wp-content\/uploads\/2023\/02\/20230223170555_foro_ucr_rauch.jpg\",\"keywords\":[\"el FIM - cud - coparticipaci\u00f3n\"],\"articleSection\":[\"C1 N4\"],\"inLanguage\":\"es\"},{\"@type\":\"WebPage\",\"@id\":\"https:\/\/infoecos.com.ar\/index.php\/se-reunieron-los-intendentes-radicales-en-rauch-se-habla-de-asistencia-perfecta\/\",\"url\":\"https:\/\/infoecos.com.ar\/index.php\/se-reunieron-los-intendentes-radicales-en-rauch-se-habla-de-asistencia-perfecta\/\",\"name\":\"Se reunieron los intendentes radicales en Rauch: consideran que hubo asistencia perfecta - Infoecos\",\"isPartOf\":{\"@id\":\"https:\/\/infoecos.com.ar\/#website\"},\"primaryImageOfPage\":{\"@id\":\"https:\/\/infoecos.com.ar\/index.php\/se-reunieron-los-intendentes-radicales-en-rauch-se-habla-de-asistencia-perfecta\/#primaryimage\"},\"image\":{\"@id\":\"https:\/\/infoecos.com.ar\/index.php\/se-reunieron-los-intendentes-radicales-en-rauch-se-habla-de-asistencia-perfecta\/#primaryimage\"},\"thumbnailUrl\":\"https:\/\/infoecos.com.ar\/wp-content\/uploads\/2023\/02\/20230223170555_foro_ucr_rauch.jpg\",\"datePublished\":\"2023-02-23T22:01:14+00:00\",\"dateModified\":\"2023-02-26T17:15:00+00:00\",\"breadcrumb\":{\"@id\":\"https:\/\/infoecos.com.ar\/index.php\/se-reunieron-los-intendentes-radicales-en-rauch-se-habla-de-asistencia-perfecta\/#breadcrumb\"},\"inLanguage\":\"es\",\"potentialAction\":[{\"@type\":\"ReadAction\",\"target\":[\"https:\/\/infoecos.com.ar\/index.php\/se-reunieron-los-intendentes-radicales-en-rauch-se-habla-de-asistencia-perfecta\/\"]}]},{\"@type\":\"ImageObject\",\"inLanguage\":\"es\",\"@id\":\"https:\/\/infoecos.com.ar\/index.php\/se-reunieron-los-intendentes-radicales-en-rauch-se-habla-de-asistencia-perfecta\/#primaryimage\",\"url\":\"https:\/\/infoecos.com.ar\/wp-content\/uploads\/2023\/02\/20230223170555_foro_ucr_rauch.jpg\",\"contentUrl\":\"https:\/\/infoecos.com.ar\/wp-content\/uploads\/2023\/02\/20230223170555_foro_ucr_rauch.jpg\",\"width\":880,\"height\":586},{\"@type\":\"BreadcrumbList\",\"@id\":\"https:\/\/infoecos.com.ar\/index.php\/se-reunieron-los-intendentes-radicales-en-rauch-se-habla-de-asistencia-perfecta\/#breadcrumb\",\"itemListElement\":[{\"@type\":\"ListItem\",\"position\":1,\"name\":\"Portada\",\"item\":\"https:\/\/infoecos.com.ar\/\"},{\"@type\":\"ListItem\",\"position\":2,\"name\":\"Se reunieron los intendentes radicales en Rauch: consideran que hubo asistencia perfecta\"}]},{\"@type\":\"WebSite\",\"@id\":\"https:\/\/infoecos.com.ar\/#website\",\"url\":\"https:\/\/infoecos.com.ar\/\",\"name\":\"Infoecos\",\"description\":\"Noticias de trenque lauquen y la zona\",\"publisher\":{\"@id\":\"https:\/\/infoecos.com.ar\/#organization\"},\"alternateName\":\"Noticias\",\"potentialAction\":[{\"@type\":\"SearchAction\",\"target\":{\"@type\":\"EntryPoint\",\"urlTemplate\":\"https:\/\/infoecos.com.ar\/?s={search_term_string}\"},\"query-input\":{\"@type\":\"PropertyValueSpecification\",\"valueRequired\":true,\"valueName\":\"search_term_string\"}}],\"inLanguage\":\"es\"},{\"@type\":\"Organization\",\"@id\":\"https:\/\/infoecos.com.ar\/#organization\",\"name\":\"Infoecos\",\"alternateName\":\"Noticias\",\"url\":\"https:\/\/infoecos.com.ar\/\",\"logo\":{\"@type\":\"ImageObject\",\"inLanguage\":\"es\",\"@id\":\"https:\/\/infoecos.com.ar\/#\/schema\/logo\/image\/\",\"url\":\"https:\/\/infoecos.com.ar\/wp-content\/uploads\/2024\/03\/cropped-logo.png\",\"contentUrl\":\"https:\/\/infoecos.com.ar\/wp-content\/uploads\/2024\/03\/cropped-logo.png\",\"width\":374,\"height\":90,\"caption\":\"Infoecos\"},\"image\":{\"@id\":\"https:\/\/infoecos.com.ar\/#\/schema\/logo\/image\/\"},\"sameAs\":[\"https:\/\/www.facebook.com\/profile.php?id=100063200290284\",\"https:\/\/x.com\/infoecos\"]},{\"@type\":\"Person\",\"@id\":\"https:\/\/infoecos.com.ar\/#\/schema\/person\/8f5ace5ce73b4b4aac4b7245aee6f191\",\"name\":\"Jorge Matheus\",\"url\":\"https:\/\/infoecos.com.ar\/index.php\/author\/jomatheus\/\"}]}<\/script>\n<!-- \/ Yoast SEO plugin. -->","yoast_head_json":{"title":"Se reunieron los intendentes radicales en Rauch: consideran que hubo asistencia perfecta - Infoecos","robots":{"index":"index","follow":"follow","max-snippet":"max-snippet:-1","max-image-preview":"max-image-preview:large","max-video-preview":"max-video-preview:-1"},"canonical":"https:\/\/infoecos.com.ar\/index.php\/se-reunieron-los-intendentes-radicales-en-rauch-se-habla-de-asistencia-perfecta\/","og_locale":"es_ES","og_type":"article","og_title":"Se reunieron los intendentes radicales en Rauch: consideran que hubo asistencia perfecta - Infoecos","og_description":"Seg\u00fan el sitio latecla.info, la reuni\u00f3n desarrollada en Rauch este jueves tuvo asistencia casi perfecta, donde se hicieron planteos referidos al desarrollo del Fondo de Infraestructura Municipal y como avanzar en las obras en las que hacer convenios con la Provincia","og_url":"https:\/\/infoecos.com.ar\/index.php\/se-reunieron-los-intendentes-radicales-en-rauch-se-habla-de-asistencia-perfecta\/","og_site_name":"Infoecos","article_publisher":"https:\/\/www.facebook.com\/profile.php?id=100063200290284","article_published_time":"2023-02-23T22:01:14+00:00","article_modified_time":"2023-02-26T17:15:00+00:00","og_image":[{"width":880,"height":586,"url":"https:\/\/infoecos.com.ar\/wp-content\/uploads\/2023\/02\/20230223170555_foro_ucr_rauch.jpg","type":"image\/jpeg"}],"author":"Jorge Matheus","twitter_card":"summary_large_image","twitter_creator":"@infoecos","twitter_site":"@infoecos","twitter_misc":{"Escrito por":"Jorge Matheus","Tiempo de lectura":"2 minutos"},"schema":{"@context":"https:\/\/schema.org","@graph":[{"@type":"Article","@id":"https:\/\/infoecos.com.ar\/index.php\/se-reunieron-los-intendentes-radicales-en-rauch-se-habla-de-asistencia-perfecta\/#article","isPartOf":{"@id":"https:\/\/infoecos.com.ar\/index.php\/se-reunieron-los-intendentes-radicales-en-rauch-se-habla-de-asistencia-perfecta\/"},"author":{"name":"Jorge Matheus","@id":"https:\/\/infoecos.com.ar\/#\/schema\/person\/8f5ace5ce73b4b4aac4b7245aee6f191"},"headline":"Se reunieron los intendentes radicales en Rauch: consideran que hubo asistencia perfecta","datePublished":"2023-02-23T22:01:14+00:00","dateModified":"2023-02-26T17:15:00+00:00","mainEntityOfPage":{"@id":"https:\/\/infoecos.com.ar\/index.php\/se-reunieron-los-intendentes-radicales-en-rauch-se-habla-de-asistencia-perfecta\/"},"wordCount":379,"publisher":{"@id":"https:\/\/infoecos.com.ar\/#organization"},"image":{"@id":"https:\/\/infoecos.com.ar\/index.php\/se-reunieron-los-intendentes-radicales-en-rauch-se-habla-de-asistencia-perfecta\/#primaryimage"},"thumbnailUrl":"https:\/\/infoecos.com.ar\/wp-content\/uploads\/2023\/02\/20230223170555_foro_ucr_rauch.jpg","keywords":["el FIM - cud - coparticipaci\u00f3n"],"articleSection":["C1 N4"],"inLanguage":"es"},{"@type":"WebPage","@id":"https:\/\/infoecos.com.ar\/index.php\/se-reunieron-los-intendentes-radicales-en-rauch-se-habla-de-asistencia-perfecta\/","url":"https:\/\/infoecos.com.ar\/index.php\/se-reunieron-los-intendentes-radicales-en-rauch-se-habla-de-asistencia-perfecta\/","name":"Se reunieron los intendentes radicales en Rauch: consideran que hubo asistencia perfecta - Infoecos","isPartOf":{"@id":"https:\/\/infoecos.com.ar\/#website"},"primaryImageOfPage":{"@id":"https:\/\/infoecos.com.ar\/index.php\/se-reunieron-los-intendentes-radicales-en-rauch-se-habla-de-asistencia-perfecta\/#primaryimage"},"image":{"@id":"https:\/\/infoecos.com.ar\/index.php\/se-reunieron-los-intendentes-radicales-en-rauch-se-habla-de-asistencia-perfecta\/#primaryimage"},"thumbnailUrl":"https:\/\/infoecos.com.ar\/wp-content\/uploads\/2023\/02\/20230223170555_foro_ucr_rauch.jpg","datePublished":"2023-02-23T22:01:14+00:00","dateModified":"2023-02-26T17:15:00+00:00","breadcrumb":{"@id":"https:\/\/infoecos.com.ar\/index.php\/se-reunieron-los-intendentes-radicales-en-rauch-se-habla-de-asistencia-perfecta\/#breadcrumb"},"inLanguage":"es","potentialAction":[{"@type":"ReadAction","target":["https:\/\/infoecos.com.ar\/index.php\/se-reunieron-los-intendentes-radicales-en-rauch-se-habla-de-asistencia-perfecta\/"]}]},{"@type":"ImageObject","inLanguage":"es","@id":"https:\/\/infoecos.com.ar\/index.php\/se-reunieron-los-intendentes-radicales-en-rauch-se-habla-de-asistencia-perfecta\/#primaryimage","url":"https:\/\/infoecos.com.ar\/wp-content\/uploads\/2023\/02\/20230223170555_foro_ucr_rauch.jpg","contentUrl":"https:\/\/infoecos.com.ar\/wp-content\/uploads\/2023\/02\/20230223170555_foro_ucr_rauch.jpg","width":880,"height":586},{"@type":"BreadcrumbList","@id":"https:\/\/infoecos.com.ar\/index.php\/se-reunieron-los-intendentes-radicales-en-rauch-se-habla-de-asistencia-perfecta\/#breadcrumb","itemListElement":[{"@type":"ListItem","position":1,"name":"Portada","item":"https:\/\/infoecos.com.ar\/"},{"@type":"ListItem","position":2,"name":"Se reunieron los intendentes radicales en Rauch: consideran que hubo asistencia perfecta"}]},{"@type":"WebSite","@id":"https:\/\/infoecos.com.ar\/#website","url":"https:\/\/infoecos.com.ar\/","name":"Infoecos","description":"Noticias de trenque lauquen y la zona","publisher":{"@id":"https:\/\/infoecos.com.ar\/#organization"},"alternateName":"Noticias","potentialAction":[{"@type":"SearchAction","target":{"@type":"EntryPoint","urlTemplate":"https:\/\/infoecos.com.ar\/?s={search_term_string}"},"query-input":{"@type":"PropertyValueSpecification","valueRequired":true,"valueName":"search_term_string"}}],"inLanguage":"es"},{"@type":"Organization","@id":"https:\/\/infoecos.com.ar\/#organization","name":"Infoecos","alternateName":"Noticias","url":"https:\/\/infoecos.com.ar\/","logo":{"@type":"ImageObject","inLanguage":"es","@id":"https:\/\/infoecos.com.ar\/#\/schema\/logo\/image\/","url":"https:\/\/infoecos.com.ar\/wp-content\/uploads\/2024\/03\/cropped-logo.png","contentUrl":"https:\/\/infoecos.com.ar\/wp-content\/uploads\/2024\/03\/cropped-logo.png","width":374,"height":90,"caption":"Infoecos"},"image":{"@id":"https:\/\/infoecos.com.ar\/#\/schema\/logo\/image\/"},"sameAs":["https:\/\/www.facebook.com\/profile.php?id=100063200290284","https:\/\/x.com\/infoecos"]},{"@type":"Person","@id":"https:\/\/infoecos.com.ar\/#\/schema\/person\/8f5ace5ce73b4b4aac4b7245aee6f191","name":"Jorge Matheus","url":"https:\/\/infoecos.com.ar\/index.php\/author\/jomatheus\/"}]}},"featured_image_urls":{"full":["https:\/\/infoecos.com.ar\/wp-content\/uploads\/2023\/02\/20230223170555_foro_ucr_rauch.jpg",880,586,false],"thumbnail":["https:\/\/infoecos.com.ar\/wp-content\/uploads\/2023\/02\/20230223170555_foro_ucr_rauch-300x150.jpg",300,150,true],"medium":["https:\/\/infoecos.com.ar\/wp-content\/uploads\/2023\/02\/20230223170555_foro_ucr_rauch-800x533.jpg",800,533,true],"medium_large":["https:\/\/infoecos.com.ar\/wp-content\/uploads\/2023\/02\/20230223170555_foro_ucr_rauch-768x511.jpg",640,426,true],"large":["https:\/\/infoecos.com.ar\/wp-content\/uploads\/2023\/02\/20230223170555_foro_ucr_rauch.jpg",640,426,false],"1536x1536":["https:\/\/infoecos.com.ar\/wp-content\/uploads\/2023\/02\/20230223170555_foro_ucr_rauch.jpg",880,586,false],"2048x2048":["https:\/\/infoecos.com.ar\/wp-content\/uploads\/2023\/02\/20230223170555_foro_ucr_rauch.jpg",880,586,false],"covernews-slider-full":["https:\/\/infoecos.com.ar\/wp-content\/uploads\/2023\/02\/20230223170555_foro_ucr_rauch.jpg",880,586,false],"covernews-slider-center":["https:\/\/infoecos.com.ar\/wp-content\/uploads\/2023\/02\/20230223170555_foro_ucr_rauch.jpg",751,500,false],"covernews-featured":["https:\/\/infoecos.com.ar\/wp-content\/uploads\/2023\/02\/20230223170555_foro_ucr_rauch.jpg",880,586,false],"covernews-medium":["https:\/\/infoecos.com.ar\/wp-content\/uploads\/2023\/02\/20230223170555_foro_ucr_rauch-720x380.jpg",540,285,true],"covernews-medium-square":["https:\/\/infoecos.com.ar\/wp-content\/uploads\/2023\/02\/20230223170555_foro_ucr_rauch-675x450.jpg",375,250,true]},"author_info":{"info":["Jorge Matheus"]},"category_info":"<a href=\"https:\/\/infoecos.com.ar\/index.php\/category\/c1nota4\/\" rel=\"category tag\">C1 N4<\/a>","tag_info":"C1 N4","comment_count":"0","_links":{"self":[{"href":"https:\/\/infoecos.com.ar\/index.php\/wp-json\/wp\/v2\/posts\/102225"}],"collection":[{"href":"https:\/\/infoecos.com.ar\/index.php\/wp-json\/wp\/v2\/posts"}],"about":[{"href":"https:\/\/infoecos.com.ar\/index.php\/wp-json\/wp\/v2\/types\/post"}],"author":[{"embeddable":true,"href":"https:\/\/infoecos.com.ar\/index.php\/wp-json\/wp\/v2\/users\/2"}],"replies":[{"embeddable":true,"href":"https:\/\/infoecos.com.ar\/index.php\/wp-json\/wp\/v2\/comments?post=102225"}],"version-history":[{"count":2,"href":"https:\/\/infoecos.com.ar\/index.php\/wp-json\/wp\/v2\/posts\/102225\/revisions"}],"predecessor-version":[{"id":102233,"href":"https:\/\/infoecos.com.ar\/index.php\/wp-json\/wp\/v2\/posts\/102225\/revisions\/102233"}],"wp:featuredmedia":[{"embeddable":true,"href":"https:\/\/infoecos.com.ar\/index.php\/wp-json\/wp\/v2\/media\/102226"}],"wp:attachment":[{"href":"https:\/\/infoecos.com.ar\/index.php\/wp-json\/wp\/v2\/media?parent=102225"}],"wp:term":[{"taxonomy":"category","embeddable":true,"href":"https:\/\/infoecos.com.ar\/index.php\/wp-json\/wp\/v2\/categories?post=102225"},{"taxonomy":"post_tag","embeddable":true,"href":"https:\/\/infoecos.com.ar\/index.php\/wp-json\/wp\/v2\/tags?post=102225"}],"curies":[{"name":"wp","href":"https:\/\/api.w.org\/{rel}","templated":true}]}}