{"id":102244,"date":"2023-02-24T01:24:10","date_gmt":"2023-02-24T04:24:10","guid":{"rendered":"https:\/\/infoecos.com.ar\/?p=102244"},"modified":"2023-03-01T03:18:25","modified_gmt":"2023-03-01T06:18:25","slug":"porque-en-america-si-y-en-trenque-lauquen-como-otros-distritos-nada","status":"publish","type":"post","link":"https:\/\/infoecos.com.ar\/index.php\/porque-en-america-si-y-en-trenque-lauquen-como-otros-distritos-nada\/","title":{"rendered":"Porque en Am\u00e9rica, si&#8230;y en Trenque Lauquen, como otros distritos, nada"},"content":{"rendered":"\n<p>En el transcurso de la semana, luego de constatar la falta por ruidos molestos y maniobras peligrosas llevadas adelante por motociclistas que circulaban por la v\u00eda p\u00fablica, se procedi\u00f3 a realizar 2 allanamientos, ambos requeridos por la Guardia Urbana Municipal de Rivadavia, los cuales arrojaron resultado positivo. Asi comienza la informaci\u00f3n publicada por el sitio masternews.com.ar, relacionada con el empe\u00f1o de ordenar el comportamiento de los conductores de motos.<\/p>\n\n\n\n<figure class=\"wp-block-image alignright size-full is-resized\"><img loading=\"lazy\" decoding=\"async\" src=\"https:\/\/infoecos.com.ar\/wp-content\/uploads\/2023\/02\/image-138.png\" alt=\"\" class=\"wp-image-102245\" width=\"408\" height=\"306\"\/><\/figure>\n\n\n\n<p>En el transcurso de la semana, luego de constatar la falta por ruidos molestos y maniobras peligrosas llevadas adelante por motociclistas que circulaban por la v\u00eda p\u00fablica, se procedi\u00f3 a realizar dos allanamientos, ambos requeridos por la Guardia Urbana Municipal, los cuales arrojaron resultado positivo.<\/p>\n\n\n\n<p>Los veh\u00edculos fueron secuestrados y puestos a disposici\u00f3n del juzgado de faltas municipal. A los efectos de su retiro deber\u00e1n quedar normalizados, decomisando los ca\u00f1os de escape antirreglamentarios y colocando los dispositivos originales.<\/p>\n\n\n\n<p>En caso de que los veh\u00edculos no fueran normalizados y retirados en el tiempo reglamentario, se proceder\u00e1 a su destrucci\u00f3n, de acuerdo a lo que ordena la normativa local.<\/p>\n\n\n\n<p><\/p>\n","protected":false},"excerpt":{"rendered":"<p>Se procedi\u00f3 a realizar dos allanamientos, ambos requeridos por la Guardia Urbana Municipal, los cuales arrojaron resultado positivo<\/p>\n","protected":false},"author":2,"featured_media":102245,"comment_status":"closed","ping_status":"open","sticky":false,"template":"","format":"standard","meta":{"footnotes":""},"categories":[199],"tags":[7404],"class_list":["post-102244","post","type-post","status-publish","format-standard","has-post-thumbnail","hentry","category-inferior7","tag-motos-allanamientos-y-secuestro"],"yoast_head":"<!-- This site is optimized with the Yoast SEO plugin v23.4 - https:\/\/yoast.com\/wordpress\/plugins\/seo\/ -->\n<title>Porque en Am\u00e9rica, si...y en Trenque Lauquen, como otros distritos, nada - Infoecos<\/title>\n<meta name=\"robots\" content=\"index, follow, max-snippet:-1, max-image-preview:large, max-video-preview:-1\" \/>\n<link rel=\"canonical\" href=\"https:\/\/infoecos.com.ar\/index.php\/porque-en-america-si-y-en-trenque-lauquen-como-otros-distritos-nada\/\" \/>\n<meta property=\"og:locale\" content=\"es_ES\" \/>\n<meta property=\"og:type\" content=\"article\" \/>\n<meta property=\"og:title\" content=\"Porque en Am\u00e9rica, si...y en Trenque Lauquen, como otros distritos, nada - Infoecos\" \/>\n<meta property=\"og:description\" content=\"Se procedi\u00f3 a realizar dos allanamientos, ambos requeridos por la Guardia Urbana Municipal, los cuales arrojaron resultado positivo\" \/>\n<meta property=\"og:url\" content=\"https:\/\/infoecos.com.ar\/index.php\/porque-en-america-si-y-en-trenque-lauquen-como-otros-distritos-nada\/\" \/>\n<meta property=\"og:site_name\" content=\"Infoecos\" \/>\n<meta property=\"article:publisher\" content=\"https:\/\/www.facebook.com\/profile.php?id=100063200290284\" \/>\n<meta property=\"article:published_time\" content=\"2023-02-24T04:24:10+00:00\" \/>\n<meta property=\"article:modified_time\" content=\"2023-03-01T06:18:25+00:00\" \/>\n<meta property=\"og:image\" content=\"https:\/\/infoecos.com.ar\/wp-content\/uploads\/2023\/02\/image-138.png\" \/>\n\t<meta property=\"og:image:width\" content=\"768\" \/>\n\t<meta property=\"og:image:height\" content=\"576\" \/>\n\t<meta property=\"og:image:type\" content=\"image\/png\" \/>\n<meta name=\"author\" content=\"Jorge Matheus\" \/>\n<meta name=\"twitter:card\" content=\"summary_large_image\" \/>\n<meta name=\"twitter:creator\" content=\"@infoecos\" \/>\n<meta name=\"twitter:site\" content=\"@infoecos\" \/>\n<meta name=\"twitter:label1\" content=\"Escrito por\" \/>\n\t<meta name=\"twitter:data1\" content=\"Jorge Matheus\" \/>\n\t<meta name=\"twitter:label2\" content=\"Tiempo de lectura\" \/>\n\t<meta name=\"twitter:data2\" content=\"2 minutos\" \/>\n<script type=\"application\/ld+json\" class=\"yoast-schema-graph\">{\"@context\":\"https:\/\/schema.org\",\"@graph\":[{\"@type\":\"Article\",\"@id\":\"https:\/\/infoecos.com.ar\/index.php\/porque-en-america-si-y-en-trenque-lauquen-como-otros-distritos-nada\/#article\",\"isPartOf\":{\"@id\":\"https:\/\/infoecos.com.ar\/index.php\/porque-en-america-si-y-en-trenque-lauquen-como-otros-distritos-nada\/\"},\"author\":{\"name\":\"Jorge Matheus\",\"@id\":\"https:\/\/infoecos.com.ar\/#\/schema\/person\/8f5ace5ce73b4b4aac4b7245aee6f191\"},\"headline\":\"Porque en Am\u00e9rica, si&#8230;y en Trenque Lauquen, como otros distritos, nada\",\"datePublished\":\"2023-02-24T04:24:10+00:00\",\"dateModified\":\"2023-03-01T06:18:25+00:00\",\"mainEntityOfPage\":{\"@id\":\"https:\/\/infoecos.com.ar\/index.php\/porque-en-america-si-y-en-trenque-lauquen-como-otros-distritos-nada\/\"},\"wordCount\":202,\"publisher\":{\"@id\":\"https:\/\/infoecos.com.ar\/#organization\"},\"image\":{\"@id\":\"https:\/\/infoecos.com.ar\/index.php\/porque-en-america-si-y-en-trenque-lauquen-como-otros-distritos-nada\/#primaryimage\"},\"thumbnailUrl\":\"https:\/\/infoecos.com.ar\/wp-content\/uploads\/2023\/02\/image-138.png\",\"keywords\":[\"MOTOS: ALLANAMIENTOS Y SECUESTRO\"],\"articleSection\":[\"Bloque inferior - 7\"],\"inLanguage\":\"es\"},{\"@type\":\"WebPage\",\"@id\":\"https:\/\/infoecos.com.ar\/index.php\/porque-en-america-si-y-en-trenque-lauquen-como-otros-distritos-nada\/\",\"url\":\"https:\/\/infoecos.com.ar\/index.php\/porque-en-america-si-y-en-trenque-lauquen-como-otros-distritos-nada\/\",\"name\":\"Porque en Am\u00e9rica, si...y en Trenque Lauquen, como otros distritos, nada - Infoecos\",\"isPartOf\":{\"@id\":\"https:\/\/infoecos.com.ar\/#website\"},\"primaryImageOfPage\":{\"@id\":\"https:\/\/infoecos.com.ar\/index.php\/porque-en-america-si-y-en-trenque-lauquen-como-otros-distritos-nada\/#primaryimage\"},\"image\":{\"@id\":\"https:\/\/infoecos.com.ar\/index.php\/porque-en-america-si-y-en-trenque-lauquen-como-otros-distritos-nada\/#primaryimage\"},\"thumbnailUrl\":\"https:\/\/infoecos.com.ar\/wp-content\/uploads\/2023\/02\/image-138.png\",\"datePublished\":\"2023-02-24T04:24:10+00:00\",\"dateModified\":\"2023-03-01T06:18:25+00:00\",\"breadcrumb\":{\"@id\":\"https:\/\/infoecos.com.ar\/index.php\/porque-en-america-si-y-en-trenque-lauquen-como-otros-distritos-nada\/#breadcrumb\"},\"inLanguage\":\"es\",\"potentialAction\":[{\"@type\":\"ReadAction\",\"target\":[\"https:\/\/infoecos.com.ar\/index.php\/porque-en-america-si-y-en-trenque-lauquen-como-otros-distritos-nada\/\"]}]},{\"@type\":\"ImageObject\",\"inLanguage\":\"es\",\"@id\":\"https:\/\/infoecos.com.ar\/index.php\/porque-en-america-si-y-en-trenque-lauquen-como-otros-distritos-nada\/#primaryimage\",\"url\":\"https:\/\/infoecos.com.ar\/wp-content\/uploads\/2023\/02\/image-138.png\",\"contentUrl\":\"https:\/\/infoecos.com.ar\/wp-content\/uploads\/2023\/02\/image-138.png\",\"width\":768,\"height\":576},{\"@type\":\"BreadcrumbList\",\"@id\":\"https:\/\/infoecos.com.ar\/index.php\/porque-en-america-si-y-en-trenque-lauquen-como-otros-distritos-nada\/#breadcrumb\",\"itemListElement\":[{\"@type\":\"ListItem\",\"position\":1,\"name\":\"Portada\",\"item\":\"https:\/\/infoecos.com.ar\/\"},{\"@type\":\"ListItem\",\"position\":2,\"name\":\"Porque en Am\u00e9rica, si&#8230;y en Trenque Lauquen, como otros distritos, nada\"}]},{\"@type\":\"WebSite\",\"@id\":\"https:\/\/infoecos.com.ar\/#website\",\"url\":\"https:\/\/infoecos.com.ar\/\",\"name\":\"Infoecos\",\"description\":\"Noticias de trenque lauquen y la zona\",\"publisher\":{\"@id\":\"https:\/\/infoecos.com.ar\/#organization\"},\"alternateName\":\"Noticias\",\"potentialAction\":[{\"@type\":\"SearchAction\",\"target\":{\"@type\":\"EntryPoint\",\"urlTemplate\":\"https:\/\/infoecos.com.ar\/?s={search_term_string}\"},\"query-input\":{\"@type\":\"PropertyValueSpecification\",\"valueRequired\":true,\"valueName\":\"search_term_string\"}}],\"inLanguage\":\"es\"},{\"@type\":\"Organization\",\"@id\":\"https:\/\/infoecos.com.ar\/#organization\",\"name\":\"Infoecos\",\"alternateName\":\"Noticias\",\"url\":\"https:\/\/infoecos.com.ar\/\",\"logo\":{\"@type\":\"ImageObject\",\"inLanguage\":\"es\",\"@id\":\"https:\/\/infoecos.com.ar\/#\/schema\/logo\/image\/\",\"url\":\"https:\/\/infoecos.com.ar\/wp-content\/uploads\/2024\/03\/cropped-logo.png\",\"contentUrl\":\"https:\/\/infoecos.com.ar\/wp-content\/uploads\/2024\/03\/cropped-logo.png\",\"width\":374,\"height\":90,\"caption\":\"Infoecos\"},\"image\":{\"@id\":\"https:\/\/infoecos.com.ar\/#\/schema\/logo\/image\/\"},\"sameAs\":[\"https:\/\/www.facebook.com\/profile.php?id=100063200290284\",\"https:\/\/x.com\/infoecos\"]},{\"@type\":\"Person\",\"@id\":\"https:\/\/infoecos.com.ar\/#\/schema\/person\/8f5ace5ce73b4b4aac4b7245aee6f191\",\"name\":\"Jorge Matheus\",\"url\":\"https:\/\/infoecos.com.ar\/index.php\/author\/jomatheus\/\"}]}<\/script>\n<!-- \/ Yoast SEO plugin. -->","yoast_head_json":{"title":"Porque en Am\u00e9rica, si...y en Trenque Lauquen, como otros distritos, nada - Infoecos","robots":{"index":"index","follow":"follow","max-snippet":"max-snippet:-1","max-image-preview":"max-image-preview:large","max-video-preview":"max-video-preview:-1"},"canonical":"https:\/\/infoecos.com.ar\/index.php\/porque-en-america-si-y-en-trenque-lauquen-como-otros-distritos-nada\/","og_locale":"es_ES","og_type":"article","og_title":"Porque en Am\u00e9rica, si...y en Trenque Lauquen, como otros distritos, nada - Infoecos","og_description":"Se procedi\u00f3 a realizar dos allanamientos, ambos requeridos por la Guardia Urbana Municipal, los cuales arrojaron resultado positivo","og_url":"https:\/\/infoecos.com.ar\/index.php\/porque-en-america-si-y-en-trenque-lauquen-como-otros-distritos-nada\/","og_site_name":"Infoecos","article_publisher":"https:\/\/www.facebook.com\/profile.php?id=100063200290284","article_published_time":"2023-02-24T04:24:10+00:00","article_modified_time":"2023-03-01T06:18:25+00:00","og_image":[{"width":768,"height":576,"url":"https:\/\/infoecos.com.ar\/wp-content\/uploads\/2023\/02\/image-138.png","type":"image\/png"}],"author":"Jorge Matheus","twitter_card":"summary_large_image","twitter_creator":"@infoecos","twitter_site":"@infoecos","twitter_misc":{"Escrito por":"Jorge Matheus","Tiempo de lectura":"2 minutos"},"schema":{"@context":"https:\/\/schema.org","@graph":[{"@type":"Article","@id":"https:\/\/infoecos.com.ar\/index.php\/porque-en-america-si-y-en-trenque-lauquen-como-otros-distritos-nada\/#article","isPartOf":{"@id":"https:\/\/infoecos.com.ar\/index.php\/porque-en-america-si-y-en-trenque-lauquen-como-otros-distritos-nada\/"},"author":{"name":"Jorge Matheus","@id":"https:\/\/infoecos.com.ar\/#\/schema\/person\/8f5ace5ce73b4b4aac4b7245aee6f191"},"headline":"Porque en Am\u00e9rica, si&#8230;y en Trenque Lauquen, como otros distritos, nada","datePublished":"2023-02-24T04:24:10+00:00","dateModified":"2023-03-01T06:18:25+00:00","mainEntityOfPage":{"@id":"https:\/\/infoecos.com.ar\/index.php\/porque-en-america-si-y-en-trenque-lauquen-como-otros-distritos-nada\/"},"wordCount":202,"publisher":{"@id":"https:\/\/infoecos.com.ar\/#organization"},"image":{"@id":"https:\/\/infoecos.com.ar\/index.php\/porque-en-america-si-y-en-trenque-lauquen-como-otros-distritos-nada\/#primaryimage"},"thumbnailUrl":"https:\/\/infoecos.com.ar\/wp-content\/uploads\/2023\/02\/image-138.png","keywords":["MOTOS: ALLANAMIENTOS Y SECUESTRO"],"articleSection":["Bloque inferior - 7"],"inLanguage":"es"},{"@type":"WebPage","@id":"https:\/\/infoecos.com.ar\/index.php\/porque-en-america-si-y-en-trenque-lauquen-como-otros-distritos-nada\/","url":"https:\/\/infoecos.com.ar\/index.php\/porque-en-america-si-y-en-trenque-lauquen-como-otros-distritos-nada\/","name":"Porque en Am\u00e9rica, si...y en Trenque Lauquen, como otros distritos, nada - Infoecos","isPartOf":{"@id":"https:\/\/infoecos.com.ar\/#website"},"primaryImageOfPage":{"@id":"https:\/\/infoecos.com.ar\/index.php\/porque-en-america-si-y-en-trenque-lauquen-como-otros-distritos-nada\/#primaryimage"},"image":{"@id":"https:\/\/infoecos.com.ar\/index.php\/porque-en-america-si-y-en-trenque-lauquen-como-otros-distritos-nada\/#primaryimage"},"thumbnailUrl":"https:\/\/infoecos.com.ar\/wp-content\/uploads\/2023\/02\/image-138.png","datePublished":"2023-02-24T04:24:10+00:00","dateModified":"2023-03-01T06:18:25+00:00","breadcrumb":{"@id":"https:\/\/infoecos.com.ar\/index.php\/porque-en-america-si-y-en-trenque-lauquen-como-otros-distritos-nada\/#breadcrumb"},"inLanguage":"es","potentialAction":[{"@type":"ReadAction","target":["https:\/\/infoecos.com.ar\/index.php\/porque-en-america-si-y-en-trenque-lauquen-como-otros-distritos-nada\/"]}]},{"@type":"ImageObject","inLanguage":"es","@id":"https:\/\/infoecos.com.ar\/index.php\/porque-en-america-si-y-en-trenque-lauquen-como-otros-distritos-nada\/#primaryimage","url":"https:\/\/infoecos.com.ar\/wp-content\/uploads\/2023\/02\/image-138.png","contentUrl":"https:\/\/infoecos.com.ar\/wp-content\/uploads\/2023\/02\/image-138.png","width":768,"height":576},{"@type":"BreadcrumbList","@id":"https:\/\/infoecos.com.ar\/index.php\/porque-en-america-si-y-en-trenque-lauquen-como-otros-distritos-nada\/#breadcrumb","itemListElement":[{"@type":"ListItem","position":1,"name":"Portada","item":"https:\/\/infoecos.com.ar\/"},{"@type":"ListItem","position":2,"name":"Porque en Am\u00e9rica, si&#8230;y en Trenque Lauquen, como otros distritos, nada"}]},{"@type":"WebSite","@id":"https:\/\/infoecos.com.ar\/#website","url":"https:\/\/infoecos.com.ar\/","name":"Infoecos","description":"Noticias de trenque lauquen y la zona","publisher":{"@id":"https:\/\/infoecos.com.ar\/#organization"},"alternateName":"Noticias","potentialAction":[{"@type":"SearchAction","target":{"@type":"EntryPoint","urlTemplate":"https:\/\/infoecos.com.ar\/?s={search_term_string}"},"query-input":{"@type":"PropertyValueSpecification","valueRequired":true,"valueName":"search_term_string"}}],"inLanguage":"es"},{"@type":"Organization","@id":"https:\/\/infoecos.com.ar\/#organization","name":"Infoecos","alternateName":"Noticias","url":"https:\/\/infoecos.com.ar\/","logo":{"@type":"ImageObject","inLanguage":"es","@id":"https:\/\/infoecos.com.ar\/#\/schema\/logo\/image\/","url":"https:\/\/infoecos.com.ar\/wp-content\/uploads\/2024\/03\/cropped-logo.png","contentUrl":"https:\/\/infoecos.com.ar\/wp-content\/uploads\/2024\/03\/cropped-logo.png","width":374,"height":90,"caption":"Infoecos"},"image":{"@id":"https:\/\/infoecos.com.ar\/#\/schema\/logo\/image\/"},"sameAs":["https:\/\/www.facebook.com\/profile.php?id=100063200290284","https:\/\/x.com\/infoecos"]},{"@type":"Person","@id":"https:\/\/infoecos.com.ar\/#\/schema\/person\/8f5ace5ce73b4b4aac4b7245aee6f191","name":"Jorge Matheus","url":"https:\/\/infoecos.com.ar\/index.php\/author\/jomatheus\/"}]}},"featured_image_urls":{"full":["https:\/\/infoecos.com.ar\/wp-content\/uploads\/2023\/02\/image-138.png",768,576,false],"thumbnail":["https:\/\/infoecos.com.ar\/wp-content\/uploads\/2023\/02\/image-138-300x150.png",300,150,true],"medium":["https:\/\/infoecos.com.ar\/wp-content\/uploads\/2023\/02\/image-138.png",768,576,false],"medium_large":["https:\/\/infoecos.com.ar\/wp-content\/uploads\/2023\/02\/image-138.png",640,480,false],"large":["https:\/\/infoecos.com.ar\/wp-content\/uploads\/2023\/02\/image-138.png",640,480,false],"1536x1536":["https:\/\/infoecos.com.ar\/wp-content\/uploads\/2023\/02\/image-138.png",768,576,false],"2048x2048":["https:\/\/infoecos.com.ar\/wp-content\/uploads\/2023\/02\/image-138.png",768,576,false],"covernews-slider-full":["https:\/\/infoecos.com.ar\/wp-content\/uploads\/2023\/02\/image-138.png",768,576,false],"covernews-slider-center":["https:\/\/infoecos.com.ar\/wp-content\/uploads\/2023\/02\/image-138.png",667,500,false],"covernews-featured":["https:\/\/infoecos.com.ar\/wp-content\/uploads\/2023\/02\/image-138.png",768,576,false],"covernews-medium":["https:\/\/infoecos.com.ar\/wp-content\/uploads\/2023\/02\/image-138-720x380.png",540,285,true],"covernews-medium-square":["https:\/\/infoecos.com.ar\/wp-content\/uploads\/2023\/02\/image-138-675x450.png",375,250,true]},"author_info":{"info":["Jorge Matheus"]},"category_info":"<a href=\"https:\/\/infoecos.com.ar\/index.php\/category\/inferior7\/\" rel=\"category tag\">Bloque inferior - 7<\/a>","tag_info":"Bloque inferior - 7","comment_count":"0","_links":{"self":[{"href":"https:\/\/infoecos.com.ar\/index.php\/wp-json\/wp\/v2\/posts\/102244"}],"collection":[{"href":"https:\/\/infoecos.com.ar\/index.php\/wp-json\/wp\/v2\/posts"}],"about":[{"href":"https:\/\/infoecos.com.ar\/index.php\/wp-json\/wp\/v2\/types\/post"}],"author":[{"embeddable":true,"href":"https:\/\/infoecos.com.ar\/index.php\/wp-json\/wp\/v2\/users\/2"}],"replies":[{"embeddable":true,"href":"https:\/\/infoecos.com.ar\/index.php\/wp-json\/wp\/v2\/comments?post=102244"}],"version-history":[{"count":1,"href":"https:\/\/infoecos.com.ar\/index.php\/wp-json\/wp\/v2\/posts\/102244\/revisions"}],"predecessor-version":[{"id":102246,"href":"https:\/\/infoecos.com.ar\/index.php\/wp-json\/wp\/v2\/posts\/102244\/revisions\/102246"}],"wp:featuredmedia":[{"embeddable":true,"href":"https:\/\/infoecos.com.ar\/index.php\/wp-json\/wp\/v2\/media\/102245"}],"wp:attachment":[{"href":"https:\/\/infoecos.com.ar\/index.php\/wp-json\/wp\/v2\/media?parent=102244"}],"wp:term":[{"taxonomy":"category","embeddable":true,"href":"https:\/\/infoecos.com.ar\/index.php\/wp-json\/wp\/v2\/categories?post=102244"},{"taxonomy":"post_tag","embeddable":true,"href":"https:\/\/infoecos.com.ar\/index.php\/wp-json\/wp\/v2\/tags?post=102244"}],"curies":[{"name":"wp","href":"https:\/\/api.w.org\/{rel}","templated":true}]}}