{"id":102247,"date":"2023-02-24T01:34:15","date_gmt":"2023-02-24T04:34:15","guid":{"rendered":"https:\/\/infoecos.com.ar\/?p=102247"},"modified":"2023-02-24T01:34:15","modified_gmt":"2023-02-24T04:34:15","slug":"secuelas-del-caso-lucio-en-la-pampa-los-preceptores-intervendran-en-la-deteccion-de-vulnerabilidad","status":"publish","type":"post","link":"https:\/\/infoecos.com.ar\/index.php\/secuelas-del-caso-lucio-en-la-pampa-los-preceptores-intervendran-en-la-deteccion-de-vulnerabilidad\/","title":{"rendered":"Secuelas del caso Lucio en La Pampa: los preceptores intervendr\u00e1n en la detecci\u00f3n de vulnerabilidad"},"content":{"rendered":"\n<p>El Ministerio de Educaci\u00f3n de La Pampa modific\u00f3 las funciones del maestro-preceptor de los jardines de infantes, agregando el cambio de pa\u00f1ales y la higiene.\u00a0<\/p>\n\n\n\n<p>Las nuevas funciones incluyen que los preceptores intervengan en la detecci\u00f3n de vulnerabilidad de los ni\u00f1os y las ni\u00f1as, una secuela del caso de Lucio Dupuy. Tambi\u00e9n podr\u00e1n ser trasladados de escuela, y en el caso de los Jines que agrupan varios pueblos, podr\u00e1n ser trasladados a otra localidad.<\/p>\n\n\n\n<p>El cambio de pa\u00f1ales y la higiene de los ni\u00f1os y ni\u00f1as de jard\u00edn de infantes no estaba reglamentada. Aunque hace varios a\u00f1os -m\u00e1s de una d\u00e9cada- se realizaba en las salas de nivel inicial, la problem\u00e1tica de los casos de abuso, dej\u00f3 esa pr\u00e1ctica de lado.<\/p>\n\n\n\n<p>Ahora, con el lanzamiento de las salas de 3 a\u00f1os, el ministerio de Educaci\u00f3n se vio obligado a emitir una resoluci\u00f3n que incorporar esa funci\u00f3n a las que desarrolla el \u00abmaestro preceptor\u00bb, la figura del auxiliar docente en nivel inicial. La preceptora -en general son mujeres- entre sus funciones tiene que reemplazar a la docente titular en casa de ausencia.<\/p>\n\n\n\n<p>A trav\u00e9s de la resoluci\u00f3n 107\/23, el Ministerio de Educaci\u00f3n incorpor\u00f3 el cambio de pa\u00f1ales en las funciones del maestro-preceptor. En el art\u00edculo g) dice: \u00abAsistir a los ni\u00f1os y a las ni\u00f1as en la higiene y en el cambiado de pa\u00f1ales o ropa, realizar las acciones necesarias con el colectivo docente para garantizar el cuidado, la salud y la permanencia de los mismos en la instituci\u00f3n, asegurando as\u00ed el derecho a la educaci\u00f3n\u00bb.<\/p>\n\n\n\n<p>Este art\u00edculo, tambi\u00e9n compromete al \u00abcolectivo docente\u00bb en ese objetivo. La idea de las autoridades es que (en el futuro) esa funci\u00f3n tambi\u00e9n se incluya a las propias docentes a cargo de la sala.<\/p>\n\n\n\n<p>La anterior resoluci\u00f3n que establec\u00eda esas funciones era del a\u00f1o 2017. Comprend\u00eda siete art\u00edculos, de la a) a la g). Era la resoluci\u00f3n 150\/17.&nbsp;Pero la nueva resoluci\u00f3n, la 107\/23 incluye 16 art\u00edculos, de la a) a la p).<\/p>\n\n\n\n<p><strong>Fuente: eldiariodelapampa.com.ar<\/strong><\/p>\n","protected":false},"excerpt":{"rendered":"<p>A trav\u00e9s de la resoluci\u00f3n 107\/23, el Ministerio de Educaci\u00f3n incorpor\u00f3 el cambio de pa\u00f1ales en las funciones del maestro-preceptor<\/p>\n","protected":false},"author":2,"featured_media":81123,"comment_status":"closed","ping_status":"open","sticky":false,"template":"","format":"standard","meta":{"footnotes":""},"categories":[45],"tags":[7406],"class_list":["post-102247","post","type-post","status-publish","format-standard","has-post-thumbnail","hentry","category-c1nota2","tag-normativa-del-ministerio-de-educacion"],"yoast_head":"<!-- This site is optimized with the Yoast SEO plugin v23.4 - https:\/\/yoast.com\/wordpress\/plugins\/seo\/ -->\n<title>Secuelas del caso Lucio en La Pampa: los preceptores intervendr\u00e1n en la detecci\u00f3n de vulnerabilidad - Infoecos<\/title>\n<meta name=\"robots\" content=\"index, follow, max-snippet:-1, max-image-preview:large, max-video-preview:-1\" \/>\n<link rel=\"canonical\" href=\"https:\/\/infoecos.com.ar\/index.php\/secuelas-del-caso-lucio-en-la-pampa-los-preceptores-intervendran-en-la-deteccion-de-vulnerabilidad\/\" \/>\n<meta property=\"og:locale\" content=\"es_ES\" \/>\n<meta property=\"og:type\" content=\"article\" \/>\n<meta property=\"og:title\" content=\"Secuelas del caso Lucio en La Pampa: los preceptores intervendr\u00e1n en la detecci\u00f3n de vulnerabilidad - Infoecos\" \/>\n<meta property=\"og:description\" content=\"A trav\u00e9s de la resoluci\u00f3n 107\/23, el Ministerio de Educaci\u00f3n incorpor\u00f3 el cambio de pa\u00f1ales en las funciones del maestro-preceptor\" \/>\n<meta property=\"og:url\" content=\"https:\/\/infoecos.com.ar\/index.php\/secuelas-del-caso-lucio-en-la-pampa-los-preceptores-intervendran-en-la-deteccion-de-vulnerabilidad\/\" \/>\n<meta property=\"og:site_name\" content=\"Infoecos\" \/>\n<meta property=\"article:publisher\" content=\"https:\/\/www.facebook.com\/profile.php?id=100063200290284\" \/>\n<meta property=\"article:published_time\" content=\"2023-02-24T04:34:15+00:00\" \/>\n<meta property=\"og:image\" content=\"https:\/\/infoecos.com.ar\/wp-content\/uploads\/2021\/07\/provinciadeLapampa.jpg\" \/>\n\t<meta property=\"og:image:width\" content=\"550\" \/>\n\t<meta property=\"og:image:height\" content=\"311\" \/>\n\t<meta property=\"og:image:type\" content=\"image\/jpeg\" \/>\n<meta name=\"author\" content=\"Jorge Matheus\" \/>\n<meta name=\"twitter:card\" content=\"summary_large_image\" \/>\n<meta name=\"twitter:creator\" content=\"@infoecos\" \/>\n<meta name=\"twitter:site\" content=\"@infoecos\" \/>\n<meta name=\"twitter:label1\" content=\"Escrito por\" \/>\n\t<meta name=\"twitter:data1\" content=\"Jorge Matheus\" \/>\n\t<meta name=\"twitter:label2\" content=\"Tiempo de lectura\" \/>\n\t<meta name=\"twitter:data2\" content=\"2 minutos\" \/>\n<script type=\"application\/ld+json\" class=\"yoast-schema-graph\">{\"@context\":\"https:\/\/schema.org\",\"@graph\":[{\"@type\":\"Article\",\"@id\":\"https:\/\/infoecos.com.ar\/index.php\/secuelas-del-caso-lucio-en-la-pampa-los-preceptores-intervendran-en-la-deteccion-de-vulnerabilidad\/#article\",\"isPartOf\":{\"@id\":\"https:\/\/infoecos.com.ar\/index.php\/secuelas-del-caso-lucio-en-la-pampa-los-preceptores-intervendran-en-la-deteccion-de-vulnerabilidad\/\"},\"author\":{\"name\":\"Jorge Matheus\",\"@id\":\"https:\/\/infoecos.com.ar\/#\/schema\/person\/8f5ace5ce73b4b4aac4b7245aee6f191\"},\"headline\":\"Secuelas del caso Lucio en La Pampa: los preceptores intervendr\u00e1n en la detecci\u00f3n de vulnerabilidad\",\"datePublished\":\"2023-02-24T04:34:15+00:00\",\"dateModified\":\"2023-02-24T04:34:15+00:00\",\"mainEntityOfPage\":{\"@id\":\"https:\/\/infoecos.com.ar\/index.php\/secuelas-del-caso-lucio-en-la-pampa-los-preceptores-intervendran-en-la-deteccion-de-vulnerabilidad\/\"},\"wordCount\":387,\"publisher\":{\"@id\":\"https:\/\/infoecos.com.ar\/#organization\"},\"image\":{\"@id\":\"https:\/\/infoecos.com.ar\/index.php\/secuelas-del-caso-lucio-en-la-pampa-los-preceptores-intervendran-en-la-deteccion-de-vulnerabilidad\/#primaryimage\"},\"thumbnailUrl\":\"https:\/\/infoecos.com.ar\/wp-content\/uploads\/2021\/07\/provinciadeLapampa.jpg\",\"keywords\":[\"NORMATIVA DEL MINISTERIO DE EDUCACI\u00d3N\"],\"articleSection\":[\"C1 N2\"],\"inLanguage\":\"es\"},{\"@type\":\"WebPage\",\"@id\":\"https:\/\/infoecos.com.ar\/index.php\/secuelas-del-caso-lucio-en-la-pampa-los-preceptores-intervendran-en-la-deteccion-de-vulnerabilidad\/\",\"url\":\"https:\/\/infoecos.com.ar\/index.php\/secuelas-del-caso-lucio-en-la-pampa-los-preceptores-intervendran-en-la-deteccion-de-vulnerabilidad\/\",\"name\":\"Secuelas del caso Lucio en La Pampa: los preceptores intervendr\u00e1n en la detecci\u00f3n de vulnerabilidad - Infoecos\",\"isPartOf\":{\"@id\":\"https:\/\/infoecos.com.ar\/#website\"},\"primaryImageOfPage\":{\"@id\":\"https:\/\/infoecos.com.ar\/index.php\/secuelas-del-caso-lucio-en-la-pampa-los-preceptores-intervendran-en-la-deteccion-de-vulnerabilidad\/#primaryimage\"},\"image\":{\"@id\":\"https:\/\/infoecos.com.ar\/index.php\/secuelas-del-caso-lucio-en-la-pampa-los-preceptores-intervendran-en-la-deteccion-de-vulnerabilidad\/#primaryimage\"},\"thumbnailUrl\":\"https:\/\/infoecos.com.ar\/wp-content\/uploads\/2021\/07\/provinciadeLapampa.jpg\",\"datePublished\":\"2023-02-24T04:34:15+00:00\",\"dateModified\":\"2023-02-24T04:34:15+00:00\",\"breadcrumb\":{\"@id\":\"https:\/\/infoecos.com.ar\/index.php\/secuelas-del-caso-lucio-en-la-pampa-los-preceptores-intervendran-en-la-deteccion-de-vulnerabilidad\/#breadcrumb\"},\"inLanguage\":\"es\",\"potentialAction\":[{\"@type\":\"ReadAction\",\"target\":[\"https:\/\/infoecos.com.ar\/index.php\/secuelas-del-caso-lucio-en-la-pampa-los-preceptores-intervendran-en-la-deteccion-de-vulnerabilidad\/\"]}]},{\"@type\":\"ImageObject\",\"inLanguage\":\"es\",\"@id\":\"https:\/\/infoecos.com.ar\/index.php\/secuelas-del-caso-lucio-en-la-pampa-los-preceptores-intervendran-en-la-deteccion-de-vulnerabilidad\/#primaryimage\",\"url\":\"https:\/\/infoecos.com.ar\/wp-content\/uploads\/2021\/07\/provinciadeLapampa.jpg\",\"contentUrl\":\"https:\/\/infoecos.com.ar\/wp-content\/uploads\/2021\/07\/provinciadeLapampa.jpg\",\"width\":550,\"height\":311},{\"@type\":\"BreadcrumbList\",\"@id\":\"https:\/\/infoecos.com.ar\/index.php\/secuelas-del-caso-lucio-en-la-pampa-los-preceptores-intervendran-en-la-deteccion-de-vulnerabilidad\/#breadcrumb\",\"itemListElement\":[{\"@type\":\"ListItem\",\"position\":1,\"name\":\"Portada\",\"item\":\"https:\/\/infoecos.com.ar\/\"},{\"@type\":\"ListItem\",\"position\":2,\"name\":\"Secuelas del caso Lucio en La Pampa: los preceptores intervendr\u00e1n en la detecci\u00f3n de vulnerabilidad\"}]},{\"@type\":\"WebSite\",\"@id\":\"https:\/\/infoecos.com.ar\/#website\",\"url\":\"https:\/\/infoecos.com.ar\/\",\"name\":\"Infoecos\",\"description\":\"Noticias de trenque lauquen y la zona\",\"publisher\":{\"@id\":\"https:\/\/infoecos.com.ar\/#organization\"},\"alternateName\":\"Noticias\",\"potentialAction\":[{\"@type\":\"SearchAction\",\"target\":{\"@type\":\"EntryPoint\",\"urlTemplate\":\"https:\/\/infoecos.com.ar\/?s={search_term_string}\"},\"query-input\":{\"@type\":\"PropertyValueSpecification\",\"valueRequired\":true,\"valueName\":\"search_term_string\"}}],\"inLanguage\":\"es\"},{\"@type\":\"Organization\",\"@id\":\"https:\/\/infoecos.com.ar\/#organization\",\"name\":\"Infoecos\",\"alternateName\":\"Noticias\",\"url\":\"https:\/\/infoecos.com.ar\/\",\"logo\":{\"@type\":\"ImageObject\",\"inLanguage\":\"es\",\"@id\":\"https:\/\/infoecos.com.ar\/#\/schema\/logo\/image\/\",\"url\":\"https:\/\/infoecos.com.ar\/wp-content\/uploads\/2024\/03\/cropped-logo.png\",\"contentUrl\":\"https:\/\/infoecos.com.ar\/wp-content\/uploads\/2024\/03\/cropped-logo.png\",\"width\":374,\"height\":90,\"caption\":\"Infoecos\"},\"image\":{\"@id\":\"https:\/\/infoecos.com.ar\/#\/schema\/logo\/image\/\"},\"sameAs\":[\"https:\/\/www.facebook.com\/profile.php?id=100063200290284\",\"https:\/\/x.com\/infoecos\"]},{\"@type\":\"Person\",\"@id\":\"https:\/\/infoecos.com.ar\/#\/schema\/person\/8f5ace5ce73b4b4aac4b7245aee6f191\",\"name\":\"Jorge Matheus\",\"url\":\"https:\/\/infoecos.com.ar\/index.php\/author\/jomatheus\/\"}]}<\/script>\n<!-- \/ Yoast SEO plugin. -->","yoast_head_json":{"title":"Secuelas del caso Lucio en La Pampa: los preceptores intervendr\u00e1n en la detecci\u00f3n de vulnerabilidad - Infoecos","robots":{"index":"index","follow":"follow","max-snippet":"max-snippet:-1","max-image-preview":"max-image-preview:large","max-video-preview":"max-video-preview:-1"},"canonical":"https:\/\/infoecos.com.ar\/index.php\/secuelas-del-caso-lucio-en-la-pampa-los-preceptores-intervendran-en-la-deteccion-de-vulnerabilidad\/","og_locale":"es_ES","og_type":"article","og_title":"Secuelas del caso Lucio en La Pampa: los preceptores intervendr\u00e1n en la detecci\u00f3n de vulnerabilidad - Infoecos","og_description":"A trav\u00e9s de la resoluci\u00f3n 107\/23, el Ministerio de Educaci\u00f3n incorpor\u00f3 el cambio de pa\u00f1ales en las funciones del maestro-preceptor","og_url":"https:\/\/infoecos.com.ar\/index.php\/secuelas-del-caso-lucio-en-la-pampa-los-preceptores-intervendran-en-la-deteccion-de-vulnerabilidad\/","og_site_name":"Infoecos","article_publisher":"https:\/\/www.facebook.com\/profile.php?id=100063200290284","article_published_time":"2023-02-24T04:34:15+00:00","og_image":[{"width":550,"height":311,"url":"https:\/\/infoecos.com.ar\/wp-content\/uploads\/2021\/07\/provinciadeLapampa.jpg","type":"image\/jpeg"}],"author":"Jorge Matheus","twitter_card":"summary_large_image","twitter_creator":"@infoecos","twitter_site":"@infoecos","twitter_misc":{"Escrito por":"Jorge Matheus","Tiempo de lectura":"2 minutos"},"schema":{"@context":"https:\/\/schema.org","@graph":[{"@type":"Article","@id":"https:\/\/infoecos.com.ar\/index.php\/secuelas-del-caso-lucio-en-la-pampa-los-preceptores-intervendran-en-la-deteccion-de-vulnerabilidad\/#article","isPartOf":{"@id":"https:\/\/infoecos.com.ar\/index.php\/secuelas-del-caso-lucio-en-la-pampa-los-preceptores-intervendran-en-la-deteccion-de-vulnerabilidad\/"},"author":{"name":"Jorge Matheus","@id":"https:\/\/infoecos.com.ar\/#\/schema\/person\/8f5ace5ce73b4b4aac4b7245aee6f191"},"headline":"Secuelas del caso Lucio en La Pampa: los preceptores intervendr\u00e1n en la detecci\u00f3n de vulnerabilidad","datePublished":"2023-02-24T04:34:15+00:00","dateModified":"2023-02-24T04:34:15+00:00","mainEntityOfPage":{"@id":"https:\/\/infoecos.com.ar\/index.php\/secuelas-del-caso-lucio-en-la-pampa-los-preceptores-intervendran-en-la-deteccion-de-vulnerabilidad\/"},"wordCount":387,"publisher":{"@id":"https:\/\/infoecos.com.ar\/#organization"},"image":{"@id":"https:\/\/infoecos.com.ar\/index.php\/secuelas-del-caso-lucio-en-la-pampa-los-preceptores-intervendran-en-la-deteccion-de-vulnerabilidad\/#primaryimage"},"thumbnailUrl":"https:\/\/infoecos.com.ar\/wp-content\/uploads\/2021\/07\/provinciadeLapampa.jpg","keywords":["NORMATIVA DEL MINISTERIO DE EDUCACI\u00d3N"],"articleSection":["C1 N2"],"inLanguage":"es"},{"@type":"WebPage","@id":"https:\/\/infoecos.com.ar\/index.php\/secuelas-del-caso-lucio-en-la-pampa-los-preceptores-intervendran-en-la-deteccion-de-vulnerabilidad\/","url":"https:\/\/infoecos.com.ar\/index.php\/secuelas-del-caso-lucio-en-la-pampa-los-preceptores-intervendran-en-la-deteccion-de-vulnerabilidad\/","name":"Secuelas del caso Lucio en La Pampa: los preceptores intervendr\u00e1n en la detecci\u00f3n de vulnerabilidad - Infoecos","isPartOf":{"@id":"https:\/\/infoecos.com.ar\/#website"},"primaryImageOfPage":{"@id":"https:\/\/infoecos.com.ar\/index.php\/secuelas-del-caso-lucio-en-la-pampa-los-preceptores-intervendran-en-la-deteccion-de-vulnerabilidad\/#primaryimage"},"image":{"@id":"https:\/\/infoecos.com.ar\/index.php\/secuelas-del-caso-lucio-en-la-pampa-los-preceptores-intervendran-en-la-deteccion-de-vulnerabilidad\/#primaryimage"},"thumbnailUrl":"https:\/\/infoecos.com.ar\/wp-content\/uploads\/2021\/07\/provinciadeLapampa.jpg","datePublished":"2023-02-24T04:34:15+00:00","dateModified":"2023-02-24T04:34:15+00:00","breadcrumb":{"@id":"https:\/\/infoecos.com.ar\/index.php\/secuelas-del-caso-lucio-en-la-pampa-los-preceptores-intervendran-en-la-deteccion-de-vulnerabilidad\/#breadcrumb"},"inLanguage":"es","potentialAction":[{"@type":"ReadAction","target":["https:\/\/infoecos.com.ar\/index.php\/secuelas-del-caso-lucio-en-la-pampa-los-preceptores-intervendran-en-la-deteccion-de-vulnerabilidad\/"]}]},{"@type":"ImageObject","inLanguage":"es","@id":"https:\/\/infoecos.com.ar\/index.php\/secuelas-del-caso-lucio-en-la-pampa-los-preceptores-intervendran-en-la-deteccion-de-vulnerabilidad\/#primaryimage","url":"https:\/\/infoecos.com.ar\/wp-content\/uploads\/2021\/07\/provinciadeLapampa.jpg","contentUrl":"https:\/\/infoecos.com.ar\/wp-content\/uploads\/2021\/07\/provinciadeLapampa.jpg","width":550,"height":311},{"@type":"BreadcrumbList","@id":"https:\/\/infoecos.com.ar\/index.php\/secuelas-del-caso-lucio-en-la-pampa-los-preceptores-intervendran-en-la-deteccion-de-vulnerabilidad\/#breadcrumb","itemListElement":[{"@type":"ListItem","position":1,"name":"Portada","item":"https:\/\/infoecos.com.ar\/"},{"@type":"ListItem","position":2,"name":"Secuelas del caso Lucio en La Pampa: los preceptores intervendr\u00e1n en la detecci\u00f3n de vulnerabilidad"}]},{"@type":"WebSite","@id":"https:\/\/infoecos.com.ar\/#website","url":"https:\/\/infoecos.com.ar\/","name":"Infoecos","description":"Noticias de trenque lauquen y la zona","publisher":{"@id":"https:\/\/infoecos.com.ar\/#organization"},"alternateName":"Noticias","potentialAction":[{"@type":"SearchAction","target":{"@type":"EntryPoint","urlTemplate":"https:\/\/infoecos.com.ar\/?s={search_term_string}"},"query-input":{"@type":"PropertyValueSpecification","valueRequired":true,"valueName":"search_term_string"}}],"inLanguage":"es"},{"@type":"Organization","@id":"https:\/\/infoecos.com.ar\/#organization","name":"Infoecos","alternateName":"Noticias","url":"https:\/\/infoecos.com.ar\/","logo":{"@type":"ImageObject","inLanguage":"es","@id":"https:\/\/infoecos.com.ar\/#\/schema\/logo\/image\/","url":"https:\/\/infoecos.com.ar\/wp-content\/uploads\/2024\/03\/cropped-logo.png","contentUrl":"https:\/\/infoecos.com.ar\/wp-content\/uploads\/2024\/03\/cropped-logo.png","width":374,"height":90,"caption":"Infoecos"},"image":{"@id":"https:\/\/infoecos.com.ar\/#\/schema\/logo\/image\/"},"sameAs":["https:\/\/www.facebook.com\/profile.php?id=100063200290284","https:\/\/x.com\/infoecos"]},{"@type":"Person","@id":"https:\/\/infoecos.com.ar\/#\/schema\/person\/8f5ace5ce73b4b4aac4b7245aee6f191","name":"Jorge Matheus","url":"https:\/\/infoecos.com.ar\/index.php\/author\/jomatheus\/"}]}},"featured_image_urls":{"full":["https:\/\/infoecos.com.ar\/wp-content\/uploads\/2021\/07\/provinciadeLapampa.jpg",550,311,false],"thumbnail":["https:\/\/infoecos.com.ar\/wp-content\/uploads\/2021\/07\/provinciadeLapampa-150x150.jpg",150,150,true],"medium":["https:\/\/infoecos.com.ar\/wp-content\/uploads\/2021\/07\/provinciadeLapampa-460x260.jpg",460,260,true],"medium_large":["https:\/\/infoecos.com.ar\/wp-content\/uploads\/2021\/07\/provinciadeLapampa.jpg",550,311,false],"large":["https:\/\/infoecos.com.ar\/wp-content\/uploads\/2021\/07\/provinciadeLapampa.jpg",550,311,false],"1536x1536":["https:\/\/infoecos.com.ar\/wp-content\/uploads\/2021\/07\/provinciadeLapampa.jpg",550,311,false],"2048x2048":["https:\/\/infoecos.com.ar\/wp-content\/uploads\/2021\/07\/provinciadeLapampa.jpg",550,311,false],"covernews-slider-full":["https:\/\/infoecos.com.ar\/wp-content\/uploads\/2021\/07\/provinciadeLapampa.jpg",550,311,false],"covernews-slider-center":["https:\/\/infoecos.com.ar\/wp-content\/uploads\/2021\/07\/provinciadeLapampa.jpg",550,311,false],"covernews-featured":["https:\/\/infoecos.com.ar\/wp-content\/uploads\/2021\/07\/provinciadeLapampa.jpg",550,311,false],"covernews-medium":["https:\/\/infoecos.com.ar\/wp-content\/uploads\/2021\/07\/provinciadeLapampa.jpg",540,305,false],"covernews-medium-square":["https:\/\/infoecos.com.ar\/wp-content\/uploads\/2021\/07\/provinciadeLapampa.jpg",400,226,false]},"author_info":{"info":["Jorge Matheus"]},"category_info":"<a href=\"https:\/\/infoecos.com.ar\/index.php\/category\/c1nota2\/\" rel=\"category tag\">C1 N2<\/a>","tag_info":"C1 N2","comment_count":"0","_links":{"self":[{"href":"https:\/\/infoecos.com.ar\/index.php\/wp-json\/wp\/v2\/posts\/102247"}],"collection":[{"href":"https:\/\/infoecos.com.ar\/index.php\/wp-json\/wp\/v2\/posts"}],"about":[{"href":"https:\/\/infoecos.com.ar\/index.php\/wp-json\/wp\/v2\/types\/post"}],"author":[{"embeddable":true,"href":"https:\/\/infoecos.com.ar\/index.php\/wp-json\/wp\/v2\/users\/2"}],"replies":[{"embeddable":true,"href":"https:\/\/infoecos.com.ar\/index.php\/wp-json\/wp\/v2\/comments?post=102247"}],"version-history":[{"count":1,"href":"https:\/\/infoecos.com.ar\/index.php\/wp-json\/wp\/v2\/posts\/102247\/revisions"}],"predecessor-version":[{"id":102248,"href":"https:\/\/infoecos.com.ar\/index.php\/wp-json\/wp\/v2\/posts\/102247\/revisions\/102248"}],"wp:featuredmedia":[{"embeddable":true,"href":"https:\/\/infoecos.com.ar\/index.php\/wp-json\/wp\/v2\/media\/81123"}],"wp:attachment":[{"href":"https:\/\/infoecos.com.ar\/index.php\/wp-json\/wp\/v2\/media?parent=102247"}],"wp:term":[{"taxonomy":"category","embeddable":true,"href":"https:\/\/infoecos.com.ar\/index.php\/wp-json\/wp\/v2\/categories?post=102247"},{"taxonomy":"post_tag","embeddable":true,"href":"https:\/\/infoecos.com.ar\/index.php\/wp-json\/wp\/v2\/tags?post=102247"}],"curies":[{"name":"wp","href":"https:\/\/api.w.org\/{rel}","templated":true}]}}