{"id":102288,"date":"2023-02-26T11:04:42","date_gmt":"2023-02-26T14:04:42","guid":{"rendered":"https:\/\/infoecos.com.ar\/?p=102288"},"modified":"2023-03-01T03:16:51","modified_gmt":"2023-03-01T06:16:51","slug":"diario-textual-de-la-pampa-anticipa-que-se-inspeccionaran-las-vias-entre-pehuajo-y-general-pico","status":"publish","type":"post","link":"https:\/\/infoecos.com.ar\/index.php\/diario-textual-de-la-pampa-anticipa-que-se-inspeccionaran-las-vias-entre-pehuajo-y-general-pico\/","title":{"rendered":"Diario Textual de La Pampa anticipa que se inspeccionar\u00e1n las v\u00edas entre Pehuaj\u00f3 y General Pico"},"content":{"rendered":"\n<p>La coordinadora de la Comisi\u00f3n Nacional de Regulaci\u00f3n del Transporte en la zona patag\u00f3nica&nbsp;Mariel Schwert&nbsp;confirm\u00f3 a <strong>Diario Textual, reconocido medio digital de La Pampa<\/strong>, que en breve&nbsp;Trenes Argentinos&nbsp;comenzar\u00e1 a&nbsp;inspeccionar las v\u00edas entre Pehuaj\u00f3 y General Pico, con la intenci\u00f3n de que vuelva a correr el tren de pasajeros en La Pampa.<\/p>\n\n\n\n<figure class=\"wp-block-image alignright size-large is-resized\"><img loading=\"lazy\" decoding=\"async\" src=\"https:\/\/infoecos.com.ar\/wp-content\/uploads\/2021\/08\/trenesargentinos-920x518.jpg\" alt=\"\" class=\"wp-image-82800\" width=\"417\" height=\"234\" srcset=\"https:\/\/infoecos.com.ar\/wp-content\/uploads\/2021\/08\/trenesargentinos-920x518.jpg 920w, https:\/\/infoecos.com.ar\/wp-content\/uploads\/2021\/08\/trenesargentinos-460x259.jpg 460w, https:\/\/infoecos.com.ar\/wp-content\/uploads\/2021\/08\/trenesargentinos-768x432.jpg 768w, https:\/\/infoecos.com.ar\/wp-content\/uploads\/2021\/08\/trenesargentinos.jpg 1004w\" sizes=\"(max-width: 417px) 100vw, 417px\" \/><\/figure>\n\n\n\n<p>\u201cLa informaci\u00f3n que tenemos es que comienzan con el relevamiento de Pehuaj\u00f3 a Pico\u201d, dijo Schwert.<\/p>\n\n\n\n<p>Los t\u00e9cnicos inspeccionar\u00e1n el estado de las v\u00edas y del material rodante para recopilar informaci\u00f3n que permita establecer cu\u00e1ndo volver\u00e1 el tren de pasajeros. De acuerdo al estado de las v\u00edas se podr\u00e1 determinar la velocidad de los trenes. Tambi\u00e9n se verificar\u00e1 la necesidad de trabajar en el desmalezamiento del recorrido, la adecuaci\u00f3n edilicia, sanitaria y de iluminaci\u00f3n en las estaciones.<\/p>\n\n\n\n<p>El servicio al que se refiere Diario Textual, en la actualidad llega hasta Pehuaj\u00f3. <\/p>\n","protected":false},"excerpt":{"rendered":"<p>Los t\u00e9cnicos inspeccionar\u00e1n el estado de las v\u00edas y del material rodante para recopilar informaci\u00f3n que permita establecer cu\u00e1ndo volver\u00e1 el tren de pasajeros<\/p>\n","protected":false},"author":2,"featured_media":82800,"comment_status":"closed","ping_status":"open","sticky":false,"template":"","format":"standard","meta":{"footnotes":""},"categories":[26],"tags":[6547],"class_list":["post-102288","post","type-post","status-publish","format-standard","has-post-thumbnail","hentry","category-inferior6","tag-tren-de-pasajeros"],"yoast_head":"<!-- This site is optimized with the Yoast SEO plugin v23.4 - https:\/\/yoast.com\/wordpress\/plugins\/seo\/ -->\n<title>Diario Textual de La Pampa anticipa que se inspeccionar\u00e1n las v\u00edas entre Pehuaj\u00f3 y General Pico - Infoecos<\/title>\n<meta name=\"robots\" content=\"index, follow, max-snippet:-1, max-image-preview:large, max-video-preview:-1\" \/>\n<link rel=\"canonical\" href=\"https:\/\/infoecos.com.ar\/index.php\/diario-textual-de-la-pampa-anticipa-que-se-inspeccionaran-las-vias-entre-pehuajo-y-general-pico\/\" \/>\n<meta property=\"og:locale\" content=\"es_ES\" \/>\n<meta property=\"og:type\" content=\"article\" \/>\n<meta property=\"og:title\" content=\"Diario Textual de La Pampa anticipa que se inspeccionar\u00e1n las v\u00edas entre Pehuaj\u00f3 y General Pico - Infoecos\" \/>\n<meta property=\"og:description\" content=\"Los t\u00e9cnicos inspeccionar\u00e1n el estado de las v\u00edas y del material rodante para recopilar informaci\u00f3n que permita establecer cu\u00e1ndo volver\u00e1 el tren de pasajeros\" \/>\n<meta property=\"og:url\" content=\"https:\/\/infoecos.com.ar\/index.php\/diario-textual-de-la-pampa-anticipa-que-se-inspeccionaran-las-vias-entre-pehuajo-y-general-pico\/\" \/>\n<meta property=\"og:site_name\" content=\"Infoecos\" \/>\n<meta property=\"article:publisher\" content=\"https:\/\/www.facebook.com\/profile.php?id=100063200290284\" \/>\n<meta property=\"article:published_time\" content=\"2023-02-26T14:04:42+00:00\" \/>\n<meta property=\"article:modified_time\" content=\"2023-03-01T06:16:51+00:00\" \/>\n<meta property=\"og:image\" content=\"https:\/\/infoecos.com.ar\/wp-content\/uploads\/2021\/08\/trenesargentinos.jpg\" \/>\n\t<meta property=\"og:image:width\" content=\"1004\" \/>\n\t<meta property=\"og:image:height\" content=\"565\" \/>\n\t<meta property=\"og:image:type\" content=\"image\/jpeg\" \/>\n<meta name=\"author\" content=\"Jorge Matheus\" \/>\n<meta name=\"twitter:card\" content=\"summary_large_image\" \/>\n<meta name=\"twitter:creator\" content=\"@infoecos\" \/>\n<meta name=\"twitter:site\" content=\"@infoecos\" \/>\n<meta name=\"twitter:label1\" content=\"Escrito por\" \/>\n\t<meta name=\"twitter:data1\" content=\"Jorge Matheus\" \/>\n\t<meta name=\"twitter:label2\" content=\"Tiempo de lectura\" \/>\n\t<meta name=\"twitter:data2\" content=\"1 minuto\" \/>\n<script type=\"application\/ld+json\" class=\"yoast-schema-graph\">{\"@context\":\"https:\/\/schema.org\",\"@graph\":[{\"@type\":\"Article\",\"@id\":\"https:\/\/infoecos.com.ar\/index.php\/diario-textual-de-la-pampa-anticipa-que-se-inspeccionaran-las-vias-entre-pehuajo-y-general-pico\/#article\",\"isPartOf\":{\"@id\":\"https:\/\/infoecos.com.ar\/index.php\/diario-textual-de-la-pampa-anticipa-que-se-inspeccionaran-las-vias-entre-pehuajo-y-general-pico\/\"},\"author\":{\"name\":\"Jorge Matheus\",\"@id\":\"https:\/\/infoecos.com.ar\/#\/schema\/person\/8f5ace5ce73b4b4aac4b7245aee6f191\"},\"headline\":\"Diario Textual de La Pampa anticipa que se inspeccionar\u00e1n las v\u00edas entre Pehuaj\u00f3 y General Pico\",\"datePublished\":\"2023-02-26T14:04:42+00:00\",\"dateModified\":\"2023-03-01T06:16:51+00:00\",\"mainEntityOfPage\":{\"@id\":\"https:\/\/infoecos.com.ar\/index.php\/diario-textual-de-la-pampa-anticipa-que-se-inspeccionaran-las-vias-entre-pehuajo-y-general-pico\/\"},\"wordCount\":185,\"publisher\":{\"@id\":\"https:\/\/infoecos.com.ar\/#organization\"},\"image\":{\"@id\":\"https:\/\/infoecos.com.ar\/index.php\/diario-textual-de-la-pampa-anticipa-que-se-inspeccionaran-las-vias-entre-pehuajo-y-general-pico\/#primaryimage\"},\"thumbnailUrl\":\"https:\/\/infoecos.com.ar\/wp-content\/uploads\/2021\/08\/trenesargentinos.jpg\",\"keywords\":[\"TREN DE PASAJEROS\"],\"articleSection\":[\"Bloque inferior - 6\"],\"inLanguage\":\"es\"},{\"@type\":\"WebPage\",\"@id\":\"https:\/\/infoecos.com.ar\/index.php\/diario-textual-de-la-pampa-anticipa-que-se-inspeccionaran-las-vias-entre-pehuajo-y-general-pico\/\",\"url\":\"https:\/\/infoecos.com.ar\/index.php\/diario-textual-de-la-pampa-anticipa-que-se-inspeccionaran-las-vias-entre-pehuajo-y-general-pico\/\",\"name\":\"Diario Textual de La Pampa anticipa que se inspeccionar\u00e1n las v\u00edas entre Pehuaj\u00f3 y General Pico - Infoecos\",\"isPartOf\":{\"@id\":\"https:\/\/infoecos.com.ar\/#website\"},\"primaryImageOfPage\":{\"@id\":\"https:\/\/infoecos.com.ar\/index.php\/diario-textual-de-la-pampa-anticipa-que-se-inspeccionaran-las-vias-entre-pehuajo-y-general-pico\/#primaryimage\"},\"image\":{\"@id\":\"https:\/\/infoecos.com.ar\/index.php\/diario-textual-de-la-pampa-anticipa-que-se-inspeccionaran-las-vias-entre-pehuajo-y-general-pico\/#primaryimage\"},\"thumbnailUrl\":\"https:\/\/infoecos.com.ar\/wp-content\/uploads\/2021\/08\/trenesargentinos.jpg\",\"datePublished\":\"2023-02-26T14:04:42+00:00\",\"dateModified\":\"2023-03-01T06:16:51+00:00\",\"breadcrumb\":{\"@id\":\"https:\/\/infoecos.com.ar\/index.php\/diario-textual-de-la-pampa-anticipa-que-se-inspeccionaran-las-vias-entre-pehuajo-y-general-pico\/#breadcrumb\"},\"inLanguage\":\"es\",\"potentialAction\":[{\"@type\":\"ReadAction\",\"target\":[\"https:\/\/infoecos.com.ar\/index.php\/diario-textual-de-la-pampa-anticipa-que-se-inspeccionaran-las-vias-entre-pehuajo-y-general-pico\/\"]}]},{\"@type\":\"ImageObject\",\"inLanguage\":\"es\",\"@id\":\"https:\/\/infoecos.com.ar\/index.php\/diario-textual-de-la-pampa-anticipa-que-se-inspeccionaran-las-vias-entre-pehuajo-y-general-pico\/#primaryimage\",\"url\":\"https:\/\/infoecos.com.ar\/wp-content\/uploads\/2021\/08\/trenesargentinos.jpg\",\"contentUrl\":\"https:\/\/infoecos.com.ar\/wp-content\/uploads\/2021\/08\/trenesargentinos.jpg\",\"width\":1004,\"height\":565},{\"@type\":\"BreadcrumbList\",\"@id\":\"https:\/\/infoecos.com.ar\/index.php\/diario-textual-de-la-pampa-anticipa-que-se-inspeccionaran-las-vias-entre-pehuajo-y-general-pico\/#breadcrumb\",\"itemListElement\":[{\"@type\":\"ListItem\",\"position\":1,\"name\":\"Portada\",\"item\":\"https:\/\/infoecos.com.ar\/\"},{\"@type\":\"ListItem\",\"position\":2,\"name\":\"Diario Textual de La Pampa anticipa que se inspeccionar\u00e1n las v\u00edas entre Pehuaj\u00f3 y General Pico\"}]},{\"@type\":\"WebSite\",\"@id\":\"https:\/\/infoecos.com.ar\/#website\",\"url\":\"https:\/\/infoecos.com.ar\/\",\"name\":\"Infoecos\",\"description\":\"Noticias de trenque lauquen y la zona\",\"publisher\":{\"@id\":\"https:\/\/infoecos.com.ar\/#organization\"},\"alternateName\":\"Noticias\",\"potentialAction\":[{\"@type\":\"SearchAction\",\"target\":{\"@type\":\"EntryPoint\",\"urlTemplate\":\"https:\/\/infoecos.com.ar\/?s={search_term_string}\"},\"query-input\":{\"@type\":\"PropertyValueSpecification\",\"valueRequired\":true,\"valueName\":\"search_term_string\"}}],\"inLanguage\":\"es\"},{\"@type\":\"Organization\",\"@id\":\"https:\/\/infoecos.com.ar\/#organization\",\"name\":\"Infoecos\",\"alternateName\":\"Noticias\",\"url\":\"https:\/\/infoecos.com.ar\/\",\"logo\":{\"@type\":\"ImageObject\",\"inLanguage\":\"es\",\"@id\":\"https:\/\/infoecos.com.ar\/#\/schema\/logo\/image\/\",\"url\":\"https:\/\/infoecos.com.ar\/wp-content\/uploads\/2024\/03\/cropped-logo.png\",\"contentUrl\":\"https:\/\/infoecos.com.ar\/wp-content\/uploads\/2024\/03\/cropped-logo.png\",\"width\":374,\"height\":90,\"caption\":\"Infoecos\"},\"image\":{\"@id\":\"https:\/\/infoecos.com.ar\/#\/schema\/logo\/image\/\"},\"sameAs\":[\"https:\/\/www.facebook.com\/profile.php?id=100063200290284\",\"https:\/\/x.com\/infoecos\"]},{\"@type\":\"Person\",\"@id\":\"https:\/\/infoecos.com.ar\/#\/schema\/person\/8f5ace5ce73b4b4aac4b7245aee6f191\",\"name\":\"Jorge Matheus\",\"url\":\"https:\/\/infoecos.com.ar\/index.php\/author\/jomatheus\/\"}]}<\/script>\n<!-- \/ Yoast SEO plugin. -->","yoast_head_json":{"title":"Diario Textual de La Pampa anticipa que se inspeccionar\u00e1n las v\u00edas entre Pehuaj\u00f3 y General Pico - Infoecos","robots":{"index":"index","follow":"follow","max-snippet":"max-snippet:-1","max-image-preview":"max-image-preview:large","max-video-preview":"max-video-preview:-1"},"canonical":"https:\/\/infoecos.com.ar\/index.php\/diario-textual-de-la-pampa-anticipa-que-se-inspeccionaran-las-vias-entre-pehuajo-y-general-pico\/","og_locale":"es_ES","og_type":"article","og_title":"Diario Textual de La Pampa anticipa que se inspeccionar\u00e1n las v\u00edas entre Pehuaj\u00f3 y General Pico - Infoecos","og_description":"Los t\u00e9cnicos inspeccionar\u00e1n el estado de las v\u00edas y del material rodante para recopilar informaci\u00f3n que permita establecer cu\u00e1ndo volver\u00e1 el tren de pasajeros","og_url":"https:\/\/infoecos.com.ar\/index.php\/diario-textual-de-la-pampa-anticipa-que-se-inspeccionaran-las-vias-entre-pehuajo-y-general-pico\/","og_site_name":"Infoecos","article_publisher":"https:\/\/www.facebook.com\/profile.php?id=100063200290284","article_published_time":"2023-02-26T14:04:42+00:00","article_modified_time":"2023-03-01T06:16:51+00:00","og_image":[{"width":1004,"height":565,"url":"https:\/\/infoecos.com.ar\/wp-content\/uploads\/2021\/08\/trenesargentinos.jpg","type":"image\/jpeg"}],"author":"Jorge Matheus","twitter_card":"summary_large_image","twitter_creator":"@infoecos","twitter_site":"@infoecos","twitter_misc":{"Escrito por":"Jorge Matheus","Tiempo de lectura":"1 minuto"},"schema":{"@context":"https:\/\/schema.org","@graph":[{"@type":"Article","@id":"https:\/\/infoecos.com.ar\/index.php\/diario-textual-de-la-pampa-anticipa-que-se-inspeccionaran-las-vias-entre-pehuajo-y-general-pico\/#article","isPartOf":{"@id":"https:\/\/infoecos.com.ar\/index.php\/diario-textual-de-la-pampa-anticipa-que-se-inspeccionaran-las-vias-entre-pehuajo-y-general-pico\/"},"author":{"name":"Jorge Matheus","@id":"https:\/\/infoecos.com.ar\/#\/schema\/person\/8f5ace5ce73b4b4aac4b7245aee6f191"},"headline":"Diario Textual de La Pampa anticipa que se inspeccionar\u00e1n las v\u00edas entre Pehuaj\u00f3 y General Pico","datePublished":"2023-02-26T14:04:42+00:00","dateModified":"2023-03-01T06:16:51+00:00","mainEntityOfPage":{"@id":"https:\/\/infoecos.com.ar\/index.php\/diario-textual-de-la-pampa-anticipa-que-se-inspeccionaran-las-vias-entre-pehuajo-y-general-pico\/"},"wordCount":185,"publisher":{"@id":"https:\/\/infoecos.com.ar\/#organization"},"image":{"@id":"https:\/\/infoecos.com.ar\/index.php\/diario-textual-de-la-pampa-anticipa-que-se-inspeccionaran-las-vias-entre-pehuajo-y-general-pico\/#primaryimage"},"thumbnailUrl":"https:\/\/infoecos.com.ar\/wp-content\/uploads\/2021\/08\/trenesargentinos.jpg","keywords":["TREN DE PASAJEROS"],"articleSection":["Bloque inferior - 6"],"inLanguage":"es"},{"@type":"WebPage","@id":"https:\/\/infoecos.com.ar\/index.php\/diario-textual-de-la-pampa-anticipa-que-se-inspeccionaran-las-vias-entre-pehuajo-y-general-pico\/","url":"https:\/\/infoecos.com.ar\/index.php\/diario-textual-de-la-pampa-anticipa-que-se-inspeccionaran-las-vias-entre-pehuajo-y-general-pico\/","name":"Diario Textual de La Pampa anticipa que se inspeccionar\u00e1n las v\u00edas entre Pehuaj\u00f3 y General Pico - Infoecos","isPartOf":{"@id":"https:\/\/infoecos.com.ar\/#website"},"primaryImageOfPage":{"@id":"https:\/\/infoecos.com.ar\/index.php\/diario-textual-de-la-pampa-anticipa-que-se-inspeccionaran-las-vias-entre-pehuajo-y-general-pico\/#primaryimage"},"image":{"@id":"https:\/\/infoecos.com.ar\/index.php\/diario-textual-de-la-pampa-anticipa-que-se-inspeccionaran-las-vias-entre-pehuajo-y-general-pico\/#primaryimage"},"thumbnailUrl":"https:\/\/infoecos.com.ar\/wp-content\/uploads\/2021\/08\/trenesargentinos.jpg","datePublished":"2023-02-26T14:04:42+00:00","dateModified":"2023-03-01T06:16:51+00:00","breadcrumb":{"@id":"https:\/\/infoecos.com.ar\/index.php\/diario-textual-de-la-pampa-anticipa-que-se-inspeccionaran-las-vias-entre-pehuajo-y-general-pico\/#breadcrumb"},"inLanguage":"es","potentialAction":[{"@type":"ReadAction","target":["https:\/\/infoecos.com.ar\/index.php\/diario-textual-de-la-pampa-anticipa-que-se-inspeccionaran-las-vias-entre-pehuajo-y-general-pico\/"]}]},{"@type":"ImageObject","inLanguage":"es","@id":"https:\/\/infoecos.com.ar\/index.php\/diario-textual-de-la-pampa-anticipa-que-se-inspeccionaran-las-vias-entre-pehuajo-y-general-pico\/#primaryimage","url":"https:\/\/infoecos.com.ar\/wp-content\/uploads\/2021\/08\/trenesargentinos.jpg","contentUrl":"https:\/\/infoecos.com.ar\/wp-content\/uploads\/2021\/08\/trenesargentinos.jpg","width":1004,"height":565},{"@type":"BreadcrumbList","@id":"https:\/\/infoecos.com.ar\/index.php\/diario-textual-de-la-pampa-anticipa-que-se-inspeccionaran-las-vias-entre-pehuajo-y-general-pico\/#breadcrumb","itemListElement":[{"@type":"ListItem","position":1,"name":"Portada","item":"https:\/\/infoecos.com.ar\/"},{"@type":"ListItem","position":2,"name":"Diario Textual de La Pampa anticipa que se inspeccionar\u00e1n las v\u00edas entre Pehuaj\u00f3 y General Pico"}]},{"@type":"WebSite","@id":"https:\/\/infoecos.com.ar\/#website","url":"https:\/\/infoecos.com.ar\/","name":"Infoecos","description":"Noticias de trenque lauquen y la zona","publisher":{"@id":"https:\/\/infoecos.com.ar\/#organization"},"alternateName":"Noticias","potentialAction":[{"@type":"SearchAction","target":{"@type":"EntryPoint","urlTemplate":"https:\/\/infoecos.com.ar\/?s={search_term_string}"},"query-input":{"@type":"PropertyValueSpecification","valueRequired":true,"valueName":"search_term_string"}}],"inLanguage":"es"},{"@type":"Organization","@id":"https:\/\/infoecos.com.ar\/#organization","name":"Infoecos","alternateName":"Noticias","url":"https:\/\/infoecos.com.ar\/","logo":{"@type":"ImageObject","inLanguage":"es","@id":"https:\/\/infoecos.com.ar\/#\/schema\/logo\/image\/","url":"https:\/\/infoecos.com.ar\/wp-content\/uploads\/2024\/03\/cropped-logo.png","contentUrl":"https:\/\/infoecos.com.ar\/wp-content\/uploads\/2024\/03\/cropped-logo.png","width":374,"height":90,"caption":"Infoecos"},"image":{"@id":"https:\/\/infoecos.com.ar\/#\/schema\/logo\/image\/"},"sameAs":["https:\/\/www.facebook.com\/profile.php?id=100063200290284","https:\/\/x.com\/infoecos"]},{"@type":"Person","@id":"https:\/\/infoecos.com.ar\/#\/schema\/person\/8f5ace5ce73b4b4aac4b7245aee6f191","name":"Jorge Matheus","url":"https:\/\/infoecos.com.ar\/index.php\/author\/jomatheus\/"}]}},"featured_image_urls":{"full":["https:\/\/infoecos.com.ar\/wp-content\/uploads\/2021\/08\/trenesargentinos.jpg",1004,565,false],"thumbnail":["https:\/\/infoecos.com.ar\/wp-content\/uploads\/2021\/08\/trenesargentinos-150x150.jpg",150,150,true],"medium":["https:\/\/infoecos.com.ar\/wp-content\/uploads\/2021\/08\/trenesargentinos-460x259.jpg",460,259,true],"medium_large":["https:\/\/infoecos.com.ar\/wp-content\/uploads\/2021\/08\/trenesargentinos-768x432.jpg",640,360,true],"large":["https:\/\/infoecos.com.ar\/wp-content\/uploads\/2021\/08\/trenesargentinos-920x518.jpg",640,360,true],"1536x1536":["https:\/\/infoecos.com.ar\/wp-content\/uploads\/2021\/08\/trenesargentinos.jpg",1004,565,false],"2048x2048":["https:\/\/infoecos.com.ar\/wp-content\/uploads\/2021\/08\/trenesargentinos.jpg",1004,565,false],"covernews-slider-full":["https:\/\/infoecos.com.ar\/wp-content\/uploads\/2021\/08\/trenesargentinos.jpg",1004,565,false],"covernews-slider-center":["https:\/\/infoecos.com.ar\/wp-content\/uploads\/2021\/08\/trenesargentinos-936x565.jpg",800,483,true],"covernews-featured":["https:\/\/infoecos.com.ar\/wp-content\/uploads\/2021\/08\/trenesargentinos.jpg",1004,565,false],"covernews-medium":["https:\/\/infoecos.com.ar\/wp-content\/uploads\/2021\/08\/trenesargentinos-720x380.jpg",540,285,true],"covernews-medium-square":["https:\/\/infoecos.com.ar\/wp-content\/uploads\/2021\/08\/trenesargentinos-675x450.jpg",375,250,true]},"author_info":{"info":["Jorge Matheus"]},"category_info":"<a href=\"https:\/\/infoecos.com.ar\/index.php\/category\/inferior6\/\" rel=\"category tag\">Bloque inferior - 6<\/a>","tag_info":"Bloque inferior - 6","comment_count":"0","_links":{"self":[{"href":"https:\/\/infoecos.com.ar\/index.php\/wp-json\/wp\/v2\/posts\/102288"}],"collection":[{"href":"https:\/\/infoecos.com.ar\/index.php\/wp-json\/wp\/v2\/posts"}],"about":[{"href":"https:\/\/infoecos.com.ar\/index.php\/wp-json\/wp\/v2\/types\/post"}],"author":[{"embeddable":true,"href":"https:\/\/infoecos.com.ar\/index.php\/wp-json\/wp\/v2\/users\/2"}],"replies":[{"embeddable":true,"href":"https:\/\/infoecos.com.ar\/index.php\/wp-json\/wp\/v2\/comments?post=102288"}],"version-history":[{"count":2,"href":"https:\/\/infoecos.com.ar\/index.php\/wp-json\/wp\/v2\/posts\/102288\/revisions"}],"predecessor-version":[{"id":102398,"href":"https:\/\/infoecos.com.ar\/index.php\/wp-json\/wp\/v2\/posts\/102288\/revisions\/102398"}],"wp:featuredmedia":[{"embeddable":true,"href":"https:\/\/infoecos.com.ar\/index.php\/wp-json\/wp\/v2\/media\/82800"}],"wp:attachment":[{"href":"https:\/\/infoecos.com.ar\/index.php\/wp-json\/wp\/v2\/media?parent=102288"}],"wp:term":[{"taxonomy":"category","embeddable":true,"href":"https:\/\/infoecos.com.ar\/index.php\/wp-json\/wp\/v2\/categories?post=102288"},{"taxonomy":"post_tag","embeddable":true,"href":"https:\/\/infoecos.com.ar\/index.php\/wp-json\/wp\/v2\/tags?post=102288"}],"curies":[{"name":"wp","href":"https:\/\/api.w.org\/{rel}","templated":true}]}}