{"id":102305,"date":"2023-02-26T13:25:57","date_gmt":"2023-02-26T16:25:57","guid":{"rendered":"https:\/\/infoecos.com.ar\/?p=102305"},"modified":"2023-02-27T10:48:56","modified_gmt":"2023-02-27T13:48:56","slug":"felipe-bernasconi-se-ubico-en-el-segundo-lugar-en-la-prueba-del-tc-pista-mouras","status":"publish","type":"post","link":"https:\/\/infoecos.com.ar\/index.php\/felipe-bernasconi-se-ubico-en-el-segundo-lugar-en-la-prueba-del-tc-pista-mouras\/","title":{"rendered":"Felipe Bernasconi segundo lugar en la prueba del TC Pista Mouras"},"content":{"rendered":"\n<p>Thomas Pozner&nbsp;se qued\u00f3 con la victoria de&nbsp;la tercera fecha del&nbsp;TC Pista Mouras&nbsp;en el aut\u00f3dromo de La Plata.&nbsp;<\/p>\n\n\n\n<figure class=\"wp-block-image alignright size-full is-resized\"><img loading=\"lazy\" decoding=\"async\" src=\"https:\/\/infoecos.com.ar\/wp-content\/uploads\/2023\/02\/image-142.png\" alt=\"\" class=\"wp-image-102306\" width=\"457\" height=\"257\"\/><figcaption class=\"wp-element-caption\">Bernasconi, Felipe<\/figcaption><\/figure>\n\n\n\n<p>El miembro del<strong>&nbsp;Galarza Racing&nbsp;<\/strong>hab\u00eda salido desde la Pole tras haberse quedado con la clasificaci\u00f3n y la Serie m\u00e1s r\u00e1pida durante la actividad del s\u00e1bado.&nbsp;<\/p>\n\n\n\n<p>El piloto de Dodge sali\u00f3 ileso del ataque de&nbsp;Genaro Rasetto<strong>&nbsp;<\/strong>durante la largada; y, posteriormente, no sufri\u00f3 ning\u00fan otro contratiempo.<\/p>\n\n\n\n<p>En una final en la que no hab\u00edan habido sobrepasos en los primeros lugares durante 14 vueltas,&nbsp;a falta de dos giros se desat\u00f3 el desas<strong>tre<\/strong>. En la lucha por el segundo lugar,&nbsp;Rasetto y&nbsp;<strong>Sebasti\u00e1n Gallo<\/strong>&nbsp;se tocaron y ambos se fueron de la pista.&nbsp;<\/p>\n\n\n\n<p>De esta manera,&nbsp;<strong>FELIPE BERNASCONI&nbsp;<\/strong>hered\u00f3 la segunda colocaci\u00f3n y&nbsp;<strong>Nicanor Santilli Pazos&nbsp;<\/strong>se encontr\u00f3 con el tercer lugar.&nbsp;<\/p>\n\n\n\n<p>Con la victoria en La Plata, Pozner se subi\u00f3 a lo m\u00e1s alto del campeonato y dej\u00f3 en el segundo lugar a&nbsp;Gast\u00f3n Iansa&nbsp;a&nbsp;nueve puntos.&nbsp;<\/p>\n\n\n\n<figure class=\"wp-block-table\"><table><tbody><tr><td><strong>POS.<\/strong><\/td><td><strong>PILOTO<\/strong><\/td><td><strong>CAMIONETA<\/strong><\/td><td><strong>TPO.\/DIF.<\/strong><\/td><\/tr><tr><td>1\u00ba<\/td><td>POZNER THOMAS<\/td><td>DODGE<\/td><td>24;04.814<\/td><\/tr><tr><td>2\u00ba<\/td><td>BERNASCONI FELIPE<\/td><td>CHEVROLET<\/td><td>0.991<\/td><\/tr><tr><td>3\u00ba<\/td><td>SANTILLI PAZOS NICANOR<\/td><td>CHEVROLET<\/td><td>1.722<\/td><\/tr><tr><td>4\u00ba<\/td><td>GALLO SEBASTIAN<\/td><td>FORD<\/td><td>9.347<\/td><\/tr><tr><td>5\u00ba<\/td><td>CIFRE FAUSTINO<\/td><td>FORD<\/td><td>9.572<\/td><\/tr><tr><td>6\u00ba<\/td><td>OCHOA BENJA<\/td><td>FORD<\/td><td>11.218<\/td><\/tr><tr><td>7\u00ba<\/td><td>DIANDA MARCO<\/td><td>DODGE<\/td><td>12.193<\/td><\/tr><tr><td>8\u00ba<\/td><td>PALOTINI LEONARDO<\/td><td>DODGE<\/td><td>13.530<\/td><\/tr><tr><td>9\u00ba<\/td><td>BORGERT MANUEL<\/td><td>FORD<\/td><td>14.110<\/td><\/tr><tr><td>10\u00ba<\/td><td>BIAGI SANTIAGO<\/td><td>DODGE<\/td><td>15.652<\/td><\/tr><tr><td>11\u00ba<\/td><td>TORRES JOAQU\u00cdN<\/td><td>CHEVROLET<\/td><td>17.342<\/td><\/tr><tr><td>12\u00ba<\/td><td>PROVENS EUGENIO<\/td><td>CHEVROLET<\/td><td>18.192<\/td><\/tr><tr><td>13\u00ba<\/td><td>MANCUSO ESTEBAN<\/td><td>CHEVROLET<\/td><td>27.777<\/td><\/tr><tr><td>14\u00ba<\/td><td>RASETTO GENARO<\/td><td>DODGE<\/td><td>28.047<\/td><\/tr><tr><td>15\u00ba<\/td><td>IANSA GAST\u00d3N<\/td><td>CHEVROLET<\/td><td>36.952<\/td><\/tr><tr><td>16\u00ba<\/td><td>PEREZ DAMIAN<\/td><td>DODGE<\/td><td>38.718<\/td><\/tr><tr><td>17\u00ba<\/td><td>DE CARLO LUCA<\/td><td>CHEVROLET<\/td><td>39.073<\/td><\/tr><tr><td>18\u00ba<\/td><td>SU\u00c1REZ JUAN JOS\u00c9<\/td><td>FORD<\/td><td>1;00.056<\/td><\/tr><tr><td>19\u00ba<\/td><td>BONCUERO FRANCO<\/td><td>CHEVROLET<\/td><td>1 VTA<\/td><\/tr><tr><td>20\u00ba<\/td><td>GOYA JOS\u00c9 ALBERTO<\/td><td>DODGE<\/td><td>1 VTA<\/td><\/tr><tr><td>21\u00ba<\/td><td>GOYA N\u00c9STOR OMAR<\/td><td>FORD<\/td><td>3 VTAS<\/td><\/tr><tr><td>22\u00ba<\/td><td>CIFRE ALAN DENIS<\/td><td>FORD<\/td><td>5 VTAS<\/td><\/tr><tr><td>23\u00ba<\/td><td>PALAU NICOLAS<\/td><td>CHEVROLET<\/td><td>10 VTAS<\/td><\/tr><tr><td>24\u00ba<\/td><td>GONZ\u00c1LEZ RODRIGO<\/td><td>CHEVROLET<\/td><td>11 VTAS<\/td><\/tr><tr><td>25\u00ba<\/td><td>LEDESMA FACUNDO<\/td><td>FORD<\/td><td>16 VTAS<\/td><\/tr><tr><td><\/td><td><strong>PROMEDIO<\/strong>: 170,032 Km\/h<\/td><\/tr><tr><td><\/td><td><strong>RECORD DE VUELTA<\/strong>: GALLO, Vta 4 en 1:29.812 a 170,957 Km\/h<\/td><\/tr><\/tbody><\/table><\/figure>\n","protected":false},"excerpt":{"rendered":"<p>Thomas Pozner\u00a0se qued\u00f3 con la victoria de\u00a0la tercera fecha del\u00a0TC Pista Mouras\u00a0en el aut\u00f3dromo de La Plata<\/p>\n","protected":false},"author":2,"featured_media":102306,"comment_status":"closed","ping_status":"open","sticky":false,"template":"","format":"standard","meta":{"footnotes":""},"categories":[1341],"tags":[7416],"class_list":["post-102305","post","type-post","status-publish","format-standard","has-post-thumbnail","hentry","category-c1nota7","tag-otra-gran-presentacion"],"yoast_head":"<!-- This site is optimized with the Yoast SEO plugin v23.4 - https:\/\/yoast.com\/wordpress\/plugins\/seo\/ -->\n<title>Felipe Bernasconi segundo lugar en la prueba del TC Pista Mouras - Infoecos<\/title>\n<meta name=\"robots\" content=\"index, follow, max-snippet:-1, max-image-preview:large, max-video-preview:-1\" \/>\n<link rel=\"canonical\" href=\"https:\/\/infoecos.com.ar\/index.php\/felipe-bernasconi-se-ubico-en-el-segundo-lugar-en-la-prueba-del-tc-pista-mouras\/\" \/>\n<meta property=\"og:locale\" content=\"es_ES\" \/>\n<meta property=\"og:type\" content=\"article\" \/>\n<meta property=\"og:title\" content=\"Felipe Bernasconi segundo lugar en la prueba del TC Pista Mouras - Infoecos\" \/>\n<meta property=\"og:description\" content=\"Thomas Pozner\u00a0se qued\u00f3 con la victoria de\u00a0la tercera fecha del\u00a0TC Pista Mouras\u00a0en el aut\u00f3dromo de La Plata\" \/>\n<meta property=\"og:url\" content=\"https:\/\/infoecos.com.ar\/index.php\/felipe-bernasconi-se-ubico-en-el-segundo-lugar-en-la-prueba-del-tc-pista-mouras\/\" \/>\n<meta property=\"og:site_name\" content=\"Infoecos\" \/>\n<meta property=\"article:publisher\" content=\"https:\/\/www.facebook.com\/profile.php?id=100063200290284\" \/>\n<meta property=\"article:published_time\" content=\"2023-02-26T16:25:57+00:00\" \/>\n<meta property=\"article:modified_time\" content=\"2023-02-27T13:48:56+00:00\" \/>\n<meta property=\"og:image\" content=\"https:\/\/infoecos.com.ar\/wp-content\/uploads\/2023\/02\/image-142.png\" \/>\n\t<meta property=\"og:image:width\" content=\"768\" \/>\n\t<meta property=\"og:image:height\" content=\"432\" \/>\n\t<meta property=\"og:image:type\" content=\"image\/png\" \/>\n<meta name=\"author\" content=\"Jorge Matheus\" \/>\n<meta name=\"twitter:card\" content=\"summary_large_image\" \/>\n<meta name=\"twitter:creator\" content=\"@infoecos\" \/>\n<meta name=\"twitter:site\" content=\"@infoecos\" \/>\n<meta name=\"twitter:label1\" content=\"Escrito por\" \/>\n\t<meta name=\"twitter:data1\" content=\"Jorge Matheus\" \/>\n\t<meta name=\"twitter:label2\" content=\"Tiempo de lectura\" \/>\n\t<meta name=\"twitter:data2\" content=\"2 minutos\" \/>\n<script type=\"application\/ld+json\" class=\"yoast-schema-graph\">{\"@context\":\"https:\/\/schema.org\",\"@graph\":[{\"@type\":\"Article\",\"@id\":\"https:\/\/infoecos.com.ar\/index.php\/felipe-bernasconi-se-ubico-en-el-segundo-lugar-en-la-prueba-del-tc-pista-mouras\/#article\",\"isPartOf\":{\"@id\":\"https:\/\/infoecos.com.ar\/index.php\/felipe-bernasconi-se-ubico-en-el-segundo-lugar-en-la-prueba-del-tc-pista-mouras\/\"},\"author\":{\"name\":\"Jorge Matheus\",\"@id\":\"https:\/\/infoecos.com.ar\/#\/schema\/person\/8f5ace5ce73b4b4aac4b7245aee6f191\"},\"headline\":\"Felipe Bernasconi segundo lugar en la prueba del TC Pista Mouras\",\"datePublished\":\"2023-02-26T16:25:57+00:00\",\"dateModified\":\"2023-02-27T13:48:56+00:00\",\"mainEntityOfPage\":{\"@id\":\"https:\/\/infoecos.com.ar\/index.php\/felipe-bernasconi-se-ubico-en-el-segundo-lugar-en-la-prueba-del-tc-pista-mouras\/\"},\"wordCount\":318,\"publisher\":{\"@id\":\"https:\/\/infoecos.com.ar\/#organization\"},\"image\":{\"@id\":\"https:\/\/infoecos.com.ar\/index.php\/felipe-bernasconi-se-ubico-en-el-segundo-lugar-en-la-prueba-del-tc-pista-mouras\/#primaryimage\"},\"thumbnailUrl\":\"https:\/\/infoecos.com.ar\/wp-content\/uploads\/2023\/02\/image-142.png\",\"keywords\":[\"OTRA GRAN PRESENTACI\u00d3N\"],\"articleSection\":[\"C1 nota 7\"],\"inLanguage\":\"es\"},{\"@type\":\"WebPage\",\"@id\":\"https:\/\/infoecos.com.ar\/index.php\/felipe-bernasconi-se-ubico-en-el-segundo-lugar-en-la-prueba-del-tc-pista-mouras\/\",\"url\":\"https:\/\/infoecos.com.ar\/index.php\/felipe-bernasconi-se-ubico-en-el-segundo-lugar-en-la-prueba-del-tc-pista-mouras\/\",\"name\":\"Felipe Bernasconi segundo lugar en la prueba del TC Pista Mouras - Infoecos\",\"isPartOf\":{\"@id\":\"https:\/\/infoecos.com.ar\/#website\"},\"primaryImageOfPage\":{\"@id\":\"https:\/\/infoecos.com.ar\/index.php\/felipe-bernasconi-se-ubico-en-el-segundo-lugar-en-la-prueba-del-tc-pista-mouras\/#primaryimage\"},\"image\":{\"@id\":\"https:\/\/infoecos.com.ar\/index.php\/felipe-bernasconi-se-ubico-en-el-segundo-lugar-en-la-prueba-del-tc-pista-mouras\/#primaryimage\"},\"thumbnailUrl\":\"https:\/\/infoecos.com.ar\/wp-content\/uploads\/2023\/02\/image-142.png\",\"datePublished\":\"2023-02-26T16:25:57+00:00\",\"dateModified\":\"2023-02-27T13:48:56+00:00\",\"breadcrumb\":{\"@id\":\"https:\/\/infoecos.com.ar\/index.php\/felipe-bernasconi-se-ubico-en-el-segundo-lugar-en-la-prueba-del-tc-pista-mouras\/#breadcrumb\"},\"inLanguage\":\"es\",\"potentialAction\":[{\"@type\":\"ReadAction\",\"target\":[\"https:\/\/infoecos.com.ar\/index.php\/felipe-bernasconi-se-ubico-en-el-segundo-lugar-en-la-prueba-del-tc-pista-mouras\/\"]}]},{\"@type\":\"ImageObject\",\"inLanguage\":\"es\",\"@id\":\"https:\/\/infoecos.com.ar\/index.php\/felipe-bernasconi-se-ubico-en-el-segundo-lugar-en-la-prueba-del-tc-pista-mouras\/#primaryimage\",\"url\":\"https:\/\/infoecos.com.ar\/wp-content\/uploads\/2023\/02\/image-142.png\",\"contentUrl\":\"https:\/\/infoecos.com.ar\/wp-content\/uploads\/2023\/02\/image-142.png\",\"width\":768,\"height\":432},{\"@type\":\"BreadcrumbList\",\"@id\":\"https:\/\/infoecos.com.ar\/index.php\/felipe-bernasconi-se-ubico-en-el-segundo-lugar-en-la-prueba-del-tc-pista-mouras\/#breadcrumb\",\"itemListElement\":[{\"@type\":\"ListItem\",\"position\":1,\"name\":\"Portada\",\"item\":\"https:\/\/infoecos.com.ar\/\"},{\"@type\":\"ListItem\",\"position\":2,\"name\":\"Felipe Bernasconi segundo lugar en la prueba del TC Pista Mouras\"}]},{\"@type\":\"WebSite\",\"@id\":\"https:\/\/infoecos.com.ar\/#website\",\"url\":\"https:\/\/infoecos.com.ar\/\",\"name\":\"Infoecos\",\"description\":\"Noticias de trenque lauquen y la zona\",\"publisher\":{\"@id\":\"https:\/\/infoecos.com.ar\/#organization\"},\"alternateName\":\"Noticias\",\"potentialAction\":[{\"@type\":\"SearchAction\",\"target\":{\"@type\":\"EntryPoint\",\"urlTemplate\":\"https:\/\/infoecos.com.ar\/?s={search_term_string}\"},\"query-input\":{\"@type\":\"PropertyValueSpecification\",\"valueRequired\":true,\"valueName\":\"search_term_string\"}}],\"inLanguage\":\"es\"},{\"@type\":\"Organization\",\"@id\":\"https:\/\/infoecos.com.ar\/#organization\",\"name\":\"Infoecos\",\"alternateName\":\"Noticias\",\"url\":\"https:\/\/infoecos.com.ar\/\",\"logo\":{\"@type\":\"ImageObject\",\"inLanguage\":\"es\",\"@id\":\"https:\/\/infoecos.com.ar\/#\/schema\/logo\/image\/\",\"url\":\"https:\/\/infoecos.com.ar\/wp-content\/uploads\/2024\/03\/cropped-logo.png\",\"contentUrl\":\"https:\/\/infoecos.com.ar\/wp-content\/uploads\/2024\/03\/cropped-logo.png\",\"width\":374,\"height\":90,\"caption\":\"Infoecos\"},\"image\":{\"@id\":\"https:\/\/infoecos.com.ar\/#\/schema\/logo\/image\/\"},\"sameAs\":[\"https:\/\/www.facebook.com\/profile.php?id=100063200290284\",\"https:\/\/x.com\/infoecos\"]},{\"@type\":\"Person\",\"@id\":\"https:\/\/infoecos.com.ar\/#\/schema\/person\/8f5ace5ce73b4b4aac4b7245aee6f191\",\"name\":\"Jorge Matheus\",\"url\":\"https:\/\/infoecos.com.ar\/index.php\/author\/jomatheus\/\"}]}<\/script>\n<!-- \/ Yoast SEO plugin. -->","yoast_head_json":{"title":"Felipe Bernasconi segundo lugar en la prueba del TC Pista Mouras - Infoecos","robots":{"index":"index","follow":"follow","max-snippet":"max-snippet:-1","max-image-preview":"max-image-preview:large","max-video-preview":"max-video-preview:-1"},"canonical":"https:\/\/infoecos.com.ar\/index.php\/felipe-bernasconi-se-ubico-en-el-segundo-lugar-en-la-prueba-del-tc-pista-mouras\/","og_locale":"es_ES","og_type":"article","og_title":"Felipe Bernasconi segundo lugar en la prueba del TC Pista Mouras - Infoecos","og_description":"Thomas Pozner\u00a0se qued\u00f3 con la victoria de\u00a0la tercera fecha del\u00a0TC Pista Mouras\u00a0en el aut\u00f3dromo de La Plata","og_url":"https:\/\/infoecos.com.ar\/index.php\/felipe-bernasconi-se-ubico-en-el-segundo-lugar-en-la-prueba-del-tc-pista-mouras\/","og_site_name":"Infoecos","article_publisher":"https:\/\/www.facebook.com\/profile.php?id=100063200290284","article_published_time":"2023-02-26T16:25:57+00:00","article_modified_time":"2023-02-27T13:48:56+00:00","og_image":[{"width":768,"height":432,"url":"https:\/\/infoecos.com.ar\/wp-content\/uploads\/2023\/02\/image-142.png","type":"image\/png"}],"author":"Jorge Matheus","twitter_card":"summary_large_image","twitter_creator":"@infoecos","twitter_site":"@infoecos","twitter_misc":{"Escrito por":"Jorge Matheus","Tiempo de lectura":"2 minutos"},"schema":{"@context":"https:\/\/schema.org","@graph":[{"@type":"Article","@id":"https:\/\/infoecos.com.ar\/index.php\/felipe-bernasconi-se-ubico-en-el-segundo-lugar-en-la-prueba-del-tc-pista-mouras\/#article","isPartOf":{"@id":"https:\/\/infoecos.com.ar\/index.php\/felipe-bernasconi-se-ubico-en-el-segundo-lugar-en-la-prueba-del-tc-pista-mouras\/"},"author":{"name":"Jorge Matheus","@id":"https:\/\/infoecos.com.ar\/#\/schema\/person\/8f5ace5ce73b4b4aac4b7245aee6f191"},"headline":"Felipe Bernasconi segundo lugar en la prueba del TC Pista Mouras","datePublished":"2023-02-26T16:25:57+00:00","dateModified":"2023-02-27T13:48:56+00:00","mainEntityOfPage":{"@id":"https:\/\/infoecos.com.ar\/index.php\/felipe-bernasconi-se-ubico-en-el-segundo-lugar-en-la-prueba-del-tc-pista-mouras\/"},"wordCount":318,"publisher":{"@id":"https:\/\/infoecos.com.ar\/#organization"},"image":{"@id":"https:\/\/infoecos.com.ar\/index.php\/felipe-bernasconi-se-ubico-en-el-segundo-lugar-en-la-prueba-del-tc-pista-mouras\/#primaryimage"},"thumbnailUrl":"https:\/\/infoecos.com.ar\/wp-content\/uploads\/2023\/02\/image-142.png","keywords":["OTRA GRAN PRESENTACI\u00d3N"],"articleSection":["C1 nota 7"],"inLanguage":"es"},{"@type":"WebPage","@id":"https:\/\/infoecos.com.ar\/index.php\/felipe-bernasconi-se-ubico-en-el-segundo-lugar-en-la-prueba-del-tc-pista-mouras\/","url":"https:\/\/infoecos.com.ar\/index.php\/felipe-bernasconi-se-ubico-en-el-segundo-lugar-en-la-prueba-del-tc-pista-mouras\/","name":"Felipe Bernasconi segundo lugar en la prueba del TC Pista Mouras - Infoecos","isPartOf":{"@id":"https:\/\/infoecos.com.ar\/#website"},"primaryImageOfPage":{"@id":"https:\/\/infoecos.com.ar\/index.php\/felipe-bernasconi-se-ubico-en-el-segundo-lugar-en-la-prueba-del-tc-pista-mouras\/#primaryimage"},"image":{"@id":"https:\/\/infoecos.com.ar\/index.php\/felipe-bernasconi-se-ubico-en-el-segundo-lugar-en-la-prueba-del-tc-pista-mouras\/#primaryimage"},"thumbnailUrl":"https:\/\/infoecos.com.ar\/wp-content\/uploads\/2023\/02\/image-142.png","datePublished":"2023-02-26T16:25:57+00:00","dateModified":"2023-02-27T13:48:56+00:00","breadcrumb":{"@id":"https:\/\/infoecos.com.ar\/index.php\/felipe-bernasconi-se-ubico-en-el-segundo-lugar-en-la-prueba-del-tc-pista-mouras\/#breadcrumb"},"inLanguage":"es","potentialAction":[{"@type":"ReadAction","target":["https:\/\/infoecos.com.ar\/index.php\/felipe-bernasconi-se-ubico-en-el-segundo-lugar-en-la-prueba-del-tc-pista-mouras\/"]}]},{"@type":"ImageObject","inLanguage":"es","@id":"https:\/\/infoecos.com.ar\/index.php\/felipe-bernasconi-se-ubico-en-el-segundo-lugar-en-la-prueba-del-tc-pista-mouras\/#primaryimage","url":"https:\/\/infoecos.com.ar\/wp-content\/uploads\/2023\/02\/image-142.png","contentUrl":"https:\/\/infoecos.com.ar\/wp-content\/uploads\/2023\/02\/image-142.png","width":768,"height":432},{"@type":"BreadcrumbList","@id":"https:\/\/infoecos.com.ar\/index.php\/felipe-bernasconi-se-ubico-en-el-segundo-lugar-en-la-prueba-del-tc-pista-mouras\/#breadcrumb","itemListElement":[{"@type":"ListItem","position":1,"name":"Portada","item":"https:\/\/infoecos.com.ar\/"},{"@type":"ListItem","position":2,"name":"Felipe Bernasconi segundo lugar en la prueba del TC Pista Mouras"}]},{"@type":"WebSite","@id":"https:\/\/infoecos.com.ar\/#website","url":"https:\/\/infoecos.com.ar\/","name":"Infoecos","description":"Noticias de trenque lauquen y la zona","publisher":{"@id":"https:\/\/infoecos.com.ar\/#organization"},"alternateName":"Noticias","potentialAction":[{"@type":"SearchAction","target":{"@type":"EntryPoint","urlTemplate":"https:\/\/infoecos.com.ar\/?s={search_term_string}"},"query-input":{"@type":"PropertyValueSpecification","valueRequired":true,"valueName":"search_term_string"}}],"inLanguage":"es"},{"@type":"Organization","@id":"https:\/\/infoecos.com.ar\/#organization","name":"Infoecos","alternateName":"Noticias","url":"https:\/\/infoecos.com.ar\/","logo":{"@type":"ImageObject","inLanguage":"es","@id":"https:\/\/infoecos.com.ar\/#\/schema\/logo\/image\/","url":"https:\/\/infoecos.com.ar\/wp-content\/uploads\/2024\/03\/cropped-logo.png","contentUrl":"https:\/\/infoecos.com.ar\/wp-content\/uploads\/2024\/03\/cropped-logo.png","width":374,"height":90,"caption":"Infoecos"},"image":{"@id":"https:\/\/infoecos.com.ar\/#\/schema\/logo\/image\/"},"sameAs":["https:\/\/www.facebook.com\/profile.php?id=100063200290284","https:\/\/x.com\/infoecos"]},{"@type":"Person","@id":"https:\/\/infoecos.com.ar\/#\/schema\/person\/8f5ace5ce73b4b4aac4b7245aee6f191","name":"Jorge Matheus","url":"https:\/\/infoecos.com.ar\/index.php\/author\/jomatheus\/"}]}},"featured_image_urls":{"full":["https:\/\/infoecos.com.ar\/wp-content\/uploads\/2023\/02\/image-142.png",768,432,false],"thumbnail":["https:\/\/infoecos.com.ar\/wp-content\/uploads\/2023\/02\/image-142-300x150.png",300,150,true],"medium":["https:\/\/infoecos.com.ar\/wp-content\/uploads\/2023\/02\/image-142.png",768,432,false],"medium_large":["https:\/\/infoecos.com.ar\/wp-content\/uploads\/2023\/02\/image-142.png",640,360,false],"large":["https:\/\/infoecos.com.ar\/wp-content\/uploads\/2023\/02\/image-142.png",640,360,false],"1536x1536":["https:\/\/infoecos.com.ar\/wp-content\/uploads\/2023\/02\/image-142.png",768,432,false],"2048x2048":["https:\/\/infoecos.com.ar\/wp-content\/uploads\/2023\/02\/image-142.png",768,432,false],"covernews-slider-full":["https:\/\/infoecos.com.ar\/wp-content\/uploads\/2023\/02\/image-142.png",768,432,false],"covernews-slider-center":["https:\/\/infoecos.com.ar\/wp-content\/uploads\/2023\/02\/image-142.png",768,432,false],"covernews-featured":["https:\/\/infoecos.com.ar\/wp-content\/uploads\/2023\/02\/image-142.png",768,432,false],"covernews-medium":["https:\/\/infoecos.com.ar\/wp-content\/uploads\/2023\/02\/image-142-720x380.png",540,285,true],"covernews-medium-square":["https:\/\/infoecos.com.ar\/wp-content\/uploads\/2023\/02\/image-142-675x432.png",391,250,true]},"author_info":{"info":["Jorge Matheus"]},"category_info":"<a href=\"https:\/\/infoecos.com.ar\/index.php\/category\/c1nota7\/\" rel=\"category tag\">C1 nota 7<\/a>","tag_info":"C1 nota 7","comment_count":"0","_links":{"self":[{"href":"https:\/\/infoecos.com.ar\/index.php\/wp-json\/wp\/v2\/posts\/102305"}],"collection":[{"href":"https:\/\/infoecos.com.ar\/index.php\/wp-json\/wp\/v2\/posts"}],"about":[{"href":"https:\/\/infoecos.com.ar\/index.php\/wp-json\/wp\/v2\/types\/post"}],"author":[{"embeddable":true,"href":"https:\/\/infoecos.com.ar\/index.php\/wp-json\/wp\/v2\/users\/2"}],"replies":[{"embeddable":true,"href":"https:\/\/infoecos.com.ar\/index.php\/wp-json\/wp\/v2\/comments?post=102305"}],"version-history":[{"count":2,"href":"https:\/\/infoecos.com.ar\/index.php\/wp-json\/wp\/v2\/posts\/102305\/revisions"}],"predecessor-version":[{"id":102308,"href":"https:\/\/infoecos.com.ar\/index.php\/wp-json\/wp\/v2\/posts\/102305\/revisions\/102308"}],"wp:featuredmedia":[{"embeddable":true,"href":"https:\/\/infoecos.com.ar\/index.php\/wp-json\/wp\/v2\/media\/102306"}],"wp:attachment":[{"href":"https:\/\/infoecos.com.ar\/index.php\/wp-json\/wp\/v2\/media?parent=102305"}],"wp:term":[{"taxonomy":"category","embeddable":true,"href":"https:\/\/infoecos.com.ar\/index.php\/wp-json\/wp\/v2\/categories?post=102305"},{"taxonomy":"post_tag","embeddable":true,"href":"https:\/\/infoecos.com.ar\/index.php\/wp-json\/wp\/v2\/tags?post=102305"}],"curies":[{"name":"wp","href":"https:\/\/api.w.org\/{rel}","templated":true}]}}