{"id":102312,"date":"2023-02-27T10:41:15","date_gmt":"2023-02-27T13:41:15","guid":{"rendered":"https:\/\/infoecos.com.ar\/?p=102312"},"modified":"2023-02-28T10:20:38","modified_gmt":"2023-02-28T13:20:38","slug":"concejales-del-frente-de-todos-de-rivadavia-solicitaron-la-convocatoria-a-la-comision-de-emergencia","status":"publish","type":"post","link":"https:\/\/infoecos.com.ar\/index.php\/concejales-del-frente-de-todos-de-rivadavia-solicitaron-la-convocatoria-a-la-comision-de-emergencia\/","title":{"rendered":"Solicitan la convocatoria a la Comisi\u00f3n de Emergencia de Rivadavia"},"content":{"rendered":"\n<p>Aunque aparezca como una contradicci\u00f3n \u00f3 colisionando con los intereses pol\u00edticos de muchos dirigentes a nivel provincial y nacional, los concejales del <strong>Frente de Todos<\/strong> de Rivadavia han presentado un proyecto que se ajusta a la realidad que vive el sector agropecuario, tambi\u00e9n en ese distrito. Pidieron que se convoque a la Comisi\u00f3n de Emergencia y\/o desastre local para evaluar y analizar un plan de acci\u00f3n ante la escasez h\u00eddrica.<strong> <\/strong><\/p>\n\n\n\n<figure class=\"wp-block-image aligncenter size-full is-resized\"><img loading=\"lazy\" decoding=\"async\" src=\"https:\/\/infoecos.com.ar\/wp-content\/uploads\/2022\/10\/sequiatrigo.jpg\" alt=\"\" class=\"wp-image-98895\" width=\"471\" height=\"312\" srcset=\"https:\/\/infoecos.com.ar\/wp-content\/uploads\/2022\/10\/sequiatrigo.jpg 767w, https:\/\/infoecos.com.ar\/wp-content\/uploads\/2022\/10\/sequiatrigo-460x305.jpg 460w\" sizes=\"(max-width: 471px) 100vw, 471px\" \/><\/figure>\n\n\n\n<p>La solicitud legislativa se basa en la falta de precipitaciones pluviales durante el \u00faltimo semestre del a\u00f1o 2022 y la fuerte helada del 18 de febrero del 2023. <\/p>\n\n\n\n<p>Los ediles, seguramente conscientes que pertenecen al oficialismo en el escenario bonaerense y nacional,  se pusieron a disposici\u00f3n para abordar esta problem\u00e1tica y las consecuencias sobre la vida de las vecinas y vecinos de Rivadavia.<\/p>\n","protected":false},"excerpt":{"rendered":"<p>Aunque aparezca como una contradicci\u00f3n \u00f3 colisionando con los intereses pol\u00edticos de muchos dirigentes a nivel provincial y nacional, los concejales del Frente de Todos de Rivadavia han presentado un proyecto que se ajusta a la realidad que vive el sector agropecuario<\/p>\n","protected":false},"author":2,"featured_media":98895,"comment_status":"closed","ping_status":"open","sticky":false,"template":"","format":"standard","meta":{"footnotes":""},"categories":[48],"tags":[7422],"class_list":["post-102312","post","type-post","status-publish","format-standard","has-post-thumbnail","hentry","category-c2nota3","tag-el-bloque-del-fdt"],"yoast_head":"<!-- This site is optimized with the Yoast SEO plugin v23.4 - https:\/\/yoast.com\/wordpress\/plugins\/seo\/ -->\n<title>Solicitan la convocatoria a la Comisi\u00f3n de Emergencia de Rivadavia - Infoecos<\/title>\n<meta name=\"robots\" content=\"index, follow, max-snippet:-1, max-image-preview:large, max-video-preview:-1\" \/>\n<link rel=\"canonical\" href=\"https:\/\/infoecos.com.ar\/index.php\/concejales-del-frente-de-todos-de-rivadavia-solicitaron-la-convocatoria-a-la-comision-de-emergencia\/\" \/>\n<meta property=\"og:locale\" content=\"es_ES\" \/>\n<meta property=\"og:type\" content=\"article\" \/>\n<meta property=\"og:title\" content=\"Solicitan la convocatoria a la Comisi\u00f3n de Emergencia de Rivadavia - Infoecos\" \/>\n<meta property=\"og:description\" content=\"Aunque aparezca como una contradicci\u00f3n \u00f3 colisionando con los intereses pol\u00edticos de muchos dirigentes a nivel provincial y nacional, los concejales del Frente de Todos de Rivadavia han presentado un proyecto que se ajusta a la realidad que vive el sector agropecuario\" \/>\n<meta property=\"og:url\" content=\"https:\/\/infoecos.com.ar\/index.php\/concejales-del-frente-de-todos-de-rivadavia-solicitaron-la-convocatoria-a-la-comision-de-emergencia\/\" \/>\n<meta property=\"og:site_name\" content=\"Infoecos\" \/>\n<meta property=\"article:publisher\" content=\"https:\/\/www.facebook.com\/profile.php?id=100063200290284\" \/>\n<meta property=\"article:published_time\" content=\"2023-02-27T13:41:15+00:00\" \/>\n<meta property=\"article:modified_time\" content=\"2023-02-28T13:20:38+00:00\" \/>\n<meta property=\"og:image\" content=\"https:\/\/infoecos.com.ar\/wp-content\/uploads\/2022\/10\/sequiatrigo.jpg\" \/>\n\t<meta property=\"og:image:width\" content=\"767\" \/>\n\t<meta property=\"og:image:height\" content=\"508\" \/>\n\t<meta property=\"og:image:type\" content=\"image\/jpeg\" \/>\n<meta name=\"author\" content=\"Jorge Matheus\" \/>\n<meta name=\"twitter:card\" content=\"summary_large_image\" \/>\n<meta name=\"twitter:creator\" content=\"@infoecos\" \/>\n<meta name=\"twitter:site\" content=\"@infoecos\" \/>\n<meta name=\"twitter:label1\" content=\"Escrito por\" \/>\n\t<meta name=\"twitter:data1\" content=\"Jorge Matheus\" \/>\n\t<meta name=\"twitter:label2\" content=\"Tiempo de lectura\" \/>\n\t<meta name=\"twitter:data2\" content=\"1 minuto\" \/>\n<script type=\"application\/ld+json\" class=\"yoast-schema-graph\">{\"@context\":\"https:\/\/schema.org\",\"@graph\":[{\"@type\":\"Article\",\"@id\":\"https:\/\/infoecos.com.ar\/index.php\/concejales-del-frente-de-todos-de-rivadavia-solicitaron-la-convocatoria-a-la-comision-de-emergencia\/#article\",\"isPartOf\":{\"@id\":\"https:\/\/infoecos.com.ar\/index.php\/concejales-del-frente-de-todos-de-rivadavia-solicitaron-la-convocatoria-a-la-comision-de-emergencia\/\"},\"author\":{\"name\":\"Jorge Matheus\",\"@id\":\"https:\/\/infoecos.com.ar\/#\/schema\/person\/8f5ace5ce73b4b4aac4b7245aee6f191\"},\"headline\":\"Solicitan la convocatoria a la Comisi\u00f3n de Emergencia de Rivadavia\",\"datePublished\":\"2023-02-27T13:41:15+00:00\",\"dateModified\":\"2023-02-28T13:20:38+00:00\",\"mainEntityOfPage\":{\"@id\":\"https:\/\/infoecos.com.ar\/index.php\/concejales-del-frente-de-todos-de-rivadavia-solicitaron-la-convocatoria-a-la-comision-de-emergencia\/\"},\"wordCount\":150,\"publisher\":{\"@id\":\"https:\/\/infoecos.com.ar\/#organization\"},\"image\":{\"@id\":\"https:\/\/infoecos.com.ar\/index.php\/concejales-del-frente-de-todos-de-rivadavia-solicitaron-la-convocatoria-a-la-comision-de-emergencia\/#primaryimage\"},\"thumbnailUrl\":\"https:\/\/infoecos.com.ar\/wp-content\/uploads\/2022\/10\/sequiatrigo.jpg\",\"keywords\":[\"EL BLOQUE DEL FdT\"],\"articleSection\":[\"C2 N3\"],\"inLanguage\":\"es\"},{\"@type\":\"WebPage\",\"@id\":\"https:\/\/infoecos.com.ar\/index.php\/concejales-del-frente-de-todos-de-rivadavia-solicitaron-la-convocatoria-a-la-comision-de-emergencia\/\",\"url\":\"https:\/\/infoecos.com.ar\/index.php\/concejales-del-frente-de-todos-de-rivadavia-solicitaron-la-convocatoria-a-la-comision-de-emergencia\/\",\"name\":\"Solicitan la convocatoria a la Comisi\u00f3n de Emergencia de Rivadavia - Infoecos\",\"isPartOf\":{\"@id\":\"https:\/\/infoecos.com.ar\/#website\"},\"primaryImageOfPage\":{\"@id\":\"https:\/\/infoecos.com.ar\/index.php\/concejales-del-frente-de-todos-de-rivadavia-solicitaron-la-convocatoria-a-la-comision-de-emergencia\/#primaryimage\"},\"image\":{\"@id\":\"https:\/\/infoecos.com.ar\/index.php\/concejales-del-frente-de-todos-de-rivadavia-solicitaron-la-convocatoria-a-la-comision-de-emergencia\/#primaryimage\"},\"thumbnailUrl\":\"https:\/\/infoecos.com.ar\/wp-content\/uploads\/2022\/10\/sequiatrigo.jpg\",\"datePublished\":\"2023-02-27T13:41:15+00:00\",\"dateModified\":\"2023-02-28T13:20:38+00:00\",\"breadcrumb\":{\"@id\":\"https:\/\/infoecos.com.ar\/index.php\/concejales-del-frente-de-todos-de-rivadavia-solicitaron-la-convocatoria-a-la-comision-de-emergencia\/#breadcrumb\"},\"inLanguage\":\"es\",\"potentialAction\":[{\"@type\":\"ReadAction\",\"target\":[\"https:\/\/infoecos.com.ar\/index.php\/concejales-del-frente-de-todos-de-rivadavia-solicitaron-la-convocatoria-a-la-comision-de-emergencia\/\"]}]},{\"@type\":\"ImageObject\",\"inLanguage\":\"es\",\"@id\":\"https:\/\/infoecos.com.ar\/index.php\/concejales-del-frente-de-todos-de-rivadavia-solicitaron-la-convocatoria-a-la-comision-de-emergencia\/#primaryimage\",\"url\":\"https:\/\/infoecos.com.ar\/wp-content\/uploads\/2022\/10\/sequiatrigo.jpg\",\"contentUrl\":\"https:\/\/infoecos.com.ar\/wp-content\/uploads\/2022\/10\/sequiatrigo.jpg\",\"width\":767,\"height\":508},{\"@type\":\"BreadcrumbList\",\"@id\":\"https:\/\/infoecos.com.ar\/index.php\/concejales-del-frente-de-todos-de-rivadavia-solicitaron-la-convocatoria-a-la-comision-de-emergencia\/#breadcrumb\",\"itemListElement\":[{\"@type\":\"ListItem\",\"position\":1,\"name\":\"Portada\",\"item\":\"https:\/\/infoecos.com.ar\/\"},{\"@type\":\"ListItem\",\"position\":2,\"name\":\"Solicitan la convocatoria a la Comisi\u00f3n de Emergencia de Rivadavia\"}]},{\"@type\":\"WebSite\",\"@id\":\"https:\/\/infoecos.com.ar\/#website\",\"url\":\"https:\/\/infoecos.com.ar\/\",\"name\":\"Infoecos\",\"description\":\"Noticias de trenque lauquen y la zona\",\"publisher\":{\"@id\":\"https:\/\/infoecos.com.ar\/#organization\"},\"alternateName\":\"Noticias\",\"potentialAction\":[{\"@type\":\"SearchAction\",\"target\":{\"@type\":\"EntryPoint\",\"urlTemplate\":\"https:\/\/infoecos.com.ar\/?s={search_term_string}\"},\"query-input\":{\"@type\":\"PropertyValueSpecification\",\"valueRequired\":true,\"valueName\":\"search_term_string\"}}],\"inLanguage\":\"es\"},{\"@type\":\"Organization\",\"@id\":\"https:\/\/infoecos.com.ar\/#organization\",\"name\":\"Infoecos\",\"alternateName\":\"Noticias\",\"url\":\"https:\/\/infoecos.com.ar\/\",\"logo\":{\"@type\":\"ImageObject\",\"inLanguage\":\"es\",\"@id\":\"https:\/\/infoecos.com.ar\/#\/schema\/logo\/image\/\",\"url\":\"https:\/\/infoecos.com.ar\/wp-content\/uploads\/2024\/03\/cropped-logo.png\",\"contentUrl\":\"https:\/\/infoecos.com.ar\/wp-content\/uploads\/2024\/03\/cropped-logo.png\",\"width\":374,\"height\":90,\"caption\":\"Infoecos\"},\"image\":{\"@id\":\"https:\/\/infoecos.com.ar\/#\/schema\/logo\/image\/\"},\"sameAs\":[\"https:\/\/www.facebook.com\/profile.php?id=100063200290284\",\"https:\/\/x.com\/infoecos\"]},{\"@type\":\"Person\",\"@id\":\"https:\/\/infoecos.com.ar\/#\/schema\/person\/8f5ace5ce73b4b4aac4b7245aee6f191\",\"name\":\"Jorge Matheus\",\"url\":\"https:\/\/infoecos.com.ar\/index.php\/author\/jomatheus\/\"}]}<\/script>\n<!-- \/ Yoast SEO plugin. -->","yoast_head_json":{"title":"Solicitan la convocatoria a la Comisi\u00f3n de Emergencia de Rivadavia - Infoecos","robots":{"index":"index","follow":"follow","max-snippet":"max-snippet:-1","max-image-preview":"max-image-preview:large","max-video-preview":"max-video-preview:-1"},"canonical":"https:\/\/infoecos.com.ar\/index.php\/concejales-del-frente-de-todos-de-rivadavia-solicitaron-la-convocatoria-a-la-comision-de-emergencia\/","og_locale":"es_ES","og_type":"article","og_title":"Solicitan la convocatoria a la Comisi\u00f3n de Emergencia de Rivadavia - Infoecos","og_description":"Aunque aparezca como una contradicci\u00f3n \u00f3 colisionando con los intereses pol\u00edticos de muchos dirigentes a nivel provincial y nacional, los concejales del Frente de Todos de Rivadavia han presentado un proyecto que se ajusta a la realidad que vive el sector agropecuario","og_url":"https:\/\/infoecos.com.ar\/index.php\/concejales-del-frente-de-todos-de-rivadavia-solicitaron-la-convocatoria-a-la-comision-de-emergencia\/","og_site_name":"Infoecos","article_publisher":"https:\/\/www.facebook.com\/profile.php?id=100063200290284","article_published_time":"2023-02-27T13:41:15+00:00","article_modified_time":"2023-02-28T13:20:38+00:00","og_image":[{"width":767,"height":508,"url":"https:\/\/infoecos.com.ar\/wp-content\/uploads\/2022\/10\/sequiatrigo.jpg","type":"image\/jpeg"}],"author":"Jorge Matheus","twitter_card":"summary_large_image","twitter_creator":"@infoecos","twitter_site":"@infoecos","twitter_misc":{"Escrito por":"Jorge Matheus","Tiempo de lectura":"1 minuto"},"schema":{"@context":"https:\/\/schema.org","@graph":[{"@type":"Article","@id":"https:\/\/infoecos.com.ar\/index.php\/concejales-del-frente-de-todos-de-rivadavia-solicitaron-la-convocatoria-a-la-comision-de-emergencia\/#article","isPartOf":{"@id":"https:\/\/infoecos.com.ar\/index.php\/concejales-del-frente-de-todos-de-rivadavia-solicitaron-la-convocatoria-a-la-comision-de-emergencia\/"},"author":{"name":"Jorge Matheus","@id":"https:\/\/infoecos.com.ar\/#\/schema\/person\/8f5ace5ce73b4b4aac4b7245aee6f191"},"headline":"Solicitan la convocatoria a la Comisi\u00f3n de Emergencia de Rivadavia","datePublished":"2023-02-27T13:41:15+00:00","dateModified":"2023-02-28T13:20:38+00:00","mainEntityOfPage":{"@id":"https:\/\/infoecos.com.ar\/index.php\/concejales-del-frente-de-todos-de-rivadavia-solicitaron-la-convocatoria-a-la-comision-de-emergencia\/"},"wordCount":150,"publisher":{"@id":"https:\/\/infoecos.com.ar\/#organization"},"image":{"@id":"https:\/\/infoecos.com.ar\/index.php\/concejales-del-frente-de-todos-de-rivadavia-solicitaron-la-convocatoria-a-la-comision-de-emergencia\/#primaryimage"},"thumbnailUrl":"https:\/\/infoecos.com.ar\/wp-content\/uploads\/2022\/10\/sequiatrigo.jpg","keywords":["EL BLOQUE DEL FdT"],"articleSection":["C2 N3"],"inLanguage":"es"},{"@type":"WebPage","@id":"https:\/\/infoecos.com.ar\/index.php\/concejales-del-frente-de-todos-de-rivadavia-solicitaron-la-convocatoria-a-la-comision-de-emergencia\/","url":"https:\/\/infoecos.com.ar\/index.php\/concejales-del-frente-de-todos-de-rivadavia-solicitaron-la-convocatoria-a-la-comision-de-emergencia\/","name":"Solicitan la convocatoria a la Comisi\u00f3n de Emergencia de Rivadavia - Infoecos","isPartOf":{"@id":"https:\/\/infoecos.com.ar\/#website"},"primaryImageOfPage":{"@id":"https:\/\/infoecos.com.ar\/index.php\/concejales-del-frente-de-todos-de-rivadavia-solicitaron-la-convocatoria-a-la-comision-de-emergencia\/#primaryimage"},"image":{"@id":"https:\/\/infoecos.com.ar\/index.php\/concejales-del-frente-de-todos-de-rivadavia-solicitaron-la-convocatoria-a-la-comision-de-emergencia\/#primaryimage"},"thumbnailUrl":"https:\/\/infoecos.com.ar\/wp-content\/uploads\/2022\/10\/sequiatrigo.jpg","datePublished":"2023-02-27T13:41:15+00:00","dateModified":"2023-02-28T13:20:38+00:00","breadcrumb":{"@id":"https:\/\/infoecos.com.ar\/index.php\/concejales-del-frente-de-todos-de-rivadavia-solicitaron-la-convocatoria-a-la-comision-de-emergencia\/#breadcrumb"},"inLanguage":"es","potentialAction":[{"@type":"ReadAction","target":["https:\/\/infoecos.com.ar\/index.php\/concejales-del-frente-de-todos-de-rivadavia-solicitaron-la-convocatoria-a-la-comision-de-emergencia\/"]}]},{"@type":"ImageObject","inLanguage":"es","@id":"https:\/\/infoecos.com.ar\/index.php\/concejales-del-frente-de-todos-de-rivadavia-solicitaron-la-convocatoria-a-la-comision-de-emergencia\/#primaryimage","url":"https:\/\/infoecos.com.ar\/wp-content\/uploads\/2022\/10\/sequiatrigo.jpg","contentUrl":"https:\/\/infoecos.com.ar\/wp-content\/uploads\/2022\/10\/sequiatrigo.jpg","width":767,"height":508},{"@type":"BreadcrumbList","@id":"https:\/\/infoecos.com.ar\/index.php\/concejales-del-frente-de-todos-de-rivadavia-solicitaron-la-convocatoria-a-la-comision-de-emergencia\/#breadcrumb","itemListElement":[{"@type":"ListItem","position":1,"name":"Portada","item":"https:\/\/infoecos.com.ar\/"},{"@type":"ListItem","position":2,"name":"Solicitan la convocatoria a la Comisi\u00f3n de Emergencia de Rivadavia"}]},{"@type":"WebSite","@id":"https:\/\/infoecos.com.ar\/#website","url":"https:\/\/infoecos.com.ar\/","name":"Infoecos","description":"Noticias de trenque lauquen y la zona","publisher":{"@id":"https:\/\/infoecos.com.ar\/#organization"},"alternateName":"Noticias","potentialAction":[{"@type":"SearchAction","target":{"@type":"EntryPoint","urlTemplate":"https:\/\/infoecos.com.ar\/?s={search_term_string}"},"query-input":{"@type":"PropertyValueSpecification","valueRequired":true,"valueName":"search_term_string"}}],"inLanguage":"es"},{"@type":"Organization","@id":"https:\/\/infoecos.com.ar\/#organization","name":"Infoecos","alternateName":"Noticias","url":"https:\/\/infoecos.com.ar\/","logo":{"@type":"ImageObject","inLanguage":"es","@id":"https:\/\/infoecos.com.ar\/#\/schema\/logo\/image\/","url":"https:\/\/infoecos.com.ar\/wp-content\/uploads\/2024\/03\/cropped-logo.png","contentUrl":"https:\/\/infoecos.com.ar\/wp-content\/uploads\/2024\/03\/cropped-logo.png","width":374,"height":90,"caption":"Infoecos"},"image":{"@id":"https:\/\/infoecos.com.ar\/#\/schema\/logo\/image\/"},"sameAs":["https:\/\/www.facebook.com\/profile.php?id=100063200290284","https:\/\/x.com\/infoecos"]},{"@type":"Person","@id":"https:\/\/infoecos.com.ar\/#\/schema\/person\/8f5ace5ce73b4b4aac4b7245aee6f191","name":"Jorge Matheus","url":"https:\/\/infoecos.com.ar\/index.php\/author\/jomatheus\/"}]}},"featured_image_urls":{"full":["https:\/\/infoecos.com.ar\/wp-content\/uploads\/2022\/10\/sequiatrigo.jpg",767,508,false],"thumbnail":["https:\/\/infoecos.com.ar\/wp-content\/uploads\/2022\/10\/sequiatrigo-150x150.jpg",150,150,true],"medium":["https:\/\/infoecos.com.ar\/wp-content\/uploads\/2022\/10\/sequiatrigo-460x305.jpg",460,305,true],"medium_large":["https:\/\/infoecos.com.ar\/wp-content\/uploads\/2022\/10\/sequiatrigo.jpg",640,424,false],"large":["https:\/\/infoecos.com.ar\/wp-content\/uploads\/2022\/10\/sequiatrigo.jpg",640,424,false],"1536x1536":["https:\/\/infoecos.com.ar\/wp-content\/uploads\/2022\/10\/sequiatrigo.jpg",767,508,false],"2048x2048":["https:\/\/infoecos.com.ar\/wp-content\/uploads\/2022\/10\/sequiatrigo.jpg",767,508,false],"covernews-slider-full":["https:\/\/infoecos.com.ar\/wp-content\/uploads\/2022\/10\/sequiatrigo.jpg",767,508,false],"covernews-slider-center":["https:\/\/infoecos.com.ar\/wp-content\/uploads\/2022\/10\/sequiatrigo.jpg",755,500,false],"covernews-featured":["https:\/\/infoecos.com.ar\/wp-content\/uploads\/2022\/10\/sequiatrigo.jpg",767,508,false],"covernews-medium":["https:\/\/infoecos.com.ar\/wp-content\/uploads\/2022\/10\/sequiatrigo-720x380.jpg",540,285,true],"covernews-medium-square":["https:\/\/infoecos.com.ar\/wp-content\/uploads\/2022\/10\/sequiatrigo-675x450.jpg",375,250,true]},"author_info":{"info":["Jorge Matheus"]},"category_info":"<a href=\"https:\/\/infoecos.com.ar\/index.php\/category\/c2nota3\/\" rel=\"category tag\">C2 N3<\/a>","tag_info":"C2 N3","comment_count":"0","_links":{"self":[{"href":"https:\/\/infoecos.com.ar\/index.php\/wp-json\/wp\/v2\/posts\/102312"}],"collection":[{"href":"https:\/\/infoecos.com.ar\/index.php\/wp-json\/wp\/v2\/posts"}],"about":[{"href":"https:\/\/infoecos.com.ar\/index.php\/wp-json\/wp\/v2\/types\/post"}],"author":[{"embeddable":true,"href":"https:\/\/infoecos.com.ar\/index.php\/wp-json\/wp\/v2\/users\/2"}],"replies":[{"embeddable":true,"href":"https:\/\/infoecos.com.ar\/index.php\/wp-json\/wp\/v2\/comments?post=102312"}],"version-history":[{"count":2,"href":"https:\/\/infoecos.com.ar\/index.php\/wp-json\/wp\/v2\/posts\/102312\/revisions"}],"predecessor-version":[{"id":102323,"href":"https:\/\/infoecos.com.ar\/index.php\/wp-json\/wp\/v2\/posts\/102312\/revisions\/102323"}],"wp:featuredmedia":[{"embeddable":true,"href":"https:\/\/infoecos.com.ar\/index.php\/wp-json\/wp\/v2\/media\/98895"}],"wp:attachment":[{"href":"https:\/\/infoecos.com.ar\/index.php\/wp-json\/wp\/v2\/media?parent=102312"}],"wp:term":[{"taxonomy":"category","embeddable":true,"href":"https:\/\/infoecos.com.ar\/index.php\/wp-json\/wp\/v2\/categories?post=102312"},{"taxonomy":"post_tag","embeddable":true,"href":"https:\/\/infoecos.com.ar\/index.php\/wp-json\/wp\/v2\/tags?post=102312"}],"curies":[{"name":"wp","href":"https:\/\/api.w.org\/{rel}","templated":true}]}}