{"id":102317,"date":"2023-02-27T11:29:47","date_gmt":"2023-02-27T14:29:47","guid":{"rendered":"https:\/\/infoecos.com.ar\/?p=102317"},"modified":"2023-03-01T03:13:32","modified_gmt":"2023-03-01T06:13:32","slug":"confirman-que-se-investiga-la-violacion-de-una-joven-trenquelauquense-el-fin-de-semana","status":"publish","type":"post","link":"https:\/\/infoecos.com.ar\/index.php\/confirman-que-se-investiga-la-violacion-de-una-joven-trenquelauquense-el-fin-de-semana\/","title":{"rendered":"Violaron a una joven, mayor de edad, en Trenque Lauquen"},"content":{"rendered":"\n<p>La Justicia y Polic\u00eda investigan la denuncia de una joven trenquelauquense sobre la violaci\u00f3n que sufri\u00f3 por parte de dos hombres, un mayor y un menor.<\/p>\n\n\n\n<figure class=\"wp-block-image alignright size-full is-resized\"><img loading=\"lazy\" decoding=\"async\" src=\"https:\/\/infoecos.com.ar\/wp-content\/uploads\/fiscalias_trenque_lauquen.jpg\" alt=\"\" class=\"wp-image-62267\" width=\"439\" height=\"229\" srcset=\"https:\/\/infoecos.com.ar\/wp-content\/uploads\/fiscalias_trenque_lauquen.jpg 787w, https:\/\/infoecos.com.ar\/wp-content\/uploads\/fiscalias_trenque_lauquen-460x240.jpg 460w, https:\/\/infoecos.com.ar\/wp-content\/uploads\/fiscalias_trenque_lauquen-768x400.jpg 768w\" sizes=\"(max-width: 439px) 100vw, 439px\" \/><\/figure>\n\n\n\n<p>El titular de la Departamental local, Marco Arregui, confirm\u00f3 en la ma\u00f1ana de este lunes por <strong><mark style=\"background-color:rgba(0, 0, 0, 0)\" class=\"has-inline-color has-vivid-red-color\">AM 1280 Lu 11 Radioemisora del Oeste (Fm 88.5 Y 93.1)<\/mark><\/strong> que se trabaja en torno a este hecho manifestado en la presentaci\u00f3n policial. Arregui, como ocurre en estos casos y siempre lo ha hecho, fue prudente cuando se lo consult\u00f3 en torno a nombres, habida cuenta de la aparici\u00f3n de dos de ellos, en las redes sociales. El comisario abog\u00f3 para que \u00abla sociedad sepa interpretar la gravedad de la denuncia y no hacerse eco de las publicaciones que desconocen la importancia de la investigaci\u00f3n\u00bb.  <\/p>\n\n\n\n<p>Arregui ratific\u00f3 algunos t\u00e9rminos de la denuncia y que se publicaron en una p\u00e1gina de noticias de Trenque Lauquen. <em><strong>La v\u00edctima fue invitada a la vivienda de uno de los sindicados a donde supuestamente iba a pasar un rato, tomar unos tragos y charlar, para luego regresar a su casa. En ese contexto, y luego de beber alcohol que hab\u00eda en el lugar, comenz\u00f3 a sentirse mareada hasta que perdi\u00f3 noci\u00f3n de la situaci\u00f3n. Para cuando se recuper\u00f3, se encontr\u00f3 siendo abusada sexualmente en la habitaci\u00f3n del domicilio por los dos sujetos se\u00f1alados, hasta que logr\u00f3 salir del lugar y corri\u00f3 por la v\u00eda p\u00fablica<\/strong><\/em>.<\/p>\n\n\n\n<p>El m\u00e1ximo responsable de la seguridad p\u00fablica en el distrito reconoci\u00f3 que los sindicados de haber sido los autores del delito est\u00e1n en conocimiento de la denuncia, gozando de libertad &#8211; en tanto y en cuanto &#8211; la justicia avance con la investigaci\u00f3n y determine si fueron los autores. <\/p>\n\n\n\n<p>La causa se radic\u00f3, en principio, en la UFI N\u00b0 5 a cargo del fiscal Manuel Iglesias.<\/p>\n\n\n\n<p>Se realizaron dos allanamientos de urgencia, una vez presentada la denuncia. Uno en el lugar del hecho a escasas tres cuadras de la avenida principal de la ciudad y, el otro, en el Barrio Aramendi. El objetivo fue dar con los autores que, como queda dicho, uno es mayor de edad y otro menor. La v\u00edctima, tambi\u00e9n es mayor de edad. <\/p>\n\n\n\n<p>Fuentes confiables aseguraron a Infoecos que en los allanamientos se secuestraron tel\u00e9fonos y otros elementos a periciar.<\/p>\n\n\n\n<p>Mart\u00edn Butti, Fiscal del Fuero de Responsabilidad Penal Juvenil, tambi\u00e9n interviene en virtud que uno de los imputados es menor. <br><\/p>\n","protected":false},"excerpt":{"rendered":"<p>Se realizaron dos allanamientos de urgencia, una vez presentada la denuncia. Uno en el lugar del hecho a escasas tres cuadras de la avenida principal de la ciudad y, el otro, en el Barrio Aramendi<\/p>\n","protected":false},"author":2,"featured_media":62267,"comment_status":"closed","ping_status":"open","sticky":false,"template":"","format":"standard","meta":{"footnotes":""},"categories":[40],"tags":[7421],"class_list":["post-102317","post","type-post","status-publish","format-standard","has-post-thumbnail","hentry","category-inferior1","tag-investigacion-en-marcha"],"yoast_head":"<!-- This site is optimized with the Yoast SEO plugin v23.4 - https:\/\/yoast.com\/wordpress\/plugins\/seo\/ -->\n<title>Violaron a una joven, mayor de edad, en Trenque Lauquen - Infoecos<\/title>\n<meta name=\"robots\" content=\"index, follow, max-snippet:-1, max-image-preview:large, max-video-preview:-1\" \/>\n<link rel=\"canonical\" href=\"https:\/\/infoecos.com.ar\/index.php\/confirman-que-se-investiga-la-violacion-de-una-joven-trenquelauquense-el-fin-de-semana\/\" \/>\n<meta property=\"og:locale\" content=\"es_ES\" \/>\n<meta property=\"og:type\" content=\"article\" \/>\n<meta property=\"og:title\" content=\"Violaron a una joven, mayor de edad, en Trenque Lauquen - Infoecos\" \/>\n<meta property=\"og:description\" content=\"Se realizaron dos allanamientos de urgencia, una vez presentada la denuncia. Uno en el lugar del hecho a escasas tres cuadras de la avenida principal de la ciudad y, el otro, en el Barrio Aramendi\" \/>\n<meta property=\"og:url\" content=\"https:\/\/infoecos.com.ar\/index.php\/confirman-que-se-investiga-la-violacion-de-una-joven-trenquelauquense-el-fin-de-semana\/\" \/>\n<meta property=\"og:site_name\" content=\"Infoecos\" \/>\n<meta property=\"article:publisher\" content=\"https:\/\/www.facebook.com\/profile.php?id=100063200290284\" \/>\n<meta property=\"article:published_time\" content=\"2023-02-27T14:29:47+00:00\" \/>\n<meta property=\"article:modified_time\" content=\"2023-03-01T06:13:32+00:00\" \/>\n<meta property=\"og:image\" content=\"https:\/\/infoecos.com.ar\/wp-content\/uploads\/fiscalias_trenque_lauquen.jpg\" \/>\n\t<meta property=\"og:image:width\" content=\"787\" \/>\n\t<meta property=\"og:image:height\" content=\"410\" \/>\n\t<meta property=\"og:image:type\" content=\"image\/jpeg\" \/>\n<meta name=\"author\" content=\"Jorge Matheus\" \/>\n<meta name=\"twitter:card\" content=\"summary_large_image\" \/>\n<meta name=\"twitter:creator\" content=\"@infoecos\" \/>\n<meta name=\"twitter:site\" content=\"@infoecos\" \/>\n<meta name=\"twitter:label1\" content=\"Escrito por\" \/>\n\t<meta name=\"twitter:data1\" content=\"Jorge Matheus\" \/>\n\t<meta name=\"twitter:label2\" content=\"Tiempo de lectura\" \/>\n\t<meta name=\"twitter:data2\" content=\"3 minutos\" \/>\n<script type=\"application\/ld+json\" class=\"yoast-schema-graph\">{\"@context\":\"https:\/\/schema.org\",\"@graph\":[{\"@type\":\"Article\",\"@id\":\"https:\/\/infoecos.com.ar\/index.php\/confirman-que-se-investiga-la-violacion-de-una-joven-trenquelauquense-el-fin-de-semana\/#article\",\"isPartOf\":{\"@id\":\"https:\/\/infoecos.com.ar\/index.php\/confirman-que-se-investiga-la-violacion-de-una-joven-trenquelauquense-el-fin-de-semana\/\"},\"author\":{\"name\":\"Jorge Matheus\",\"@id\":\"https:\/\/infoecos.com.ar\/#\/schema\/person\/8f5ace5ce73b4b4aac4b7245aee6f191\"},\"headline\":\"Violaron a una joven, mayor de edad, en Trenque Lauquen\",\"datePublished\":\"2023-02-27T14:29:47+00:00\",\"dateModified\":\"2023-03-01T06:13:32+00:00\",\"mainEntityOfPage\":{\"@id\":\"https:\/\/infoecos.com.ar\/index.php\/confirman-que-se-investiga-la-violacion-de-una-joven-trenquelauquense-el-fin-de-semana\/\"},\"wordCount\":427,\"publisher\":{\"@id\":\"https:\/\/infoecos.com.ar\/#organization\"},\"image\":{\"@id\":\"https:\/\/infoecos.com.ar\/index.php\/confirman-que-se-investiga-la-violacion-de-una-joven-trenquelauquense-el-fin-de-semana\/#primaryimage\"},\"thumbnailUrl\":\"https:\/\/infoecos.com.ar\/wp-content\/uploads\/fiscalias_trenque_lauquen.jpg\",\"keywords\":[\"INVESTIGACI\u00d3N EN MARCHA\"],\"articleSection\":[\"Bloque inferior - 1\"],\"inLanguage\":\"es\"},{\"@type\":\"WebPage\",\"@id\":\"https:\/\/infoecos.com.ar\/index.php\/confirman-que-se-investiga-la-violacion-de-una-joven-trenquelauquense-el-fin-de-semana\/\",\"url\":\"https:\/\/infoecos.com.ar\/index.php\/confirman-que-se-investiga-la-violacion-de-una-joven-trenquelauquense-el-fin-de-semana\/\",\"name\":\"Violaron a una joven, mayor de edad, en Trenque Lauquen - Infoecos\",\"isPartOf\":{\"@id\":\"https:\/\/infoecos.com.ar\/#website\"},\"primaryImageOfPage\":{\"@id\":\"https:\/\/infoecos.com.ar\/index.php\/confirman-que-se-investiga-la-violacion-de-una-joven-trenquelauquense-el-fin-de-semana\/#primaryimage\"},\"image\":{\"@id\":\"https:\/\/infoecos.com.ar\/index.php\/confirman-que-se-investiga-la-violacion-de-una-joven-trenquelauquense-el-fin-de-semana\/#primaryimage\"},\"thumbnailUrl\":\"https:\/\/infoecos.com.ar\/wp-content\/uploads\/fiscalias_trenque_lauquen.jpg\",\"datePublished\":\"2023-02-27T14:29:47+00:00\",\"dateModified\":\"2023-03-01T06:13:32+00:00\",\"breadcrumb\":{\"@id\":\"https:\/\/infoecos.com.ar\/index.php\/confirman-que-se-investiga-la-violacion-de-una-joven-trenquelauquense-el-fin-de-semana\/#breadcrumb\"},\"inLanguage\":\"es\",\"potentialAction\":[{\"@type\":\"ReadAction\",\"target\":[\"https:\/\/infoecos.com.ar\/index.php\/confirman-que-se-investiga-la-violacion-de-una-joven-trenquelauquense-el-fin-de-semana\/\"]}]},{\"@type\":\"ImageObject\",\"inLanguage\":\"es\",\"@id\":\"https:\/\/infoecos.com.ar\/index.php\/confirman-que-se-investiga-la-violacion-de-una-joven-trenquelauquense-el-fin-de-semana\/#primaryimage\",\"url\":\"https:\/\/infoecos.com.ar\/wp-content\/uploads\/fiscalias_trenque_lauquen.jpg\",\"contentUrl\":\"https:\/\/infoecos.com.ar\/wp-content\/uploads\/fiscalias_trenque_lauquen.jpg\",\"width\":787,\"height\":410},{\"@type\":\"BreadcrumbList\",\"@id\":\"https:\/\/infoecos.com.ar\/index.php\/confirman-que-se-investiga-la-violacion-de-una-joven-trenquelauquense-el-fin-de-semana\/#breadcrumb\",\"itemListElement\":[{\"@type\":\"ListItem\",\"position\":1,\"name\":\"Portada\",\"item\":\"https:\/\/infoecos.com.ar\/\"},{\"@type\":\"ListItem\",\"position\":2,\"name\":\"Violaron a una joven, mayor de edad, en Trenque Lauquen\"}]},{\"@type\":\"WebSite\",\"@id\":\"https:\/\/infoecos.com.ar\/#website\",\"url\":\"https:\/\/infoecos.com.ar\/\",\"name\":\"Infoecos\",\"description\":\"Noticias de trenque lauquen y la zona\",\"publisher\":{\"@id\":\"https:\/\/infoecos.com.ar\/#organization\"},\"alternateName\":\"Noticias\",\"potentialAction\":[{\"@type\":\"SearchAction\",\"target\":{\"@type\":\"EntryPoint\",\"urlTemplate\":\"https:\/\/infoecos.com.ar\/?s={search_term_string}\"},\"query-input\":{\"@type\":\"PropertyValueSpecification\",\"valueRequired\":true,\"valueName\":\"search_term_string\"}}],\"inLanguage\":\"es\"},{\"@type\":\"Organization\",\"@id\":\"https:\/\/infoecos.com.ar\/#organization\",\"name\":\"Infoecos\",\"alternateName\":\"Noticias\",\"url\":\"https:\/\/infoecos.com.ar\/\",\"logo\":{\"@type\":\"ImageObject\",\"inLanguage\":\"es\",\"@id\":\"https:\/\/infoecos.com.ar\/#\/schema\/logo\/image\/\",\"url\":\"https:\/\/infoecos.com.ar\/wp-content\/uploads\/2024\/03\/cropped-logo.png\",\"contentUrl\":\"https:\/\/infoecos.com.ar\/wp-content\/uploads\/2024\/03\/cropped-logo.png\",\"width\":374,\"height\":90,\"caption\":\"Infoecos\"},\"image\":{\"@id\":\"https:\/\/infoecos.com.ar\/#\/schema\/logo\/image\/\"},\"sameAs\":[\"https:\/\/www.facebook.com\/profile.php?id=100063200290284\",\"https:\/\/x.com\/infoecos\"]},{\"@type\":\"Person\",\"@id\":\"https:\/\/infoecos.com.ar\/#\/schema\/person\/8f5ace5ce73b4b4aac4b7245aee6f191\",\"name\":\"Jorge Matheus\",\"url\":\"https:\/\/infoecos.com.ar\/index.php\/author\/jomatheus\/\"}]}<\/script>\n<!-- \/ Yoast SEO plugin. -->","yoast_head_json":{"title":"Violaron a una joven, mayor de edad, en Trenque Lauquen - Infoecos","robots":{"index":"index","follow":"follow","max-snippet":"max-snippet:-1","max-image-preview":"max-image-preview:large","max-video-preview":"max-video-preview:-1"},"canonical":"https:\/\/infoecos.com.ar\/index.php\/confirman-que-se-investiga-la-violacion-de-una-joven-trenquelauquense-el-fin-de-semana\/","og_locale":"es_ES","og_type":"article","og_title":"Violaron a una joven, mayor de edad, en Trenque Lauquen - Infoecos","og_description":"Se realizaron dos allanamientos de urgencia, una vez presentada la denuncia. Uno en el lugar del hecho a escasas tres cuadras de la avenida principal de la ciudad y, el otro, en el Barrio Aramendi","og_url":"https:\/\/infoecos.com.ar\/index.php\/confirman-que-se-investiga-la-violacion-de-una-joven-trenquelauquense-el-fin-de-semana\/","og_site_name":"Infoecos","article_publisher":"https:\/\/www.facebook.com\/profile.php?id=100063200290284","article_published_time":"2023-02-27T14:29:47+00:00","article_modified_time":"2023-03-01T06:13:32+00:00","og_image":[{"width":787,"height":410,"url":"https:\/\/infoecos.com.ar\/wp-content\/uploads\/fiscalias_trenque_lauquen.jpg","type":"image\/jpeg"}],"author":"Jorge Matheus","twitter_card":"summary_large_image","twitter_creator":"@infoecos","twitter_site":"@infoecos","twitter_misc":{"Escrito por":"Jorge Matheus","Tiempo de lectura":"3 minutos"},"schema":{"@context":"https:\/\/schema.org","@graph":[{"@type":"Article","@id":"https:\/\/infoecos.com.ar\/index.php\/confirman-que-se-investiga-la-violacion-de-una-joven-trenquelauquense-el-fin-de-semana\/#article","isPartOf":{"@id":"https:\/\/infoecos.com.ar\/index.php\/confirman-que-se-investiga-la-violacion-de-una-joven-trenquelauquense-el-fin-de-semana\/"},"author":{"name":"Jorge Matheus","@id":"https:\/\/infoecos.com.ar\/#\/schema\/person\/8f5ace5ce73b4b4aac4b7245aee6f191"},"headline":"Violaron a una joven, mayor de edad, en Trenque Lauquen","datePublished":"2023-02-27T14:29:47+00:00","dateModified":"2023-03-01T06:13:32+00:00","mainEntityOfPage":{"@id":"https:\/\/infoecos.com.ar\/index.php\/confirman-que-se-investiga-la-violacion-de-una-joven-trenquelauquense-el-fin-de-semana\/"},"wordCount":427,"publisher":{"@id":"https:\/\/infoecos.com.ar\/#organization"},"image":{"@id":"https:\/\/infoecos.com.ar\/index.php\/confirman-que-se-investiga-la-violacion-de-una-joven-trenquelauquense-el-fin-de-semana\/#primaryimage"},"thumbnailUrl":"https:\/\/infoecos.com.ar\/wp-content\/uploads\/fiscalias_trenque_lauquen.jpg","keywords":["INVESTIGACI\u00d3N EN MARCHA"],"articleSection":["Bloque inferior - 1"],"inLanguage":"es"},{"@type":"WebPage","@id":"https:\/\/infoecos.com.ar\/index.php\/confirman-que-se-investiga-la-violacion-de-una-joven-trenquelauquense-el-fin-de-semana\/","url":"https:\/\/infoecos.com.ar\/index.php\/confirman-que-se-investiga-la-violacion-de-una-joven-trenquelauquense-el-fin-de-semana\/","name":"Violaron a una joven, mayor de edad, en Trenque Lauquen - Infoecos","isPartOf":{"@id":"https:\/\/infoecos.com.ar\/#website"},"primaryImageOfPage":{"@id":"https:\/\/infoecos.com.ar\/index.php\/confirman-que-se-investiga-la-violacion-de-una-joven-trenquelauquense-el-fin-de-semana\/#primaryimage"},"image":{"@id":"https:\/\/infoecos.com.ar\/index.php\/confirman-que-se-investiga-la-violacion-de-una-joven-trenquelauquense-el-fin-de-semana\/#primaryimage"},"thumbnailUrl":"https:\/\/infoecos.com.ar\/wp-content\/uploads\/fiscalias_trenque_lauquen.jpg","datePublished":"2023-02-27T14:29:47+00:00","dateModified":"2023-03-01T06:13:32+00:00","breadcrumb":{"@id":"https:\/\/infoecos.com.ar\/index.php\/confirman-que-se-investiga-la-violacion-de-una-joven-trenquelauquense-el-fin-de-semana\/#breadcrumb"},"inLanguage":"es","potentialAction":[{"@type":"ReadAction","target":["https:\/\/infoecos.com.ar\/index.php\/confirman-que-se-investiga-la-violacion-de-una-joven-trenquelauquense-el-fin-de-semana\/"]}]},{"@type":"ImageObject","inLanguage":"es","@id":"https:\/\/infoecos.com.ar\/index.php\/confirman-que-se-investiga-la-violacion-de-una-joven-trenquelauquense-el-fin-de-semana\/#primaryimage","url":"https:\/\/infoecos.com.ar\/wp-content\/uploads\/fiscalias_trenque_lauquen.jpg","contentUrl":"https:\/\/infoecos.com.ar\/wp-content\/uploads\/fiscalias_trenque_lauquen.jpg","width":787,"height":410},{"@type":"BreadcrumbList","@id":"https:\/\/infoecos.com.ar\/index.php\/confirman-que-se-investiga-la-violacion-de-una-joven-trenquelauquense-el-fin-de-semana\/#breadcrumb","itemListElement":[{"@type":"ListItem","position":1,"name":"Portada","item":"https:\/\/infoecos.com.ar\/"},{"@type":"ListItem","position":2,"name":"Violaron a una joven, mayor de edad, en Trenque Lauquen"}]},{"@type":"WebSite","@id":"https:\/\/infoecos.com.ar\/#website","url":"https:\/\/infoecos.com.ar\/","name":"Infoecos","description":"Noticias de trenque lauquen y la zona","publisher":{"@id":"https:\/\/infoecos.com.ar\/#organization"},"alternateName":"Noticias","potentialAction":[{"@type":"SearchAction","target":{"@type":"EntryPoint","urlTemplate":"https:\/\/infoecos.com.ar\/?s={search_term_string}"},"query-input":{"@type":"PropertyValueSpecification","valueRequired":true,"valueName":"search_term_string"}}],"inLanguage":"es"},{"@type":"Organization","@id":"https:\/\/infoecos.com.ar\/#organization","name":"Infoecos","alternateName":"Noticias","url":"https:\/\/infoecos.com.ar\/","logo":{"@type":"ImageObject","inLanguage":"es","@id":"https:\/\/infoecos.com.ar\/#\/schema\/logo\/image\/","url":"https:\/\/infoecos.com.ar\/wp-content\/uploads\/2024\/03\/cropped-logo.png","contentUrl":"https:\/\/infoecos.com.ar\/wp-content\/uploads\/2024\/03\/cropped-logo.png","width":374,"height":90,"caption":"Infoecos"},"image":{"@id":"https:\/\/infoecos.com.ar\/#\/schema\/logo\/image\/"},"sameAs":["https:\/\/www.facebook.com\/profile.php?id=100063200290284","https:\/\/x.com\/infoecos"]},{"@type":"Person","@id":"https:\/\/infoecos.com.ar\/#\/schema\/person\/8f5ace5ce73b4b4aac4b7245aee6f191","name":"Jorge Matheus","url":"https:\/\/infoecos.com.ar\/index.php\/author\/jomatheus\/"}]}},"featured_image_urls":{"full":["https:\/\/infoecos.com.ar\/wp-content\/uploads\/fiscalias_trenque_lauquen.jpg",787,410,false],"thumbnail":["https:\/\/infoecos.com.ar\/wp-content\/uploads\/fiscalias_trenque_lauquen-150x150.jpg",150,150,true],"medium":["https:\/\/infoecos.com.ar\/wp-content\/uploads\/fiscalias_trenque_lauquen-460x240.jpg",460,240,true],"medium_large":["https:\/\/infoecos.com.ar\/wp-content\/uploads\/fiscalias_trenque_lauquen-768x400.jpg",640,333,true],"large":["https:\/\/infoecos.com.ar\/wp-content\/uploads\/fiscalias_trenque_lauquen.jpg",640,333,false],"1536x1536":["https:\/\/infoecos.com.ar\/wp-content\/uploads\/fiscalias_trenque_lauquen.jpg",787,410,false],"2048x2048":["https:\/\/infoecos.com.ar\/wp-content\/uploads\/fiscalias_trenque_lauquen.jpg",787,410,false],"covernews-slider-full":["https:\/\/infoecos.com.ar\/wp-content\/uploads\/fiscalias_trenque_lauquen.jpg",787,410,false],"covernews-slider-center":["https:\/\/infoecos.com.ar\/wp-content\/uploads\/fiscalias_trenque_lauquen.jpg",787,410,false],"covernews-featured":["https:\/\/infoecos.com.ar\/wp-content\/uploads\/fiscalias_trenque_lauquen.jpg",787,410,false],"covernews-medium":["https:\/\/infoecos.com.ar\/wp-content\/uploads\/fiscalias_trenque_lauquen-720x380.jpg",540,285,true],"covernews-medium-square":["https:\/\/infoecos.com.ar\/wp-content\/uploads\/fiscalias_trenque_lauquen-675x410.jpg",400,243,true]},"author_info":{"info":["Jorge Matheus"]},"category_info":"<a href=\"https:\/\/infoecos.com.ar\/index.php\/category\/inferior1\/\" rel=\"category tag\">Bloque inferior - 1<\/a>","tag_info":"Bloque inferior - 1","comment_count":"0","_links":{"self":[{"href":"https:\/\/infoecos.com.ar\/index.php\/wp-json\/wp\/v2\/posts\/102317"}],"collection":[{"href":"https:\/\/infoecos.com.ar\/index.php\/wp-json\/wp\/v2\/posts"}],"about":[{"href":"https:\/\/infoecos.com.ar\/index.php\/wp-json\/wp\/v2\/types\/post"}],"author":[{"embeddable":true,"href":"https:\/\/infoecos.com.ar\/index.php\/wp-json\/wp\/v2\/users\/2"}],"replies":[{"embeddable":true,"href":"https:\/\/infoecos.com.ar\/index.php\/wp-json\/wp\/v2\/comments?post=102317"}],"version-history":[{"count":3,"href":"https:\/\/infoecos.com.ar\/index.php\/wp-json\/wp\/v2\/posts\/102317\/revisions"}],"predecessor-version":[{"id":102322,"href":"https:\/\/infoecos.com.ar\/index.php\/wp-json\/wp\/v2\/posts\/102317\/revisions\/102322"}],"wp:featuredmedia":[{"embeddable":true,"href":"https:\/\/infoecos.com.ar\/index.php\/wp-json\/wp\/v2\/media\/62267"}],"wp:attachment":[{"href":"https:\/\/infoecos.com.ar\/index.php\/wp-json\/wp\/v2\/media?parent=102317"}],"wp:term":[{"taxonomy":"category","embeddable":true,"href":"https:\/\/infoecos.com.ar\/index.php\/wp-json\/wp\/v2\/categories?post=102317"},{"taxonomy":"post_tag","embeddable":true,"href":"https:\/\/infoecos.com.ar\/index.php\/wp-json\/wp\/v2\/tags?post=102317"}],"curies":[{"name":"wp","href":"https:\/\/api.w.org\/{rel}","templated":true}]}}