{"id":102324,"date":"2023-02-27T20:22:55","date_gmt":"2023-02-27T23:22:55","guid":{"rendered":"https:\/\/infoecos.com.ar\/?p=102324"},"modified":"2023-03-01T03:14:05","modified_gmt":"2023-03-01T06:14:05","slug":"los-gremios-docentes-aprobaron-la-propuesta-salarial-del-gobierno-que-conduce-kicillof","status":"publish","type":"post","link":"https:\/\/infoecos.com.ar\/index.php\/los-gremios-docentes-aprobaron-la-propuesta-salarial-del-gobierno-que-conduce-kicillof\/","title":{"rendered":"Los gremios docentes aprobaron la propuesta salarial del gobierno que conduce Kicillof"},"content":{"rendered":"\n<p>Los docentes aprobaron la propuesta salarial que el Gobierno de la Provincia hab\u00eda realizado de cara al inicio de las clases.<\/p>\n\n\n\n<figure class=\"wp-block-image size-full\"><img loading=\"lazy\" decoding=\"async\" width=\"1600\" height=\"712\" src=\"https:\/\/infoecos.com.ar\/wp-content\/uploads\/2023\/02\/97485_7351.jpeg\" alt=\"\" class=\"wp-image-102235\" srcset=\"https:\/\/infoecos.com.ar\/wp-content\/uploads\/2023\/02\/97485_7351.jpeg 1600w, https:\/\/infoecos.com.ar\/wp-content\/uploads\/2023\/02\/97485_7351-800x356.jpeg 800w, https:\/\/infoecos.com.ar\/wp-content\/uploads\/2023\/02\/97485_7351-768x342.jpeg 768w, https:\/\/infoecos.com.ar\/wp-content\/uploads\/2023\/02\/97485_7351-1536x684.jpeg 1536w, https:\/\/infoecos.com.ar\/wp-content\/uploads\/2023\/02\/97485_7351-1024x456.jpeg 1024w\" sizes=\"(max-width: 1600px) 100vw, 1600px\" \/><\/figure>\n\n\n\n<p>La propuesta que realiz\u00f3 el Estado provincial tom\u00f3 como base de c\u00e1lculo el mes de febrero, elevando en un 43.5 por ciento el salario del Maestro de Grado Inicial en tres tramos: marzo, mayo y julio, con impacto en el b\u00e1sico, por lo que los docentes jubilados tambi\u00e9n percibir\u00e1n el aumento.<\/p>\n\n\n\n<p>En ese sentido, el porcentaje se compone por un 40% de aportes provinciales m\u00e1s un 3.5 por ciento de aportes nacionales. De esta manera,&nbsp;<strong>el salario del Maestro de Grado inicial de Jornada Simple pasar\u00e1 de 115 mil pesos en febrero a 140 mil en marzo, 150 mil en mayo y 165 mil en julio (tres tramos).<\/strong><\/p>\n\n\n\n<figure class=\"wp-block-image aligncenter size-full\"><img loading=\"lazy\" decoding=\"async\" width=\"1024\" height=\"640\" src=\"https:\/\/infoecos.com.ar\/wp-content\/uploads\/2023\/02\/image-144.png\" alt=\"\" class=\"wp-image-102325\" srcset=\"https:\/\/infoecos.com.ar\/wp-content\/uploads\/2023\/02\/image-144.png 1024w, https:\/\/infoecos.com.ar\/wp-content\/uploads\/2023\/02\/image-144-800x500.png 800w, https:\/\/infoecos.com.ar\/wp-content\/uploads\/2023\/02\/image-144-768x480.png 768w\" sizes=\"(max-width: 1024px) 100vw, 1024px\" \/><figcaption class=\"wp-element-caption\">Foto diario El D\u00eda La Plata<\/figcaption><\/figure>\n\n\n\n<p>Por su parte,&nbsp;<strong>el salario del Maestro de Grado de Jornada Completa ser\u00e1 de 280 mil pesos en marzo, 300 mil en mayo y 330 mil en julio.<\/strong><\/p>\n\n\n\n<p>A su vez, la propuesta&nbsp;<strong>incluye una cl\u00e1usula de monitoreo&nbsp;<\/strong>y revisi\u00f3n que deber\u00e1 ser activada si eventualmente la inflaci\u00f3n mensual supera los aumentos previstos, y la Provincia asumi\u00f3 el compromiso de reabrir las paritarias en el mes de agosto.<\/p>\n\n\n\n<p><\/p>\n","protected":false},"excerpt":{"rendered":"<p>El salario del Maestro de Grado de Jornada Completa ser\u00e1 de 280 mil pesos en marzo, 300 mil en mayo y 330 mil en julio<\/p>\n","protected":false},"author":2,"featured_media":102325,"comment_status":"closed","ping_status":"open","sticky":false,"template":"","format":"standard","meta":{"footnotes":""},"categories":[41],"tags":[7423],"class_list":["post-102324","post","type-post","status-publish","format-standard","has-post-thumbnail","hentry","category-inferior2","tag-inicio-de-clases-sin-sobresaltos"],"yoast_head":"<!-- This site is optimized with the Yoast SEO plugin v23.4 - https:\/\/yoast.com\/wordpress\/plugins\/seo\/ -->\n<title>Los gremios docentes aprobaron la propuesta salarial del gobierno que conduce Kicillof - Infoecos<\/title>\n<meta name=\"robots\" content=\"index, follow, max-snippet:-1, max-image-preview:large, max-video-preview:-1\" \/>\n<link rel=\"canonical\" href=\"https:\/\/infoecos.com.ar\/index.php\/los-gremios-docentes-aprobaron-la-propuesta-salarial-del-gobierno-que-conduce-kicillof\/\" \/>\n<meta property=\"og:locale\" content=\"es_ES\" \/>\n<meta property=\"og:type\" content=\"article\" \/>\n<meta property=\"og:title\" content=\"Los gremios docentes aprobaron la propuesta salarial del gobierno que conduce Kicillof - Infoecos\" \/>\n<meta property=\"og:description\" content=\"El salario del Maestro de Grado de Jornada Completa ser\u00e1 de 280 mil pesos en marzo, 300 mil en mayo y 330 mil en julio\" \/>\n<meta property=\"og:url\" content=\"https:\/\/infoecos.com.ar\/index.php\/los-gremios-docentes-aprobaron-la-propuesta-salarial-del-gobierno-que-conduce-kicillof\/\" \/>\n<meta property=\"og:site_name\" content=\"Infoecos\" \/>\n<meta property=\"article:publisher\" content=\"https:\/\/www.facebook.com\/profile.php?id=100063200290284\" \/>\n<meta property=\"article:published_time\" content=\"2023-02-27T23:22:55+00:00\" \/>\n<meta property=\"article:modified_time\" content=\"2023-03-01T06:14:05+00:00\" \/>\n<meta property=\"og:image\" content=\"https:\/\/infoecos.com.ar\/wp-content\/uploads\/2023\/02\/image-144.png\" \/>\n\t<meta property=\"og:image:width\" content=\"1024\" \/>\n\t<meta property=\"og:image:height\" content=\"640\" \/>\n\t<meta property=\"og:image:type\" content=\"image\/png\" \/>\n<meta name=\"author\" content=\"Jorge Matheus\" \/>\n<meta name=\"twitter:card\" content=\"summary_large_image\" \/>\n<meta name=\"twitter:creator\" content=\"@infoecos\" \/>\n<meta name=\"twitter:site\" content=\"@infoecos\" \/>\n<meta name=\"twitter:label1\" content=\"Escrito por\" \/>\n\t<meta name=\"twitter:data1\" content=\"Jorge Matheus\" \/>\n\t<meta name=\"twitter:label2\" content=\"Tiempo de lectura\" \/>\n\t<meta name=\"twitter:data2\" content=\"2 minutos\" \/>\n<script type=\"application\/ld+json\" class=\"yoast-schema-graph\">{\"@context\":\"https:\/\/schema.org\",\"@graph\":[{\"@type\":\"Article\",\"@id\":\"https:\/\/infoecos.com.ar\/index.php\/los-gremios-docentes-aprobaron-la-propuesta-salarial-del-gobierno-que-conduce-kicillof\/#article\",\"isPartOf\":{\"@id\":\"https:\/\/infoecos.com.ar\/index.php\/los-gremios-docentes-aprobaron-la-propuesta-salarial-del-gobierno-que-conduce-kicillof\/\"},\"author\":{\"name\":\"Jorge Matheus\",\"@id\":\"https:\/\/infoecos.com.ar\/#\/schema\/person\/8f5ace5ce73b4b4aac4b7245aee6f191\"},\"headline\":\"Los gremios docentes aprobaron la propuesta salarial del gobierno que conduce Kicillof\",\"datePublished\":\"2023-02-27T23:22:55+00:00\",\"dateModified\":\"2023-03-01T06:14:05+00:00\",\"mainEntityOfPage\":{\"@id\":\"https:\/\/infoecos.com.ar\/index.php\/los-gremios-docentes-aprobaron-la-propuesta-salarial-del-gobierno-que-conduce-kicillof\/\"},\"wordCount\":219,\"publisher\":{\"@id\":\"https:\/\/infoecos.com.ar\/#organization\"},\"image\":{\"@id\":\"https:\/\/infoecos.com.ar\/index.php\/los-gremios-docentes-aprobaron-la-propuesta-salarial-del-gobierno-que-conduce-kicillof\/#primaryimage\"},\"thumbnailUrl\":\"https:\/\/infoecos.com.ar\/wp-content\/uploads\/2023\/02\/image-144.png\",\"keywords\":[\"INICIO DE CLASES SIN SOBRESALTOS\"],\"articleSection\":[\"Bloque inferior - 2\"],\"inLanguage\":\"es\"},{\"@type\":\"WebPage\",\"@id\":\"https:\/\/infoecos.com.ar\/index.php\/los-gremios-docentes-aprobaron-la-propuesta-salarial-del-gobierno-que-conduce-kicillof\/\",\"url\":\"https:\/\/infoecos.com.ar\/index.php\/los-gremios-docentes-aprobaron-la-propuesta-salarial-del-gobierno-que-conduce-kicillof\/\",\"name\":\"Los gremios docentes aprobaron la propuesta salarial del gobierno que conduce Kicillof - Infoecos\",\"isPartOf\":{\"@id\":\"https:\/\/infoecos.com.ar\/#website\"},\"primaryImageOfPage\":{\"@id\":\"https:\/\/infoecos.com.ar\/index.php\/los-gremios-docentes-aprobaron-la-propuesta-salarial-del-gobierno-que-conduce-kicillof\/#primaryimage\"},\"image\":{\"@id\":\"https:\/\/infoecos.com.ar\/index.php\/los-gremios-docentes-aprobaron-la-propuesta-salarial-del-gobierno-que-conduce-kicillof\/#primaryimage\"},\"thumbnailUrl\":\"https:\/\/infoecos.com.ar\/wp-content\/uploads\/2023\/02\/image-144.png\",\"datePublished\":\"2023-02-27T23:22:55+00:00\",\"dateModified\":\"2023-03-01T06:14:05+00:00\",\"breadcrumb\":{\"@id\":\"https:\/\/infoecos.com.ar\/index.php\/los-gremios-docentes-aprobaron-la-propuesta-salarial-del-gobierno-que-conduce-kicillof\/#breadcrumb\"},\"inLanguage\":\"es\",\"potentialAction\":[{\"@type\":\"ReadAction\",\"target\":[\"https:\/\/infoecos.com.ar\/index.php\/los-gremios-docentes-aprobaron-la-propuesta-salarial-del-gobierno-que-conduce-kicillof\/\"]}]},{\"@type\":\"ImageObject\",\"inLanguage\":\"es\",\"@id\":\"https:\/\/infoecos.com.ar\/index.php\/los-gremios-docentes-aprobaron-la-propuesta-salarial-del-gobierno-que-conduce-kicillof\/#primaryimage\",\"url\":\"https:\/\/infoecos.com.ar\/wp-content\/uploads\/2023\/02\/image-144.png\",\"contentUrl\":\"https:\/\/infoecos.com.ar\/wp-content\/uploads\/2023\/02\/image-144.png\",\"width\":1024,\"height\":640},{\"@type\":\"BreadcrumbList\",\"@id\":\"https:\/\/infoecos.com.ar\/index.php\/los-gremios-docentes-aprobaron-la-propuesta-salarial-del-gobierno-que-conduce-kicillof\/#breadcrumb\",\"itemListElement\":[{\"@type\":\"ListItem\",\"position\":1,\"name\":\"Portada\",\"item\":\"https:\/\/infoecos.com.ar\/\"},{\"@type\":\"ListItem\",\"position\":2,\"name\":\"Los gremios docentes aprobaron la propuesta salarial del gobierno que conduce Kicillof\"}]},{\"@type\":\"WebSite\",\"@id\":\"https:\/\/infoecos.com.ar\/#website\",\"url\":\"https:\/\/infoecos.com.ar\/\",\"name\":\"Infoecos\",\"description\":\"Noticias de trenque lauquen y la zona\",\"publisher\":{\"@id\":\"https:\/\/infoecos.com.ar\/#organization\"},\"alternateName\":\"Noticias\",\"potentialAction\":[{\"@type\":\"SearchAction\",\"target\":{\"@type\":\"EntryPoint\",\"urlTemplate\":\"https:\/\/infoecos.com.ar\/?s={search_term_string}\"},\"query-input\":{\"@type\":\"PropertyValueSpecification\",\"valueRequired\":true,\"valueName\":\"search_term_string\"}}],\"inLanguage\":\"es\"},{\"@type\":\"Organization\",\"@id\":\"https:\/\/infoecos.com.ar\/#organization\",\"name\":\"Infoecos\",\"alternateName\":\"Noticias\",\"url\":\"https:\/\/infoecos.com.ar\/\",\"logo\":{\"@type\":\"ImageObject\",\"inLanguage\":\"es\",\"@id\":\"https:\/\/infoecos.com.ar\/#\/schema\/logo\/image\/\",\"url\":\"https:\/\/infoecos.com.ar\/wp-content\/uploads\/2024\/03\/cropped-logo.png\",\"contentUrl\":\"https:\/\/infoecos.com.ar\/wp-content\/uploads\/2024\/03\/cropped-logo.png\",\"width\":374,\"height\":90,\"caption\":\"Infoecos\"},\"image\":{\"@id\":\"https:\/\/infoecos.com.ar\/#\/schema\/logo\/image\/\"},\"sameAs\":[\"https:\/\/www.facebook.com\/profile.php?id=100063200290284\",\"https:\/\/x.com\/infoecos\"]},{\"@type\":\"Person\",\"@id\":\"https:\/\/infoecos.com.ar\/#\/schema\/person\/8f5ace5ce73b4b4aac4b7245aee6f191\",\"name\":\"Jorge Matheus\",\"url\":\"https:\/\/infoecos.com.ar\/index.php\/author\/jomatheus\/\"}]}<\/script>\n<!-- \/ Yoast SEO plugin. -->","yoast_head_json":{"title":"Los gremios docentes aprobaron la propuesta salarial del gobierno que conduce Kicillof - Infoecos","robots":{"index":"index","follow":"follow","max-snippet":"max-snippet:-1","max-image-preview":"max-image-preview:large","max-video-preview":"max-video-preview:-1"},"canonical":"https:\/\/infoecos.com.ar\/index.php\/los-gremios-docentes-aprobaron-la-propuesta-salarial-del-gobierno-que-conduce-kicillof\/","og_locale":"es_ES","og_type":"article","og_title":"Los gremios docentes aprobaron la propuesta salarial del gobierno que conduce Kicillof - Infoecos","og_description":"El salario del Maestro de Grado de Jornada Completa ser\u00e1 de 280 mil pesos en marzo, 300 mil en mayo y 330 mil en julio","og_url":"https:\/\/infoecos.com.ar\/index.php\/los-gremios-docentes-aprobaron-la-propuesta-salarial-del-gobierno-que-conduce-kicillof\/","og_site_name":"Infoecos","article_publisher":"https:\/\/www.facebook.com\/profile.php?id=100063200290284","article_published_time":"2023-02-27T23:22:55+00:00","article_modified_time":"2023-03-01T06:14:05+00:00","og_image":[{"width":1024,"height":640,"url":"https:\/\/infoecos.com.ar\/wp-content\/uploads\/2023\/02\/image-144.png","type":"image\/png"}],"author":"Jorge Matheus","twitter_card":"summary_large_image","twitter_creator":"@infoecos","twitter_site":"@infoecos","twitter_misc":{"Escrito por":"Jorge Matheus","Tiempo de lectura":"2 minutos"},"schema":{"@context":"https:\/\/schema.org","@graph":[{"@type":"Article","@id":"https:\/\/infoecos.com.ar\/index.php\/los-gremios-docentes-aprobaron-la-propuesta-salarial-del-gobierno-que-conduce-kicillof\/#article","isPartOf":{"@id":"https:\/\/infoecos.com.ar\/index.php\/los-gremios-docentes-aprobaron-la-propuesta-salarial-del-gobierno-que-conduce-kicillof\/"},"author":{"name":"Jorge Matheus","@id":"https:\/\/infoecos.com.ar\/#\/schema\/person\/8f5ace5ce73b4b4aac4b7245aee6f191"},"headline":"Los gremios docentes aprobaron la propuesta salarial del gobierno que conduce Kicillof","datePublished":"2023-02-27T23:22:55+00:00","dateModified":"2023-03-01T06:14:05+00:00","mainEntityOfPage":{"@id":"https:\/\/infoecos.com.ar\/index.php\/los-gremios-docentes-aprobaron-la-propuesta-salarial-del-gobierno-que-conduce-kicillof\/"},"wordCount":219,"publisher":{"@id":"https:\/\/infoecos.com.ar\/#organization"},"image":{"@id":"https:\/\/infoecos.com.ar\/index.php\/los-gremios-docentes-aprobaron-la-propuesta-salarial-del-gobierno-que-conduce-kicillof\/#primaryimage"},"thumbnailUrl":"https:\/\/infoecos.com.ar\/wp-content\/uploads\/2023\/02\/image-144.png","keywords":["INICIO DE CLASES SIN SOBRESALTOS"],"articleSection":["Bloque inferior - 2"],"inLanguage":"es"},{"@type":"WebPage","@id":"https:\/\/infoecos.com.ar\/index.php\/los-gremios-docentes-aprobaron-la-propuesta-salarial-del-gobierno-que-conduce-kicillof\/","url":"https:\/\/infoecos.com.ar\/index.php\/los-gremios-docentes-aprobaron-la-propuesta-salarial-del-gobierno-que-conduce-kicillof\/","name":"Los gremios docentes aprobaron la propuesta salarial del gobierno que conduce Kicillof - Infoecos","isPartOf":{"@id":"https:\/\/infoecos.com.ar\/#website"},"primaryImageOfPage":{"@id":"https:\/\/infoecos.com.ar\/index.php\/los-gremios-docentes-aprobaron-la-propuesta-salarial-del-gobierno-que-conduce-kicillof\/#primaryimage"},"image":{"@id":"https:\/\/infoecos.com.ar\/index.php\/los-gremios-docentes-aprobaron-la-propuesta-salarial-del-gobierno-que-conduce-kicillof\/#primaryimage"},"thumbnailUrl":"https:\/\/infoecos.com.ar\/wp-content\/uploads\/2023\/02\/image-144.png","datePublished":"2023-02-27T23:22:55+00:00","dateModified":"2023-03-01T06:14:05+00:00","breadcrumb":{"@id":"https:\/\/infoecos.com.ar\/index.php\/los-gremios-docentes-aprobaron-la-propuesta-salarial-del-gobierno-que-conduce-kicillof\/#breadcrumb"},"inLanguage":"es","potentialAction":[{"@type":"ReadAction","target":["https:\/\/infoecos.com.ar\/index.php\/los-gremios-docentes-aprobaron-la-propuesta-salarial-del-gobierno-que-conduce-kicillof\/"]}]},{"@type":"ImageObject","inLanguage":"es","@id":"https:\/\/infoecos.com.ar\/index.php\/los-gremios-docentes-aprobaron-la-propuesta-salarial-del-gobierno-que-conduce-kicillof\/#primaryimage","url":"https:\/\/infoecos.com.ar\/wp-content\/uploads\/2023\/02\/image-144.png","contentUrl":"https:\/\/infoecos.com.ar\/wp-content\/uploads\/2023\/02\/image-144.png","width":1024,"height":640},{"@type":"BreadcrumbList","@id":"https:\/\/infoecos.com.ar\/index.php\/los-gremios-docentes-aprobaron-la-propuesta-salarial-del-gobierno-que-conduce-kicillof\/#breadcrumb","itemListElement":[{"@type":"ListItem","position":1,"name":"Portada","item":"https:\/\/infoecos.com.ar\/"},{"@type":"ListItem","position":2,"name":"Los gremios docentes aprobaron la propuesta salarial del gobierno que conduce Kicillof"}]},{"@type":"WebSite","@id":"https:\/\/infoecos.com.ar\/#website","url":"https:\/\/infoecos.com.ar\/","name":"Infoecos","description":"Noticias de trenque lauquen y la zona","publisher":{"@id":"https:\/\/infoecos.com.ar\/#organization"},"alternateName":"Noticias","potentialAction":[{"@type":"SearchAction","target":{"@type":"EntryPoint","urlTemplate":"https:\/\/infoecos.com.ar\/?s={search_term_string}"},"query-input":{"@type":"PropertyValueSpecification","valueRequired":true,"valueName":"search_term_string"}}],"inLanguage":"es"},{"@type":"Organization","@id":"https:\/\/infoecos.com.ar\/#organization","name":"Infoecos","alternateName":"Noticias","url":"https:\/\/infoecos.com.ar\/","logo":{"@type":"ImageObject","inLanguage":"es","@id":"https:\/\/infoecos.com.ar\/#\/schema\/logo\/image\/","url":"https:\/\/infoecos.com.ar\/wp-content\/uploads\/2024\/03\/cropped-logo.png","contentUrl":"https:\/\/infoecos.com.ar\/wp-content\/uploads\/2024\/03\/cropped-logo.png","width":374,"height":90,"caption":"Infoecos"},"image":{"@id":"https:\/\/infoecos.com.ar\/#\/schema\/logo\/image\/"},"sameAs":["https:\/\/www.facebook.com\/profile.php?id=100063200290284","https:\/\/x.com\/infoecos"]},{"@type":"Person","@id":"https:\/\/infoecos.com.ar\/#\/schema\/person\/8f5ace5ce73b4b4aac4b7245aee6f191","name":"Jorge Matheus","url":"https:\/\/infoecos.com.ar\/index.php\/author\/jomatheus\/"}]}},"featured_image_urls":{"full":["https:\/\/infoecos.com.ar\/wp-content\/uploads\/2023\/02\/image-144.png",1024,640,false],"thumbnail":["https:\/\/infoecos.com.ar\/wp-content\/uploads\/2023\/02\/image-144-300x150.png",300,150,true],"medium":["https:\/\/infoecos.com.ar\/wp-content\/uploads\/2023\/02\/image-144-800x500.png",800,500,true],"medium_large":["https:\/\/infoecos.com.ar\/wp-content\/uploads\/2023\/02\/image-144-768x480.png",640,400,true],"large":["https:\/\/infoecos.com.ar\/wp-content\/uploads\/2023\/02\/image-144.png",640,400,false],"1536x1536":["https:\/\/infoecos.com.ar\/wp-content\/uploads\/2023\/02\/image-144.png",1024,640,false],"2048x2048":["https:\/\/infoecos.com.ar\/wp-content\/uploads\/2023\/02\/image-144.png",1024,640,false],"covernews-slider-full":["https:\/\/infoecos.com.ar\/wp-content\/uploads\/2023\/02\/image-144.png",1024,640,false],"covernews-slider-center":["https:\/\/infoecos.com.ar\/wp-content\/uploads\/2023\/02\/image-144-936x640.png",731,500,true],"covernews-featured":["https:\/\/infoecos.com.ar\/wp-content\/uploads\/2023\/02\/image-144.png",1024,640,false],"covernews-medium":["https:\/\/infoecos.com.ar\/wp-content\/uploads\/2023\/02\/image-144-720x380.png",540,285,true],"covernews-medium-square":["https:\/\/infoecos.com.ar\/wp-content\/uploads\/2023\/02\/image-144-675x450.png",375,250,true]},"author_info":{"info":["Jorge Matheus"]},"category_info":"<a href=\"https:\/\/infoecos.com.ar\/index.php\/category\/inferior2\/\" rel=\"category tag\">Bloque inferior - 2<\/a>","tag_info":"Bloque inferior - 2","comment_count":"0","_links":{"self":[{"href":"https:\/\/infoecos.com.ar\/index.php\/wp-json\/wp\/v2\/posts\/102324"}],"collection":[{"href":"https:\/\/infoecos.com.ar\/index.php\/wp-json\/wp\/v2\/posts"}],"about":[{"href":"https:\/\/infoecos.com.ar\/index.php\/wp-json\/wp\/v2\/types\/post"}],"author":[{"embeddable":true,"href":"https:\/\/infoecos.com.ar\/index.php\/wp-json\/wp\/v2\/users\/2"}],"replies":[{"embeddable":true,"href":"https:\/\/infoecos.com.ar\/index.php\/wp-json\/wp\/v2\/comments?post=102324"}],"version-history":[{"count":2,"href":"https:\/\/infoecos.com.ar\/index.php\/wp-json\/wp\/v2\/posts\/102324\/revisions"}],"predecessor-version":[{"id":102348,"href":"https:\/\/infoecos.com.ar\/index.php\/wp-json\/wp\/v2\/posts\/102324\/revisions\/102348"}],"wp:featuredmedia":[{"embeddable":true,"href":"https:\/\/infoecos.com.ar\/index.php\/wp-json\/wp\/v2\/media\/102325"}],"wp:attachment":[{"href":"https:\/\/infoecos.com.ar\/index.php\/wp-json\/wp\/v2\/media?parent=102324"}],"wp:term":[{"taxonomy":"category","embeddable":true,"href":"https:\/\/infoecos.com.ar\/index.php\/wp-json\/wp\/v2\/categories?post=102324"},{"taxonomy":"post_tag","embeddable":true,"href":"https:\/\/infoecos.com.ar\/index.php\/wp-json\/wp\/v2\/tags?post=102324"}],"curies":[{"name":"wp","href":"https:\/\/api.w.org\/{rel}","templated":true}]}}