{"id":102349,"date":"2023-02-28T09:36:03","date_gmt":"2023-02-28T12:36:03","guid":{"rendered":"https:\/\/infoecos.com.ar\/?p=102349"},"modified":"2023-02-28T17:53:48","modified_gmt":"2023-02-28T20:53:48","slug":"eduardo-pepa-diputado-provincial-de-la-pampa-pide-informes-sobre-el-efecto-de-sequias-y-heladas","status":"publish","type":"post","link":"https:\/\/infoecos.com.ar\/index.php\/eduardo-pepa-diputado-provincial-de-la-pampa-pide-informes-sobre-el-efecto-de-sequias-y-heladas\/","title":{"rendered":"Eduardo Pepa, diputado provincial de La Pampa, pide informes sobre el efecto de sequ\u00edas y heladas"},"content":{"rendered":"\n<p>El diputado provincial de La Pampa, Eduardo Pepa, elev\u00f3 un pedido de informe, para conocer si el gobierno de su provincia a trav\u00e9s de los t\u00e9cnicos del Ministerio de Producci\u00f3n ha evaluado el impacto de la sequ\u00eda y las heladas ocurridas semanas atr\u00e1s en esa provincia.<\/p>\n\n\n\n<figure class=\"wp-block-image aligncenter size-full is-resized\"><img loading=\"lazy\" decoding=\"async\" src=\"https:\/\/infoecos.com.ar\/wp-content\/uploads\/2023\/02\/pepadippam.jpg\" alt=\"\" class=\"wp-image-102350\" width=\"519\" height=\"924\" srcset=\"https:\/\/infoecos.com.ar\/wp-content\/uploads\/2023\/02\/pepadippam.jpg 900w, https:\/\/infoecos.com.ar\/wp-content\/uploads\/2023\/02\/pepadippam-450x800.jpg 450w, https:\/\/infoecos.com.ar\/wp-content\/uploads\/2023\/02\/pepadippam-864x1536.jpg 864w\" sizes=\"(max-width: 519px) 100vw, 519px\" \/><figcaption class=\"wp-element-caption\">Pepa, Eduardo<\/figcaption><\/figure>\n\n\n\n<p>\u201cExiste gran preocupaci\u00f3n de parte los productores de la provincia por las medidas a tomar por parte del gobierno provincial, para asistir a los damnificados por esta situaci\u00f3n\u201d&nbsp;manifest\u00f3 Pepa.<\/p>\n\n\n\n<p>\u201cLos fen\u00f3menos meteorol\u00f3gicos de las \u00faltimas semanas han impactado en las producciones agr\u00edcolas de la provincia, tanto por la escasez de lluvias en momentos cr\u00edticos de la siembra como por las inesperadas heladas ocurridas los d\u00edas 17 y 18 de febrero, que perjudicaron fuertemente los rindes esperados para la cosecha de este a\u00f1o.\u201d, apunta el legislador del PRO.<\/p>\n\n\n\n<p>\u201cMuy pocos han reconocido los da\u00f1os clim\u00e1ticos que causar\u00e1n severas consecuencias econ\u00f3micas, no solo para los productores, sino para la econom\u00eda provincial en general. Que seg\u00fan las evaluaciones t\u00e9cnicas de los profesionales privados las cosechas tendr\u00e1n un rinde mucho menor de lo esperado y esto se traducir\u00e1 en una falta de ingresos para cumplir con los compromisos financieros, incluyendo&nbsp;el pago de insumos, pr\u00e9stamos bancarios, impuestos, etc.\u201d<em>&nbsp;<\/em>finaliz\u00f3 Pepa. &nbsp;<\/p>\n","protected":false},"excerpt":{"rendered":"<p>\u201cExiste gran preocupaci\u00f3n de parte los productores de la provincia por las medidas a tomar por parte del gobierno provincial, para asistir a los damnificados por esta situaci\u00f3n\u201d\u00a0manifest\u00f3 Pepa<\/p>\n","protected":false},"author":2,"featured_media":47136,"comment_status":"closed","ping_status":"open","sticky":false,"template":"","format":"standard","meta":{"footnotes":""},"categories":[51],"tags":[97],"class_list":["post-102349","post","type-post","status-publish","format-standard","has-post-thumbnail","hentry","category-c2nota4","tag-economia"],"yoast_head":"<!-- This site is optimized with the Yoast SEO plugin v23.4 - https:\/\/yoast.com\/wordpress\/plugins\/seo\/ -->\n<title>Eduardo Pepa, diputado provincial de La Pampa, pide informes sobre el efecto de sequ\u00edas y heladas - Infoecos<\/title>\n<meta name=\"robots\" content=\"index, follow, max-snippet:-1, max-image-preview:large, max-video-preview:-1\" \/>\n<link rel=\"canonical\" href=\"https:\/\/infoecos.com.ar\/index.php\/eduardo-pepa-diputado-provincial-de-la-pampa-pide-informes-sobre-el-efecto-de-sequias-y-heladas\/\" \/>\n<meta property=\"og:locale\" content=\"es_ES\" \/>\n<meta property=\"og:type\" content=\"article\" \/>\n<meta property=\"og:title\" content=\"Eduardo Pepa, diputado provincial de La Pampa, pide informes sobre el efecto de sequ\u00edas y heladas - Infoecos\" \/>\n<meta property=\"og:description\" content=\"\u201cExiste gran preocupaci\u00f3n de parte los productores de la provincia por las medidas a tomar por parte del gobierno provincial, para asistir a los damnificados por esta situaci\u00f3n\u201d\u00a0manifest\u00f3 Pepa\" \/>\n<meta property=\"og:url\" content=\"https:\/\/infoecos.com.ar\/index.php\/eduardo-pepa-diputado-provincial-de-la-pampa-pide-informes-sobre-el-efecto-de-sequias-y-heladas\/\" \/>\n<meta property=\"og:site_name\" content=\"Infoecos\" \/>\n<meta property=\"article:publisher\" content=\"https:\/\/www.facebook.com\/profile.php?id=100063200290284\" \/>\n<meta property=\"article:published_time\" content=\"2023-02-28T12:36:03+00:00\" \/>\n<meta property=\"article:modified_time\" content=\"2023-02-28T20:53:48+00:00\" \/>\n<meta property=\"og:image\" content=\"https:\/\/infoecos.com.ar\/wp-content\/uploads\/thumb-1.jpg\" \/>\n\t<meta property=\"og:image:width\" content=\"598\" \/>\n\t<meta property=\"og:image:height\" content=\"300\" \/>\n\t<meta property=\"og:image:type\" content=\"image\/jpeg\" \/>\n<meta name=\"author\" content=\"Jorge Matheus\" \/>\n<meta name=\"twitter:card\" content=\"summary_large_image\" \/>\n<meta name=\"twitter:creator\" content=\"@infoecos\" \/>\n<meta name=\"twitter:site\" content=\"@infoecos\" \/>\n<meta name=\"twitter:label1\" content=\"Escrito por\" \/>\n\t<meta name=\"twitter:data1\" content=\"Jorge Matheus\" \/>\n\t<meta name=\"twitter:label2\" content=\"Tiempo de lectura\" \/>\n\t<meta name=\"twitter:data2\" content=\"2 minutos\" \/>\n<script type=\"application\/ld+json\" class=\"yoast-schema-graph\">{\"@context\":\"https:\/\/schema.org\",\"@graph\":[{\"@type\":\"Article\",\"@id\":\"https:\/\/infoecos.com.ar\/index.php\/eduardo-pepa-diputado-provincial-de-la-pampa-pide-informes-sobre-el-efecto-de-sequias-y-heladas\/#article\",\"isPartOf\":{\"@id\":\"https:\/\/infoecos.com.ar\/index.php\/eduardo-pepa-diputado-provincial-de-la-pampa-pide-informes-sobre-el-efecto-de-sequias-y-heladas\/\"},\"author\":{\"name\":\"Jorge Matheus\",\"@id\":\"https:\/\/infoecos.com.ar\/#\/schema\/person\/8f5ace5ce73b4b4aac4b7245aee6f191\"},\"headline\":\"Eduardo Pepa, diputado provincial de La Pampa, pide informes sobre el efecto de sequ\u00edas y heladas\",\"datePublished\":\"2023-02-28T12:36:03+00:00\",\"dateModified\":\"2023-02-28T20:53:48+00:00\",\"mainEntityOfPage\":{\"@id\":\"https:\/\/infoecos.com.ar\/index.php\/eduardo-pepa-diputado-provincial-de-la-pampa-pide-informes-sobre-el-efecto-de-sequias-y-heladas\/\"},\"wordCount\":246,\"publisher\":{\"@id\":\"https:\/\/infoecos.com.ar\/#organization\"},\"image\":{\"@id\":\"https:\/\/infoecos.com.ar\/index.php\/eduardo-pepa-diputado-provincial-de-la-pampa-pide-informes-sobre-el-efecto-de-sequias-y-heladas\/#primaryimage\"},\"thumbnailUrl\":\"\",\"keywords\":[\"ECONOM\u00cdA\"],\"articleSection\":[\"C2 N4\"],\"inLanguage\":\"es\"},{\"@type\":\"WebPage\",\"@id\":\"https:\/\/infoecos.com.ar\/index.php\/eduardo-pepa-diputado-provincial-de-la-pampa-pide-informes-sobre-el-efecto-de-sequias-y-heladas\/\",\"url\":\"https:\/\/infoecos.com.ar\/index.php\/eduardo-pepa-diputado-provincial-de-la-pampa-pide-informes-sobre-el-efecto-de-sequias-y-heladas\/\",\"name\":\"Eduardo Pepa, diputado provincial de La Pampa, pide informes sobre el efecto de sequ\u00edas y heladas - Infoecos\",\"isPartOf\":{\"@id\":\"https:\/\/infoecos.com.ar\/#website\"},\"primaryImageOfPage\":{\"@id\":\"https:\/\/infoecos.com.ar\/index.php\/eduardo-pepa-diputado-provincial-de-la-pampa-pide-informes-sobre-el-efecto-de-sequias-y-heladas\/#primaryimage\"},\"image\":{\"@id\":\"https:\/\/infoecos.com.ar\/index.php\/eduardo-pepa-diputado-provincial-de-la-pampa-pide-informes-sobre-el-efecto-de-sequias-y-heladas\/#primaryimage\"},\"thumbnailUrl\":\"\",\"datePublished\":\"2023-02-28T12:36:03+00:00\",\"dateModified\":\"2023-02-28T20:53:48+00:00\",\"breadcrumb\":{\"@id\":\"https:\/\/infoecos.com.ar\/index.php\/eduardo-pepa-diputado-provincial-de-la-pampa-pide-informes-sobre-el-efecto-de-sequias-y-heladas\/#breadcrumb\"},\"inLanguage\":\"es\",\"potentialAction\":[{\"@type\":\"ReadAction\",\"target\":[\"https:\/\/infoecos.com.ar\/index.php\/eduardo-pepa-diputado-provincial-de-la-pampa-pide-informes-sobre-el-efecto-de-sequias-y-heladas\/\"]}]},{\"@type\":\"ImageObject\",\"inLanguage\":\"es\",\"@id\":\"https:\/\/infoecos.com.ar\/index.php\/eduardo-pepa-diputado-provincial-de-la-pampa-pide-informes-sobre-el-efecto-de-sequias-y-heladas\/#primaryimage\",\"url\":\"\",\"contentUrl\":\"\"},{\"@type\":\"BreadcrumbList\",\"@id\":\"https:\/\/infoecos.com.ar\/index.php\/eduardo-pepa-diputado-provincial-de-la-pampa-pide-informes-sobre-el-efecto-de-sequias-y-heladas\/#breadcrumb\",\"itemListElement\":[{\"@type\":\"ListItem\",\"position\":1,\"name\":\"Portada\",\"item\":\"https:\/\/infoecos.com.ar\/\"},{\"@type\":\"ListItem\",\"position\":2,\"name\":\"Eduardo Pepa, diputado provincial de La Pampa, pide informes sobre el efecto de sequ\u00edas y heladas\"}]},{\"@type\":\"WebSite\",\"@id\":\"https:\/\/infoecos.com.ar\/#website\",\"url\":\"https:\/\/infoecos.com.ar\/\",\"name\":\"Infoecos\",\"description\":\"Noticias de trenque lauquen y la zona\",\"publisher\":{\"@id\":\"https:\/\/infoecos.com.ar\/#organization\"},\"alternateName\":\"Noticias\",\"potentialAction\":[{\"@type\":\"SearchAction\",\"target\":{\"@type\":\"EntryPoint\",\"urlTemplate\":\"https:\/\/infoecos.com.ar\/?s={search_term_string}\"},\"query-input\":{\"@type\":\"PropertyValueSpecification\",\"valueRequired\":true,\"valueName\":\"search_term_string\"}}],\"inLanguage\":\"es\"},{\"@type\":\"Organization\",\"@id\":\"https:\/\/infoecos.com.ar\/#organization\",\"name\":\"Infoecos\",\"alternateName\":\"Noticias\",\"url\":\"https:\/\/infoecos.com.ar\/\",\"logo\":{\"@type\":\"ImageObject\",\"inLanguage\":\"es\",\"@id\":\"https:\/\/infoecos.com.ar\/#\/schema\/logo\/image\/\",\"url\":\"https:\/\/infoecos.com.ar\/wp-content\/uploads\/2024\/03\/cropped-logo.png\",\"contentUrl\":\"https:\/\/infoecos.com.ar\/wp-content\/uploads\/2024\/03\/cropped-logo.png\",\"width\":374,\"height\":90,\"caption\":\"Infoecos\"},\"image\":{\"@id\":\"https:\/\/infoecos.com.ar\/#\/schema\/logo\/image\/\"},\"sameAs\":[\"https:\/\/www.facebook.com\/profile.php?id=100063200290284\",\"https:\/\/x.com\/infoecos\"]},{\"@type\":\"Person\",\"@id\":\"https:\/\/infoecos.com.ar\/#\/schema\/person\/8f5ace5ce73b4b4aac4b7245aee6f191\",\"name\":\"Jorge Matheus\",\"url\":\"https:\/\/infoecos.com.ar\/index.php\/author\/jomatheus\/\"}]}<\/script>\n<!-- \/ Yoast SEO plugin. -->","yoast_head_json":{"title":"Eduardo Pepa, diputado provincial de La Pampa, pide informes sobre el efecto de sequ\u00edas y heladas - Infoecos","robots":{"index":"index","follow":"follow","max-snippet":"max-snippet:-1","max-image-preview":"max-image-preview:large","max-video-preview":"max-video-preview:-1"},"canonical":"https:\/\/infoecos.com.ar\/index.php\/eduardo-pepa-diputado-provincial-de-la-pampa-pide-informes-sobre-el-efecto-de-sequias-y-heladas\/","og_locale":"es_ES","og_type":"article","og_title":"Eduardo Pepa, diputado provincial de La Pampa, pide informes sobre el efecto de sequ\u00edas y heladas - Infoecos","og_description":"\u201cExiste gran preocupaci\u00f3n de parte los productores de la provincia por las medidas a tomar por parte del gobierno provincial, para asistir a los damnificados por esta situaci\u00f3n\u201d\u00a0manifest\u00f3 Pepa","og_url":"https:\/\/infoecos.com.ar\/index.php\/eduardo-pepa-diputado-provincial-de-la-pampa-pide-informes-sobre-el-efecto-de-sequias-y-heladas\/","og_site_name":"Infoecos","article_publisher":"https:\/\/www.facebook.com\/profile.php?id=100063200290284","article_published_time":"2023-02-28T12:36:03+00:00","article_modified_time":"2023-02-28T20:53:48+00:00","og_image":[{"width":598,"height":300,"url":"https:\/\/infoecos.com.ar\/wp-content\/uploads\/thumb-1.jpg","type":"image\/jpeg"}],"author":"Jorge Matheus","twitter_card":"summary_large_image","twitter_creator":"@infoecos","twitter_site":"@infoecos","twitter_misc":{"Escrito por":"Jorge Matheus","Tiempo de lectura":"2 minutos"},"schema":{"@context":"https:\/\/schema.org","@graph":[{"@type":"Article","@id":"https:\/\/infoecos.com.ar\/index.php\/eduardo-pepa-diputado-provincial-de-la-pampa-pide-informes-sobre-el-efecto-de-sequias-y-heladas\/#article","isPartOf":{"@id":"https:\/\/infoecos.com.ar\/index.php\/eduardo-pepa-diputado-provincial-de-la-pampa-pide-informes-sobre-el-efecto-de-sequias-y-heladas\/"},"author":{"name":"Jorge Matheus","@id":"https:\/\/infoecos.com.ar\/#\/schema\/person\/8f5ace5ce73b4b4aac4b7245aee6f191"},"headline":"Eduardo Pepa, diputado provincial de La Pampa, pide informes sobre el efecto de sequ\u00edas y heladas","datePublished":"2023-02-28T12:36:03+00:00","dateModified":"2023-02-28T20:53:48+00:00","mainEntityOfPage":{"@id":"https:\/\/infoecos.com.ar\/index.php\/eduardo-pepa-diputado-provincial-de-la-pampa-pide-informes-sobre-el-efecto-de-sequias-y-heladas\/"},"wordCount":246,"publisher":{"@id":"https:\/\/infoecos.com.ar\/#organization"},"image":{"@id":"https:\/\/infoecos.com.ar\/index.php\/eduardo-pepa-diputado-provincial-de-la-pampa-pide-informes-sobre-el-efecto-de-sequias-y-heladas\/#primaryimage"},"thumbnailUrl":"","keywords":["ECONOM\u00cdA"],"articleSection":["C2 N4"],"inLanguage":"es"},{"@type":"WebPage","@id":"https:\/\/infoecos.com.ar\/index.php\/eduardo-pepa-diputado-provincial-de-la-pampa-pide-informes-sobre-el-efecto-de-sequias-y-heladas\/","url":"https:\/\/infoecos.com.ar\/index.php\/eduardo-pepa-diputado-provincial-de-la-pampa-pide-informes-sobre-el-efecto-de-sequias-y-heladas\/","name":"Eduardo Pepa, diputado provincial de La Pampa, pide informes sobre el efecto de sequ\u00edas y heladas - Infoecos","isPartOf":{"@id":"https:\/\/infoecos.com.ar\/#website"},"primaryImageOfPage":{"@id":"https:\/\/infoecos.com.ar\/index.php\/eduardo-pepa-diputado-provincial-de-la-pampa-pide-informes-sobre-el-efecto-de-sequias-y-heladas\/#primaryimage"},"image":{"@id":"https:\/\/infoecos.com.ar\/index.php\/eduardo-pepa-diputado-provincial-de-la-pampa-pide-informes-sobre-el-efecto-de-sequias-y-heladas\/#primaryimage"},"thumbnailUrl":"","datePublished":"2023-02-28T12:36:03+00:00","dateModified":"2023-02-28T20:53:48+00:00","breadcrumb":{"@id":"https:\/\/infoecos.com.ar\/index.php\/eduardo-pepa-diputado-provincial-de-la-pampa-pide-informes-sobre-el-efecto-de-sequias-y-heladas\/#breadcrumb"},"inLanguage":"es","potentialAction":[{"@type":"ReadAction","target":["https:\/\/infoecos.com.ar\/index.php\/eduardo-pepa-diputado-provincial-de-la-pampa-pide-informes-sobre-el-efecto-de-sequias-y-heladas\/"]}]},{"@type":"ImageObject","inLanguage":"es","@id":"https:\/\/infoecos.com.ar\/index.php\/eduardo-pepa-diputado-provincial-de-la-pampa-pide-informes-sobre-el-efecto-de-sequias-y-heladas\/#primaryimage","url":"","contentUrl":""},{"@type":"BreadcrumbList","@id":"https:\/\/infoecos.com.ar\/index.php\/eduardo-pepa-diputado-provincial-de-la-pampa-pide-informes-sobre-el-efecto-de-sequias-y-heladas\/#breadcrumb","itemListElement":[{"@type":"ListItem","position":1,"name":"Portada","item":"https:\/\/infoecos.com.ar\/"},{"@type":"ListItem","position":2,"name":"Eduardo Pepa, diputado provincial de La Pampa, pide informes sobre el efecto de sequ\u00edas y heladas"}]},{"@type":"WebSite","@id":"https:\/\/infoecos.com.ar\/#website","url":"https:\/\/infoecos.com.ar\/","name":"Infoecos","description":"Noticias de trenque lauquen y la zona","publisher":{"@id":"https:\/\/infoecos.com.ar\/#organization"},"alternateName":"Noticias","potentialAction":[{"@type":"SearchAction","target":{"@type":"EntryPoint","urlTemplate":"https:\/\/infoecos.com.ar\/?s={search_term_string}"},"query-input":{"@type":"PropertyValueSpecification","valueRequired":true,"valueName":"search_term_string"}}],"inLanguage":"es"},{"@type":"Organization","@id":"https:\/\/infoecos.com.ar\/#organization","name":"Infoecos","alternateName":"Noticias","url":"https:\/\/infoecos.com.ar\/","logo":{"@type":"ImageObject","inLanguage":"es","@id":"https:\/\/infoecos.com.ar\/#\/schema\/logo\/image\/","url":"https:\/\/infoecos.com.ar\/wp-content\/uploads\/2024\/03\/cropped-logo.png","contentUrl":"https:\/\/infoecos.com.ar\/wp-content\/uploads\/2024\/03\/cropped-logo.png","width":374,"height":90,"caption":"Infoecos"},"image":{"@id":"https:\/\/infoecos.com.ar\/#\/schema\/logo\/image\/"},"sameAs":["https:\/\/www.facebook.com\/profile.php?id=100063200290284","https:\/\/x.com\/infoecos"]},{"@type":"Person","@id":"https:\/\/infoecos.com.ar\/#\/schema\/person\/8f5ace5ce73b4b4aac4b7245aee6f191","name":"Jorge Matheus","url":"https:\/\/infoecos.com.ar\/index.php\/author\/jomatheus\/"}]}},"featured_image_urls":{"full":"","thumbnail":"","medium":"","medium_large":"","large":"","1536x1536":"","2048x2048":"","covernews-slider-full":"","covernews-slider-center":"","covernews-featured":"","covernews-medium":"","covernews-medium-square":""},"author_info":{"info":["Jorge Matheus"]},"category_info":"<a href=\"https:\/\/infoecos.com.ar\/index.php\/category\/c2nota4\/\" rel=\"category tag\">C2 N4<\/a>","tag_info":"C2 N4","comment_count":"0","_links":{"self":[{"href":"https:\/\/infoecos.com.ar\/index.php\/wp-json\/wp\/v2\/posts\/102349"}],"collection":[{"href":"https:\/\/infoecos.com.ar\/index.php\/wp-json\/wp\/v2\/posts"}],"about":[{"href":"https:\/\/infoecos.com.ar\/index.php\/wp-json\/wp\/v2\/types\/post"}],"author":[{"embeddable":true,"href":"https:\/\/infoecos.com.ar\/index.php\/wp-json\/wp\/v2\/users\/2"}],"replies":[{"embeddable":true,"href":"https:\/\/infoecos.com.ar\/index.php\/wp-json\/wp\/v2\/comments?post=102349"}],"version-history":[{"count":2,"href":"https:\/\/infoecos.com.ar\/index.php\/wp-json\/wp\/v2\/posts\/102349\/revisions"}],"predecessor-version":[{"id":102376,"href":"https:\/\/infoecos.com.ar\/index.php\/wp-json\/wp\/v2\/posts\/102349\/revisions\/102376"}],"wp:featuredmedia":[{"embeddable":true,"href":"https:\/\/infoecos.com.ar\/index.php\/wp-json\/"}],"wp:attachment":[{"href":"https:\/\/infoecos.com.ar\/index.php\/wp-json\/wp\/v2\/media?parent=102349"}],"wp:term":[{"taxonomy":"category","embeddable":true,"href":"https:\/\/infoecos.com.ar\/index.php\/wp-json\/wp\/v2\/categories?post=102349"},{"taxonomy":"post_tag","embeddable":true,"href":"https:\/\/infoecos.com.ar\/index.php\/wp-json\/wp\/v2\/tags?post=102349"}],"curies":[{"name":"wp","href":"https:\/\/api.w.org\/{rel}","templated":true}]}}