{"id":102371,"date":"2023-02-28T17:22:23","date_gmt":"2023-02-28T20:22:23","guid":{"rendered":"https:\/\/infoecos.com.ar\/?p=102371"},"modified":"2023-02-28T17:22:24","modified_gmt":"2023-02-28T20:22:24","slug":"zurro-se-reunio-con-productores-y-prorrogo-el-pago-de-la-tasa-de-conservacion-reparacion-y-mejorado-de-la-red-vial-municipal","status":"publish","type":"post","link":"https:\/\/infoecos.com.ar\/index.php\/zurro-se-reunio-con-productores-y-prorrogo-el-pago-de-la-tasa-de-conservacion-reparacion-y-mejorado-de-la-red-vial-municipal\/","title":{"rendered":"Zurro se reuni\u00f3 con productores y prorrog\u00f3 el pago de la Tasa de Conservaci\u00f3n, Reparaci\u00f3n y Mejorado de la Red Vial Municipal"},"content":{"rendered":"\n<p>El Intendente Municipal de Pehuaj\u00f3, Pablo Javier Zurro decidi\u00f3 decretar la pr\u00f3rroga de las dos primeras cuotas de la Tasa por Conservaci\u00f3n, Reparaci\u00f3n y Mejorado de la Red vial Municipal.<\/p>\n\n\n\n<figure class=\"wp-block-image aligncenter size-full is-resized\"><img loading=\"lazy\" decoding=\"async\" src=\"https:\/\/infoecos.com.ar\/wp-content\/uploads\/pehuajo-municipalidad.jpg\" alt=\"\" class=\"wp-image-59712\" width=\"441\" height=\"330\"\/><\/figure>\n\n\n\n<p>Zurro lo anunci\u00f3 en sus redes sociales, expresando, entre otras cosas, que: <\/p>\n\n\n\n<p>\u00abPehuaj\u00f3 tiene 453 mil hect\u00e1reas, estamos viviendo un momento complicado con la sequ\u00eda, por eso despu\u00e9s de reunirme con productores chicos, medianos y con algunos no tan chicos, he decidido en el d\u00eda de la fecha, por el decreto 361\/2023, prorrogar sin el pago de intereses la Tasa de la Red Vial\u00bb<\/p>\n","protected":false},"excerpt":{"rendered":"<p>Zurro lo anunci\u00f3 en sus redes sociales<\/p>\n","protected":false},"author":2,"featured_media":59534,"comment_status":"closed","ping_status":"open","sticky":false,"template":"","format":"standard","meta":{"footnotes":""},"categories":[1612],"tags":[7430],"class_list":["post-102371","post","type-post","status-publish","format-standard","has-post-thumbnail","hentry","category-noticia-principal","tag-por-la-sequia"],"yoast_head":"<!-- This site is optimized with the Yoast SEO plugin v23.4 - https:\/\/yoast.com\/wordpress\/plugins\/seo\/ -->\n<title>Zurro se reuni\u00f3 con productores y prorrog\u00f3 el pago de la Tasa de Conservaci\u00f3n, Reparaci\u00f3n y Mejorado de la Red Vial Municipal - Infoecos<\/title>\n<meta name=\"robots\" content=\"index, follow, max-snippet:-1, max-image-preview:large, max-video-preview:-1\" \/>\n<link rel=\"canonical\" href=\"https:\/\/infoecos.com.ar\/index.php\/zurro-se-reunio-con-productores-y-prorrogo-el-pago-de-la-tasa-de-conservacion-reparacion-y-mejorado-de-la-red-vial-municipal\/\" \/>\n<meta property=\"og:locale\" content=\"es_ES\" \/>\n<meta property=\"og:type\" content=\"article\" \/>\n<meta property=\"og:title\" content=\"Zurro se reuni\u00f3 con productores y prorrog\u00f3 el pago de la Tasa de Conservaci\u00f3n, Reparaci\u00f3n y Mejorado de la Red Vial Municipal - Infoecos\" \/>\n<meta property=\"og:description\" content=\"Zurro lo anunci\u00f3 en sus redes sociales\" \/>\n<meta property=\"og:url\" content=\"https:\/\/infoecos.com.ar\/index.php\/zurro-se-reunio-con-productores-y-prorrogo-el-pago-de-la-tasa-de-conservacion-reparacion-y-mejorado-de-la-red-vial-municipal\/\" \/>\n<meta property=\"og:site_name\" content=\"Infoecos\" \/>\n<meta property=\"article:publisher\" content=\"https:\/\/www.facebook.com\/profile.php?id=100063200290284\" \/>\n<meta property=\"article:published_time\" content=\"2023-02-28T20:22:23+00:00\" \/>\n<meta property=\"article:modified_time\" content=\"2023-02-28T20:22:24+00:00\" \/>\n<meta property=\"og:image\" content=\"https:\/\/infoecos.com.ar\/wp-content\/uploads\/pehuajo-palacio-municipal.jpeg\" \/>\n\t<meta property=\"og:image:width\" content=\"1280\" \/>\n\t<meta property=\"og:image:height\" content=\"853\" \/>\n\t<meta property=\"og:image:type\" content=\"image\/jpeg\" \/>\n<meta name=\"author\" content=\"Jorge Matheus\" \/>\n<meta name=\"twitter:card\" content=\"summary_large_image\" \/>\n<meta name=\"twitter:creator\" content=\"@infoecos\" \/>\n<meta name=\"twitter:site\" content=\"@infoecos\" \/>\n<meta name=\"twitter:label1\" content=\"Escrito por\" \/>\n\t<meta name=\"twitter:data1\" content=\"Jorge Matheus\" \/>\n\t<meta name=\"twitter:label2\" content=\"Tiempo de lectura\" \/>\n\t<meta name=\"twitter:data2\" content=\"1 minuto\" \/>\n<script type=\"application\/ld+json\" class=\"yoast-schema-graph\">{\"@context\":\"https:\/\/schema.org\",\"@graph\":[{\"@type\":\"Article\",\"@id\":\"https:\/\/infoecos.com.ar\/index.php\/zurro-se-reunio-con-productores-y-prorrogo-el-pago-de-la-tasa-de-conservacion-reparacion-y-mejorado-de-la-red-vial-municipal\/#article\",\"isPartOf\":{\"@id\":\"https:\/\/infoecos.com.ar\/index.php\/zurro-se-reunio-con-productores-y-prorrogo-el-pago-de-la-tasa-de-conservacion-reparacion-y-mejorado-de-la-red-vial-municipal\/\"},\"author\":{\"name\":\"Jorge Matheus\",\"@id\":\"https:\/\/infoecos.com.ar\/#\/schema\/person\/8f5ace5ce73b4b4aac4b7245aee6f191\"},\"headline\":\"Zurro se reuni\u00f3 con productores y prorrog\u00f3 el pago de la Tasa de Conservaci\u00f3n, Reparaci\u00f3n y Mejorado de la Red Vial Municipal\",\"datePublished\":\"2023-02-28T20:22:23+00:00\",\"dateModified\":\"2023-02-28T20:22:24+00:00\",\"mainEntityOfPage\":{\"@id\":\"https:\/\/infoecos.com.ar\/index.php\/zurro-se-reunio-con-productores-y-prorrogo-el-pago-de-la-tasa-de-conservacion-reparacion-y-mejorado-de-la-red-vial-municipal\/\"},\"wordCount\":123,\"publisher\":{\"@id\":\"https:\/\/infoecos.com.ar\/#organization\"},\"image\":{\"@id\":\"https:\/\/infoecos.com.ar\/index.php\/zurro-se-reunio-con-productores-y-prorrogo-el-pago-de-la-tasa-de-conservacion-reparacion-y-mejorado-de-la-red-vial-municipal\/#primaryimage\"},\"thumbnailUrl\":\"https:\/\/infoecos.com.ar\/wp-content\/uploads\/pehuajo-palacio-municipal.jpeg\",\"keywords\":[\"por la sequ\u00eda\"],\"articleSection\":[\"Noticia Principal\"],\"inLanguage\":\"es\"},{\"@type\":\"WebPage\",\"@id\":\"https:\/\/infoecos.com.ar\/index.php\/zurro-se-reunio-con-productores-y-prorrogo-el-pago-de-la-tasa-de-conservacion-reparacion-y-mejorado-de-la-red-vial-municipal\/\",\"url\":\"https:\/\/infoecos.com.ar\/index.php\/zurro-se-reunio-con-productores-y-prorrogo-el-pago-de-la-tasa-de-conservacion-reparacion-y-mejorado-de-la-red-vial-municipal\/\",\"name\":\"Zurro se reuni\u00f3 con productores y prorrog\u00f3 el pago de la Tasa de Conservaci\u00f3n, Reparaci\u00f3n y Mejorado de la Red Vial Municipal - Infoecos\",\"isPartOf\":{\"@id\":\"https:\/\/infoecos.com.ar\/#website\"},\"primaryImageOfPage\":{\"@id\":\"https:\/\/infoecos.com.ar\/index.php\/zurro-se-reunio-con-productores-y-prorrogo-el-pago-de-la-tasa-de-conservacion-reparacion-y-mejorado-de-la-red-vial-municipal\/#primaryimage\"},\"image\":{\"@id\":\"https:\/\/infoecos.com.ar\/index.php\/zurro-se-reunio-con-productores-y-prorrogo-el-pago-de-la-tasa-de-conservacion-reparacion-y-mejorado-de-la-red-vial-municipal\/#primaryimage\"},\"thumbnailUrl\":\"https:\/\/infoecos.com.ar\/wp-content\/uploads\/pehuajo-palacio-municipal.jpeg\",\"datePublished\":\"2023-02-28T20:22:23+00:00\",\"dateModified\":\"2023-02-28T20:22:24+00:00\",\"breadcrumb\":{\"@id\":\"https:\/\/infoecos.com.ar\/index.php\/zurro-se-reunio-con-productores-y-prorrogo-el-pago-de-la-tasa-de-conservacion-reparacion-y-mejorado-de-la-red-vial-municipal\/#breadcrumb\"},\"inLanguage\":\"es\",\"potentialAction\":[{\"@type\":\"ReadAction\",\"target\":[\"https:\/\/infoecos.com.ar\/index.php\/zurro-se-reunio-con-productores-y-prorrogo-el-pago-de-la-tasa-de-conservacion-reparacion-y-mejorado-de-la-red-vial-municipal\/\"]}]},{\"@type\":\"ImageObject\",\"inLanguage\":\"es\",\"@id\":\"https:\/\/infoecos.com.ar\/index.php\/zurro-se-reunio-con-productores-y-prorrogo-el-pago-de-la-tasa-de-conservacion-reparacion-y-mejorado-de-la-red-vial-municipal\/#primaryimage\",\"url\":\"https:\/\/infoecos.com.ar\/wp-content\/uploads\/pehuajo-palacio-municipal.jpeg\",\"contentUrl\":\"https:\/\/infoecos.com.ar\/wp-content\/uploads\/pehuajo-palacio-municipal.jpeg\",\"width\":1280,\"height\":853,\"caption\":\"Pehuaj\u00f3 - Palacio Municipal\"},{\"@type\":\"BreadcrumbList\",\"@id\":\"https:\/\/infoecos.com.ar\/index.php\/zurro-se-reunio-con-productores-y-prorrogo-el-pago-de-la-tasa-de-conservacion-reparacion-y-mejorado-de-la-red-vial-municipal\/#breadcrumb\",\"itemListElement\":[{\"@type\":\"ListItem\",\"position\":1,\"name\":\"Portada\",\"item\":\"https:\/\/infoecos.com.ar\/\"},{\"@type\":\"ListItem\",\"position\":2,\"name\":\"Zurro se reuni\u00f3 con productores y prorrog\u00f3 el pago de la Tasa de Conservaci\u00f3n, Reparaci\u00f3n y Mejorado de la Red Vial Municipal\"}]},{\"@type\":\"WebSite\",\"@id\":\"https:\/\/infoecos.com.ar\/#website\",\"url\":\"https:\/\/infoecos.com.ar\/\",\"name\":\"Infoecos\",\"description\":\"Noticias de trenque lauquen y la zona\",\"publisher\":{\"@id\":\"https:\/\/infoecos.com.ar\/#organization\"},\"alternateName\":\"Noticias\",\"potentialAction\":[{\"@type\":\"SearchAction\",\"target\":{\"@type\":\"EntryPoint\",\"urlTemplate\":\"https:\/\/infoecos.com.ar\/?s={search_term_string}\"},\"query-input\":{\"@type\":\"PropertyValueSpecification\",\"valueRequired\":true,\"valueName\":\"search_term_string\"}}],\"inLanguage\":\"es\"},{\"@type\":\"Organization\",\"@id\":\"https:\/\/infoecos.com.ar\/#organization\",\"name\":\"Infoecos\",\"alternateName\":\"Noticias\",\"url\":\"https:\/\/infoecos.com.ar\/\",\"logo\":{\"@type\":\"ImageObject\",\"inLanguage\":\"es\",\"@id\":\"https:\/\/infoecos.com.ar\/#\/schema\/logo\/image\/\",\"url\":\"https:\/\/infoecos.com.ar\/wp-content\/uploads\/2024\/03\/cropped-logo.png\",\"contentUrl\":\"https:\/\/infoecos.com.ar\/wp-content\/uploads\/2024\/03\/cropped-logo.png\",\"width\":374,\"height\":90,\"caption\":\"Infoecos\"},\"image\":{\"@id\":\"https:\/\/infoecos.com.ar\/#\/schema\/logo\/image\/\"},\"sameAs\":[\"https:\/\/www.facebook.com\/profile.php?id=100063200290284\",\"https:\/\/x.com\/infoecos\"]},{\"@type\":\"Person\",\"@id\":\"https:\/\/infoecos.com.ar\/#\/schema\/person\/8f5ace5ce73b4b4aac4b7245aee6f191\",\"name\":\"Jorge Matheus\",\"url\":\"https:\/\/infoecos.com.ar\/index.php\/author\/jomatheus\/\"}]}<\/script>\n<!-- \/ Yoast SEO plugin. -->","yoast_head_json":{"title":"Zurro se reuni\u00f3 con productores y prorrog\u00f3 el pago de la Tasa de Conservaci\u00f3n, Reparaci\u00f3n y Mejorado de la Red Vial Municipal - Infoecos","robots":{"index":"index","follow":"follow","max-snippet":"max-snippet:-1","max-image-preview":"max-image-preview:large","max-video-preview":"max-video-preview:-1"},"canonical":"https:\/\/infoecos.com.ar\/index.php\/zurro-se-reunio-con-productores-y-prorrogo-el-pago-de-la-tasa-de-conservacion-reparacion-y-mejorado-de-la-red-vial-municipal\/","og_locale":"es_ES","og_type":"article","og_title":"Zurro se reuni\u00f3 con productores y prorrog\u00f3 el pago de la Tasa de Conservaci\u00f3n, Reparaci\u00f3n y Mejorado de la Red Vial Municipal - Infoecos","og_description":"Zurro lo anunci\u00f3 en sus redes sociales","og_url":"https:\/\/infoecos.com.ar\/index.php\/zurro-se-reunio-con-productores-y-prorrogo-el-pago-de-la-tasa-de-conservacion-reparacion-y-mejorado-de-la-red-vial-municipal\/","og_site_name":"Infoecos","article_publisher":"https:\/\/www.facebook.com\/profile.php?id=100063200290284","article_published_time":"2023-02-28T20:22:23+00:00","article_modified_time":"2023-02-28T20:22:24+00:00","og_image":[{"width":1280,"height":853,"url":"https:\/\/infoecos.com.ar\/wp-content\/uploads\/pehuajo-palacio-municipal.jpeg","type":"image\/jpeg"}],"author":"Jorge Matheus","twitter_card":"summary_large_image","twitter_creator":"@infoecos","twitter_site":"@infoecos","twitter_misc":{"Escrito por":"Jorge Matheus","Tiempo de lectura":"1 minuto"},"schema":{"@context":"https:\/\/schema.org","@graph":[{"@type":"Article","@id":"https:\/\/infoecos.com.ar\/index.php\/zurro-se-reunio-con-productores-y-prorrogo-el-pago-de-la-tasa-de-conservacion-reparacion-y-mejorado-de-la-red-vial-municipal\/#article","isPartOf":{"@id":"https:\/\/infoecos.com.ar\/index.php\/zurro-se-reunio-con-productores-y-prorrogo-el-pago-de-la-tasa-de-conservacion-reparacion-y-mejorado-de-la-red-vial-municipal\/"},"author":{"name":"Jorge Matheus","@id":"https:\/\/infoecos.com.ar\/#\/schema\/person\/8f5ace5ce73b4b4aac4b7245aee6f191"},"headline":"Zurro se reuni\u00f3 con productores y prorrog\u00f3 el pago de la Tasa de Conservaci\u00f3n, Reparaci\u00f3n y Mejorado de la Red Vial Municipal","datePublished":"2023-02-28T20:22:23+00:00","dateModified":"2023-02-28T20:22:24+00:00","mainEntityOfPage":{"@id":"https:\/\/infoecos.com.ar\/index.php\/zurro-se-reunio-con-productores-y-prorrogo-el-pago-de-la-tasa-de-conservacion-reparacion-y-mejorado-de-la-red-vial-municipal\/"},"wordCount":123,"publisher":{"@id":"https:\/\/infoecos.com.ar\/#organization"},"image":{"@id":"https:\/\/infoecos.com.ar\/index.php\/zurro-se-reunio-con-productores-y-prorrogo-el-pago-de-la-tasa-de-conservacion-reparacion-y-mejorado-de-la-red-vial-municipal\/#primaryimage"},"thumbnailUrl":"https:\/\/infoecos.com.ar\/wp-content\/uploads\/pehuajo-palacio-municipal.jpeg","keywords":["por la sequ\u00eda"],"articleSection":["Noticia Principal"],"inLanguage":"es"},{"@type":"WebPage","@id":"https:\/\/infoecos.com.ar\/index.php\/zurro-se-reunio-con-productores-y-prorrogo-el-pago-de-la-tasa-de-conservacion-reparacion-y-mejorado-de-la-red-vial-municipal\/","url":"https:\/\/infoecos.com.ar\/index.php\/zurro-se-reunio-con-productores-y-prorrogo-el-pago-de-la-tasa-de-conservacion-reparacion-y-mejorado-de-la-red-vial-municipal\/","name":"Zurro se reuni\u00f3 con productores y prorrog\u00f3 el pago de la Tasa de Conservaci\u00f3n, Reparaci\u00f3n y Mejorado de la Red Vial Municipal - Infoecos","isPartOf":{"@id":"https:\/\/infoecos.com.ar\/#website"},"primaryImageOfPage":{"@id":"https:\/\/infoecos.com.ar\/index.php\/zurro-se-reunio-con-productores-y-prorrogo-el-pago-de-la-tasa-de-conservacion-reparacion-y-mejorado-de-la-red-vial-municipal\/#primaryimage"},"image":{"@id":"https:\/\/infoecos.com.ar\/index.php\/zurro-se-reunio-con-productores-y-prorrogo-el-pago-de-la-tasa-de-conservacion-reparacion-y-mejorado-de-la-red-vial-municipal\/#primaryimage"},"thumbnailUrl":"https:\/\/infoecos.com.ar\/wp-content\/uploads\/pehuajo-palacio-municipal.jpeg","datePublished":"2023-02-28T20:22:23+00:00","dateModified":"2023-02-28T20:22:24+00:00","breadcrumb":{"@id":"https:\/\/infoecos.com.ar\/index.php\/zurro-se-reunio-con-productores-y-prorrogo-el-pago-de-la-tasa-de-conservacion-reparacion-y-mejorado-de-la-red-vial-municipal\/#breadcrumb"},"inLanguage":"es","potentialAction":[{"@type":"ReadAction","target":["https:\/\/infoecos.com.ar\/index.php\/zurro-se-reunio-con-productores-y-prorrogo-el-pago-de-la-tasa-de-conservacion-reparacion-y-mejorado-de-la-red-vial-municipal\/"]}]},{"@type":"ImageObject","inLanguage":"es","@id":"https:\/\/infoecos.com.ar\/index.php\/zurro-se-reunio-con-productores-y-prorrogo-el-pago-de-la-tasa-de-conservacion-reparacion-y-mejorado-de-la-red-vial-municipal\/#primaryimage","url":"https:\/\/infoecos.com.ar\/wp-content\/uploads\/pehuajo-palacio-municipal.jpeg","contentUrl":"https:\/\/infoecos.com.ar\/wp-content\/uploads\/pehuajo-palacio-municipal.jpeg","width":1280,"height":853,"caption":"Pehuaj\u00f3 - Palacio Municipal"},{"@type":"BreadcrumbList","@id":"https:\/\/infoecos.com.ar\/index.php\/zurro-se-reunio-con-productores-y-prorrogo-el-pago-de-la-tasa-de-conservacion-reparacion-y-mejorado-de-la-red-vial-municipal\/#breadcrumb","itemListElement":[{"@type":"ListItem","position":1,"name":"Portada","item":"https:\/\/infoecos.com.ar\/"},{"@type":"ListItem","position":2,"name":"Zurro se reuni\u00f3 con productores y prorrog\u00f3 el pago de la Tasa de Conservaci\u00f3n, Reparaci\u00f3n y Mejorado de la Red Vial Municipal"}]},{"@type":"WebSite","@id":"https:\/\/infoecos.com.ar\/#website","url":"https:\/\/infoecos.com.ar\/","name":"Infoecos","description":"Noticias de trenque lauquen y la zona","publisher":{"@id":"https:\/\/infoecos.com.ar\/#organization"},"alternateName":"Noticias","potentialAction":[{"@type":"SearchAction","target":{"@type":"EntryPoint","urlTemplate":"https:\/\/infoecos.com.ar\/?s={search_term_string}"},"query-input":{"@type":"PropertyValueSpecification","valueRequired":true,"valueName":"search_term_string"}}],"inLanguage":"es"},{"@type":"Organization","@id":"https:\/\/infoecos.com.ar\/#organization","name":"Infoecos","alternateName":"Noticias","url":"https:\/\/infoecos.com.ar\/","logo":{"@type":"ImageObject","inLanguage":"es","@id":"https:\/\/infoecos.com.ar\/#\/schema\/logo\/image\/","url":"https:\/\/infoecos.com.ar\/wp-content\/uploads\/2024\/03\/cropped-logo.png","contentUrl":"https:\/\/infoecos.com.ar\/wp-content\/uploads\/2024\/03\/cropped-logo.png","width":374,"height":90,"caption":"Infoecos"},"image":{"@id":"https:\/\/infoecos.com.ar\/#\/schema\/logo\/image\/"},"sameAs":["https:\/\/www.facebook.com\/profile.php?id=100063200290284","https:\/\/x.com\/infoecos"]},{"@type":"Person","@id":"https:\/\/infoecos.com.ar\/#\/schema\/person\/8f5ace5ce73b4b4aac4b7245aee6f191","name":"Jorge Matheus","url":"https:\/\/infoecos.com.ar\/index.php\/author\/jomatheus\/"}]}},"featured_image_urls":{"full":["https:\/\/infoecos.com.ar\/wp-content\/uploads\/pehuajo-palacio-municipal.jpeg",1280,853,false],"thumbnail":["https:\/\/infoecos.com.ar\/wp-content\/uploads\/pehuajo-palacio-municipal-150x150.jpeg",150,150,true],"medium":["https:\/\/infoecos.com.ar\/wp-content\/uploads\/pehuajo-palacio-municipal-460x307.jpeg",460,307,true],"medium_large":["https:\/\/infoecos.com.ar\/wp-content\/uploads\/pehuajo-palacio-municipal-768x512.jpeg",640,427,true],"large":["https:\/\/infoecos.com.ar\/wp-content\/uploads\/pehuajo-palacio-municipal-920x613.jpeg",640,426,true],"1536x1536":["https:\/\/infoecos.com.ar\/wp-content\/uploads\/pehuajo-palacio-municipal.jpeg",1280,853,false],"2048x2048":["https:\/\/infoecos.com.ar\/wp-content\/uploads\/pehuajo-palacio-municipal.jpeg",1280,853,false],"covernews-slider-full":["https:\/\/infoecos.com.ar\/wp-content\/uploads\/pehuajo-palacio-municipal.jpeg",1073,715,false],"covernews-slider-center":["https:\/\/infoecos.com.ar\/wp-content\/uploads\/pehuajo-palacio-municipal-936x853.jpeg",549,500,true],"covernews-featured":["https:\/\/infoecos.com.ar\/wp-content\/uploads\/pehuajo-palacio-municipal-1024x682.jpeg",1024,682,true],"covernews-medium":["https:\/\/infoecos.com.ar\/wp-content\/uploads\/pehuajo-palacio-municipal-720x380.jpeg",540,285,true],"covernews-medium-square":["https:\/\/infoecos.com.ar\/wp-content\/uploads\/pehuajo-palacio-municipal-675x450.jpeg",375,250,true]},"author_info":{"info":["Jorge Matheus"]},"category_info":"<a href=\"https:\/\/infoecos.com.ar\/index.php\/category\/noticia-principal\/\" rel=\"category tag\">Noticia Principal<\/a>","tag_info":"Noticia Principal","comment_count":"0","_links":{"self":[{"href":"https:\/\/infoecos.com.ar\/index.php\/wp-json\/wp\/v2\/posts\/102371"}],"collection":[{"href":"https:\/\/infoecos.com.ar\/index.php\/wp-json\/wp\/v2\/posts"}],"about":[{"href":"https:\/\/infoecos.com.ar\/index.php\/wp-json\/wp\/v2\/types\/post"}],"author":[{"embeddable":true,"href":"https:\/\/infoecos.com.ar\/index.php\/wp-json\/wp\/v2\/users\/2"}],"replies":[{"embeddable":true,"href":"https:\/\/infoecos.com.ar\/index.php\/wp-json\/wp\/v2\/comments?post=102371"}],"version-history":[{"count":1,"href":"https:\/\/infoecos.com.ar\/index.php\/wp-json\/wp\/v2\/posts\/102371\/revisions"}],"predecessor-version":[{"id":102372,"href":"https:\/\/infoecos.com.ar\/index.php\/wp-json\/wp\/v2\/posts\/102371\/revisions\/102372"}],"wp:featuredmedia":[{"embeddable":true,"href":"https:\/\/infoecos.com.ar\/index.php\/wp-json\/wp\/v2\/media\/59534"}],"wp:attachment":[{"href":"https:\/\/infoecos.com.ar\/index.php\/wp-json\/wp\/v2\/media?parent=102371"}],"wp:term":[{"taxonomy":"category","embeddable":true,"href":"https:\/\/infoecos.com.ar\/index.php\/wp-json\/wp\/v2\/categories?post=102371"},{"taxonomy":"post_tag","embeddable":true,"href":"https:\/\/infoecos.com.ar\/index.php\/wp-json\/wp\/v2\/tags?post=102371"}],"curies":[{"name":"wp","href":"https:\/\/api.w.org\/{rel}","templated":true}]}}