{"id":102373,"date":"2023-02-28T17:52:32","date_gmt":"2023-02-28T20:52:32","guid":{"rendered":"https:\/\/infoecos.com.ar\/?p=102373"},"modified":"2023-02-28T17:52:33","modified_gmt":"2023-02-28T20:52:33","slug":"fuerte-posicion-de-federacion-agraria-argentina-se-divierten-con-nosotros-en-la-politica","status":"publish","type":"post","link":"https:\/\/infoecos.com.ar\/index.php\/fuerte-posicion-de-federacion-agraria-argentina-se-divierten-con-nosotros-en-la-politica\/","title":{"rendered":"Fuerte posici\u00f3n de Federaci\u00f3n Agraria Argentina: \u00abse divierten con nosotros en la pol\u00edtica\u00bb"},"content":{"rendered":"\n<p>La asamblea de productores que se realiz\u00f3 este martes en Villa Constituci\u00f3n se declar\u00f3 en \u00abestado de alerta y movilizaci\u00f3n\u00bb frente a la cr\u00edtica situaci\u00f3n que atraviesan el campo por la sequ\u00eda y al considerar que el gobierno nacional \u00abno da respuesta\u00bb a los reclamos hist\u00f3ricos que \u00abllevan a peque\u00f1os y medianos productores a estar en peligro de extinci\u00f3n\u00bb.<\/p>\n\n\n\n<figure class=\"wp-block-image aligncenter size-full\"><img loading=\"lazy\" decoding=\"async\" width=\"642\" height=\"360\" src=\"https:\/\/infoecos.com.ar\/wp-content\/uploads\/2023\/02\/image-149.png\" alt=\"\" class=\"wp-image-102374\"\/><figcaption class=\"wp-element-caption\">Foto diario La Capital de Rosario<\/figcaption><\/figure>\n\n\n\n<p>La convocatoria que tuvo lugar en la intersecci\u00f3n de la autopista Rosario-Buenos Aires y la ruta 90, a la altura de Villa Constituci\u00f3n, fue convocada por la Federaci\u00f3n Agraria Argentina (FAA) y cont\u00f3 con el apoyo de todas la entidades que integran la mesa de enlace agropecuaria.\u00a0<\/p>\n\n\n\n<p>Carlos Achetoni como cierre del encuentro plante\u00f3: \u201cDesde hoy nos declaramos en estado de alerta y movilizaci\u00f3n\u201d.<\/p>\n\n\n\n<p>\u201cHagamos unidad carajo, el enemigo est\u00e1 en otro lado. Se divierten con nosotros en la pol\u00edtica y no s\u00f3lo del gobierno, del lado opositor tambi\u00e9n. Vamos a poner fecha y plazos para que empiecen a cumplir, para que a los impuestos los suspenda hasta tanto se dignen a declarar las emergencias en todos los lugares y ah\u00ed sean eximidos los productores de los impuestos. Tambi\u00e9n\u00a0<strong>que haya un financiamiento como corresponde,<\/strong>\u00a0que nos devuelvan algo de los 200 mil millones de d\u00f3lares lo que en estos 20 a\u00f1os\u201d, expres\u00f3 ante los asistentes. <\/p>\n\n\n\n<p>Achetoni propuso dar tiempo al gobierno nacional hasta el lunes despu\u00e9s de la muestra Expoagro &#8211; es decir hasta el 13 de marzo &#8211; para que \u201cse suspendan embargos, juicios, procesos de pagos de anticipo del impuesto a las ganancias y pago de pasivos en los bancos\u201d.<\/p>\n\n\n\n<p>\u201cS\u00e9 que las medidas estructurales hay que pedirlas, pero si no pedimos las coyunturales van a salir de circuito y no les va a importar que saquen las retenciones porque no van a estar m\u00e1s. Pidamos lo coyuntural con un tiempo perentorio, la semana que viene es Expoagro,&nbsp;<strong>le damos hasta el lunes de la semana siguiente<\/strong>&nbsp;para que respondan efectivamente suspender embargos, juicios y todo el proceso de pago de anticipo y de ganancias y todo el proceso de pasivos en los bancos. Eso queremos en primera instancia. Si no tenemos respuesta desde hoy nos declaramos en alerta y movilizaci\u00f3n\u201d, propuso Achetoni.<\/p>\n\n\n\n<p>Adem\u00e1s, y ante las reiteradas mociones presentadas por los productores agropecuarios presentes, Achetoni promovi\u00f3 la realizaci\u00f3n de asambleas en cada filial de FAA para organizar una&nbsp;<strong>gran movilizaci\u00f3n frente al Congreso de la Naci\u00f3n para que todos escuchen<\/strong>, \u201clos que est\u00e1n y los que pueden llegar a venir\u201d, en referencia a pol\u00edticos del oficialismo y de la oposici\u00f3n que buscan disputarse los cargos electorales este a\u00f1o.<\/p>\n\n\n\n<p>\u201cPara adelante vayamos programando asambleas para movilizarnos al congreso para exigir que dejen de arrodillarnos pagando impuestos, retenciones y que unifiquemos la paridad cambiaria, que hablemos todo un mismo idioma. Ma que d\u00f3lar soja, el que tiene un tambo \u00bfen qu\u00e9 se benefici\u00f3? Se encarecieron los insumos, para la ganader\u00eda lo mismo, los criaderos de cerdo, los arrendamientos que se fijan en quintales de soja. Le dijimos que iba a pasar esto\u201d, resalt\u00f3 Achetoni.<\/p>\n\n\n\n<p>El dirigente asegur\u00f3 que la movilizaci\u00f3n al Congreso ser\u00e1 para \u00abir a interperlarlos para que generen las pol\u00edticas p\u00fablicas que necesitamos para salir de esta tremenda crisis que tenemos\u00bb. El pedido de movilizaci\u00f3n a Buenos Aires fue una de los reclamos m\u00e1s escuchados durante la asamblea y despert\u00f3 opiniones a favor y en contra.<\/p>\n\n\n\n<p>\u00abDe la marcha a buenos aires no le sac\u00f3 el culo a la jeringa, los vamos a ir a interpelar. Vayamos prepar\u00e1ndonos. Marchemos\u00bb, resalt\u00f3 Achetoni al cierre de la jornada.<\/p>\n\n\n\n<p><\/p>\n","protected":false},"excerpt":{"rendered":"<p>Achetoni propuso dar tiempo al gobierno nacional hasta el lunes despu\u00e9s de la muestra Expoagro &#8211; es decir hasta el 13 de marzo &#8211; para que \u201cse suspendan embargos, juicios, procesos de pagos de anticipo del impuesto a las ganancias y pago de pasivos en los bancos\u201d<\/p>\n","protected":false},"author":2,"featured_media":102374,"comment_status":"closed","ping_status":"open","sticky":false,"template":"","format":"standard","meta":{"footnotes":""},"categories":[1613],"tags":[7431],"class_list":["post-102373","post","type-post","status-publish","format-standard","has-post-thumbnail","hentry","category-noticia-secundaria","tag-estado-de-alerta-y-movilizacion"],"yoast_head":"<!-- This site is optimized with the Yoast SEO plugin v23.4 - https:\/\/yoast.com\/wordpress\/plugins\/seo\/ -->\n<title>Fuerte posici\u00f3n de Federaci\u00f3n Agraria Argentina: &quot;se divierten con nosotros en la pol\u00edtica&quot; - Infoecos<\/title>\n<meta name=\"robots\" content=\"index, follow, max-snippet:-1, max-image-preview:large, max-video-preview:-1\" \/>\n<link rel=\"canonical\" href=\"https:\/\/infoecos.com.ar\/index.php\/fuerte-posicion-de-federacion-agraria-argentina-se-divierten-con-nosotros-en-la-politica\/\" \/>\n<meta property=\"og:locale\" content=\"es_ES\" \/>\n<meta property=\"og:type\" content=\"article\" \/>\n<meta property=\"og:title\" content=\"Fuerte posici\u00f3n de Federaci\u00f3n Agraria Argentina: &quot;se divierten con nosotros en la pol\u00edtica&quot; - Infoecos\" \/>\n<meta property=\"og:description\" content=\"Achetoni propuso dar tiempo al gobierno nacional hasta el lunes despu\u00e9s de la muestra Expoagro - es decir hasta el 13 de marzo - para que \u201cse suspendan embargos, juicios, procesos de pagos de anticipo del impuesto a las ganancias y pago de pasivos en los bancos\u201d\" \/>\n<meta property=\"og:url\" content=\"https:\/\/infoecos.com.ar\/index.php\/fuerte-posicion-de-federacion-agraria-argentina-se-divierten-con-nosotros-en-la-politica\/\" \/>\n<meta property=\"og:site_name\" content=\"Infoecos\" \/>\n<meta property=\"article:publisher\" content=\"https:\/\/www.facebook.com\/profile.php?id=100063200290284\" \/>\n<meta property=\"article:published_time\" content=\"2023-02-28T20:52:32+00:00\" \/>\n<meta property=\"article:modified_time\" content=\"2023-02-28T20:52:33+00:00\" \/>\n<meta property=\"og:image\" content=\"https:\/\/infoecos.com.ar\/wp-content\/uploads\/2023\/02\/image-149.png\" \/>\n\t<meta property=\"og:image:width\" content=\"642\" \/>\n\t<meta property=\"og:image:height\" content=\"360\" \/>\n\t<meta property=\"og:image:type\" content=\"image\/png\" \/>\n<meta name=\"author\" content=\"Jorge Matheus\" \/>\n<meta name=\"twitter:card\" content=\"summary_large_image\" \/>\n<meta name=\"twitter:creator\" content=\"@infoecos\" \/>\n<meta name=\"twitter:site\" content=\"@infoecos\" \/>\n<meta name=\"twitter:label1\" content=\"Escrito por\" \/>\n\t<meta name=\"twitter:data1\" content=\"Jorge Matheus\" \/>\n\t<meta name=\"twitter:label2\" content=\"Tiempo de lectura\" \/>\n\t<meta name=\"twitter:data2\" content=\"3 minutos\" \/>\n<script type=\"application\/ld+json\" class=\"yoast-schema-graph\">{\"@context\":\"https:\/\/schema.org\",\"@graph\":[{\"@type\":\"Article\",\"@id\":\"https:\/\/infoecos.com.ar\/index.php\/fuerte-posicion-de-federacion-agraria-argentina-se-divierten-con-nosotros-en-la-politica\/#article\",\"isPartOf\":{\"@id\":\"https:\/\/infoecos.com.ar\/index.php\/fuerte-posicion-de-federacion-agraria-argentina-se-divierten-con-nosotros-en-la-politica\/\"},\"author\":{\"name\":\"Jorge Matheus\",\"@id\":\"https:\/\/infoecos.com.ar\/#\/schema\/person\/8f5ace5ce73b4b4aac4b7245aee6f191\"},\"headline\":\"Fuerte posici\u00f3n de Federaci\u00f3n Agraria Argentina: \u00abse divierten con nosotros en la pol\u00edtica\u00bb\",\"datePublished\":\"2023-02-28T20:52:32+00:00\",\"dateModified\":\"2023-02-28T20:52:33+00:00\",\"mainEntityOfPage\":{\"@id\":\"https:\/\/infoecos.com.ar\/index.php\/fuerte-posicion-de-federacion-agraria-argentina-se-divierten-con-nosotros-en-la-politica\/\"},\"wordCount\":647,\"publisher\":{\"@id\":\"https:\/\/infoecos.com.ar\/#organization\"},\"image\":{\"@id\":\"https:\/\/infoecos.com.ar\/index.php\/fuerte-posicion-de-federacion-agraria-argentina-se-divierten-con-nosotros-en-la-politica\/#primaryimage\"},\"thumbnailUrl\":\"https:\/\/infoecos.com.ar\/wp-content\/uploads\/2023\/02\/image-149.png\",\"keywords\":[\"ESTADO DE ALERTA Y MOVILIZACI\u00d3N\"],\"articleSection\":[\"Noticia Secundaria\"],\"inLanguage\":\"es\"},{\"@type\":\"WebPage\",\"@id\":\"https:\/\/infoecos.com.ar\/index.php\/fuerte-posicion-de-federacion-agraria-argentina-se-divierten-con-nosotros-en-la-politica\/\",\"url\":\"https:\/\/infoecos.com.ar\/index.php\/fuerte-posicion-de-federacion-agraria-argentina-se-divierten-con-nosotros-en-la-politica\/\",\"name\":\"Fuerte posici\u00f3n de Federaci\u00f3n Agraria Argentina: \\\"se divierten con nosotros en la pol\u00edtica\\\" - Infoecos\",\"isPartOf\":{\"@id\":\"https:\/\/infoecos.com.ar\/#website\"},\"primaryImageOfPage\":{\"@id\":\"https:\/\/infoecos.com.ar\/index.php\/fuerte-posicion-de-federacion-agraria-argentina-se-divierten-con-nosotros-en-la-politica\/#primaryimage\"},\"image\":{\"@id\":\"https:\/\/infoecos.com.ar\/index.php\/fuerte-posicion-de-federacion-agraria-argentina-se-divierten-con-nosotros-en-la-politica\/#primaryimage\"},\"thumbnailUrl\":\"https:\/\/infoecos.com.ar\/wp-content\/uploads\/2023\/02\/image-149.png\",\"datePublished\":\"2023-02-28T20:52:32+00:00\",\"dateModified\":\"2023-02-28T20:52:33+00:00\",\"breadcrumb\":{\"@id\":\"https:\/\/infoecos.com.ar\/index.php\/fuerte-posicion-de-federacion-agraria-argentina-se-divierten-con-nosotros-en-la-politica\/#breadcrumb\"},\"inLanguage\":\"es\",\"potentialAction\":[{\"@type\":\"ReadAction\",\"target\":[\"https:\/\/infoecos.com.ar\/index.php\/fuerte-posicion-de-federacion-agraria-argentina-se-divierten-con-nosotros-en-la-politica\/\"]}]},{\"@type\":\"ImageObject\",\"inLanguage\":\"es\",\"@id\":\"https:\/\/infoecos.com.ar\/index.php\/fuerte-posicion-de-federacion-agraria-argentina-se-divierten-con-nosotros-en-la-politica\/#primaryimage\",\"url\":\"https:\/\/infoecos.com.ar\/wp-content\/uploads\/2023\/02\/image-149.png\",\"contentUrl\":\"https:\/\/infoecos.com.ar\/wp-content\/uploads\/2023\/02\/image-149.png\",\"width\":642,\"height\":360},{\"@type\":\"BreadcrumbList\",\"@id\":\"https:\/\/infoecos.com.ar\/index.php\/fuerte-posicion-de-federacion-agraria-argentina-se-divierten-con-nosotros-en-la-politica\/#breadcrumb\",\"itemListElement\":[{\"@type\":\"ListItem\",\"position\":1,\"name\":\"Portada\",\"item\":\"https:\/\/infoecos.com.ar\/\"},{\"@type\":\"ListItem\",\"position\":2,\"name\":\"Fuerte posici\u00f3n de Federaci\u00f3n Agraria Argentina: \u00abse divierten con nosotros en la pol\u00edtica\u00bb\"}]},{\"@type\":\"WebSite\",\"@id\":\"https:\/\/infoecos.com.ar\/#website\",\"url\":\"https:\/\/infoecos.com.ar\/\",\"name\":\"Infoecos\",\"description\":\"Noticias de trenque lauquen y la zona\",\"publisher\":{\"@id\":\"https:\/\/infoecos.com.ar\/#organization\"},\"alternateName\":\"Noticias\",\"potentialAction\":[{\"@type\":\"SearchAction\",\"target\":{\"@type\":\"EntryPoint\",\"urlTemplate\":\"https:\/\/infoecos.com.ar\/?s={search_term_string}\"},\"query-input\":{\"@type\":\"PropertyValueSpecification\",\"valueRequired\":true,\"valueName\":\"search_term_string\"}}],\"inLanguage\":\"es\"},{\"@type\":\"Organization\",\"@id\":\"https:\/\/infoecos.com.ar\/#organization\",\"name\":\"Infoecos\",\"alternateName\":\"Noticias\",\"url\":\"https:\/\/infoecos.com.ar\/\",\"logo\":{\"@type\":\"ImageObject\",\"inLanguage\":\"es\",\"@id\":\"https:\/\/infoecos.com.ar\/#\/schema\/logo\/image\/\",\"url\":\"https:\/\/infoecos.com.ar\/wp-content\/uploads\/2024\/03\/cropped-logo.png\",\"contentUrl\":\"https:\/\/infoecos.com.ar\/wp-content\/uploads\/2024\/03\/cropped-logo.png\",\"width\":374,\"height\":90,\"caption\":\"Infoecos\"},\"image\":{\"@id\":\"https:\/\/infoecos.com.ar\/#\/schema\/logo\/image\/\"},\"sameAs\":[\"https:\/\/www.facebook.com\/profile.php?id=100063200290284\",\"https:\/\/x.com\/infoecos\"]},{\"@type\":\"Person\",\"@id\":\"https:\/\/infoecos.com.ar\/#\/schema\/person\/8f5ace5ce73b4b4aac4b7245aee6f191\",\"name\":\"Jorge Matheus\",\"url\":\"https:\/\/infoecos.com.ar\/index.php\/author\/jomatheus\/\"}]}<\/script>\n<!-- \/ Yoast SEO plugin. -->","yoast_head_json":{"title":"Fuerte posici\u00f3n de Federaci\u00f3n Agraria Argentina: \"se divierten con nosotros en la pol\u00edtica\" - Infoecos","robots":{"index":"index","follow":"follow","max-snippet":"max-snippet:-1","max-image-preview":"max-image-preview:large","max-video-preview":"max-video-preview:-1"},"canonical":"https:\/\/infoecos.com.ar\/index.php\/fuerte-posicion-de-federacion-agraria-argentina-se-divierten-con-nosotros-en-la-politica\/","og_locale":"es_ES","og_type":"article","og_title":"Fuerte posici\u00f3n de Federaci\u00f3n Agraria Argentina: \"se divierten con nosotros en la pol\u00edtica\" - Infoecos","og_description":"Achetoni propuso dar tiempo al gobierno nacional hasta el lunes despu\u00e9s de la muestra Expoagro - es decir hasta el 13 de marzo - para que \u201cse suspendan embargos, juicios, procesos de pagos de anticipo del impuesto a las ganancias y pago de pasivos en los bancos\u201d","og_url":"https:\/\/infoecos.com.ar\/index.php\/fuerte-posicion-de-federacion-agraria-argentina-se-divierten-con-nosotros-en-la-politica\/","og_site_name":"Infoecos","article_publisher":"https:\/\/www.facebook.com\/profile.php?id=100063200290284","article_published_time":"2023-02-28T20:52:32+00:00","article_modified_time":"2023-02-28T20:52:33+00:00","og_image":[{"width":642,"height":360,"url":"https:\/\/infoecos.com.ar\/wp-content\/uploads\/2023\/02\/image-149.png","type":"image\/png"}],"author":"Jorge Matheus","twitter_card":"summary_large_image","twitter_creator":"@infoecos","twitter_site":"@infoecos","twitter_misc":{"Escrito por":"Jorge Matheus","Tiempo de lectura":"3 minutos"},"schema":{"@context":"https:\/\/schema.org","@graph":[{"@type":"Article","@id":"https:\/\/infoecos.com.ar\/index.php\/fuerte-posicion-de-federacion-agraria-argentina-se-divierten-con-nosotros-en-la-politica\/#article","isPartOf":{"@id":"https:\/\/infoecos.com.ar\/index.php\/fuerte-posicion-de-federacion-agraria-argentina-se-divierten-con-nosotros-en-la-politica\/"},"author":{"name":"Jorge Matheus","@id":"https:\/\/infoecos.com.ar\/#\/schema\/person\/8f5ace5ce73b4b4aac4b7245aee6f191"},"headline":"Fuerte posici\u00f3n de Federaci\u00f3n Agraria Argentina: \u00abse divierten con nosotros en la pol\u00edtica\u00bb","datePublished":"2023-02-28T20:52:32+00:00","dateModified":"2023-02-28T20:52:33+00:00","mainEntityOfPage":{"@id":"https:\/\/infoecos.com.ar\/index.php\/fuerte-posicion-de-federacion-agraria-argentina-se-divierten-con-nosotros-en-la-politica\/"},"wordCount":647,"publisher":{"@id":"https:\/\/infoecos.com.ar\/#organization"},"image":{"@id":"https:\/\/infoecos.com.ar\/index.php\/fuerte-posicion-de-federacion-agraria-argentina-se-divierten-con-nosotros-en-la-politica\/#primaryimage"},"thumbnailUrl":"https:\/\/infoecos.com.ar\/wp-content\/uploads\/2023\/02\/image-149.png","keywords":["ESTADO DE ALERTA Y MOVILIZACI\u00d3N"],"articleSection":["Noticia Secundaria"],"inLanguage":"es"},{"@type":"WebPage","@id":"https:\/\/infoecos.com.ar\/index.php\/fuerte-posicion-de-federacion-agraria-argentina-se-divierten-con-nosotros-en-la-politica\/","url":"https:\/\/infoecos.com.ar\/index.php\/fuerte-posicion-de-federacion-agraria-argentina-se-divierten-con-nosotros-en-la-politica\/","name":"Fuerte posici\u00f3n de Federaci\u00f3n Agraria Argentina: \"se divierten con nosotros en la pol\u00edtica\" - Infoecos","isPartOf":{"@id":"https:\/\/infoecos.com.ar\/#website"},"primaryImageOfPage":{"@id":"https:\/\/infoecos.com.ar\/index.php\/fuerte-posicion-de-federacion-agraria-argentina-se-divierten-con-nosotros-en-la-politica\/#primaryimage"},"image":{"@id":"https:\/\/infoecos.com.ar\/index.php\/fuerte-posicion-de-federacion-agraria-argentina-se-divierten-con-nosotros-en-la-politica\/#primaryimage"},"thumbnailUrl":"https:\/\/infoecos.com.ar\/wp-content\/uploads\/2023\/02\/image-149.png","datePublished":"2023-02-28T20:52:32+00:00","dateModified":"2023-02-28T20:52:33+00:00","breadcrumb":{"@id":"https:\/\/infoecos.com.ar\/index.php\/fuerte-posicion-de-federacion-agraria-argentina-se-divierten-con-nosotros-en-la-politica\/#breadcrumb"},"inLanguage":"es","potentialAction":[{"@type":"ReadAction","target":["https:\/\/infoecos.com.ar\/index.php\/fuerte-posicion-de-federacion-agraria-argentina-se-divierten-con-nosotros-en-la-politica\/"]}]},{"@type":"ImageObject","inLanguage":"es","@id":"https:\/\/infoecos.com.ar\/index.php\/fuerte-posicion-de-federacion-agraria-argentina-se-divierten-con-nosotros-en-la-politica\/#primaryimage","url":"https:\/\/infoecos.com.ar\/wp-content\/uploads\/2023\/02\/image-149.png","contentUrl":"https:\/\/infoecos.com.ar\/wp-content\/uploads\/2023\/02\/image-149.png","width":642,"height":360},{"@type":"BreadcrumbList","@id":"https:\/\/infoecos.com.ar\/index.php\/fuerte-posicion-de-federacion-agraria-argentina-se-divierten-con-nosotros-en-la-politica\/#breadcrumb","itemListElement":[{"@type":"ListItem","position":1,"name":"Portada","item":"https:\/\/infoecos.com.ar\/"},{"@type":"ListItem","position":2,"name":"Fuerte posici\u00f3n de Federaci\u00f3n Agraria Argentina: \u00abse divierten con nosotros en la pol\u00edtica\u00bb"}]},{"@type":"WebSite","@id":"https:\/\/infoecos.com.ar\/#website","url":"https:\/\/infoecos.com.ar\/","name":"Infoecos","description":"Noticias de trenque lauquen y la zona","publisher":{"@id":"https:\/\/infoecos.com.ar\/#organization"},"alternateName":"Noticias","potentialAction":[{"@type":"SearchAction","target":{"@type":"EntryPoint","urlTemplate":"https:\/\/infoecos.com.ar\/?s={search_term_string}"},"query-input":{"@type":"PropertyValueSpecification","valueRequired":true,"valueName":"search_term_string"}}],"inLanguage":"es"},{"@type":"Organization","@id":"https:\/\/infoecos.com.ar\/#organization","name":"Infoecos","alternateName":"Noticias","url":"https:\/\/infoecos.com.ar\/","logo":{"@type":"ImageObject","inLanguage":"es","@id":"https:\/\/infoecos.com.ar\/#\/schema\/logo\/image\/","url":"https:\/\/infoecos.com.ar\/wp-content\/uploads\/2024\/03\/cropped-logo.png","contentUrl":"https:\/\/infoecos.com.ar\/wp-content\/uploads\/2024\/03\/cropped-logo.png","width":374,"height":90,"caption":"Infoecos"},"image":{"@id":"https:\/\/infoecos.com.ar\/#\/schema\/logo\/image\/"},"sameAs":["https:\/\/www.facebook.com\/profile.php?id=100063200290284","https:\/\/x.com\/infoecos"]},{"@type":"Person","@id":"https:\/\/infoecos.com.ar\/#\/schema\/person\/8f5ace5ce73b4b4aac4b7245aee6f191","name":"Jorge Matheus","url":"https:\/\/infoecos.com.ar\/index.php\/author\/jomatheus\/"}]}},"featured_image_urls":{"full":["https:\/\/infoecos.com.ar\/wp-content\/uploads\/2023\/02\/image-149.png",642,360,false],"thumbnail":["https:\/\/infoecos.com.ar\/wp-content\/uploads\/2023\/02\/image-149-300x150.png",300,150,true],"medium":["https:\/\/infoecos.com.ar\/wp-content\/uploads\/2023\/02\/image-149.png",642,360,false],"medium_large":["https:\/\/infoecos.com.ar\/wp-content\/uploads\/2023\/02\/image-149.png",640,359,false],"large":["https:\/\/infoecos.com.ar\/wp-content\/uploads\/2023\/02\/image-149.png",640,359,false],"1536x1536":["https:\/\/infoecos.com.ar\/wp-content\/uploads\/2023\/02\/image-149.png",642,360,false],"2048x2048":["https:\/\/infoecos.com.ar\/wp-content\/uploads\/2023\/02\/image-149.png",642,360,false],"covernews-slider-full":["https:\/\/infoecos.com.ar\/wp-content\/uploads\/2023\/02\/image-149.png",642,360,false],"covernews-slider-center":["https:\/\/infoecos.com.ar\/wp-content\/uploads\/2023\/02\/image-149.png",642,360,false],"covernews-featured":["https:\/\/infoecos.com.ar\/wp-content\/uploads\/2023\/02\/image-149.png",642,360,false],"covernews-medium":["https:\/\/infoecos.com.ar\/wp-content\/uploads\/2023\/02\/image-149.png",540,303,false],"covernews-medium-square":["https:\/\/infoecos.com.ar\/wp-content\/uploads\/2023\/02\/image-149.png",400,224,false]},"author_info":{"info":["Jorge Matheus"]},"category_info":"<a href=\"https:\/\/infoecos.com.ar\/index.php\/category\/noticia-secundaria\/\" rel=\"category tag\">Noticia Secundaria<\/a>","tag_info":"Noticia Secundaria","comment_count":"0","_links":{"self":[{"href":"https:\/\/infoecos.com.ar\/index.php\/wp-json\/wp\/v2\/posts\/102373"}],"collection":[{"href":"https:\/\/infoecos.com.ar\/index.php\/wp-json\/wp\/v2\/posts"}],"about":[{"href":"https:\/\/infoecos.com.ar\/index.php\/wp-json\/wp\/v2\/types\/post"}],"author":[{"embeddable":true,"href":"https:\/\/infoecos.com.ar\/index.php\/wp-json\/wp\/v2\/users\/2"}],"replies":[{"embeddable":true,"href":"https:\/\/infoecos.com.ar\/index.php\/wp-json\/wp\/v2\/comments?post=102373"}],"version-history":[{"count":1,"href":"https:\/\/infoecos.com.ar\/index.php\/wp-json\/wp\/v2\/posts\/102373\/revisions"}],"predecessor-version":[{"id":102375,"href":"https:\/\/infoecos.com.ar\/index.php\/wp-json\/wp\/v2\/posts\/102373\/revisions\/102375"}],"wp:featuredmedia":[{"embeddable":true,"href":"https:\/\/infoecos.com.ar\/index.php\/wp-json\/wp\/v2\/media\/102374"}],"wp:attachment":[{"href":"https:\/\/infoecos.com.ar\/index.php\/wp-json\/wp\/v2\/media?parent=102373"}],"wp:term":[{"taxonomy":"category","embeddable":true,"href":"https:\/\/infoecos.com.ar\/index.php\/wp-json\/wp\/v2\/categories?post=102373"},{"taxonomy":"post_tag","embeddable":true,"href":"https:\/\/infoecos.com.ar\/index.php\/wp-json\/wp\/v2\/tags?post=102373"}],"curies":[{"name":"wp","href":"https:\/\/api.w.org\/{rel}","templated":true}]}}