{"id":102454,"date":"2023-03-03T09:00:56","date_gmt":"2023-03-03T12:00:56","guid":{"rendered":"https:\/\/infoecos.com.ar\/?p=102454"},"modified":"2023-03-06T04:12:31","modified_gmt":"2023-03-06T07:12:31","slug":"trasladaron-a-la-madre-del-menor-maltratado-liberada-de-las-causas-al-hospital-municipal","status":"publish","type":"post","link":"https:\/\/infoecos.com.ar\/index.php\/trasladaron-a-la-madre-del-menor-maltratado-liberada-de-las-causas-al-hospital-municipal\/","title":{"rendered":"Trasladaron a la madre del menor maltratado, liberada de las causas, al Hospital Municipal"},"content":{"rendered":"\n<p>Se dispuso en el d\u00eda de ayer el traslado de la madre del menor maltratado, Maribel Rinc\u00f3n, al Hospital Municipal de Trenque Lauquen.<\/p>\n\n\n\n<figure class=\"wp-block-image aligncenter size-full is-resized\"><img loading=\"lazy\" decoding=\"async\" src=\"https:\/\/infoecos.com.ar\/wp-content\/uploads\/2023\/03\/334434831_499776935702069_6714770363392258545_n.jpg\" alt=\"\" class=\"wp-image-102432\" width=\"523\" height=\"697\" srcset=\"https:\/\/infoecos.com.ar\/wp-content\/uploads\/2023\/03\/334434831_499776935702069_6714770363392258545_n.jpg 772w, https:\/\/infoecos.com.ar\/wp-content\/uploads\/2023\/03\/334434831_499776935702069_6714770363392258545_n-600x800.jpg 600w, https:\/\/infoecos.com.ar\/wp-content\/uploads\/2023\/03\/334434831_499776935702069_6714770363392258545_n-768x1024.jpg 768w\" sizes=\"(max-width: 523px) 100vw, 523px\" \/><\/figure>\n\n\n\n<p>Aprehendida por usurpaci\u00f3n de una vivienda, causa de la que fue liberada, el Juzgado Departamental de Trenque Lauquen resolvi\u00f3 un tratamiento pisqui\u00e1trico, luego de la evaluaci\u00f3n realizada por una profesional. <\/p>\n\n\n\n<p>La libertad fue decidida por la Justicia Penal, aunque el traslado al efector de salud que no cuenta con infraestructura para realizar este tipo de tratamiento, pero si un espacio que se destina para tales fines, se hizo con custodia policial. <\/p>\n\n\n\n<p>La pareja de la supuesta enferma psiqui\u00e1trica que ha quedado en condici\u00f3n de detenido, Gonzalo Dom\u00ednguez, ser\u00e1 o fue trasladado a una comisar\u00eda de la regi\u00f3n, mientras se avanza en la causa que se abri\u00f3 a ra\u00edz de los golpes que recib\u00eda el menor. <\/p>\n\n\n\n<p><\/p>\n\n\n\n<p><\/p>\n\n\n\n<p><\/p>\n","protected":false},"excerpt":{"rendered":"<p>Aprehendida por usurpaci\u00f3n de una vivienda, causa de la que fue liberada, el Juzgado Departamental de Trenque Lauquen resolvi\u00f3 un tratamiento pisqui\u00e1trico, luego de la evaluaci\u00f3n realizada por una profesional<\/p>\n","protected":false},"author":2,"featured_media":93467,"comment_status":"closed","ping_status":"open","sticky":false,"template":"","format":"standard","meta":{"footnotes":""},"categories":[197],"tags":[7445],"class_list":["post-102454","post","type-post","status-publish","format-standard","has-post-thumbnail","hentry","category-c3nota4","tag-tratamiento-psiquiatrico"],"yoast_head":"<!-- This site is optimized with the Yoast SEO plugin v23.4 - https:\/\/yoast.com\/wordpress\/plugins\/seo\/ -->\n<title>Trasladaron a la madre del menor maltratado, liberada de las causas, al Hospital Municipal - Infoecos<\/title>\n<meta name=\"robots\" content=\"index, follow, max-snippet:-1, max-image-preview:large, max-video-preview:-1\" \/>\n<link rel=\"canonical\" href=\"https:\/\/infoecos.com.ar\/index.php\/trasladaron-a-la-madre-del-menor-maltratado-liberada-de-las-causas-al-hospital-municipal\/\" \/>\n<meta property=\"og:locale\" content=\"es_ES\" \/>\n<meta property=\"og:type\" content=\"article\" \/>\n<meta property=\"og:title\" content=\"Trasladaron a la madre del menor maltratado, liberada de las causas, al Hospital Municipal - Infoecos\" \/>\n<meta property=\"og:description\" content=\"Aprehendida por usurpaci\u00f3n de una vivienda, causa de la que fue liberada, el Juzgado Departamental de Trenque Lauquen resolvi\u00f3 un tratamiento pisqui\u00e1trico, luego de la evaluaci\u00f3n realizada por una profesional\" \/>\n<meta property=\"og:url\" content=\"https:\/\/infoecos.com.ar\/index.php\/trasladaron-a-la-madre-del-menor-maltratado-liberada-de-las-causas-al-hospital-municipal\/\" \/>\n<meta property=\"og:site_name\" content=\"Infoecos\" \/>\n<meta property=\"article:publisher\" content=\"https:\/\/www.facebook.com\/profile.php?id=100063200290284\" \/>\n<meta property=\"article:published_time\" content=\"2023-03-03T12:00:56+00:00\" \/>\n<meta property=\"article:modified_time\" content=\"2023-03-06T07:12:31+00:00\" \/>\n<meta property=\"og:image\" content=\"https:\/\/infoecos.com.ar\/wp-content\/uploads\/2022\/06\/tribunales-1170x780-1.jpeg\" \/>\n\t<meta property=\"og:image:width\" content=\"1170\" \/>\n\t<meta property=\"og:image:height\" content=\"780\" \/>\n\t<meta property=\"og:image:type\" content=\"image\/jpeg\" \/>\n<meta name=\"author\" content=\"Jorge Matheus\" \/>\n<meta name=\"twitter:card\" content=\"summary_large_image\" \/>\n<meta name=\"twitter:creator\" content=\"@infoecos\" \/>\n<meta name=\"twitter:site\" content=\"@infoecos\" \/>\n<meta name=\"twitter:label1\" content=\"Escrito por\" \/>\n\t<meta name=\"twitter:data1\" content=\"Jorge Matheus\" \/>\n\t<meta name=\"twitter:label2\" content=\"Tiempo de lectura\" \/>\n\t<meta name=\"twitter:data2\" content=\"1 minuto\" \/>\n<script type=\"application\/ld+json\" class=\"yoast-schema-graph\">{\"@context\":\"https:\/\/schema.org\",\"@graph\":[{\"@type\":\"Article\",\"@id\":\"https:\/\/infoecos.com.ar\/index.php\/trasladaron-a-la-madre-del-menor-maltratado-liberada-de-las-causas-al-hospital-municipal\/#article\",\"isPartOf\":{\"@id\":\"https:\/\/infoecos.com.ar\/index.php\/trasladaron-a-la-madre-del-menor-maltratado-liberada-de-las-causas-al-hospital-municipal\/\"},\"author\":{\"name\":\"Jorge Matheus\",\"@id\":\"https:\/\/infoecos.com.ar\/#\/schema\/person\/8f5ace5ce73b4b4aac4b7245aee6f191\"},\"headline\":\"Trasladaron a la madre del menor maltratado, liberada de las causas, al Hospital Municipal\",\"datePublished\":\"2023-03-03T12:00:56+00:00\",\"dateModified\":\"2023-03-06T07:12:31+00:00\",\"mainEntityOfPage\":{\"@id\":\"https:\/\/infoecos.com.ar\/index.php\/trasladaron-a-la-madre-del-menor-maltratado-liberada-de-las-causas-al-hospital-municipal\/\"},\"wordCount\":164,\"publisher\":{\"@id\":\"https:\/\/infoecos.com.ar\/#organization\"},\"image\":{\"@id\":\"https:\/\/infoecos.com.ar\/index.php\/trasladaron-a-la-madre-del-menor-maltratado-liberada-de-las-causas-al-hospital-municipal\/#primaryimage\"},\"thumbnailUrl\":\"https:\/\/infoecos.com.ar\/wp-content\/uploads\/2022\/06\/tribunales-1170x780-1.jpeg\",\"keywords\":[\"TRATAMIENTO PSIQUI\u00c1TRICO\"],\"articleSection\":[\"C3 N4\"],\"inLanguage\":\"es\"},{\"@type\":\"WebPage\",\"@id\":\"https:\/\/infoecos.com.ar\/index.php\/trasladaron-a-la-madre-del-menor-maltratado-liberada-de-las-causas-al-hospital-municipal\/\",\"url\":\"https:\/\/infoecos.com.ar\/index.php\/trasladaron-a-la-madre-del-menor-maltratado-liberada-de-las-causas-al-hospital-municipal\/\",\"name\":\"Trasladaron a la madre del menor maltratado, liberada de las causas, al Hospital Municipal - Infoecos\",\"isPartOf\":{\"@id\":\"https:\/\/infoecos.com.ar\/#website\"},\"primaryImageOfPage\":{\"@id\":\"https:\/\/infoecos.com.ar\/index.php\/trasladaron-a-la-madre-del-menor-maltratado-liberada-de-las-causas-al-hospital-municipal\/#primaryimage\"},\"image\":{\"@id\":\"https:\/\/infoecos.com.ar\/index.php\/trasladaron-a-la-madre-del-menor-maltratado-liberada-de-las-causas-al-hospital-municipal\/#primaryimage\"},\"thumbnailUrl\":\"https:\/\/infoecos.com.ar\/wp-content\/uploads\/2022\/06\/tribunales-1170x780-1.jpeg\",\"datePublished\":\"2023-03-03T12:00:56+00:00\",\"dateModified\":\"2023-03-06T07:12:31+00:00\",\"breadcrumb\":{\"@id\":\"https:\/\/infoecos.com.ar\/index.php\/trasladaron-a-la-madre-del-menor-maltratado-liberada-de-las-causas-al-hospital-municipal\/#breadcrumb\"},\"inLanguage\":\"es\",\"potentialAction\":[{\"@type\":\"ReadAction\",\"target\":[\"https:\/\/infoecos.com.ar\/index.php\/trasladaron-a-la-madre-del-menor-maltratado-liberada-de-las-causas-al-hospital-municipal\/\"]}]},{\"@type\":\"ImageObject\",\"inLanguage\":\"es\",\"@id\":\"https:\/\/infoecos.com.ar\/index.php\/trasladaron-a-la-madre-del-menor-maltratado-liberada-de-las-causas-al-hospital-municipal\/#primaryimage\",\"url\":\"https:\/\/infoecos.com.ar\/wp-content\/uploads\/2022\/06\/tribunales-1170x780-1.jpeg\",\"contentUrl\":\"https:\/\/infoecos.com.ar\/wp-content\/uploads\/2022\/06\/tribunales-1170x780-1.jpeg\",\"width\":1170,\"height\":780},{\"@type\":\"BreadcrumbList\",\"@id\":\"https:\/\/infoecos.com.ar\/index.php\/trasladaron-a-la-madre-del-menor-maltratado-liberada-de-las-causas-al-hospital-municipal\/#breadcrumb\",\"itemListElement\":[{\"@type\":\"ListItem\",\"position\":1,\"name\":\"Portada\",\"item\":\"https:\/\/infoecos.com.ar\/\"},{\"@type\":\"ListItem\",\"position\":2,\"name\":\"Trasladaron a la madre del menor maltratado, liberada de las causas, al Hospital Municipal\"}]},{\"@type\":\"WebSite\",\"@id\":\"https:\/\/infoecos.com.ar\/#website\",\"url\":\"https:\/\/infoecos.com.ar\/\",\"name\":\"Infoecos\",\"description\":\"Noticias de trenque lauquen y la zona\",\"publisher\":{\"@id\":\"https:\/\/infoecos.com.ar\/#organization\"},\"alternateName\":\"Noticias\",\"potentialAction\":[{\"@type\":\"SearchAction\",\"target\":{\"@type\":\"EntryPoint\",\"urlTemplate\":\"https:\/\/infoecos.com.ar\/?s={search_term_string}\"},\"query-input\":{\"@type\":\"PropertyValueSpecification\",\"valueRequired\":true,\"valueName\":\"search_term_string\"}}],\"inLanguage\":\"es\"},{\"@type\":\"Organization\",\"@id\":\"https:\/\/infoecos.com.ar\/#organization\",\"name\":\"Infoecos\",\"alternateName\":\"Noticias\",\"url\":\"https:\/\/infoecos.com.ar\/\",\"logo\":{\"@type\":\"ImageObject\",\"inLanguage\":\"es\",\"@id\":\"https:\/\/infoecos.com.ar\/#\/schema\/logo\/image\/\",\"url\":\"https:\/\/infoecos.com.ar\/wp-content\/uploads\/2024\/03\/cropped-logo.png\",\"contentUrl\":\"https:\/\/infoecos.com.ar\/wp-content\/uploads\/2024\/03\/cropped-logo.png\",\"width\":374,\"height\":90,\"caption\":\"Infoecos\"},\"image\":{\"@id\":\"https:\/\/infoecos.com.ar\/#\/schema\/logo\/image\/\"},\"sameAs\":[\"https:\/\/www.facebook.com\/profile.php?id=100063200290284\",\"https:\/\/x.com\/infoecos\"]},{\"@type\":\"Person\",\"@id\":\"https:\/\/infoecos.com.ar\/#\/schema\/person\/8f5ace5ce73b4b4aac4b7245aee6f191\",\"name\":\"Jorge Matheus\",\"url\":\"https:\/\/infoecos.com.ar\/index.php\/author\/jomatheus\/\"}]}<\/script>\n<!-- \/ Yoast SEO plugin. -->","yoast_head_json":{"title":"Trasladaron a la madre del menor maltratado, liberada de las causas, al Hospital Municipal - Infoecos","robots":{"index":"index","follow":"follow","max-snippet":"max-snippet:-1","max-image-preview":"max-image-preview:large","max-video-preview":"max-video-preview:-1"},"canonical":"https:\/\/infoecos.com.ar\/index.php\/trasladaron-a-la-madre-del-menor-maltratado-liberada-de-las-causas-al-hospital-municipal\/","og_locale":"es_ES","og_type":"article","og_title":"Trasladaron a la madre del menor maltratado, liberada de las causas, al Hospital Municipal - Infoecos","og_description":"Aprehendida por usurpaci\u00f3n de una vivienda, causa de la que fue liberada, el Juzgado Departamental de Trenque Lauquen resolvi\u00f3 un tratamiento pisqui\u00e1trico, luego de la evaluaci\u00f3n realizada por una profesional","og_url":"https:\/\/infoecos.com.ar\/index.php\/trasladaron-a-la-madre-del-menor-maltratado-liberada-de-las-causas-al-hospital-municipal\/","og_site_name":"Infoecos","article_publisher":"https:\/\/www.facebook.com\/profile.php?id=100063200290284","article_published_time":"2023-03-03T12:00:56+00:00","article_modified_time":"2023-03-06T07:12:31+00:00","og_image":[{"width":1170,"height":780,"url":"https:\/\/infoecos.com.ar\/wp-content\/uploads\/2022\/06\/tribunales-1170x780-1.jpeg","type":"image\/jpeg"}],"author":"Jorge Matheus","twitter_card":"summary_large_image","twitter_creator":"@infoecos","twitter_site":"@infoecos","twitter_misc":{"Escrito por":"Jorge Matheus","Tiempo de lectura":"1 minuto"},"schema":{"@context":"https:\/\/schema.org","@graph":[{"@type":"Article","@id":"https:\/\/infoecos.com.ar\/index.php\/trasladaron-a-la-madre-del-menor-maltratado-liberada-de-las-causas-al-hospital-municipal\/#article","isPartOf":{"@id":"https:\/\/infoecos.com.ar\/index.php\/trasladaron-a-la-madre-del-menor-maltratado-liberada-de-las-causas-al-hospital-municipal\/"},"author":{"name":"Jorge Matheus","@id":"https:\/\/infoecos.com.ar\/#\/schema\/person\/8f5ace5ce73b4b4aac4b7245aee6f191"},"headline":"Trasladaron a la madre del menor maltratado, liberada de las causas, al Hospital Municipal","datePublished":"2023-03-03T12:00:56+00:00","dateModified":"2023-03-06T07:12:31+00:00","mainEntityOfPage":{"@id":"https:\/\/infoecos.com.ar\/index.php\/trasladaron-a-la-madre-del-menor-maltratado-liberada-de-las-causas-al-hospital-municipal\/"},"wordCount":164,"publisher":{"@id":"https:\/\/infoecos.com.ar\/#organization"},"image":{"@id":"https:\/\/infoecos.com.ar\/index.php\/trasladaron-a-la-madre-del-menor-maltratado-liberada-de-las-causas-al-hospital-municipal\/#primaryimage"},"thumbnailUrl":"https:\/\/infoecos.com.ar\/wp-content\/uploads\/2022\/06\/tribunales-1170x780-1.jpeg","keywords":["TRATAMIENTO PSIQUI\u00c1TRICO"],"articleSection":["C3 N4"],"inLanguage":"es"},{"@type":"WebPage","@id":"https:\/\/infoecos.com.ar\/index.php\/trasladaron-a-la-madre-del-menor-maltratado-liberada-de-las-causas-al-hospital-municipal\/","url":"https:\/\/infoecos.com.ar\/index.php\/trasladaron-a-la-madre-del-menor-maltratado-liberada-de-las-causas-al-hospital-municipal\/","name":"Trasladaron a la madre del menor maltratado, liberada de las causas, al Hospital Municipal - Infoecos","isPartOf":{"@id":"https:\/\/infoecos.com.ar\/#website"},"primaryImageOfPage":{"@id":"https:\/\/infoecos.com.ar\/index.php\/trasladaron-a-la-madre-del-menor-maltratado-liberada-de-las-causas-al-hospital-municipal\/#primaryimage"},"image":{"@id":"https:\/\/infoecos.com.ar\/index.php\/trasladaron-a-la-madre-del-menor-maltratado-liberada-de-las-causas-al-hospital-municipal\/#primaryimage"},"thumbnailUrl":"https:\/\/infoecos.com.ar\/wp-content\/uploads\/2022\/06\/tribunales-1170x780-1.jpeg","datePublished":"2023-03-03T12:00:56+00:00","dateModified":"2023-03-06T07:12:31+00:00","breadcrumb":{"@id":"https:\/\/infoecos.com.ar\/index.php\/trasladaron-a-la-madre-del-menor-maltratado-liberada-de-las-causas-al-hospital-municipal\/#breadcrumb"},"inLanguage":"es","potentialAction":[{"@type":"ReadAction","target":["https:\/\/infoecos.com.ar\/index.php\/trasladaron-a-la-madre-del-menor-maltratado-liberada-de-las-causas-al-hospital-municipal\/"]}]},{"@type":"ImageObject","inLanguage":"es","@id":"https:\/\/infoecos.com.ar\/index.php\/trasladaron-a-la-madre-del-menor-maltratado-liberada-de-las-causas-al-hospital-municipal\/#primaryimage","url":"https:\/\/infoecos.com.ar\/wp-content\/uploads\/2022\/06\/tribunales-1170x780-1.jpeg","contentUrl":"https:\/\/infoecos.com.ar\/wp-content\/uploads\/2022\/06\/tribunales-1170x780-1.jpeg","width":1170,"height":780},{"@type":"BreadcrumbList","@id":"https:\/\/infoecos.com.ar\/index.php\/trasladaron-a-la-madre-del-menor-maltratado-liberada-de-las-causas-al-hospital-municipal\/#breadcrumb","itemListElement":[{"@type":"ListItem","position":1,"name":"Portada","item":"https:\/\/infoecos.com.ar\/"},{"@type":"ListItem","position":2,"name":"Trasladaron a la madre del menor maltratado, liberada de las causas, al Hospital Municipal"}]},{"@type":"WebSite","@id":"https:\/\/infoecos.com.ar\/#website","url":"https:\/\/infoecos.com.ar\/","name":"Infoecos","description":"Noticias de trenque lauquen y la zona","publisher":{"@id":"https:\/\/infoecos.com.ar\/#organization"},"alternateName":"Noticias","potentialAction":[{"@type":"SearchAction","target":{"@type":"EntryPoint","urlTemplate":"https:\/\/infoecos.com.ar\/?s={search_term_string}"},"query-input":{"@type":"PropertyValueSpecification","valueRequired":true,"valueName":"search_term_string"}}],"inLanguage":"es"},{"@type":"Organization","@id":"https:\/\/infoecos.com.ar\/#organization","name":"Infoecos","alternateName":"Noticias","url":"https:\/\/infoecos.com.ar\/","logo":{"@type":"ImageObject","inLanguage":"es","@id":"https:\/\/infoecos.com.ar\/#\/schema\/logo\/image\/","url":"https:\/\/infoecos.com.ar\/wp-content\/uploads\/2024\/03\/cropped-logo.png","contentUrl":"https:\/\/infoecos.com.ar\/wp-content\/uploads\/2024\/03\/cropped-logo.png","width":374,"height":90,"caption":"Infoecos"},"image":{"@id":"https:\/\/infoecos.com.ar\/#\/schema\/logo\/image\/"},"sameAs":["https:\/\/www.facebook.com\/profile.php?id=100063200290284","https:\/\/x.com\/infoecos"]},{"@type":"Person","@id":"https:\/\/infoecos.com.ar\/#\/schema\/person\/8f5ace5ce73b4b4aac4b7245aee6f191","name":"Jorge Matheus","url":"https:\/\/infoecos.com.ar\/index.php\/author\/jomatheus\/"}]}},"featured_image_urls":{"full":["https:\/\/infoecos.com.ar\/wp-content\/uploads\/2022\/06\/tribunales-1170x780-1.jpeg",1170,780,false],"thumbnail":["https:\/\/infoecos.com.ar\/wp-content\/uploads\/2022\/06\/tribunales-1170x780-1-150x150.jpeg",150,150,true],"medium":["https:\/\/infoecos.com.ar\/wp-content\/uploads\/2022\/06\/tribunales-1170x780-1-460x307.jpeg",460,307,true],"medium_large":["https:\/\/infoecos.com.ar\/wp-content\/uploads\/2022\/06\/tribunales-1170x780-1-768x512.jpeg",640,427,true],"large":["https:\/\/infoecos.com.ar\/wp-content\/uploads\/2022\/06\/tribunales-1170x780-1-920x613.jpeg",640,426,true],"1536x1536":["https:\/\/infoecos.com.ar\/wp-content\/uploads\/2022\/06\/tribunales-1170x780-1.jpeg",1170,780,false],"2048x2048":["https:\/\/infoecos.com.ar\/wp-content\/uploads\/2022\/06\/tribunales-1170x780-1.jpeg",1170,780,false],"covernews-slider-full":["https:\/\/infoecos.com.ar\/wp-content\/uploads\/2022\/06\/tribunales-1170x780-1.jpeg",1073,715,false],"covernews-slider-center":["https:\/\/infoecos.com.ar\/wp-content\/uploads\/2022\/06\/tribunales-1170x780-1-936x780.jpeg",600,500,true],"covernews-featured":["https:\/\/infoecos.com.ar\/wp-content\/uploads\/2022\/06\/tribunales-1170x780-1-1024x683.jpeg",1024,683,true],"covernews-medium":["https:\/\/infoecos.com.ar\/wp-content\/uploads\/2022\/06\/tribunales-1170x780-1-720x380.jpeg",540,285,true],"covernews-medium-square":["https:\/\/infoecos.com.ar\/wp-content\/uploads\/2022\/06\/tribunales-1170x780-1-675x450.jpeg",375,250,true]},"author_info":{"info":["Jorge Matheus"]},"category_info":"<a href=\"https:\/\/infoecos.com.ar\/index.php\/category\/c3nota4\/\" rel=\"category tag\">C3 N4<\/a>","tag_info":"C3 N4","comment_count":"0","_links":{"self":[{"href":"https:\/\/infoecos.com.ar\/index.php\/wp-json\/wp\/v2\/posts\/102454"}],"collection":[{"href":"https:\/\/infoecos.com.ar\/index.php\/wp-json\/wp\/v2\/posts"}],"about":[{"href":"https:\/\/infoecos.com.ar\/index.php\/wp-json\/wp\/v2\/types\/post"}],"author":[{"embeddable":true,"href":"https:\/\/infoecos.com.ar\/index.php\/wp-json\/wp\/v2\/users\/2"}],"replies":[{"embeddable":true,"href":"https:\/\/infoecos.com.ar\/index.php\/wp-json\/wp\/v2\/comments?post=102454"}],"version-history":[{"count":1,"href":"https:\/\/infoecos.com.ar\/index.php\/wp-json\/wp\/v2\/posts\/102454\/revisions"}],"predecessor-version":[{"id":102455,"href":"https:\/\/infoecos.com.ar\/index.php\/wp-json\/wp\/v2\/posts\/102454\/revisions\/102455"}],"wp:featuredmedia":[{"embeddable":true,"href":"https:\/\/infoecos.com.ar\/index.php\/wp-json\/wp\/v2\/media\/93467"}],"wp:attachment":[{"href":"https:\/\/infoecos.com.ar\/index.php\/wp-json\/wp\/v2\/media?parent=102454"}],"wp:term":[{"taxonomy":"category","embeddable":true,"href":"https:\/\/infoecos.com.ar\/index.php\/wp-json\/wp\/v2\/categories?post=102454"},{"taxonomy":"post_tag","embeddable":true,"href":"https:\/\/infoecos.com.ar\/index.php\/wp-json\/wp\/v2\/tags?post=102454"}],"curies":[{"name":"wp","href":"https:\/\/api.w.org\/{rel}","templated":true}]}}