{"id":102477,"date":"2023-03-04T10:01:53","date_gmt":"2023-03-04T13:01:53","guid":{"rendered":"https:\/\/infoecos.com.ar\/?p=102477"},"modified":"2023-03-05T08:57:54","modified_gmt":"2023-03-05T11:57:54","slug":"ocho-anos-de-prision-a-un-pampeano-que-abuso-sexualmente-de-una-menor-de-edad","status":"publish","type":"post","link":"https:\/\/infoecos.com.ar\/index.php\/ocho-anos-de-prision-a-un-pampeano-que-abuso-sexualmente-de-una-menor-de-edad\/","title":{"rendered":"Ocho a\u00f1os de prisi\u00f3n a un pampeano que abus\u00f3 sexualmente de una menor de edad"},"content":{"rendered":"\n<p>El juez de audiencia de juicio de General Pico, Federico Pellegrino, conden\u00f3 a ocho a\u00f1os de prisi\u00f3n, a un hombre (47) que abus\u00f3 sexualmente de una menor de edad, hija de la mujer con la que manten\u00eda una relaci\u00f3n de pareja. El magistrado lo sentenci\u00f3 por el cargo de Abuso sexual con acceso carnal, con aprovechamiento de la situaci\u00f3n de convivencia prexistente con una menor de 18 a\u00f1os de edad.<\/p>\n\n\n\n<figure class=\"wp-block-image alignright size-full is-resized\"><img loading=\"lazy\" decoding=\"async\" src=\"https:\/\/infoecos.com.ar\/wp-content\/uploads\/descarga-52.jpg\" alt=\"\" class=\"wp-image-58022\" width=\"378\" height=\"254\"\/><figcaption class=\"wp-element-caption\">General Pico<\/figcaption><\/figure>\n\n\n\n<p>El caso se debati\u00f3 semanas atr\u00e1s a lo largo de seis audiencias en los Tribunales de General Pico, con la intervenci\u00f3n de la fiscala Andreina Montes y del defensor oficial Guillermo Costantino.<\/p>\n\n\n\n<p>Las pruebas aportadas permitieron comprobar que la damnificada fue abusada en tres oportunidades por el imputado, quien se encontraba en pareja con la madre de la v\u00edctima. Al momento de los hechos, la menor ten\u00eda entre 13 y 14 a\u00f1os de edad, y conviv\u00eda en el domicilio del imputado junto a su madre y sus hermanos.<\/p>\n\n\n\n<p>\u00abLa convivencia le posibilit\u00f3 al imputado el acercamiento, el trato cotidiano, el conocimiento de la menor, las circunstancias de su vida y su estado de vulnerabilidad, que le permitieron elegir los momentos en que perpetrar los ataques sin resultar descubierto\u00bb, dijo el juez en el fallo.<\/p>\n\n\n\n<p>En los alegatos de clausura del debate, Ruffini solicit\u00f3 la aplicaci\u00f3n de una pena de ocho a\u00f1os de prisi\u00f3n, mientras que la defensa del imputado pidi\u00f3 la absoluci\u00f3n de su defendido.<\/p>\n\n\n\n<p><strong>Fuente: laarena.com.ar<\/strong><\/p>\n","protected":false},"excerpt":{"rendered":"<p>El caso se debati\u00f3 semanas atr\u00e1s a lo largo de seis audiencias en los Tribunales de General Pico<\/p>\n","protected":false},"author":2,"featured_media":58022,"comment_status":"closed","ping_status":"open","sticky":false,"template":"","format":"standard","meta":{"footnotes":""},"categories":[1614],"tags":[7449],"class_list":["post-102477","post","type-post","status-publish","format-standard","has-post-thumbnail","hentry","category-c2nota7","tag-mantenia-una-relacion-con-la-madre"],"yoast_head":"<!-- This site is optimized with the Yoast SEO plugin v23.4 - https:\/\/yoast.com\/wordpress\/plugins\/seo\/ -->\n<title>Ocho a\u00f1os de prisi\u00f3n a un pampeano que abus\u00f3 sexualmente de una menor de edad - Infoecos<\/title>\n<meta name=\"robots\" content=\"index, follow, max-snippet:-1, max-image-preview:large, max-video-preview:-1\" \/>\n<link rel=\"canonical\" href=\"https:\/\/infoecos.com.ar\/index.php\/ocho-anos-de-prision-a-un-pampeano-que-abuso-sexualmente-de-una-menor-de-edad\/\" \/>\n<meta property=\"og:locale\" content=\"es_ES\" \/>\n<meta property=\"og:type\" content=\"article\" \/>\n<meta property=\"og:title\" content=\"Ocho a\u00f1os de prisi\u00f3n a un pampeano que abus\u00f3 sexualmente de una menor de edad - Infoecos\" \/>\n<meta property=\"og:description\" content=\"El caso se debati\u00f3 semanas atr\u00e1s a lo largo de seis audiencias en los Tribunales de General Pico\" \/>\n<meta property=\"og:url\" content=\"https:\/\/infoecos.com.ar\/index.php\/ocho-anos-de-prision-a-un-pampeano-que-abuso-sexualmente-de-una-menor-de-edad\/\" \/>\n<meta property=\"og:site_name\" content=\"Infoecos\" \/>\n<meta property=\"article:publisher\" content=\"https:\/\/www.facebook.com\/profile.php?id=100063200290284\" \/>\n<meta property=\"article:published_time\" content=\"2023-03-04T13:01:53+00:00\" \/>\n<meta property=\"article:modified_time\" content=\"2023-03-05T11:57:54+00:00\" \/>\n<meta property=\"og:image\" content=\"https:\/\/infoecos.com.ar\/wp-content\/uploads\/descarga-52.jpg\" \/>\n\t<meta property=\"og:image:width\" content=\"274\" \/>\n\t<meta property=\"og:image:height\" content=\"184\" \/>\n\t<meta property=\"og:image:type\" content=\"image\/jpeg\" \/>\n<meta name=\"author\" content=\"Jorge Matheus\" \/>\n<meta name=\"twitter:card\" content=\"summary_large_image\" \/>\n<meta name=\"twitter:creator\" content=\"@infoecos\" \/>\n<meta name=\"twitter:site\" content=\"@infoecos\" \/>\n<meta name=\"twitter:label1\" content=\"Escrito por\" \/>\n\t<meta name=\"twitter:data1\" content=\"Jorge Matheus\" \/>\n\t<meta name=\"twitter:label2\" content=\"Tiempo de lectura\" \/>\n\t<meta name=\"twitter:data2\" content=\"2 minutos\" \/>\n<script type=\"application\/ld+json\" class=\"yoast-schema-graph\">{\"@context\":\"https:\/\/schema.org\",\"@graph\":[{\"@type\":\"Article\",\"@id\":\"https:\/\/infoecos.com.ar\/index.php\/ocho-anos-de-prision-a-un-pampeano-que-abuso-sexualmente-de-una-menor-de-edad\/#article\",\"isPartOf\":{\"@id\":\"https:\/\/infoecos.com.ar\/index.php\/ocho-anos-de-prision-a-un-pampeano-que-abuso-sexualmente-de-una-menor-de-edad\/\"},\"author\":{\"name\":\"Jorge Matheus\",\"@id\":\"https:\/\/infoecos.com.ar\/#\/schema\/person\/8f5ace5ce73b4b4aac4b7245aee6f191\"},\"headline\":\"Ocho a\u00f1os de prisi\u00f3n a un pampeano que abus\u00f3 sexualmente de una menor de edad\",\"datePublished\":\"2023-03-04T13:01:53+00:00\",\"dateModified\":\"2023-03-05T11:57:54+00:00\",\"mainEntityOfPage\":{\"@id\":\"https:\/\/infoecos.com.ar\/index.php\/ocho-anos-de-prision-a-un-pampeano-que-abuso-sexualmente-de-una-menor-de-edad\/\"},\"wordCount\":270,\"publisher\":{\"@id\":\"https:\/\/infoecos.com.ar\/#organization\"},\"image\":{\"@id\":\"https:\/\/infoecos.com.ar\/index.php\/ocho-anos-de-prision-a-un-pampeano-que-abuso-sexualmente-de-una-menor-de-edad\/#primaryimage\"},\"thumbnailUrl\":\"\",\"keywords\":[\"MANTEN\u00cdA UNA RELACI\u00d3N CON LA MADRE\"],\"articleSection\":[\"C2 N7\"],\"inLanguage\":\"es\"},{\"@type\":\"WebPage\",\"@id\":\"https:\/\/infoecos.com.ar\/index.php\/ocho-anos-de-prision-a-un-pampeano-que-abuso-sexualmente-de-una-menor-de-edad\/\",\"url\":\"https:\/\/infoecos.com.ar\/index.php\/ocho-anos-de-prision-a-un-pampeano-que-abuso-sexualmente-de-una-menor-de-edad\/\",\"name\":\"Ocho a\u00f1os de prisi\u00f3n a un pampeano que abus\u00f3 sexualmente de una menor de edad - Infoecos\",\"isPartOf\":{\"@id\":\"https:\/\/infoecos.com.ar\/#website\"},\"primaryImageOfPage\":{\"@id\":\"https:\/\/infoecos.com.ar\/index.php\/ocho-anos-de-prision-a-un-pampeano-que-abuso-sexualmente-de-una-menor-de-edad\/#primaryimage\"},\"image\":{\"@id\":\"https:\/\/infoecos.com.ar\/index.php\/ocho-anos-de-prision-a-un-pampeano-que-abuso-sexualmente-de-una-menor-de-edad\/#primaryimage\"},\"thumbnailUrl\":\"\",\"datePublished\":\"2023-03-04T13:01:53+00:00\",\"dateModified\":\"2023-03-05T11:57:54+00:00\",\"breadcrumb\":{\"@id\":\"https:\/\/infoecos.com.ar\/index.php\/ocho-anos-de-prision-a-un-pampeano-que-abuso-sexualmente-de-una-menor-de-edad\/#breadcrumb\"},\"inLanguage\":\"es\",\"potentialAction\":[{\"@type\":\"ReadAction\",\"target\":[\"https:\/\/infoecos.com.ar\/index.php\/ocho-anos-de-prision-a-un-pampeano-que-abuso-sexualmente-de-una-menor-de-edad\/\"]}]},{\"@type\":\"ImageObject\",\"inLanguage\":\"es\",\"@id\":\"https:\/\/infoecos.com.ar\/index.php\/ocho-anos-de-prision-a-un-pampeano-que-abuso-sexualmente-de-una-menor-de-edad\/#primaryimage\",\"url\":\"\",\"contentUrl\":\"\"},{\"@type\":\"BreadcrumbList\",\"@id\":\"https:\/\/infoecos.com.ar\/index.php\/ocho-anos-de-prision-a-un-pampeano-que-abuso-sexualmente-de-una-menor-de-edad\/#breadcrumb\",\"itemListElement\":[{\"@type\":\"ListItem\",\"position\":1,\"name\":\"Portada\",\"item\":\"https:\/\/infoecos.com.ar\/\"},{\"@type\":\"ListItem\",\"position\":2,\"name\":\"Ocho a\u00f1os de prisi\u00f3n a un pampeano que abus\u00f3 sexualmente de una menor de edad\"}]},{\"@type\":\"WebSite\",\"@id\":\"https:\/\/infoecos.com.ar\/#website\",\"url\":\"https:\/\/infoecos.com.ar\/\",\"name\":\"Infoecos\",\"description\":\"Noticias de trenque lauquen y la zona\",\"publisher\":{\"@id\":\"https:\/\/infoecos.com.ar\/#organization\"},\"alternateName\":\"Noticias\",\"potentialAction\":[{\"@type\":\"SearchAction\",\"target\":{\"@type\":\"EntryPoint\",\"urlTemplate\":\"https:\/\/infoecos.com.ar\/?s={search_term_string}\"},\"query-input\":{\"@type\":\"PropertyValueSpecification\",\"valueRequired\":true,\"valueName\":\"search_term_string\"}}],\"inLanguage\":\"es\"},{\"@type\":\"Organization\",\"@id\":\"https:\/\/infoecos.com.ar\/#organization\",\"name\":\"Infoecos\",\"alternateName\":\"Noticias\",\"url\":\"https:\/\/infoecos.com.ar\/\",\"logo\":{\"@type\":\"ImageObject\",\"inLanguage\":\"es\",\"@id\":\"https:\/\/infoecos.com.ar\/#\/schema\/logo\/image\/\",\"url\":\"https:\/\/infoecos.com.ar\/wp-content\/uploads\/2024\/03\/cropped-logo.png\",\"contentUrl\":\"https:\/\/infoecos.com.ar\/wp-content\/uploads\/2024\/03\/cropped-logo.png\",\"width\":374,\"height\":90,\"caption\":\"Infoecos\"},\"image\":{\"@id\":\"https:\/\/infoecos.com.ar\/#\/schema\/logo\/image\/\"},\"sameAs\":[\"https:\/\/www.facebook.com\/profile.php?id=100063200290284\",\"https:\/\/x.com\/infoecos\"]},{\"@type\":\"Person\",\"@id\":\"https:\/\/infoecos.com.ar\/#\/schema\/person\/8f5ace5ce73b4b4aac4b7245aee6f191\",\"name\":\"Jorge Matheus\",\"url\":\"https:\/\/infoecos.com.ar\/index.php\/author\/jomatheus\/\"}]}<\/script>\n<!-- \/ Yoast SEO plugin. -->","yoast_head_json":{"title":"Ocho a\u00f1os de prisi\u00f3n a un pampeano que abus\u00f3 sexualmente de una menor de edad - Infoecos","robots":{"index":"index","follow":"follow","max-snippet":"max-snippet:-1","max-image-preview":"max-image-preview:large","max-video-preview":"max-video-preview:-1"},"canonical":"https:\/\/infoecos.com.ar\/index.php\/ocho-anos-de-prision-a-un-pampeano-que-abuso-sexualmente-de-una-menor-de-edad\/","og_locale":"es_ES","og_type":"article","og_title":"Ocho a\u00f1os de prisi\u00f3n a un pampeano que abus\u00f3 sexualmente de una menor de edad - Infoecos","og_description":"El caso se debati\u00f3 semanas atr\u00e1s a lo largo de seis audiencias en los Tribunales de General Pico","og_url":"https:\/\/infoecos.com.ar\/index.php\/ocho-anos-de-prision-a-un-pampeano-que-abuso-sexualmente-de-una-menor-de-edad\/","og_site_name":"Infoecos","article_publisher":"https:\/\/www.facebook.com\/profile.php?id=100063200290284","article_published_time":"2023-03-04T13:01:53+00:00","article_modified_time":"2023-03-05T11:57:54+00:00","og_image":[{"width":274,"height":184,"url":"https:\/\/infoecos.com.ar\/wp-content\/uploads\/descarga-52.jpg","type":"image\/jpeg"}],"author":"Jorge Matheus","twitter_card":"summary_large_image","twitter_creator":"@infoecos","twitter_site":"@infoecos","twitter_misc":{"Escrito por":"Jorge Matheus","Tiempo de lectura":"2 minutos"},"schema":{"@context":"https:\/\/schema.org","@graph":[{"@type":"Article","@id":"https:\/\/infoecos.com.ar\/index.php\/ocho-anos-de-prision-a-un-pampeano-que-abuso-sexualmente-de-una-menor-de-edad\/#article","isPartOf":{"@id":"https:\/\/infoecos.com.ar\/index.php\/ocho-anos-de-prision-a-un-pampeano-que-abuso-sexualmente-de-una-menor-de-edad\/"},"author":{"name":"Jorge Matheus","@id":"https:\/\/infoecos.com.ar\/#\/schema\/person\/8f5ace5ce73b4b4aac4b7245aee6f191"},"headline":"Ocho a\u00f1os de prisi\u00f3n a un pampeano que abus\u00f3 sexualmente de una menor de edad","datePublished":"2023-03-04T13:01:53+00:00","dateModified":"2023-03-05T11:57:54+00:00","mainEntityOfPage":{"@id":"https:\/\/infoecos.com.ar\/index.php\/ocho-anos-de-prision-a-un-pampeano-que-abuso-sexualmente-de-una-menor-de-edad\/"},"wordCount":270,"publisher":{"@id":"https:\/\/infoecos.com.ar\/#organization"},"image":{"@id":"https:\/\/infoecos.com.ar\/index.php\/ocho-anos-de-prision-a-un-pampeano-que-abuso-sexualmente-de-una-menor-de-edad\/#primaryimage"},"thumbnailUrl":"","keywords":["MANTEN\u00cdA UNA RELACI\u00d3N CON LA MADRE"],"articleSection":["C2 N7"],"inLanguage":"es"},{"@type":"WebPage","@id":"https:\/\/infoecos.com.ar\/index.php\/ocho-anos-de-prision-a-un-pampeano-que-abuso-sexualmente-de-una-menor-de-edad\/","url":"https:\/\/infoecos.com.ar\/index.php\/ocho-anos-de-prision-a-un-pampeano-que-abuso-sexualmente-de-una-menor-de-edad\/","name":"Ocho a\u00f1os de prisi\u00f3n a un pampeano que abus\u00f3 sexualmente de una menor de edad - Infoecos","isPartOf":{"@id":"https:\/\/infoecos.com.ar\/#website"},"primaryImageOfPage":{"@id":"https:\/\/infoecos.com.ar\/index.php\/ocho-anos-de-prision-a-un-pampeano-que-abuso-sexualmente-de-una-menor-de-edad\/#primaryimage"},"image":{"@id":"https:\/\/infoecos.com.ar\/index.php\/ocho-anos-de-prision-a-un-pampeano-que-abuso-sexualmente-de-una-menor-de-edad\/#primaryimage"},"thumbnailUrl":"","datePublished":"2023-03-04T13:01:53+00:00","dateModified":"2023-03-05T11:57:54+00:00","breadcrumb":{"@id":"https:\/\/infoecos.com.ar\/index.php\/ocho-anos-de-prision-a-un-pampeano-que-abuso-sexualmente-de-una-menor-de-edad\/#breadcrumb"},"inLanguage":"es","potentialAction":[{"@type":"ReadAction","target":["https:\/\/infoecos.com.ar\/index.php\/ocho-anos-de-prision-a-un-pampeano-que-abuso-sexualmente-de-una-menor-de-edad\/"]}]},{"@type":"ImageObject","inLanguage":"es","@id":"https:\/\/infoecos.com.ar\/index.php\/ocho-anos-de-prision-a-un-pampeano-que-abuso-sexualmente-de-una-menor-de-edad\/#primaryimage","url":"","contentUrl":""},{"@type":"BreadcrumbList","@id":"https:\/\/infoecos.com.ar\/index.php\/ocho-anos-de-prision-a-un-pampeano-que-abuso-sexualmente-de-una-menor-de-edad\/#breadcrumb","itemListElement":[{"@type":"ListItem","position":1,"name":"Portada","item":"https:\/\/infoecos.com.ar\/"},{"@type":"ListItem","position":2,"name":"Ocho a\u00f1os de prisi\u00f3n a un pampeano que abus\u00f3 sexualmente de una menor de edad"}]},{"@type":"WebSite","@id":"https:\/\/infoecos.com.ar\/#website","url":"https:\/\/infoecos.com.ar\/","name":"Infoecos","description":"Noticias de trenque lauquen y la zona","publisher":{"@id":"https:\/\/infoecos.com.ar\/#organization"},"alternateName":"Noticias","potentialAction":[{"@type":"SearchAction","target":{"@type":"EntryPoint","urlTemplate":"https:\/\/infoecos.com.ar\/?s={search_term_string}"},"query-input":{"@type":"PropertyValueSpecification","valueRequired":true,"valueName":"search_term_string"}}],"inLanguage":"es"},{"@type":"Organization","@id":"https:\/\/infoecos.com.ar\/#organization","name":"Infoecos","alternateName":"Noticias","url":"https:\/\/infoecos.com.ar\/","logo":{"@type":"ImageObject","inLanguage":"es","@id":"https:\/\/infoecos.com.ar\/#\/schema\/logo\/image\/","url":"https:\/\/infoecos.com.ar\/wp-content\/uploads\/2024\/03\/cropped-logo.png","contentUrl":"https:\/\/infoecos.com.ar\/wp-content\/uploads\/2024\/03\/cropped-logo.png","width":374,"height":90,"caption":"Infoecos"},"image":{"@id":"https:\/\/infoecos.com.ar\/#\/schema\/logo\/image\/"},"sameAs":["https:\/\/www.facebook.com\/profile.php?id=100063200290284","https:\/\/x.com\/infoecos"]},{"@type":"Person","@id":"https:\/\/infoecos.com.ar\/#\/schema\/person\/8f5ace5ce73b4b4aac4b7245aee6f191","name":"Jorge Matheus","url":"https:\/\/infoecos.com.ar\/index.php\/author\/jomatheus\/"}]}},"featured_image_urls":{"full":"","thumbnail":"","medium":"","medium_large":"","large":"","1536x1536":"","2048x2048":"","covernews-slider-full":"","covernews-slider-center":"","covernews-featured":"","covernews-medium":"","covernews-medium-square":""},"author_info":{"info":["Jorge Matheus"]},"category_info":"<a href=\"https:\/\/infoecos.com.ar\/index.php\/category\/c2nota7\/\" rel=\"category tag\">C2 N7<\/a>","tag_info":"C2 N7","comment_count":"0","_links":{"self":[{"href":"https:\/\/infoecos.com.ar\/index.php\/wp-json\/wp\/v2\/posts\/102477"}],"collection":[{"href":"https:\/\/infoecos.com.ar\/index.php\/wp-json\/wp\/v2\/posts"}],"about":[{"href":"https:\/\/infoecos.com.ar\/index.php\/wp-json\/wp\/v2\/types\/post"}],"author":[{"embeddable":true,"href":"https:\/\/infoecos.com.ar\/index.php\/wp-json\/wp\/v2\/users\/2"}],"replies":[{"embeddable":true,"href":"https:\/\/infoecos.com.ar\/index.php\/wp-json\/wp\/v2\/comments?post=102477"}],"version-history":[{"count":1,"href":"https:\/\/infoecos.com.ar\/index.php\/wp-json\/wp\/v2\/posts\/102477\/revisions"}],"predecessor-version":[{"id":102478,"href":"https:\/\/infoecos.com.ar\/index.php\/wp-json\/wp\/v2\/posts\/102477\/revisions\/102478"}],"wp:featuredmedia":[{"embeddable":true,"href":"https:\/\/infoecos.com.ar\/index.php\/wp-json\/"}],"wp:attachment":[{"href":"https:\/\/infoecos.com.ar\/index.php\/wp-json\/wp\/v2\/media?parent=102477"}],"wp:term":[{"taxonomy":"category","embeddable":true,"href":"https:\/\/infoecos.com.ar\/index.php\/wp-json\/wp\/v2\/categories?post=102477"},{"taxonomy":"post_tag","embeddable":true,"href":"https:\/\/infoecos.com.ar\/index.php\/wp-json\/wp\/v2\/tags?post=102477"}],"curies":[{"name":"wp","href":"https:\/\/api.w.org\/{rel}","templated":true}]}}