{"id":102502,"date":"2023-03-05T10:33:01","date_gmt":"2023-03-05T13:33:01","guid":{"rendered":"https:\/\/infoecos.com.ar\/?p=102502"},"modified":"2023-03-06T02:33:32","modified_gmt":"2023-03-06T05:33:32","slug":"sequia-en-soja-4-millones-de-toneladas-menos-que-en-enero-y-caida-abrupta-del-rinde-promedio","status":"publish","type":"post","link":"https:\/\/infoecos.com.ar\/index.php\/sequia-en-soja-4-millones-de-toneladas-menos-que-en-enero-y-caida-abrupta-del-rinde-promedio\/","title":{"rendered":"Sequ\u00eda: en soja, 4 millones de toneladas menos que en enero y ca\u00edda abrupta del rinde promedio"},"content":{"rendered":"\n<p>La Bolsa de Comercio de Rosario dio a conocer en el \u00faltimo informe un panorama desalentador para la econom\u00eda del interior y con consecuencias serias para el Estado.<\/p>\n\n\n\n<figure class=\"wp-block-image aligncenter size-full is-resized\"><img loading=\"lazy\" decoding=\"async\" src=\"https:\/\/infoecos.com.ar\/wp-content\/uploads\/2023\/03\/image-11.png\" alt=\"\" class=\"wp-image-102504\" width=\"462\" height=\"307\" srcset=\"https:\/\/infoecos.com.ar\/wp-content\/uploads\/2023\/03\/image-11.png 1280w, https:\/\/infoecos.com.ar\/wp-content\/uploads\/2023\/03\/image-11-800x532.png 800w, https:\/\/infoecos.com.ar\/wp-content\/uploads\/2023\/03\/image-11-768x511.png 768w, https:\/\/infoecos.com.ar\/wp-content\/uploads\/2023\/03\/image-11-1024x681.png 1024w, https:\/\/infoecos.com.ar\/wp-content\/uploads\/2023\/03\/image-11-675x450.png 675w\" sizes=\"(max-width: 462px) 100vw, 462px\" \/><figcaption class=\"wp-element-caption\">Bolsa de Comercio de Rosario<\/figcaption><\/figure>\n\n\n\n<p><strong>En&nbsp;Soja, el recorte es de casi 4 millones de toneladas respecto a un mes atr\u00e1s. In\u00e9dito: hay 1 mill\u00f3n de hect\u00e1reas perdidas y el rinde promedio pas\u00f3 de 24 qq\/ha a 18,2 qq\/ha. Febrero desmoron\u00f3 tambi\u00e9n al ma\u00edz&nbsp;<u>tard\u00edo<\/u>: el rinde promedio pas\u00f3 de 72 qq\/ha a 48 qq\/ha.&nbsp;<\/strong><\/p>\n\n\n\n<p><strong>\u201c<u>El Pac\u00edfico se encamina a la neutralidad a partir de marzo<\/u>. Pero los actuales requerimientos para equilibrar las reservas superan ampliamente los valores que normalmente provee marzo\u201d<\/strong>, dice el consultor Elorriaga.<\/p>\n\n\n\n<p><strong>Soja: por la sequ\u00eda, solo se cosechar\u00e1 la tercera parte de lo que se esperaba a principios de la campa\u00f1a<\/strong><\/p>\n\n\n\n<p>En la regi\u00f3n n\u00facleo, con un escenario normal de clima se esperaba producir&nbsp;<strong>19,7 millones de toneladas de soja.<\/strong>&nbsp;El 9 de febrero la estimaci\u00f3n baj\u00f3 a&nbsp;<strong>10,4<\/strong> millones de toneladas de soja.&nbsp;<strong>Y hoy, 2 de marzo, se estima que ser\u00e1n solo&nbsp;<u>6,5 <\/u><\/strong>millones de toneladas.&nbsp;<strong>Lamentablemente, no hay lluvias a la vista que permitan ponerle un piso definitivo a la cosecha<\/strong>. La situaci\u00f3n es muy grave y puede a\u00fan empeorar m\u00e1s.&nbsp;<strong>Por el momento, se estima que la cosecha solo ser\u00e1 el 33% de lo que se esperaba a principios del ciclo.&nbsp;<\/strong>Respecto al a\u00f1o pasado, que se consideraba la peor campa\u00f1a desde el 2008\/09 con 13,5 Mt, el ciclo 2022\/23&nbsp;<strong>dejar\u00eda incluso solo la mitad de ese volumen de soja.<\/strong><\/p>\n\n\n\n<figure class=\"wp-block-image aligncenter\"><img decoding=\"async\" src=\"https:\/\/www.bcr.com.ar\/sites\/default\/files\/styles\/free\/public\/1_163.png?itok=maBvmvbD\" alt=\"\"\/><\/figure>\n\n\n\n<p><strong>Un febrero sin agua y 9 olas de calor dejaron la in\u00e9dita cifra de 1M de ha perdidas en soja<\/strong><\/p>\n\n\n\n<figure class=\"wp-block-image aligncenter\"><img decoding=\"async\" src=\"https:\/\/www.bcr.com.ar\/sites\/default\/files\/styles\/free\/public\/2_140.png?itok=qMOYb6pP\" alt=\"\"\/><\/figure>\n\n\n\n<p>\u201c<strong><u>En m\u00e1s de 45 a\u00f1os de profesi\u00f3n, nunca viv\u00ed una campa\u00f1a productiva tan desastrosa y da\u00f1ina para las empresas agropecuarias<\/u><\/strong>\u201d, dice un ingeniero de Bigand.&nbsp;Las condiciones extremas de febrero configuraron una pesadilla inimaginable para el productor de la zona n\u00facleo.<\/p>\n\n\n\n<p><strong>Por la falta de agua se dej\u00f3 de controlar casi generalizadamente malezas y plagas en los lotes de soja de segunda y en los sembrados sin cultivo &nbsp;antecesor (de primera) que por la falta de humedad no se pudieron sembrar hasta los \u00faltimos 10 d\u00edas de enero.&nbsp;<u>Muchos refieren que la producci\u00f3n en esos casos ser\u00e1 cero<\/u>. Ya se estima que&nbsp;<u>uno de 4,6 lotes de soja sembrados no ser\u00e1 cosechado<\/u>, pero la relaci\u00f3n puede crecer dr\u00e1sticamente si no llueve en los pr\u00f3ximos 10 d\u00edas.&nbsp;<\/strong>Este es un nivel de p\u00e9rdidas&nbsp; hist\u00f3rico para la regi\u00f3n del que no se tiene registro. En los \u00faltimos 15 a\u00f1os, la \u00faltima campa\u00f1a con el mayor nivel de perdidas fue la 2016\/17 con casi 400.000 has.<\/p>\n\n\n\n<figure class=\"wp-block-image aligncenter\"><img decoding=\"async\" src=\"https:\/\/www.bcr.com.ar\/sites\/default\/files\/styles\/free\/public\/3_25.png?itok=wpi3-Sn6\" alt=\"\"\/><\/figure>\n\n\n\n<p><strong>\u201cLa sequ\u00eda ahora va por la soja de primera\u201d<\/strong><\/p>\n\n\n\n<p><strong>En General Pinto explican c\u00f3mo se da la ca\u00edda de la condici\u00f3n en los cuadros de soja:&nbsp;<\/strong>\u201c<strong>En 3 d\u00edas se da un cambio dr\u00e1stico al quedarse el suelo vac\u00edo y la ra\u00edz sin humedad<\/strong>. Es un momento de ca\u00edda abrupta con condiciones ambientales brutales entre la falta de agua y m\u00e1ximas de 38 a 40\u00b0C.&nbsp;<strong><u>Aparte, en soja de primera estamos transitando el momento cr\u00edtico en las peores condiciones imaginables.<\/u><\/strong>&nbsp;El deterioro que vemos no tiene precedente\u201d. Este es otro de los factores que explica como&nbsp;<strong>cayeron los rendimientos estimados. De los 24 qq\/ha que se esperaban en soja (1ra y 2da) a principios de febrero como promedio de la regi\u00f3n, ahora el guarismo se actualiza en&nbsp;<u>18,2 qq\/ha<\/u>. Este rinde est\u00e1 debajo&nbsp;<u>en 5,7 qq\/ha<\/u>&nbsp;del peor rinde que se ten\u00eda registrado, el del 2008\/09.<\/strong><\/p>\n\n\n\n<p><strong>El 17% del ma\u00edz de fechas tard\u00edas est\u00e1 perdido y el 85% est\u00e1 de regular a malo<\/strong><\/p>\n\n\n\n<p><strong>En 15 d\u00edas se perdieron 119.000 hect\u00e1reas<\/strong>&nbsp;entre ma\u00edz de segunda y tard\u00edo:&nbsp;<strong>pasamos de 81.000 a 200.000 ha.<\/strong>&nbsp;<strong>Quedan en pie 969.800 ha de las cuales el 50% est\u00e1 de regular y el 35% en malas condiciones.<\/strong>&nbsp;<strong>Los rendimientos tambi\u00e9n se han desplomado:&nbsp;<\/strong>a d\u00eda de&nbsp;<strong>hoy se estiman 48 qq\/ha de promedio vs los 72 quintales que se esperaban 30 d\u00edas atr\u00e1s<\/strong>.<\/p>\n\n\n\n<p><strong>La situaci\u00f3n del ma\u00edz tard\u00edo es muy cr\u00edtica&nbsp; y se replica a lo largo y ancho de la \u201cn\u00facleo\u201d<\/strong><\/p>\n\n\n\n<p><strong>En el centro-sur santafecino<\/strong>&nbsp;las&nbsp;<strong>p\u00e9rdidas<\/strong>&nbsp;de \u00e1rea ascienden al&nbsp;<strong>12%<\/strong>. Los ma\u00edces tard\u00edos y de segunda est\u00e1n perdiendo hojas y comienza a retrasarse su desarrollo. Se observan p\u00e9rdidas de plantas. Se estima entre 40 a 50 qq\/ha.&nbsp;<strong>En el extremo sur santafecino las p\u00e9rdidas son del 7%,&nbsp; la mitad de los cuadros que siguen en producci\u00f3n est\u00e1 en malas condiciones y estiman 40 a 70 qq\/ha.<\/strong>&nbsp;<strong>En el noreste bonaerense las p\u00e9rdidas son del 20% del \u00e1rea. El 70% de cultivo en pie est\u00e1 en malas condiciones y esperan 40 qq\/ha promedio.&nbsp;<\/strong>\u201cLa situaci\u00f3n es irremontable\u201d, lo dicen desde Pergamino donde la totalidad del ma\u00edz de segunda est\u00e1 perdido y ruegan alcanzar 40 a 50 qq\/ha en lo que queda del tard\u00edo.&nbsp;<strong>En el noroeste de Buenos Aires aun no acusan perdidas pero el 80% del cultivo esta de regular a malo. All\u00ed la proyecci\u00f3n de rinde asciende a 60 qq\/ha. En el este cordob\u00e9s, las p\u00e9rdidas son del 5%, hay un 20% en malas condiciones y un 40% regular, el rinde estimado es de 50 qq\/ha<\/strong>.<\/p>\n\n\n\n<figure class=\"wp-block-image aligncenter\"><img decoding=\"async\" src=\"https:\/\/www.bcr.com.ar\/sites\/default\/files\/styles\/free\/public\/4_6.jpg?itok=QmvcwdCS\" alt=\"\"\/><\/figure>\n","protected":false},"excerpt":{"rendered":"<p>En General Pinto explican c\u00f3mo se da la ca\u00edda de la condici\u00f3n en los cuadros de soja:\u00a0\u201cEn 3 d\u00edas se da un cambio dr\u00e1stico al quedarse el suelo vac\u00edo y la ra\u00edz sin humedad. Es un momento de ca\u00edda abrupta con condiciones ambientales brutales entre la falta de agua y m\u00e1ximas de 38 a 40\u00b0C<\/p>\n","protected":false},"author":2,"featured_media":102504,"comment_status":"closed","ping_status":"open","sticky":false,"template":"","format":"standard","meta":{"footnotes":""},"categories":[1613],"tags":[516],"class_list":["post-102502","post","type-post","status-publish","format-standard","has-post-thumbnail","hentry","category-noticia-secundaria","tag-economia-nacional"],"yoast_head":"<!-- This site is optimized with the Yoast SEO plugin v23.4 - https:\/\/yoast.com\/wordpress\/plugins\/seo\/ -->\n<title>Sequ\u00eda: en soja, 4 millones de toneladas menos que en enero y ca\u00edda abrupta del rinde promedio - Infoecos<\/title>\n<meta name=\"robots\" content=\"index, follow, max-snippet:-1, max-image-preview:large, max-video-preview:-1\" \/>\n<link rel=\"canonical\" href=\"https:\/\/infoecos.com.ar\/index.php\/sequia-en-soja-4-millones-de-toneladas-menos-que-en-enero-y-caida-abrupta-del-rinde-promedio\/\" \/>\n<meta property=\"og:locale\" content=\"es_ES\" \/>\n<meta property=\"og:type\" content=\"article\" \/>\n<meta property=\"og:title\" content=\"Sequ\u00eda: en soja, 4 millones de toneladas menos que en enero y ca\u00edda abrupta del rinde promedio - Infoecos\" \/>\n<meta property=\"og:description\" content=\"En General Pinto explican c\u00f3mo se da la ca\u00edda de la condici\u00f3n en los cuadros de soja:\u00a0\u201cEn 3 d\u00edas se da un cambio dr\u00e1stico al quedarse el suelo vac\u00edo y la ra\u00edz sin humedad. Es un momento de ca\u00edda abrupta con condiciones ambientales brutales entre la falta de agua y m\u00e1ximas de 38 a 40\u00b0C\" \/>\n<meta property=\"og:url\" content=\"https:\/\/infoecos.com.ar\/index.php\/sequia-en-soja-4-millones-de-toneladas-menos-que-en-enero-y-caida-abrupta-del-rinde-promedio\/\" \/>\n<meta property=\"og:site_name\" content=\"Infoecos\" \/>\n<meta property=\"article:publisher\" content=\"https:\/\/www.facebook.com\/profile.php?id=100063200290284\" \/>\n<meta property=\"article:published_time\" content=\"2023-03-05T13:33:01+00:00\" \/>\n<meta property=\"article:modified_time\" content=\"2023-03-06T05:33:32+00:00\" \/>\n<meta property=\"og:image\" content=\"https:\/\/infoecos.com.ar\/wp-content\/uploads\/2023\/03\/image-11.png\" \/>\n\t<meta property=\"og:image:width\" content=\"1280\" \/>\n\t<meta property=\"og:image:height\" content=\"851\" \/>\n\t<meta property=\"og:image:type\" content=\"image\/png\" \/>\n<meta name=\"author\" content=\"Jorge Matheus\" \/>\n<meta name=\"twitter:card\" content=\"summary_large_image\" \/>\n<meta name=\"twitter:creator\" content=\"@infoecos\" \/>\n<meta name=\"twitter:site\" content=\"@infoecos\" \/>\n<meta name=\"twitter:label1\" content=\"Escrito por\" \/>\n\t<meta name=\"twitter:data1\" content=\"Jorge Matheus\" \/>\n\t<meta name=\"twitter:label2\" content=\"Tiempo de lectura\" \/>\n\t<meta name=\"twitter:data2\" content=\"5 minutos\" \/>\n<script type=\"application\/ld+json\" class=\"yoast-schema-graph\">{\"@context\":\"https:\/\/schema.org\",\"@graph\":[{\"@type\":\"Article\",\"@id\":\"https:\/\/infoecos.com.ar\/index.php\/sequia-en-soja-4-millones-de-toneladas-menos-que-en-enero-y-caida-abrupta-del-rinde-promedio\/#article\",\"isPartOf\":{\"@id\":\"https:\/\/infoecos.com.ar\/index.php\/sequia-en-soja-4-millones-de-toneladas-menos-que-en-enero-y-caida-abrupta-del-rinde-promedio\/\"},\"author\":{\"name\":\"Jorge Matheus\",\"@id\":\"https:\/\/infoecos.com.ar\/#\/schema\/person\/8f5ace5ce73b4b4aac4b7245aee6f191\"},\"headline\":\"Sequ\u00eda: en soja, 4 millones de toneladas menos que en enero y ca\u00edda abrupta del rinde promedio\",\"datePublished\":\"2023-03-05T13:33:01+00:00\",\"dateModified\":\"2023-03-06T05:33:32+00:00\",\"mainEntityOfPage\":{\"@id\":\"https:\/\/infoecos.com.ar\/index.php\/sequia-en-soja-4-millones-de-toneladas-menos-que-en-enero-y-caida-abrupta-del-rinde-promedio\/\"},\"wordCount\":960,\"publisher\":{\"@id\":\"https:\/\/infoecos.com.ar\/#organization\"},\"image\":{\"@id\":\"https:\/\/infoecos.com.ar\/index.php\/sequia-en-soja-4-millones-de-toneladas-menos-que-en-enero-y-caida-abrupta-del-rinde-promedio\/#primaryimage\"},\"thumbnailUrl\":\"https:\/\/infoecos.com.ar\/wp-content\/uploads\/2023\/03\/image-11.png\",\"keywords\":[\"ECONOM\u00cdA NACIONAL\"],\"articleSection\":[\"Noticia Secundaria\"],\"inLanguage\":\"es\"},{\"@type\":\"WebPage\",\"@id\":\"https:\/\/infoecos.com.ar\/index.php\/sequia-en-soja-4-millones-de-toneladas-menos-que-en-enero-y-caida-abrupta-del-rinde-promedio\/\",\"url\":\"https:\/\/infoecos.com.ar\/index.php\/sequia-en-soja-4-millones-de-toneladas-menos-que-en-enero-y-caida-abrupta-del-rinde-promedio\/\",\"name\":\"Sequ\u00eda: en soja, 4 millones de toneladas menos que en enero y ca\u00edda abrupta del rinde promedio - Infoecos\",\"isPartOf\":{\"@id\":\"https:\/\/infoecos.com.ar\/#website\"},\"primaryImageOfPage\":{\"@id\":\"https:\/\/infoecos.com.ar\/index.php\/sequia-en-soja-4-millones-de-toneladas-menos-que-en-enero-y-caida-abrupta-del-rinde-promedio\/#primaryimage\"},\"image\":{\"@id\":\"https:\/\/infoecos.com.ar\/index.php\/sequia-en-soja-4-millones-de-toneladas-menos-que-en-enero-y-caida-abrupta-del-rinde-promedio\/#primaryimage\"},\"thumbnailUrl\":\"https:\/\/infoecos.com.ar\/wp-content\/uploads\/2023\/03\/image-11.png\",\"datePublished\":\"2023-03-05T13:33:01+00:00\",\"dateModified\":\"2023-03-06T05:33:32+00:00\",\"breadcrumb\":{\"@id\":\"https:\/\/infoecos.com.ar\/index.php\/sequia-en-soja-4-millones-de-toneladas-menos-que-en-enero-y-caida-abrupta-del-rinde-promedio\/#breadcrumb\"},\"inLanguage\":\"es\",\"potentialAction\":[{\"@type\":\"ReadAction\",\"target\":[\"https:\/\/infoecos.com.ar\/index.php\/sequia-en-soja-4-millones-de-toneladas-menos-que-en-enero-y-caida-abrupta-del-rinde-promedio\/\"]}]},{\"@type\":\"ImageObject\",\"inLanguage\":\"es\",\"@id\":\"https:\/\/infoecos.com.ar\/index.php\/sequia-en-soja-4-millones-de-toneladas-menos-que-en-enero-y-caida-abrupta-del-rinde-promedio\/#primaryimage\",\"url\":\"https:\/\/infoecos.com.ar\/wp-content\/uploads\/2023\/03\/image-11.png\",\"contentUrl\":\"https:\/\/infoecos.com.ar\/wp-content\/uploads\/2023\/03\/image-11.png\",\"width\":1280,\"height\":851},{\"@type\":\"BreadcrumbList\",\"@id\":\"https:\/\/infoecos.com.ar\/index.php\/sequia-en-soja-4-millones-de-toneladas-menos-que-en-enero-y-caida-abrupta-del-rinde-promedio\/#breadcrumb\",\"itemListElement\":[{\"@type\":\"ListItem\",\"position\":1,\"name\":\"Portada\",\"item\":\"https:\/\/infoecos.com.ar\/\"},{\"@type\":\"ListItem\",\"position\":2,\"name\":\"Sequ\u00eda: en soja, 4 millones de toneladas menos que en enero y ca\u00edda abrupta del rinde promedio\"}]},{\"@type\":\"WebSite\",\"@id\":\"https:\/\/infoecos.com.ar\/#website\",\"url\":\"https:\/\/infoecos.com.ar\/\",\"name\":\"Infoecos\",\"description\":\"Noticias de trenque lauquen y la zona\",\"publisher\":{\"@id\":\"https:\/\/infoecos.com.ar\/#organization\"},\"alternateName\":\"Noticias\",\"potentialAction\":[{\"@type\":\"SearchAction\",\"target\":{\"@type\":\"EntryPoint\",\"urlTemplate\":\"https:\/\/infoecos.com.ar\/?s={search_term_string}\"},\"query-input\":{\"@type\":\"PropertyValueSpecification\",\"valueRequired\":true,\"valueName\":\"search_term_string\"}}],\"inLanguage\":\"es\"},{\"@type\":\"Organization\",\"@id\":\"https:\/\/infoecos.com.ar\/#organization\",\"name\":\"Infoecos\",\"alternateName\":\"Noticias\",\"url\":\"https:\/\/infoecos.com.ar\/\",\"logo\":{\"@type\":\"ImageObject\",\"inLanguage\":\"es\",\"@id\":\"https:\/\/infoecos.com.ar\/#\/schema\/logo\/image\/\",\"url\":\"https:\/\/infoecos.com.ar\/wp-content\/uploads\/2024\/03\/cropped-logo.png\",\"contentUrl\":\"https:\/\/infoecos.com.ar\/wp-content\/uploads\/2024\/03\/cropped-logo.png\",\"width\":374,\"height\":90,\"caption\":\"Infoecos\"},\"image\":{\"@id\":\"https:\/\/infoecos.com.ar\/#\/schema\/logo\/image\/\"},\"sameAs\":[\"https:\/\/www.facebook.com\/profile.php?id=100063200290284\",\"https:\/\/x.com\/infoecos\"]},{\"@type\":\"Person\",\"@id\":\"https:\/\/infoecos.com.ar\/#\/schema\/person\/8f5ace5ce73b4b4aac4b7245aee6f191\",\"name\":\"Jorge Matheus\",\"url\":\"https:\/\/infoecos.com.ar\/index.php\/author\/jomatheus\/\"}]}<\/script>\n<!-- \/ Yoast SEO plugin. -->","yoast_head_json":{"title":"Sequ\u00eda: en soja, 4 millones de toneladas menos que en enero y ca\u00edda abrupta del rinde promedio - Infoecos","robots":{"index":"index","follow":"follow","max-snippet":"max-snippet:-1","max-image-preview":"max-image-preview:large","max-video-preview":"max-video-preview:-1"},"canonical":"https:\/\/infoecos.com.ar\/index.php\/sequia-en-soja-4-millones-de-toneladas-menos-que-en-enero-y-caida-abrupta-del-rinde-promedio\/","og_locale":"es_ES","og_type":"article","og_title":"Sequ\u00eda: en soja, 4 millones de toneladas menos que en enero y ca\u00edda abrupta del rinde promedio - Infoecos","og_description":"En General Pinto explican c\u00f3mo se da la ca\u00edda de la condici\u00f3n en los cuadros de soja:\u00a0\u201cEn 3 d\u00edas se da un cambio dr\u00e1stico al quedarse el suelo vac\u00edo y la ra\u00edz sin humedad. Es un momento de ca\u00edda abrupta con condiciones ambientales brutales entre la falta de agua y m\u00e1ximas de 38 a 40\u00b0C","og_url":"https:\/\/infoecos.com.ar\/index.php\/sequia-en-soja-4-millones-de-toneladas-menos-que-en-enero-y-caida-abrupta-del-rinde-promedio\/","og_site_name":"Infoecos","article_publisher":"https:\/\/www.facebook.com\/profile.php?id=100063200290284","article_published_time":"2023-03-05T13:33:01+00:00","article_modified_time":"2023-03-06T05:33:32+00:00","og_image":[{"width":1280,"height":851,"url":"https:\/\/infoecos.com.ar\/wp-content\/uploads\/2023\/03\/image-11.png","type":"image\/png"}],"author":"Jorge Matheus","twitter_card":"summary_large_image","twitter_creator":"@infoecos","twitter_site":"@infoecos","twitter_misc":{"Escrito por":"Jorge Matheus","Tiempo de lectura":"5 minutos"},"schema":{"@context":"https:\/\/schema.org","@graph":[{"@type":"Article","@id":"https:\/\/infoecos.com.ar\/index.php\/sequia-en-soja-4-millones-de-toneladas-menos-que-en-enero-y-caida-abrupta-del-rinde-promedio\/#article","isPartOf":{"@id":"https:\/\/infoecos.com.ar\/index.php\/sequia-en-soja-4-millones-de-toneladas-menos-que-en-enero-y-caida-abrupta-del-rinde-promedio\/"},"author":{"name":"Jorge Matheus","@id":"https:\/\/infoecos.com.ar\/#\/schema\/person\/8f5ace5ce73b4b4aac4b7245aee6f191"},"headline":"Sequ\u00eda: en soja, 4 millones de toneladas menos que en enero y ca\u00edda abrupta del rinde promedio","datePublished":"2023-03-05T13:33:01+00:00","dateModified":"2023-03-06T05:33:32+00:00","mainEntityOfPage":{"@id":"https:\/\/infoecos.com.ar\/index.php\/sequia-en-soja-4-millones-de-toneladas-menos-que-en-enero-y-caida-abrupta-del-rinde-promedio\/"},"wordCount":960,"publisher":{"@id":"https:\/\/infoecos.com.ar\/#organization"},"image":{"@id":"https:\/\/infoecos.com.ar\/index.php\/sequia-en-soja-4-millones-de-toneladas-menos-que-en-enero-y-caida-abrupta-del-rinde-promedio\/#primaryimage"},"thumbnailUrl":"https:\/\/infoecos.com.ar\/wp-content\/uploads\/2023\/03\/image-11.png","keywords":["ECONOM\u00cdA NACIONAL"],"articleSection":["Noticia Secundaria"],"inLanguage":"es"},{"@type":"WebPage","@id":"https:\/\/infoecos.com.ar\/index.php\/sequia-en-soja-4-millones-de-toneladas-menos-que-en-enero-y-caida-abrupta-del-rinde-promedio\/","url":"https:\/\/infoecos.com.ar\/index.php\/sequia-en-soja-4-millones-de-toneladas-menos-que-en-enero-y-caida-abrupta-del-rinde-promedio\/","name":"Sequ\u00eda: en soja, 4 millones de toneladas menos que en enero y ca\u00edda abrupta del rinde promedio - Infoecos","isPartOf":{"@id":"https:\/\/infoecos.com.ar\/#website"},"primaryImageOfPage":{"@id":"https:\/\/infoecos.com.ar\/index.php\/sequia-en-soja-4-millones-de-toneladas-menos-que-en-enero-y-caida-abrupta-del-rinde-promedio\/#primaryimage"},"image":{"@id":"https:\/\/infoecos.com.ar\/index.php\/sequia-en-soja-4-millones-de-toneladas-menos-que-en-enero-y-caida-abrupta-del-rinde-promedio\/#primaryimage"},"thumbnailUrl":"https:\/\/infoecos.com.ar\/wp-content\/uploads\/2023\/03\/image-11.png","datePublished":"2023-03-05T13:33:01+00:00","dateModified":"2023-03-06T05:33:32+00:00","breadcrumb":{"@id":"https:\/\/infoecos.com.ar\/index.php\/sequia-en-soja-4-millones-de-toneladas-menos-que-en-enero-y-caida-abrupta-del-rinde-promedio\/#breadcrumb"},"inLanguage":"es","potentialAction":[{"@type":"ReadAction","target":["https:\/\/infoecos.com.ar\/index.php\/sequia-en-soja-4-millones-de-toneladas-menos-que-en-enero-y-caida-abrupta-del-rinde-promedio\/"]}]},{"@type":"ImageObject","inLanguage":"es","@id":"https:\/\/infoecos.com.ar\/index.php\/sequia-en-soja-4-millones-de-toneladas-menos-que-en-enero-y-caida-abrupta-del-rinde-promedio\/#primaryimage","url":"https:\/\/infoecos.com.ar\/wp-content\/uploads\/2023\/03\/image-11.png","contentUrl":"https:\/\/infoecos.com.ar\/wp-content\/uploads\/2023\/03\/image-11.png","width":1280,"height":851},{"@type":"BreadcrumbList","@id":"https:\/\/infoecos.com.ar\/index.php\/sequia-en-soja-4-millones-de-toneladas-menos-que-en-enero-y-caida-abrupta-del-rinde-promedio\/#breadcrumb","itemListElement":[{"@type":"ListItem","position":1,"name":"Portada","item":"https:\/\/infoecos.com.ar\/"},{"@type":"ListItem","position":2,"name":"Sequ\u00eda: en soja, 4 millones de toneladas menos que en enero y ca\u00edda abrupta del rinde promedio"}]},{"@type":"WebSite","@id":"https:\/\/infoecos.com.ar\/#website","url":"https:\/\/infoecos.com.ar\/","name":"Infoecos","description":"Noticias de trenque lauquen y la zona","publisher":{"@id":"https:\/\/infoecos.com.ar\/#organization"},"alternateName":"Noticias","potentialAction":[{"@type":"SearchAction","target":{"@type":"EntryPoint","urlTemplate":"https:\/\/infoecos.com.ar\/?s={search_term_string}"},"query-input":{"@type":"PropertyValueSpecification","valueRequired":true,"valueName":"search_term_string"}}],"inLanguage":"es"},{"@type":"Organization","@id":"https:\/\/infoecos.com.ar\/#organization","name":"Infoecos","alternateName":"Noticias","url":"https:\/\/infoecos.com.ar\/","logo":{"@type":"ImageObject","inLanguage":"es","@id":"https:\/\/infoecos.com.ar\/#\/schema\/logo\/image\/","url":"https:\/\/infoecos.com.ar\/wp-content\/uploads\/2024\/03\/cropped-logo.png","contentUrl":"https:\/\/infoecos.com.ar\/wp-content\/uploads\/2024\/03\/cropped-logo.png","width":374,"height":90,"caption":"Infoecos"},"image":{"@id":"https:\/\/infoecos.com.ar\/#\/schema\/logo\/image\/"},"sameAs":["https:\/\/www.facebook.com\/profile.php?id=100063200290284","https:\/\/x.com\/infoecos"]},{"@type":"Person","@id":"https:\/\/infoecos.com.ar\/#\/schema\/person\/8f5ace5ce73b4b4aac4b7245aee6f191","name":"Jorge Matheus","url":"https:\/\/infoecos.com.ar\/index.php\/author\/jomatheus\/"}]}},"featured_image_urls":{"full":["https:\/\/infoecos.com.ar\/wp-content\/uploads\/2023\/03\/image-11.png",1280,851,false],"thumbnail":["https:\/\/infoecos.com.ar\/wp-content\/uploads\/2023\/03\/image-11-300x150.png",300,150,true],"medium":["https:\/\/infoecos.com.ar\/wp-content\/uploads\/2023\/03\/image-11-800x532.png",800,532,true],"medium_large":["https:\/\/infoecos.com.ar\/wp-content\/uploads\/2023\/03\/image-11-768x511.png",640,426,true],"large":["https:\/\/infoecos.com.ar\/wp-content\/uploads\/2023\/03\/image-11.png",640,426,false],"1536x1536":["https:\/\/infoecos.com.ar\/wp-content\/uploads\/2023\/03\/image-11.png",1280,851,false],"2048x2048":["https:\/\/infoecos.com.ar\/wp-content\/uploads\/2023\/03\/image-11.png",1280,851,false],"covernews-slider-full":["https:\/\/infoecos.com.ar\/wp-content\/uploads\/2023\/03\/image-11.png",1075,715,false],"covernews-slider-center":["https:\/\/infoecos.com.ar\/wp-content\/uploads\/2023\/03\/image-11-936x851.png",550,500,true],"covernews-featured":["https:\/\/infoecos.com.ar\/wp-content\/uploads\/2023\/03\/image-11-1024x681.png",1024,681,true],"covernews-medium":["https:\/\/infoecos.com.ar\/wp-content\/uploads\/2023\/03\/image-11-720x380.png",540,285,true],"covernews-medium-square":["https:\/\/infoecos.com.ar\/wp-content\/uploads\/2023\/03\/image-11-675x450.png",375,250,true]},"author_info":{"info":["Jorge Matheus"]},"category_info":"<a href=\"https:\/\/infoecos.com.ar\/index.php\/category\/noticia-secundaria\/\" rel=\"category tag\">Noticia Secundaria<\/a>","tag_info":"Noticia Secundaria","comment_count":"0","_links":{"self":[{"href":"https:\/\/infoecos.com.ar\/index.php\/wp-json\/wp\/v2\/posts\/102502"}],"collection":[{"href":"https:\/\/infoecos.com.ar\/index.php\/wp-json\/wp\/v2\/posts"}],"about":[{"href":"https:\/\/infoecos.com.ar\/index.php\/wp-json\/wp\/v2\/types\/post"}],"author":[{"embeddable":true,"href":"https:\/\/infoecos.com.ar\/index.php\/wp-json\/wp\/v2\/users\/2"}],"replies":[{"embeddable":true,"href":"https:\/\/infoecos.com.ar\/index.php\/wp-json\/wp\/v2\/comments?post=102502"}],"version-history":[{"count":2,"href":"https:\/\/infoecos.com.ar\/index.php\/wp-json\/wp\/v2\/posts\/102502\/revisions"}],"predecessor-version":[{"id":102522,"href":"https:\/\/infoecos.com.ar\/index.php\/wp-json\/wp\/v2\/posts\/102502\/revisions\/102522"}],"wp:featuredmedia":[{"embeddable":true,"href":"https:\/\/infoecos.com.ar\/index.php\/wp-json\/wp\/v2\/media\/102504"}],"wp:attachment":[{"href":"https:\/\/infoecos.com.ar\/index.php\/wp-json\/wp\/v2\/media?parent=102502"}],"wp:term":[{"taxonomy":"category","embeddable":true,"href":"https:\/\/infoecos.com.ar\/index.php\/wp-json\/wp\/v2\/categories?post=102502"},{"taxonomy":"post_tag","embeddable":true,"href":"https:\/\/infoecos.com.ar\/index.php\/wp-json\/wp\/v2\/tags?post=102502"}],"curies":[{"name":"wp","href":"https:\/\/api.w.org\/{rel}","templated":true}]}}