{"id":102512,"date":"2023-03-05T11:49:43","date_gmt":"2023-03-05T14:49:43","guid":{"rendered":"https:\/\/infoecos.com.ar\/?p=102512"},"modified":"2023-03-05T11:49:44","modified_gmt":"2023-03-05T14:49:44","slug":"la-locura-criminal-no-cede-en-rosario-asesinaron-a-un-nene-de-11-anos","status":"publish","type":"post","link":"https:\/\/infoecos.com.ar\/index.php\/la-locura-criminal-no-cede-en-rosario-asesinaron-a-un-nene-de-11-anos\/","title":{"rendered":"La locura criminal no cede en Rosario: asesinaron a un nene de 11 a\u00f1os"},"content":{"rendered":"\n<p>Un nene de 11 a\u00f1os fue asesinado y otros tres ni\u00f1os resultaron heridos\u00a0de bala en un tiroteo en el barrio Empalme Graneros.<\/p>\n\n\n\n<figure class=\"wp-block-image aligncenter size-full is-resized\"><img loading=\"lazy\" decoding=\"async\" src=\"https:\/\/infoecos.com.ar\/wp-content\/uploads\/2023\/03\/rosarioninode11.jpeg\" alt=\"\" class=\"wp-image-102513\" width=\"492\" height=\"277\" srcset=\"https:\/\/infoecos.com.ar\/wp-content\/uploads\/2023\/03\/rosarioninode11.jpeg 800w, https:\/\/infoecos.com.ar\/wp-content\/uploads\/2023\/03\/rosarioninode11-768x432.jpeg 768w\" sizes=\"(max-width: 492px) 100vw, 492px\" \/><\/figure>\n\n\n\n<p>Fuentes policiales informaron que el hecho se registr\u00f3 cerca de las 2 de la madrugada de este domingo en la intersecci\u00f3n de las calles Cabal 1300 bis y pasaje San Jos\u00e9, cuando<strong>\u00a0un grupo de delincuentes atac\u00f3 a balazos una casa en la que se encontraban al menos cuatro menores.\u00a0<\/strong>Los disparos impactaron contra todos los ni\u00f1os, provocando un da\u00f1o severo.<\/p>\n\n\n\n<p>Un nene de 11 a\u00f1os muri\u00f3 por la gravedad de las heridas,&nbsp;<strong>una nena de dos a\u00f1os recibi\u00f3 un disparo en el brazo y otros dos menores de 13 a\u00f1os fueron baleados en la boca y en el pecho<\/strong>, respectivamente. Todos debieron ser trasladados al hospital de ni\u00f1os Zona Norte para ser asistidos.<\/p>\n\n\n\n<p>La polic\u00eda se hizo presente en el lugar del ataque tras recibir el reporte del ingreso de los ni\u00f1os al hospital y advirti\u00f3 la presencia de los agresores, que trataron de escapar por los pasillos del asentamiento. Segundos despu\u00e9s se inici\u00f3 una persecuci\u00f3n policial que\u00a0<strong>termin\u00f3 con los delincuentes escapando por los techos del barrio.<\/strong><\/p>\n\n\n\n<p>Los polic\u00edas adem\u00e1s incautaron<strong>&nbsp;una motocicleta que ten\u00eda pedido de captura activo<\/strong>&nbsp;desde el 24 de febrero pasado.<\/p>\n\n\n\n<p>El fiscal Adri\u00e1n Spelta orden\u00f3 a la Agencia de Investigaci\u00f3n Criminal una serie de&nbsp;<strong>medidas de prueba para dar con los autores del crimen<\/strong>.<\/p>\n","protected":false},"excerpt":{"rendered":"<p>Un nene de 11 a\u00f1os muri\u00f3 por la gravedad de las heridas,\u00a0una nena de dos a\u00f1os recibi\u00f3 un disparo en el brazo y otros dos menores de 13 a\u00f1os fueron baleados en la boca y en el pecho, respectivamente<\/p>\n","protected":false},"author":2,"featured_media":102513,"comment_status":"closed","ping_status":"open","sticky":false,"template":"","format":"standard","meta":{"footnotes":""},"categories":[24],"tags":[5476],"class_list":["post-102512","post","type-post","status-publish","format-standard","has-post-thumbnail","hentry","category-c1nota3","tag-en-la-madrugada-del-domingo"],"yoast_head":"<!-- This site is optimized with the Yoast SEO plugin v23.4 - https:\/\/yoast.com\/wordpress\/plugins\/seo\/ -->\n<title>La locura criminal no cede en Rosario: asesinaron a un nene de 11 a\u00f1os - Infoecos<\/title>\n<meta name=\"robots\" content=\"index, follow, max-snippet:-1, max-image-preview:large, max-video-preview:-1\" \/>\n<link rel=\"canonical\" href=\"https:\/\/infoecos.com.ar\/index.php\/la-locura-criminal-no-cede-en-rosario-asesinaron-a-un-nene-de-11-anos\/\" \/>\n<meta property=\"og:locale\" content=\"es_ES\" \/>\n<meta property=\"og:type\" content=\"article\" \/>\n<meta property=\"og:title\" content=\"La locura criminal no cede en Rosario: asesinaron a un nene de 11 a\u00f1os - Infoecos\" \/>\n<meta property=\"og:description\" content=\"Un nene de 11 a\u00f1os muri\u00f3 por la gravedad de las heridas,\u00a0una nena de dos a\u00f1os recibi\u00f3 un disparo en el brazo y otros dos menores de 13 a\u00f1os fueron baleados en la boca y en el pecho, respectivamente\" \/>\n<meta property=\"og:url\" content=\"https:\/\/infoecos.com.ar\/index.php\/la-locura-criminal-no-cede-en-rosario-asesinaron-a-un-nene-de-11-anos\/\" \/>\n<meta property=\"og:site_name\" content=\"Infoecos\" \/>\n<meta property=\"article:publisher\" content=\"https:\/\/www.facebook.com\/profile.php?id=100063200290284\" \/>\n<meta property=\"article:published_time\" content=\"2023-03-05T14:49:43+00:00\" \/>\n<meta property=\"article:modified_time\" content=\"2023-03-05T14:49:44+00:00\" \/>\n<meta property=\"og:image\" content=\"https:\/\/infoecos.com.ar\/wp-content\/uploads\/2023\/03\/rosarioninode11.jpeg\" \/>\n\t<meta property=\"og:image:width\" content=\"800\" \/>\n\t<meta property=\"og:image:height\" content=\"450\" \/>\n\t<meta property=\"og:image:type\" content=\"image\/jpeg\" \/>\n<meta name=\"author\" content=\"Jorge Matheus\" \/>\n<meta name=\"twitter:card\" content=\"summary_large_image\" \/>\n<meta name=\"twitter:creator\" content=\"@infoecos\" \/>\n<meta name=\"twitter:site\" content=\"@infoecos\" \/>\n<meta name=\"twitter:label1\" content=\"Escrito por\" \/>\n\t<meta name=\"twitter:data1\" content=\"Jorge Matheus\" \/>\n\t<meta name=\"twitter:label2\" content=\"Tiempo de lectura\" \/>\n\t<meta name=\"twitter:data2\" content=\"2 minutos\" \/>\n<script type=\"application\/ld+json\" class=\"yoast-schema-graph\">{\"@context\":\"https:\/\/schema.org\",\"@graph\":[{\"@type\":\"Article\",\"@id\":\"https:\/\/infoecos.com.ar\/index.php\/la-locura-criminal-no-cede-en-rosario-asesinaron-a-un-nene-de-11-anos\/#article\",\"isPartOf\":{\"@id\":\"https:\/\/infoecos.com.ar\/index.php\/la-locura-criminal-no-cede-en-rosario-asesinaron-a-un-nene-de-11-anos\/\"},\"author\":{\"name\":\"Jorge Matheus\",\"@id\":\"https:\/\/infoecos.com.ar\/#\/schema\/person\/8f5ace5ce73b4b4aac4b7245aee6f191\"},\"headline\":\"La locura criminal no cede en Rosario: asesinaron a un nene de 11 a\u00f1os\",\"datePublished\":\"2023-03-05T14:49:43+00:00\",\"dateModified\":\"2023-03-05T14:49:44+00:00\",\"mainEntityOfPage\":{\"@id\":\"https:\/\/infoecos.com.ar\/index.php\/la-locura-criminal-no-cede-en-rosario-asesinaron-a-un-nene-de-11-anos\/\"},\"wordCount\":264,\"publisher\":{\"@id\":\"https:\/\/infoecos.com.ar\/#organization\"},\"image\":{\"@id\":\"https:\/\/infoecos.com.ar\/index.php\/la-locura-criminal-no-cede-en-rosario-asesinaron-a-un-nene-de-11-anos\/#primaryimage\"},\"thumbnailUrl\":\"https:\/\/infoecos.com.ar\/wp-content\/uploads\/2023\/03\/rosarioninode11.jpeg\",\"keywords\":[\"en la madrugada del domingo\"],\"articleSection\":[\"C1 N3\"],\"inLanguage\":\"es\"},{\"@type\":\"WebPage\",\"@id\":\"https:\/\/infoecos.com.ar\/index.php\/la-locura-criminal-no-cede-en-rosario-asesinaron-a-un-nene-de-11-anos\/\",\"url\":\"https:\/\/infoecos.com.ar\/index.php\/la-locura-criminal-no-cede-en-rosario-asesinaron-a-un-nene-de-11-anos\/\",\"name\":\"La locura criminal no cede en Rosario: asesinaron a un nene de 11 a\u00f1os - Infoecos\",\"isPartOf\":{\"@id\":\"https:\/\/infoecos.com.ar\/#website\"},\"primaryImageOfPage\":{\"@id\":\"https:\/\/infoecos.com.ar\/index.php\/la-locura-criminal-no-cede-en-rosario-asesinaron-a-un-nene-de-11-anos\/#primaryimage\"},\"image\":{\"@id\":\"https:\/\/infoecos.com.ar\/index.php\/la-locura-criminal-no-cede-en-rosario-asesinaron-a-un-nene-de-11-anos\/#primaryimage\"},\"thumbnailUrl\":\"https:\/\/infoecos.com.ar\/wp-content\/uploads\/2023\/03\/rosarioninode11.jpeg\",\"datePublished\":\"2023-03-05T14:49:43+00:00\",\"dateModified\":\"2023-03-05T14:49:44+00:00\",\"breadcrumb\":{\"@id\":\"https:\/\/infoecos.com.ar\/index.php\/la-locura-criminal-no-cede-en-rosario-asesinaron-a-un-nene-de-11-anos\/#breadcrumb\"},\"inLanguage\":\"es\",\"potentialAction\":[{\"@type\":\"ReadAction\",\"target\":[\"https:\/\/infoecos.com.ar\/index.php\/la-locura-criminal-no-cede-en-rosario-asesinaron-a-un-nene-de-11-anos\/\"]}]},{\"@type\":\"ImageObject\",\"inLanguage\":\"es\",\"@id\":\"https:\/\/infoecos.com.ar\/index.php\/la-locura-criminal-no-cede-en-rosario-asesinaron-a-un-nene-de-11-anos\/#primaryimage\",\"url\":\"https:\/\/infoecos.com.ar\/wp-content\/uploads\/2023\/03\/rosarioninode11.jpeg\",\"contentUrl\":\"https:\/\/infoecos.com.ar\/wp-content\/uploads\/2023\/03\/rosarioninode11.jpeg\",\"width\":800,\"height\":450},{\"@type\":\"BreadcrumbList\",\"@id\":\"https:\/\/infoecos.com.ar\/index.php\/la-locura-criminal-no-cede-en-rosario-asesinaron-a-un-nene-de-11-anos\/#breadcrumb\",\"itemListElement\":[{\"@type\":\"ListItem\",\"position\":1,\"name\":\"Portada\",\"item\":\"https:\/\/infoecos.com.ar\/\"},{\"@type\":\"ListItem\",\"position\":2,\"name\":\"La locura criminal no cede en Rosario: asesinaron a un nene de 11 a\u00f1os\"}]},{\"@type\":\"WebSite\",\"@id\":\"https:\/\/infoecos.com.ar\/#website\",\"url\":\"https:\/\/infoecos.com.ar\/\",\"name\":\"Infoecos\",\"description\":\"Noticias de trenque lauquen y la zona\",\"publisher\":{\"@id\":\"https:\/\/infoecos.com.ar\/#organization\"},\"alternateName\":\"Noticias\",\"potentialAction\":[{\"@type\":\"SearchAction\",\"target\":{\"@type\":\"EntryPoint\",\"urlTemplate\":\"https:\/\/infoecos.com.ar\/?s={search_term_string}\"},\"query-input\":{\"@type\":\"PropertyValueSpecification\",\"valueRequired\":true,\"valueName\":\"search_term_string\"}}],\"inLanguage\":\"es\"},{\"@type\":\"Organization\",\"@id\":\"https:\/\/infoecos.com.ar\/#organization\",\"name\":\"Infoecos\",\"alternateName\":\"Noticias\",\"url\":\"https:\/\/infoecos.com.ar\/\",\"logo\":{\"@type\":\"ImageObject\",\"inLanguage\":\"es\",\"@id\":\"https:\/\/infoecos.com.ar\/#\/schema\/logo\/image\/\",\"url\":\"https:\/\/infoecos.com.ar\/wp-content\/uploads\/2024\/03\/cropped-logo.png\",\"contentUrl\":\"https:\/\/infoecos.com.ar\/wp-content\/uploads\/2024\/03\/cropped-logo.png\",\"width\":374,\"height\":90,\"caption\":\"Infoecos\"},\"image\":{\"@id\":\"https:\/\/infoecos.com.ar\/#\/schema\/logo\/image\/\"},\"sameAs\":[\"https:\/\/www.facebook.com\/profile.php?id=100063200290284\",\"https:\/\/x.com\/infoecos\"]},{\"@type\":\"Person\",\"@id\":\"https:\/\/infoecos.com.ar\/#\/schema\/person\/8f5ace5ce73b4b4aac4b7245aee6f191\",\"name\":\"Jorge Matheus\",\"url\":\"https:\/\/infoecos.com.ar\/index.php\/author\/jomatheus\/\"}]}<\/script>\n<!-- \/ Yoast SEO plugin. -->","yoast_head_json":{"title":"La locura criminal no cede en Rosario: asesinaron a un nene de 11 a\u00f1os - Infoecos","robots":{"index":"index","follow":"follow","max-snippet":"max-snippet:-1","max-image-preview":"max-image-preview:large","max-video-preview":"max-video-preview:-1"},"canonical":"https:\/\/infoecos.com.ar\/index.php\/la-locura-criminal-no-cede-en-rosario-asesinaron-a-un-nene-de-11-anos\/","og_locale":"es_ES","og_type":"article","og_title":"La locura criminal no cede en Rosario: asesinaron a un nene de 11 a\u00f1os - Infoecos","og_description":"Un nene de 11 a\u00f1os muri\u00f3 por la gravedad de las heridas,\u00a0una nena de dos a\u00f1os recibi\u00f3 un disparo en el brazo y otros dos menores de 13 a\u00f1os fueron baleados en la boca y en el pecho, respectivamente","og_url":"https:\/\/infoecos.com.ar\/index.php\/la-locura-criminal-no-cede-en-rosario-asesinaron-a-un-nene-de-11-anos\/","og_site_name":"Infoecos","article_publisher":"https:\/\/www.facebook.com\/profile.php?id=100063200290284","article_published_time":"2023-03-05T14:49:43+00:00","article_modified_time":"2023-03-05T14:49:44+00:00","og_image":[{"width":800,"height":450,"url":"https:\/\/infoecos.com.ar\/wp-content\/uploads\/2023\/03\/rosarioninode11.jpeg","type":"image\/jpeg"}],"author":"Jorge Matheus","twitter_card":"summary_large_image","twitter_creator":"@infoecos","twitter_site":"@infoecos","twitter_misc":{"Escrito por":"Jorge Matheus","Tiempo de lectura":"2 minutos"},"schema":{"@context":"https:\/\/schema.org","@graph":[{"@type":"Article","@id":"https:\/\/infoecos.com.ar\/index.php\/la-locura-criminal-no-cede-en-rosario-asesinaron-a-un-nene-de-11-anos\/#article","isPartOf":{"@id":"https:\/\/infoecos.com.ar\/index.php\/la-locura-criminal-no-cede-en-rosario-asesinaron-a-un-nene-de-11-anos\/"},"author":{"name":"Jorge Matheus","@id":"https:\/\/infoecos.com.ar\/#\/schema\/person\/8f5ace5ce73b4b4aac4b7245aee6f191"},"headline":"La locura criminal no cede en Rosario: asesinaron a un nene de 11 a\u00f1os","datePublished":"2023-03-05T14:49:43+00:00","dateModified":"2023-03-05T14:49:44+00:00","mainEntityOfPage":{"@id":"https:\/\/infoecos.com.ar\/index.php\/la-locura-criminal-no-cede-en-rosario-asesinaron-a-un-nene-de-11-anos\/"},"wordCount":264,"publisher":{"@id":"https:\/\/infoecos.com.ar\/#organization"},"image":{"@id":"https:\/\/infoecos.com.ar\/index.php\/la-locura-criminal-no-cede-en-rosario-asesinaron-a-un-nene-de-11-anos\/#primaryimage"},"thumbnailUrl":"https:\/\/infoecos.com.ar\/wp-content\/uploads\/2023\/03\/rosarioninode11.jpeg","keywords":["en la madrugada del domingo"],"articleSection":["C1 N3"],"inLanguage":"es"},{"@type":"WebPage","@id":"https:\/\/infoecos.com.ar\/index.php\/la-locura-criminal-no-cede-en-rosario-asesinaron-a-un-nene-de-11-anos\/","url":"https:\/\/infoecos.com.ar\/index.php\/la-locura-criminal-no-cede-en-rosario-asesinaron-a-un-nene-de-11-anos\/","name":"La locura criminal no cede en Rosario: asesinaron a un nene de 11 a\u00f1os - Infoecos","isPartOf":{"@id":"https:\/\/infoecos.com.ar\/#website"},"primaryImageOfPage":{"@id":"https:\/\/infoecos.com.ar\/index.php\/la-locura-criminal-no-cede-en-rosario-asesinaron-a-un-nene-de-11-anos\/#primaryimage"},"image":{"@id":"https:\/\/infoecos.com.ar\/index.php\/la-locura-criminal-no-cede-en-rosario-asesinaron-a-un-nene-de-11-anos\/#primaryimage"},"thumbnailUrl":"https:\/\/infoecos.com.ar\/wp-content\/uploads\/2023\/03\/rosarioninode11.jpeg","datePublished":"2023-03-05T14:49:43+00:00","dateModified":"2023-03-05T14:49:44+00:00","breadcrumb":{"@id":"https:\/\/infoecos.com.ar\/index.php\/la-locura-criminal-no-cede-en-rosario-asesinaron-a-un-nene-de-11-anos\/#breadcrumb"},"inLanguage":"es","potentialAction":[{"@type":"ReadAction","target":["https:\/\/infoecos.com.ar\/index.php\/la-locura-criminal-no-cede-en-rosario-asesinaron-a-un-nene-de-11-anos\/"]}]},{"@type":"ImageObject","inLanguage":"es","@id":"https:\/\/infoecos.com.ar\/index.php\/la-locura-criminal-no-cede-en-rosario-asesinaron-a-un-nene-de-11-anos\/#primaryimage","url":"https:\/\/infoecos.com.ar\/wp-content\/uploads\/2023\/03\/rosarioninode11.jpeg","contentUrl":"https:\/\/infoecos.com.ar\/wp-content\/uploads\/2023\/03\/rosarioninode11.jpeg","width":800,"height":450},{"@type":"BreadcrumbList","@id":"https:\/\/infoecos.com.ar\/index.php\/la-locura-criminal-no-cede-en-rosario-asesinaron-a-un-nene-de-11-anos\/#breadcrumb","itemListElement":[{"@type":"ListItem","position":1,"name":"Portada","item":"https:\/\/infoecos.com.ar\/"},{"@type":"ListItem","position":2,"name":"La locura criminal no cede en Rosario: asesinaron a un nene de 11 a\u00f1os"}]},{"@type":"WebSite","@id":"https:\/\/infoecos.com.ar\/#website","url":"https:\/\/infoecos.com.ar\/","name":"Infoecos","description":"Noticias de trenque lauquen y la zona","publisher":{"@id":"https:\/\/infoecos.com.ar\/#organization"},"alternateName":"Noticias","potentialAction":[{"@type":"SearchAction","target":{"@type":"EntryPoint","urlTemplate":"https:\/\/infoecos.com.ar\/?s={search_term_string}"},"query-input":{"@type":"PropertyValueSpecification","valueRequired":true,"valueName":"search_term_string"}}],"inLanguage":"es"},{"@type":"Organization","@id":"https:\/\/infoecos.com.ar\/#organization","name":"Infoecos","alternateName":"Noticias","url":"https:\/\/infoecos.com.ar\/","logo":{"@type":"ImageObject","inLanguage":"es","@id":"https:\/\/infoecos.com.ar\/#\/schema\/logo\/image\/","url":"https:\/\/infoecos.com.ar\/wp-content\/uploads\/2024\/03\/cropped-logo.png","contentUrl":"https:\/\/infoecos.com.ar\/wp-content\/uploads\/2024\/03\/cropped-logo.png","width":374,"height":90,"caption":"Infoecos"},"image":{"@id":"https:\/\/infoecos.com.ar\/#\/schema\/logo\/image\/"},"sameAs":["https:\/\/www.facebook.com\/profile.php?id=100063200290284","https:\/\/x.com\/infoecos"]},{"@type":"Person","@id":"https:\/\/infoecos.com.ar\/#\/schema\/person\/8f5ace5ce73b4b4aac4b7245aee6f191","name":"Jorge Matheus","url":"https:\/\/infoecos.com.ar\/index.php\/author\/jomatheus\/"}]}},"featured_image_urls":{"full":["https:\/\/infoecos.com.ar\/wp-content\/uploads\/2023\/03\/rosarioninode11.jpeg",800,450,false],"thumbnail":["https:\/\/infoecos.com.ar\/wp-content\/uploads\/2023\/03\/rosarioninode11-300x150.jpeg",300,150,true],"medium":["https:\/\/infoecos.com.ar\/wp-content\/uploads\/2023\/03\/rosarioninode11.jpeg",800,450,false],"medium_large":["https:\/\/infoecos.com.ar\/wp-content\/uploads\/2023\/03\/rosarioninode11-768x432.jpeg",640,360,true],"large":["https:\/\/infoecos.com.ar\/wp-content\/uploads\/2023\/03\/rosarioninode11.jpeg",640,360,false],"1536x1536":["https:\/\/infoecos.com.ar\/wp-content\/uploads\/2023\/03\/rosarioninode11.jpeg",800,450,false],"2048x2048":["https:\/\/infoecos.com.ar\/wp-content\/uploads\/2023\/03\/rosarioninode11.jpeg",800,450,false],"covernews-slider-full":["https:\/\/infoecos.com.ar\/wp-content\/uploads\/2023\/03\/rosarioninode11.jpeg",800,450,false],"covernews-slider-center":["https:\/\/infoecos.com.ar\/wp-content\/uploads\/2023\/03\/rosarioninode11.jpeg",800,450,false],"covernews-featured":["https:\/\/infoecos.com.ar\/wp-content\/uploads\/2023\/03\/rosarioninode11.jpeg",800,450,false],"covernews-medium":["https:\/\/infoecos.com.ar\/wp-content\/uploads\/2023\/03\/rosarioninode11-720x380.jpeg",540,285,true],"covernews-medium-square":["https:\/\/infoecos.com.ar\/wp-content\/uploads\/2023\/03\/rosarioninode11-675x450.jpeg",375,250,true]},"author_info":{"info":["Jorge Matheus"]},"category_info":"<a href=\"https:\/\/infoecos.com.ar\/index.php\/category\/c1nota3\/\" rel=\"category tag\">C1 N3<\/a>","tag_info":"C1 N3","comment_count":"0","_links":{"self":[{"href":"https:\/\/infoecos.com.ar\/index.php\/wp-json\/wp\/v2\/posts\/102512"}],"collection":[{"href":"https:\/\/infoecos.com.ar\/index.php\/wp-json\/wp\/v2\/posts"}],"about":[{"href":"https:\/\/infoecos.com.ar\/index.php\/wp-json\/wp\/v2\/types\/post"}],"author":[{"embeddable":true,"href":"https:\/\/infoecos.com.ar\/index.php\/wp-json\/wp\/v2\/users\/2"}],"replies":[{"embeddable":true,"href":"https:\/\/infoecos.com.ar\/index.php\/wp-json\/wp\/v2\/comments?post=102512"}],"version-history":[{"count":1,"href":"https:\/\/infoecos.com.ar\/index.php\/wp-json\/wp\/v2\/posts\/102512\/revisions"}],"predecessor-version":[{"id":102514,"href":"https:\/\/infoecos.com.ar\/index.php\/wp-json\/wp\/v2\/posts\/102512\/revisions\/102514"}],"wp:featuredmedia":[{"embeddable":true,"href":"https:\/\/infoecos.com.ar\/index.php\/wp-json\/wp\/v2\/media\/102513"}],"wp:attachment":[{"href":"https:\/\/infoecos.com.ar\/index.php\/wp-json\/wp\/v2\/media?parent=102512"}],"wp:term":[{"taxonomy":"category","embeddable":true,"href":"https:\/\/infoecos.com.ar\/index.php\/wp-json\/wp\/v2\/categories?post=102512"},{"taxonomy":"post_tag","embeddable":true,"href":"https:\/\/infoecos.com.ar\/index.php\/wp-json\/wp\/v2\/tags?post=102512"}],"curies":[{"name":"wp","href":"https:\/\/api.w.org\/{rel}","templated":true}]}}