{"id":102540,"date":"2023-03-06T14:36:07","date_gmt":"2023-03-06T17:36:07","guid":{"rendered":"https:\/\/infoecos.com.ar\/?p=102540"},"modified":"2023-03-06T14:36:08","modified_gmt":"2023-03-06T17:36:08","slug":"por-manejar-alcoholizado-y-atropellar-a-un-peaton-inhabilitacion-para-conducir-por-18-meses","status":"publish","type":"post","link":"https:\/\/infoecos.com.ar\/index.php\/por-manejar-alcoholizado-y-atropellar-a-un-peaton-inhabilitacion-para-conducir-por-18-meses\/","title":{"rendered":"Por manejar alcoholizado y atropellar a un peat\u00f3n: inhabilitaci\u00f3n para conducir por 18 meses"},"content":{"rendered":"\n<p>Informaci\u00f3n textual del siti<strong>o rivadaviaonline.com.ar<\/strong> de Rivadavia:<\/p>\n\n\n\n<p><strong>Seg\u00fan un informe del Juzgado de Faltas de Rivadavia a cargo del Dr. Alejandro Belfiori, el pasado 20 de febrero de 2023, en horas de la ma\u00f1ana un conductor que manejaba alcoholizado atropell\u00f3 a un peat\u00f3n menor de edad y le produjo lesiones.<\/strong><\/p>\n\n\n\n<figure class=\"wp-block-image aligncenter size-full is-resized\"><img loading=\"lazy\" decoding=\"async\" src=\"https:\/\/infoecos.com.ar\/wp-content\/uploads\/2023\/03\/GUM.png\" alt=\"\" class=\"wp-image-102542\" width=\"528\" height=\"275\" srcset=\"https:\/\/infoecos.com.ar\/wp-content\/uploads\/2023\/03\/GUM.png 1512w, https:\/\/infoecos.com.ar\/wp-content\/uploads\/2023\/03\/GUM-800x418.png 800w, https:\/\/infoecos.com.ar\/wp-content\/uploads\/2023\/03\/GUM-768x401.png 768w, https:\/\/infoecos.com.ar\/wp-content\/uploads\/2023\/03\/GUM-1024x535.png 1024w\" sizes=\"(max-width: 528px) 100vw, 528px\" \/><figcaption class=\"wp-element-caption\">Rivadavia &#8211; Guardia Urbana Municipal<\/figcaption><\/figure>\n\n\n\n<p>A partir de esta situaci\u00f3n al vecino se le aplicaron tres sanciones en forma conjunta: una multa de $ 214.410 pesos, una sanci\u00f3n de inhabilitaci\u00f3n para conducir todo tipo de veh\u00edculo\u00a0 por el plazo de 18 meses y una sanci\u00f3n a realizar un curso de seguridad vial ante la Guardia Urbana Municipal.<\/p>\n\n\n\n<p>Por haber reconocido la autor\u00eda de la infracci\u00f3n y haber solicitado el pago voluntario,\u00a0la multa quedo reducida a $ 107.205.<\/p>\n\n\n\n<p>Al momento de cuantificar la sanci\u00f3n de multa se tuvo en cuenta la gravedad de los hechos y que el conductor ten\u00eda carnet de conducir profesional.<\/p>\n","protected":false},"excerpt":{"rendered":"<p>Por haber reconocido la autor\u00eda de la infracci\u00f3n y haber solicitado el pago voluntario,\u00a0la multa quedo reducida a $ 107.205<\/p>\n","protected":false},"author":2,"featured_media":102542,"comment_status":"closed","ping_status":"open","sticky":false,"template":"","format":"standard","meta":{"footnotes":""},"categories":[1613],"tags":[6477],"class_list":["post-102540","post","type-post","status-publish","format-standard","has-post-thumbnail","hentry","category-noticia-secundaria","tag-en-america-rivadavia"],"yoast_head":"<!-- This site is optimized with the Yoast SEO plugin v23.4 - https:\/\/yoast.com\/wordpress\/plugins\/seo\/ -->\n<title>Por manejar alcoholizado y atropellar a un peat\u00f3n: inhabilitaci\u00f3n para conducir por 18 meses - Infoecos<\/title>\n<meta name=\"robots\" content=\"index, follow, max-snippet:-1, max-image-preview:large, max-video-preview:-1\" \/>\n<link rel=\"canonical\" href=\"https:\/\/infoecos.com.ar\/index.php\/por-manejar-alcoholizado-y-atropellar-a-un-peaton-inhabilitacion-para-conducir-por-18-meses\/\" \/>\n<meta property=\"og:locale\" content=\"es_ES\" \/>\n<meta property=\"og:type\" content=\"article\" \/>\n<meta property=\"og:title\" content=\"Por manejar alcoholizado y atropellar a un peat\u00f3n: inhabilitaci\u00f3n para conducir por 18 meses - Infoecos\" \/>\n<meta property=\"og:description\" content=\"Por haber reconocido la autor\u00eda de la infracci\u00f3n y haber solicitado el pago voluntario,\u00a0la multa quedo reducida a $ 107.205\" \/>\n<meta property=\"og:url\" content=\"https:\/\/infoecos.com.ar\/index.php\/por-manejar-alcoholizado-y-atropellar-a-un-peaton-inhabilitacion-para-conducir-por-18-meses\/\" \/>\n<meta property=\"og:site_name\" content=\"Infoecos\" \/>\n<meta property=\"article:publisher\" content=\"https:\/\/www.facebook.com\/profile.php?id=100063200290284\" \/>\n<meta property=\"article:published_time\" content=\"2023-03-06T17:36:07+00:00\" \/>\n<meta property=\"article:modified_time\" content=\"2023-03-06T17:36:08+00:00\" \/>\n<meta property=\"og:image\" content=\"https:\/\/infoecos.com.ar\/wp-content\/uploads\/2023\/03\/GUM.png\" \/>\n\t<meta property=\"og:image:width\" content=\"1512\" \/>\n\t<meta property=\"og:image:height\" content=\"790\" \/>\n\t<meta property=\"og:image:type\" content=\"image\/png\" \/>\n<meta name=\"author\" content=\"Jorge Matheus\" \/>\n<meta name=\"twitter:card\" content=\"summary_large_image\" \/>\n<meta name=\"twitter:creator\" content=\"@infoecos\" \/>\n<meta name=\"twitter:site\" content=\"@infoecos\" \/>\n<meta name=\"twitter:label1\" content=\"Escrito por\" \/>\n\t<meta name=\"twitter:data1\" content=\"Jorge Matheus\" \/>\n\t<meta name=\"twitter:label2\" content=\"Tiempo de lectura\" \/>\n\t<meta name=\"twitter:data2\" content=\"1 minuto\" \/>\n<script type=\"application\/ld+json\" class=\"yoast-schema-graph\">{\"@context\":\"https:\/\/schema.org\",\"@graph\":[{\"@type\":\"Article\",\"@id\":\"https:\/\/infoecos.com.ar\/index.php\/por-manejar-alcoholizado-y-atropellar-a-un-peaton-inhabilitacion-para-conducir-por-18-meses\/#article\",\"isPartOf\":{\"@id\":\"https:\/\/infoecos.com.ar\/index.php\/por-manejar-alcoholizado-y-atropellar-a-un-peaton-inhabilitacion-para-conducir-por-18-meses\/\"},\"author\":{\"name\":\"Jorge Matheus\",\"@id\":\"https:\/\/infoecos.com.ar\/#\/schema\/person\/8f5ace5ce73b4b4aac4b7245aee6f191\"},\"headline\":\"Por manejar alcoholizado y atropellar a un peat\u00f3n: inhabilitaci\u00f3n para conducir por 18 meses\",\"datePublished\":\"2023-03-06T17:36:07+00:00\",\"dateModified\":\"2023-03-06T17:36:08+00:00\",\"mainEntityOfPage\":{\"@id\":\"https:\/\/infoecos.com.ar\/index.php\/por-manejar-alcoholizado-y-atropellar-a-un-peaton-inhabilitacion-para-conducir-por-18-meses\/\"},\"wordCount\":177,\"publisher\":{\"@id\":\"https:\/\/infoecos.com.ar\/#organization\"},\"image\":{\"@id\":\"https:\/\/infoecos.com.ar\/index.php\/por-manejar-alcoholizado-y-atropellar-a-un-peaton-inhabilitacion-para-conducir-por-18-meses\/#primaryimage\"},\"thumbnailUrl\":\"https:\/\/infoecos.com.ar\/wp-content\/uploads\/2023\/03\/GUM.png\",\"keywords\":[\"EN AM\u00c9RICA (RIVADAVIA)\"],\"articleSection\":[\"Noticia Secundaria\"],\"inLanguage\":\"es\"},{\"@type\":\"WebPage\",\"@id\":\"https:\/\/infoecos.com.ar\/index.php\/por-manejar-alcoholizado-y-atropellar-a-un-peaton-inhabilitacion-para-conducir-por-18-meses\/\",\"url\":\"https:\/\/infoecos.com.ar\/index.php\/por-manejar-alcoholizado-y-atropellar-a-un-peaton-inhabilitacion-para-conducir-por-18-meses\/\",\"name\":\"Por manejar alcoholizado y atropellar a un peat\u00f3n: inhabilitaci\u00f3n para conducir por 18 meses - Infoecos\",\"isPartOf\":{\"@id\":\"https:\/\/infoecos.com.ar\/#website\"},\"primaryImageOfPage\":{\"@id\":\"https:\/\/infoecos.com.ar\/index.php\/por-manejar-alcoholizado-y-atropellar-a-un-peaton-inhabilitacion-para-conducir-por-18-meses\/#primaryimage\"},\"image\":{\"@id\":\"https:\/\/infoecos.com.ar\/index.php\/por-manejar-alcoholizado-y-atropellar-a-un-peaton-inhabilitacion-para-conducir-por-18-meses\/#primaryimage\"},\"thumbnailUrl\":\"https:\/\/infoecos.com.ar\/wp-content\/uploads\/2023\/03\/GUM.png\",\"datePublished\":\"2023-03-06T17:36:07+00:00\",\"dateModified\":\"2023-03-06T17:36:08+00:00\",\"breadcrumb\":{\"@id\":\"https:\/\/infoecos.com.ar\/index.php\/por-manejar-alcoholizado-y-atropellar-a-un-peaton-inhabilitacion-para-conducir-por-18-meses\/#breadcrumb\"},\"inLanguage\":\"es\",\"potentialAction\":[{\"@type\":\"ReadAction\",\"target\":[\"https:\/\/infoecos.com.ar\/index.php\/por-manejar-alcoholizado-y-atropellar-a-un-peaton-inhabilitacion-para-conducir-por-18-meses\/\"]}]},{\"@type\":\"ImageObject\",\"inLanguage\":\"es\",\"@id\":\"https:\/\/infoecos.com.ar\/index.php\/por-manejar-alcoholizado-y-atropellar-a-un-peaton-inhabilitacion-para-conducir-por-18-meses\/#primaryimage\",\"url\":\"https:\/\/infoecos.com.ar\/wp-content\/uploads\/2023\/03\/GUM.png\",\"contentUrl\":\"https:\/\/infoecos.com.ar\/wp-content\/uploads\/2023\/03\/GUM.png\",\"width\":1512,\"height\":790},{\"@type\":\"BreadcrumbList\",\"@id\":\"https:\/\/infoecos.com.ar\/index.php\/por-manejar-alcoholizado-y-atropellar-a-un-peaton-inhabilitacion-para-conducir-por-18-meses\/#breadcrumb\",\"itemListElement\":[{\"@type\":\"ListItem\",\"position\":1,\"name\":\"Portada\",\"item\":\"https:\/\/infoecos.com.ar\/\"},{\"@type\":\"ListItem\",\"position\":2,\"name\":\"Por manejar alcoholizado y atropellar a un peat\u00f3n: inhabilitaci\u00f3n para conducir por 18 meses\"}]},{\"@type\":\"WebSite\",\"@id\":\"https:\/\/infoecos.com.ar\/#website\",\"url\":\"https:\/\/infoecos.com.ar\/\",\"name\":\"Infoecos\",\"description\":\"Noticias de trenque lauquen y la zona\",\"publisher\":{\"@id\":\"https:\/\/infoecos.com.ar\/#organization\"},\"alternateName\":\"Noticias\",\"potentialAction\":[{\"@type\":\"SearchAction\",\"target\":{\"@type\":\"EntryPoint\",\"urlTemplate\":\"https:\/\/infoecos.com.ar\/?s={search_term_string}\"},\"query-input\":{\"@type\":\"PropertyValueSpecification\",\"valueRequired\":true,\"valueName\":\"search_term_string\"}}],\"inLanguage\":\"es\"},{\"@type\":\"Organization\",\"@id\":\"https:\/\/infoecos.com.ar\/#organization\",\"name\":\"Infoecos\",\"alternateName\":\"Noticias\",\"url\":\"https:\/\/infoecos.com.ar\/\",\"logo\":{\"@type\":\"ImageObject\",\"inLanguage\":\"es\",\"@id\":\"https:\/\/infoecos.com.ar\/#\/schema\/logo\/image\/\",\"url\":\"https:\/\/infoecos.com.ar\/wp-content\/uploads\/2024\/03\/cropped-logo.png\",\"contentUrl\":\"https:\/\/infoecos.com.ar\/wp-content\/uploads\/2024\/03\/cropped-logo.png\",\"width\":374,\"height\":90,\"caption\":\"Infoecos\"},\"image\":{\"@id\":\"https:\/\/infoecos.com.ar\/#\/schema\/logo\/image\/\"},\"sameAs\":[\"https:\/\/www.facebook.com\/profile.php?id=100063200290284\",\"https:\/\/x.com\/infoecos\"]},{\"@type\":\"Person\",\"@id\":\"https:\/\/infoecos.com.ar\/#\/schema\/person\/8f5ace5ce73b4b4aac4b7245aee6f191\",\"name\":\"Jorge Matheus\",\"url\":\"https:\/\/infoecos.com.ar\/index.php\/author\/jomatheus\/\"}]}<\/script>\n<!-- \/ Yoast SEO plugin. -->","yoast_head_json":{"title":"Por manejar alcoholizado y atropellar a un peat\u00f3n: inhabilitaci\u00f3n para conducir por 18 meses - Infoecos","robots":{"index":"index","follow":"follow","max-snippet":"max-snippet:-1","max-image-preview":"max-image-preview:large","max-video-preview":"max-video-preview:-1"},"canonical":"https:\/\/infoecos.com.ar\/index.php\/por-manejar-alcoholizado-y-atropellar-a-un-peaton-inhabilitacion-para-conducir-por-18-meses\/","og_locale":"es_ES","og_type":"article","og_title":"Por manejar alcoholizado y atropellar a un peat\u00f3n: inhabilitaci\u00f3n para conducir por 18 meses - Infoecos","og_description":"Por haber reconocido la autor\u00eda de la infracci\u00f3n y haber solicitado el pago voluntario,\u00a0la multa quedo reducida a $ 107.205","og_url":"https:\/\/infoecos.com.ar\/index.php\/por-manejar-alcoholizado-y-atropellar-a-un-peaton-inhabilitacion-para-conducir-por-18-meses\/","og_site_name":"Infoecos","article_publisher":"https:\/\/www.facebook.com\/profile.php?id=100063200290284","article_published_time":"2023-03-06T17:36:07+00:00","article_modified_time":"2023-03-06T17:36:08+00:00","og_image":[{"width":1512,"height":790,"url":"https:\/\/infoecos.com.ar\/wp-content\/uploads\/2023\/03\/GUM.png","type":"image\/png"}],"author":"Jorge Matheus","twitter_card":"summary_large_image","twitter_creator":"@infoecos","twitter_site":"@infoecos","twitter_misc":{"Escrito por":"Jorge Matheus","Tiempo de lectura":"1 minuto"},"schema":{"@context":"https:\/\/schema.org","@graph":[{"@type":"Article","@id":"https:\/\/infoecos.com.ar\/index.php\/por-manejar-alcoholizado-y-atropellar-a-un-peaton-inhabilitacion-para-conducir-por-18-meses\/#article","isPartOf":{"@id":"https:\/\/infoecos.com.ar\/index.php\/por-manejar-alcoholizado-y-atropellar-a-un-peaton-inhabilitacion-para-conducir-por-18-meses\/"},"author":{"name":"Jorge Matheus","@id":"https:\/\/infoecos.com.ar\/#\/schema\/person\/8f5ace5ce73b4b4aac4b7245aee6f191"},"headline":"Por manejar alcoholizado y atropellar a un peat\u00f3n: inhabilitaci\u00f3n para conducir por 18 meses","datePublished":"2023-03-06T17:36:07+00:00","dateModified":"2023-03-06T17:36:08+00:00","mainEntityOfPage":{"@id":"https:\/\/infoecos.com.ar\/index.php\/por-manejar-alcoholizado-y-atropellar-a-un-peaton-inhabilitacion-para-conducir-por-18-meses\/"},"wordCount":177,"publisher":{"@id":"https:\/\/infoecos.com.ar\/#organization"},"image":{"@id":"https:\/\/infoecos.com.ar\/index.php\/por-manejar-alcoholizado-y-atropellar-a-un-peaton-inhabilitacion-para-conducir-por-18-meses\/#primaryimage"},"thumbnailUrl":"https:\/\/infoecos.com.ar\/wp-content\/uploads\/2023\/03\/GUM.png","keywords":["EN AM\u00c9RICA (RIVADAVIA)"],"articleSection":["Noticia Secundaria"],"inLanguage":"es"},{"@type":"WebPage","@id":"https:\/\/infoecos.com.ar\/index.php\/por-manejar-alcoholizado-y-atropellar-a-un-peaton-inhabilitacion-para-conducir-por-18-meses\/","url":"https:\/\/infoecos.com.ar\/index.php\/por-manejar-alcoholizado-y-atropellar-a-un-peaton-inhabilitacion-para-conducir-por-18-meses\/","name":"Por manejar alcoholizado y atropellar a un peat\u00f3n: inhabilitaci\u00f3n para conducir por 18 meses - Infoecos","isPartOf":{"@id":"https:\/\/infoecos.com.ar\/#website"},"primaryImageOfPage":{"@id":"https:\/\/infoecos.com.ar\/index.php\/por-manejar-alcoholizado-y-atropellar-a-un-peaton-inhabilitacion-para-conducir-por-18-meses\/#primaryimage"},"image":{"@id":"https:\/\/infoecos.com.ar\/index.php\/por-manejar-alcoholizado-y-atropellar-a-un-peaton-inhabilitacion-para-conducir-por-18-meses\/#primaryimage"},"thumbnailUrl":"https:\/\/infoecos.com.ar\/wp-content\/uploads\/2023\/03\/GUM.png","datePublished":"2023-03-06T17:36:07+00:00","dateModified":"2023-03-06T17:36:08+00:00","breadcrumb":{"@id":"https:\/\/infoecos.com.ar\/index.php\/por-manejar-alcoholizado-y-atropellar-a-un-peaton-inhabilitacion-para-conducir-por-18-meses\/#breadcrumb"},"inLanguage":"es","potentialAction":[{"@type":"ReadAction","target":["https:\/\/infoecos.com.ar\/index.php\/por-manejar-alcoholizado-y-atropellar-a-un-peaton-inhabilitacion-para-conducir-por-18-meses\/"]}]},{"@type":"ImageObject","inLanguage":"es","@id":"https:\/\/infoecos.com.ar\/index.php\/por-manejar-alcoholizado-y-atropellar-a-un-peaton-inhabilitacion-para-conducir-por-18-meses\/#primaryimage","url":"https:\/\/infoecos.com.ar\/wp-content\/uploads\/2023\/03\/GUM.png","contentUrl":"https:\/\/infoecos.com.ar\/wp-content\/uploads\/2023\/03\/GUM.png","width":1512,"height":790},{"@type":"BreadcrumbList","@id":"https:\/\/infoecos.com.ar\/index.php\/por-manejar-alcoholizado-y-atropellar-a-un-peaton-inhabilitacion-para-conducir-por-18-meses\/#breadcrumb","itemListElement":[{"@type":"ListItem","position":1,"name":"Portada","item":"https:\/\/infoecos.com.ar\/"},{"@type":"ListItem","position":2,"name":"Por manejar alcoholizado y atropellar a un peat\u00f3n: inhabilitaci\u00f3n para conducir por 18 meses"}]},{"@type":"WebSite","@id":"https:\/\/infoecos.com.ar\/#website","url":"https:\/\/infoecos.com.ar\/","name":"Infoecos","description":"Noticias de trenque lauquen y la zona","publisher":{"@id":"https:\/\/infoecos.com.ar\/#organization"},"alternateName":"Noticias","potentialAction":[{"@type":"SearchAction","target":{"@type":"EntryPoint","urlTemplate":"https:\/\/infoecos.com.ar\/?s={search_term_string}"},"query-input":{"@type":"PropertyValueSpecification","valueRequired":true,"valueName":"search_term_string"}}],"inLanguage":"es"},{"@type":"Organization","@id":"https:\/\/infoecos.com.ar\/#organization","name":"Infoecos","alternateName":"Noticias","url":"https:\/\/infoecos.com.ar\/","logo":{"@type":"ImageObject","inLanguage":"es","@id":"https:\/\/infoecos.com.ar\/#\/schema\/logo\/image\/","url":"https:\/\/infoecos.com.ar\/wp-content\/uploads\/2024\/03\/cropped-logo.png","contentUrl":"https:\/\/infoecos.com.ar\/wp-content\/uploads\/2024\/03\/cropped-logo.png","width":374,"height":90,"caption":"Infoecos"},"image":{"@id":"https:\/\/infoecos.com.ar\/#\/schema\/logo\/image\/"},"sameAs":["https:\/\/www.facebook.com\/profile.php?id=100063200290284","https:\/\/x.com\/infoecos"]},{"@type":"Person","@id":"https:\/\/infoecos.com.ar\/#\/schema\/person\/8f5ace5ce73b4b4aac4b7245aee6f191","name":"Jorge Matheus","url":"https:\/\/infoecos.com.ar\/index.php\/author\/jomatheus\/"}]}},"featured_image_urls":{"full":["https:\/\/infoecos.com.ar\/wp-content\/uploads\/2023\/03\/GUM.png",1512,790,false],"thumbnail":["https:\/\/infoecos.com.ar\/wp-content\/uploads\/2023\/03\/GUM-300x150.png",300,150,true],"medium":["https:\/\/infoecos.com.ar\/wp-content\/uploads\/2023\/03\/GUM-800x418.png",800,418,true],"medium_large":["https:\/\/infoecos.com.ar\/wp-content\/uploads\/2023\/03\/GUM-768x401.png",640,334,true],"large":["https:\/\/infoecos.com.ar\/wp-content\/uploads\/2023\/03\/GUM.png",640,334,false],"1536x1536":["https:\/\/infoecos.com.ar\/wp-content\/uploads\/2023\/03\/GUM.png",1512,790,false],"2048x2048":["https:\/\/infoecos.com.ar\/wp-content\/uploads\/2023\/03\/GUM.png",1512,790,false],"covernews-slider-full":["https:\/\/infoecos.com.ar\/wp-content\/uploads\/2023\/03\/GUM.png",1115,583,false],"covernews-slider-center":["https:\/\/infoecos.com.ar\/wp-content\/uploads\/2023\/03\/GUM-936x790.png",592,500,true],"covernews-featured":["https:\/\/infoecos.com.ar\/wp-content\/uploads\/2023\/03\/GUM-1024x535.png",1024,535,true],"covernews-medium":["https:\/\/infoecos.com.ar\/wp-content\/uploads\/2023\/03\/GUM-720x380.png",540,285,true],"covernews-medium-square":["https:\/\/infoecos.com.ar\/wp-content\/uploads\/2023\/03\/GUM-675x450.png",375,250,true]},"author_info":{"info":["Jorge Matheus"]},"category_info":"<a href=\"https:\/\/infoecos.com.ar\/index.php\/category\/noticia-secundaria\/\" rel=\"category tag\">Noticia Secundaria<\/a>","tag_info":"Noticia Secundaria","comment_count":"0","_links":{"self":[{"href":"https:\/\/infoecos.com.ar\/index.php\/wp-json\/wp\/v2\/posts\/102540"}],"collection":[{"href":"https:\/\/infoecos.com.ar\/index.php\/wp-json\/wp\/v2\/posts"}],"about":[{"href":"https:\/\/infoecos.com.ar\/index.php\/wp-json\/wp\/v2\/types\/post"}],"author":[{"embeddable":true,"href":"https:\/\/infoecos.com.ar\/index.php\/wp-json\/wp\/v2\/users\/2"}],"replies":[{"embeddable":true,"href":"https:\/\/infoecos.com.ar\/index.php\/wp-json\/wp\/v2\/comments?post=102540"}],"version-history":[{"count":1,"href":"https:\/\/infoecos.com.ar\/index.php\/wp-json\/wp\/v2\/posts\/102540\/revisions"}],"predecessor-version":[{"id":102543,"href":"https:\/\/infoecos.com.ar\/index.php\/wp-json\/wp\/v2\/posts\/102540\/revisions\/102543"}],"wp:featuredmedia":[{"embeddable":true,"href":"https:\/\/infoecos.com.ar\/index.php\/wp-json\/wp\/v2\/media\/102542"}],"wp:attachment":[{"href":"https:\/\/infoecos.com.ar\/index.php\/wp-json\/wp\/v2\/media?parent=102540"}],"wp:term":[{"taxonomy":"category","embeddable":true,"href":"https:\/\/infoecos.com.ar\/index.php\/wp-json\/wp\/v2\/categories?post=102540"},{"taxonomy":"post_tag","embeddable":true,"href":"https:\/\/infoecos.com.ar\/index.php\/wp-json\/wp\/v2\/tags?post=102540"}],"curies":[{"name":"wp","href":"https:\/\/api.w.org\/{rel}","templated":true}]}}