{"id":102544,"date":"2023-03-06T14:48:02","date_gmt":"2023-03-06T17:48:02","guid":{"rendered":"https:\/\/infoecos.com.ar\/?p=102544"},"modified":"2023-03-08T02:41:29","modified_gmt":"2023-03-08T05:41:29","slug":"el-dia-internacional-de-la-mujer-en-trenque-lauquen","status":"publish","type":"post","link":"https:\/\/infoecos.com.ar\/index.php\/el-dia-internacional-de-la-mujer-en-trenque-lauquen\/","title":{"rendered":"El d\u00eda Internacional de la Mujer en Trenque Lauquen"},"content":{"rendered":"\n<p>Al conmemorarse el d\u00eda Internacional de la Mujer se realizar\u00e1 en Trenque Lauquen la tradicional marcha y una serie de actividades en la Plaza San Mart\u00edn, entre las 18 y las 20.30.<\/p>\n\n\n\n<figure class=\"wp-block-image alignright size-large is-resized\"><img loading=\"lazy\" decoding=\"async\" src=\"https:\/\/infoecos.com.ar\/wp-content\/uploads\/2021\/11\/Obra-de-la-Plaza-San-Martin-11-920x517.jpg\" alt=\"\" class=\"wp-image-89531\" width=\"478\" height=\"268\" srcset=\"https:\/\/infoecos.com.ar\/wp-content\/uploads\/2021\/11\/Obra-de-la-Plaza-San-Martin-11-920x517.jpg 920w, https:\/\/infoecos.com.ar\/wp-content\/uploads\/2021\/11\/Obra-de-la-Plaza-San-Martin-11-460x259.jpg 460w, https:\/\/infoecos.com.ar\/wp-content\/uploads\/2021\/11\/Obra-de-la-Plaza-San-Martin-11-768x432.jpg 768w, https:\/\/infoecos.com.ar\/wp-content\/uploads\/2021\/11\/Obra-de-la-Plaza-San-Martin-11.jpg 1010w\" sizes=\"(max-width: 478px) 100vw, 478px\" \/><\/figure>\n\n\n\n<p>El cronograma previsto es el siguiente:<\/p>\n\n\n\n<p>.<strong> 18hs.<\/strong> Marcha. Punto de encuentro en la Plaza. Organizan agrupaciones feministas y adhieren organizaciones e instituciones.<\/p>\n\n\n\n<p>. <strong>19hs<\/strong>. Transmisi\u00f3n del video de artistas mujeres realizado por el MUMAV.<\/p>\n\n\n\n<p>. <strong>19.15hs<\/strong>. Conversatorio con la autora de literatura infantil con perspectiva de g\u00e9nero Mar\u00eda Victoria Pereyra Rosas.<\/p>\n\n\n\n<p>. <strong>19.30hs<\/strong>. Taller art\u00edstico para ni\u00f1os\/as.<\/p>\n\n\n\n<p>. <strong>20.15hs<\/strong>. Intervenci\u00f3n con mensajes, reflexiones y deseos.<\/p>\n\n\n\n<p>. <strong>20.30hs.<\/strong> Proyecci\u00f3n de diversos spots publicitarios sobre el 8 de marzo.<\/p>\n\n\n\n<p>Luego se extender\u00e1 durante todo el mes e incluye arte, juego y reflexi\u00f3n te\u00f3rica acerca de los cambios de paradigma, pensamiento y acci\u00f3n que se vienen dando en cuanto a las diferencias de g\u00e9nero y los derechos de las mujeres. Participar\u00e1n las oficinas municipales de G\u00e9nero y de las Juventudes y tambi\u00e9n el Museo Municipal de Artes Visuales (MUMAV) y agrupaciones feministas locales.<\/p>\n","protected":false},"excerpt":{"rendered":"<p>Comienzan a las 18 horas con una marcha. Punto de encuentro en la Plaza. Organizan agrupaciones feministas y adhieren organizaciones e instituciones<\/p>\n","protected":false},"author":2,"featured_media":89523,"comment_status":"closed","ping_status":"open","sticky":false,"template":"","format":"standard","meta":{"footnotes":""},"categories":[28],"tags":[5871],"class_list":["post-102544","post","type-post","status-publish","format-standard","has-post-thumbnail","hentry","category-c1nota1","tag-hoy"],"yoast_head":"<!-- This site is optimized with the Yoast SEO plugin v23.4 - https:\/\/yoast.com\/wordpress\/plugins\/seo\/ -->\n<title>El d\u00eda Internacional de la Mujer en Trenque Lauquen - Infoecos<\/title>\n<meta name=\"robots\" content=\"index, follow, max-snippet:-1, max-image-preview:large, max-video-preview:-1\" \/>\n<link rel=\"canonical\" href=\"https:\/\/infoecos.com.ar\/index.php\/el-dia-internacional-de-la-mujer-en-trenque-lauquen\/\" \/>\n<meta property=\"og:locale\" content=\"es_ES\" \/>\n<meta property=\"og:type\" content=\"article\" \/>\n<meta property=\"og:title\" content=\"El d\u00eda Internacional de la Mujer en Trenque Lauquen - Infoecos\" \/>\n<meta property=\"og:description\" content=\"Comienzan a las 18 horas con una marcha. Punto de encuentro en la Plaza. Organizan agrupaciones feministas y adhieren organizaciones e instituciones\" \/>\n<meta property=\"og:url\" content=\"https:\/\/infoecos.com.ar\/index.php\/el-dia-internacional-de-la-mujer-en-trenque-lauquen\/\" \/>\n<meta property=\"og:site_name\" content=\"Infoecos\" \/>\n<meta property=\"article:publisher\" content=\"https:\/\/www.facebook.com\/profile.php?id=100063200290284\" \/>\n<meta property=\"article:published_time\" content=\"2023-03-06T17:48:02+00:00\" \/>\n<meta property=\"article:modified_time\" content=\"2023-03-08T05:41:29+00:00\" \/>\n<meta property=\"og:image\" content=\"https:\/\/infoecos.com.ar\/wp-content\/uploads\/2021\/11\/Obra-de-la-Plaza-San-Martin-7.jpg\" \/>\n\t<meta property=\"og:image:width\" content=\"1010\" \/>\n\t<meta property=\"og:image:height\" content=\"568\" \/>\n\t<meta property=\"og:image:type\" content=\"image\/jpeg\" \/>\n<meta name=\"author\" content=\"Jorge Matheus\" \/>\n<meta name=\"twitter:card\" content=\"summary_large_image\" \/>\n<meta name=\"twitter:creator\" content=\"@infoecos\" \/>\n<meta name=\"twitter:site\" content=\"@infoecos\" \/>\n<meta name=\"twitter:label1\" content=\"Escrito por\" \/>\n\t<meta name=\"twitter:data1\" content=\"Jorge Matheus\" \/>\n\t<meta name=\"twitter:label2\" content=\"Tiempo de lectura\" \/>\n\t<meta name=\"twitter:data2\" content=\"1 minuto\" \/>\n<script type=\"application\/ld+json\" class=\"yoast-schema-graph\">{\"@context\":\"https:\/\/schema.org\",\"@graph\":[{\"@type\":\"Article\",\"@id\":\"https:\/\/infoecos.com.ar\/index.php\/el-dia-internacional-de-la-mujer-en-trenque-lauquen\/#article\",\"isPartOf\":{\"@id\":\"https:\/\/infoecos.com.ar\/index.php\/el-dia-internacional-de-la-mujer-en-trenque-lauquen\/\"},\"author\":{\"name\":\"Jorge Matheus\",\"@id\":\"https:\/\/infoecos.com.ar\/#\/schema\/person\/8f5ace5ce73b4b4aac4b7245aee6f191\"},\"headline\":\"El d\u00eda Internacional de la Mujer en Trenque Lauquen\",\"datePublished\":\"2023-03-06T17:48:02+00:00\",\"dateModified\":\"2023-03-08T05:41:29+00:00\",\"mainEntityOfPage\":{\"@id\":\"https:\/\/infoecos.com.ar\/index.php\/el-dia-internacional-de-la-mujer-en-trenque-lauquen\/\"},\"wordCount\":191,\"publisher\":{\"@id\":\"https:\/\/infoecos.com.ar\/#organization\"},\"image\":{\"@id\":\"https:\/\/infoecos.com.ar\/index.php\/el-dia-internacional-de-la-mujer-en-trenque-lauquen\/#primaryimage\"},\"thumbnailUrl\":\"https:\/\/infoecos.com.ar\/wp-content\/uploads\/2021\/11\/Obra-de-la-Plaza-San-Martin-7.jpg\",\"keywords\":[\"hoy\"],\"articleSection\":[\"C1 N1\"],\"inLanguage\":\"es\"},{\"@type\":\"WebPage\",\"@id\":\"https:\/\/infoecos.com.ar\/index.php\/el-dia-internacional-de-la-mujer-en-trenque-lauquen\/\",\"url\":\"https:\/\/infoecos.com.ar\/index.php\/el-dia-internacional-de-la-mujer-en-trenque-lauquen\/\",\"name\":\"El d\u00eda Internacional de la Mujer en Trenque Lauquen - Infoecos\",\"isPartOf\":{\"@id\":\"https:\/\/infoecos.com.ar\/#website\"},\"primaryImageOfPage\":{\"@id\":\"https:\/\/infoecos.com.ar\/index.php\/el-dia-internacional-de-la-mujer-en-trenque-lauquen\/#primaryimage\"},\"image\":{\"@id\":\"https:\/\/infoecos.com.ar\/index.php\/el-dia-internacional-de-la-mujer-en-trenque-lauquen\/#primaryimage\"},\"thumbnailUrl\":\"https:\/\/infoecos.com.ar\/wp-content\/uploads\/2021\/11\/Obra-de-la-Plaza-San-Martin-7.jpg\",\"datePublished\":\"2023-03-06T17:48:02+00:00\",\"dateModified\":\"2023-03-08T05:41:29+00:00\",\"breadcrumb\":{\"@id\":\"https:\/\/infoecos.com.ar\/index.php\/el-dia-internacional-de-la-mujer-en-trenque-lauquen\/#breadcrumb\"},\"inLanguage\":\"es\",\"potentialAction\":[{\"@type\":\"ReadAction\",\"target\":[\"https:\/\/infoecos.com.ar\/index.php\/el-dia-internacional-de-la-mujer-en-trenque-lauquen\/\"]}]},{\"@type\":\"ImageObject\",\"inLanguage\":\"es\",\"@id\":\"https:\/\/infoecos.com.ar\/index.php\/el-dia-internacional-de-la-mujer-en-trenque-lauquen\/#primaryimage\",\"url\":\"https:\/\/infoecos.com.ar\/wp-content\/uploads\/2021\/11\/Obra-de-la-Plaza-San-Martin-7.jpg\",\"contentUrl\":\"https:\/\/infoecos.com.ar\/wp-content\/uploads\/2021\/11\/Obra-de-la-Plaza-San-Martin-7.jpg\",\"width\":1010,\"height\":568},{\"@type\":\"BreadcrumbList\",\"@id\":\"https:\/\/infoecos.com.ar\/index.php\/el-dia-internacional-de-la-mujer-en-trenque-lauquen\/#breadcrumb\",\"itemListElement\":[{\"@type\":\"ListItem\",\"position\":1,\"name\":\"Portada\",\"item\":\"https:\/\/infoecos.com.ar\/\"},{\"@type\":\"ListItem\",\"position\":2,\"name\":\"El d\u00eda Internacional de la Mujer en Trenque Lauquen\"}]},{\"@type\":\"WebSite\",\"@id\":\"https:\/\/infoecos.com.ar\/#website\",\"url\":\"https:\/\/infoecos.com.ar\/\",\"name\":\"Infoecos\",\"description\":\"Noticias de trenque lauquen y la zona\",\"publisher\":{\"@id\":\"https:\/\/infoecos.com.ar\/#organization\"},\"alternateName\":\"Noticias\",\"potentialAction\":[{\"@type\":\"SearchAction\",\"target\":{\"@type\":\"EntryPoint\",\"urlTemplate\":\"https:\/\/infoecos.com.ar\/?s={search_term_string}\"},\"query-input\":{\"@type\":\"PropertyValueSpecification\",\"valueRequired\":true,\"valueName\":\"search_term_string\"}}],\"inLanguage\":\"es\"},{\"@type\":\"Organization\",\"@id\":\"https:\/\/infoecos.com.ar\/#organization\",\"name\":\"Infoecos\",\"alternateName\":\"Noticias\",\"url\":\"https:\/\/infoecos.com.ar\/\",\"logo\":{\"@type\":\"ImageObject\",\"inLanguage\":\"es\",\"@id\":\"https:\/\/infoecos.com.ar\/#\/schema\/logo\/image\/\",\"url\":\"https:\/\/infoecos.com.ar\/wp-content\/uploads\/2024\/03\/cropped-logo.png\",\"contentUrl\":\"https:\/\/infoecos.com.ar\/wp-content\/uploads\/2024\/03\/cropped-logo.png\",\"width\":374,\"height\":90,\"caption\":\"Infoecos\"},\"image\":{\"@id\":\"https:\/\/infoecos.com.ar\/#\/schema\/logo\/image\/\"},\"sameAs\":[\"https:\/\/www.facebook.com\/profile.php?id=100063200290284\",\"https:\/\/x.com\/infoecos\"]},{\"@type\":\"Person\",\"@id\":\"https:\/\/infoecos.com.ar\/#\/schema\/person\/8f5ace5ce73b4b4aac4b7245aee6f191\",\"name\":\"Jorge Matheus\",\"url\":\"https:\/\/infoecos.com.ar\/index.php\/author\/jomatheus\/\"}]}<\/script>\n<!-- \/ Yoast SEO plugin. -->","yoast_head_json":{"title":"El d\u00eda Internacional de la Mujer en Trenque Lauquen - Infoecos","robots":{"index":"index","follow":"follow","max-snippet":"max-snippet:-1","max-image-preview":"max-image-preview:large","max-video-preview":"max-video-preview:-1"},"canonical":"https:\/\/infoecos.com.ar\/index.php\/el-dia-internacional-de-la-mujer-en-trenque-lauquen\/","og_locale":"es_ES","og_type":"article","og_title":"El d\u00eda Internacional de la Mujer en Trenque Lauquen - Infoecos","og_description":"Comienzan a las 18 horas con una marcha. Punto de encuentro en la Plaza. Organizan agrupaciones feministas y adhieren organizaciones e instituciones","og_url":"https:\/\/infoecos.com.ar\/index.php\/el-dia-internacional-de-la-mujer-en-trenque-lauquen\/","og_site_name":"Infoecos","article_publisher":"https:\/\/www.facebook.com\/profile.php?id=100063200290284","article_published_time":"2023-03-06T17:48:02+00:00","article_modified_time":"2023-03-08T05:41:29+00:00","og_image":[{"width":1010,"height":568,"url":"https:\/\/infoecos.com.ar\/wp-content\/uploads\/2021\/11\/Obra-de-la-Plaza-San-Martin-7.jpg","type":"image\/jpeg"}],"author":"Jorge Matheus","twitter_card":"summary_large_image","twitter_creator":"@infoecos","twitter_site":"@infoecos","twitter_misc":{"Escrito por":"Jorge Matheus","Tiempo de lectura":"1 minuto"},"schema":{"@context":"https:\/\/schema.org","@graph":[{"@type":"Article","@id":"https:\/\/infoecos.com.ar\/index.php\/el-dia-internacional-de-la-mujer-en-trenque-lauquen\/#article","isPartOf":{"@id":"https:\/\/infoecos.com.ar\/index.php\/el-dia-internacional-de-la-mujer-en-trenque-lauquen\/"},"author":{"name":"Jorge Matheus","@id":"https:\/\/infoecos.com.ar\/#\/schema\/person\/8f5ace5ce73b4b4aac4b7245aee6f191"},"headline":"El d\u00eda Internacional de la Mujer en Trenque Lauquen","datePublished":"2023-03-06T17:48:02+00:00","dateModified":"2023-03-08T05:41:29+00:00","mainEntityOfPage":{"@id":"https:\/\/infoecos.com.ar\/index.php\/el-dia-internacional-de-la-mujer-en-trenque-lauquen\/"},"wordCount":191,"publisher":{"@id":"https:\/\/infoecos.com.ar\/#organization"},"image":{"@id":"https:\/\/infoecos.com.ar\/index.php\/el-dia-internacional-de-la-mujer-en-trenque-lauquen\/#primaryimage"},"thumbnailUrl":"https:\/\/infoecos.com.ar\/wp-content\/uploads\/2021\/11\/Obra-de-la-Plaza-San-Martin-7.jpg","keywords":["hoy"],"articleSection":["C1 N1"],"inLanguage":"es"},{"@type":"WebPage","@id":"https:\/\/infoecos.com.ar\/index.php\/el-dia-internacional-de-la-mujer-en-trenque-lauquen\/","url":"https:\/\/infoecos.com.ar\/index.php\/el-dia-internacional-de-la-mujer-en-trenque-lauquen\/","name":"El d\u00eda Internacional de la Mujer en Trenque Lauquen - Infoecos","isPartOf":{"@id":"https:\/\/infoecos.com.ar\/#website"},"primaryImageOfPage":{"@id":"https:\/\/infoecos.com.ar\/index.php\/el-dia-internacional-de-la-mujer-en-trenque-lauquen\/#primaryimage"},"image":{"@id":"https:\/\/infoecos.com.ar\/index.php\/el-dia-internacional-de-la-mujer-en-trenque-lauquen\/#primaryimage"},"thumbnailUrl":"https:\/\/infoecos.com.ar\/wp-content\/uploads\/2021\/11\/Obra-de-la-Plaza-San-Martin-7.jpg","datePublished":"2023-03-06T17:48:02+00:00","dateModified":"2023-03-08T05:41:29+00:00","breadcrumb":{"@id":"https:\/\/infoecos.com.ar\/index.php\/el-dia-internacional-de-la-mujer-en-trenque-lauquen\/#breadcrumb"},"inLanguage":"es","potentialAction":[{"@type":"ReadAction","target":["https:\/\/infoecos.com.ar\/index.php\/el-dia-internacional-de-la-mujer-en-trenque-lauquen\/"]}]},{"@type":"ImageObject","inLanguage":"es","@id":"https:\/\/infoecos.com.ar\/index.php\/el-dia-internacional-de-la-mujer-en-trenque-lauquen\/#primaryimage","url":"https:\/\/infoecos.com.ar\/wp-content\/uploads\/2021\/11\/Obra-de-la-Plaza-San-Martin-7.jpg","contentUrl":"https:\/\/infoecos.com.ar\/wp-content\/uploads\/2021\/11\/Obra-de-la-Plaza-San-Martin-7.jpg","width":1010,"height":568},{"@type":"BreadcrumbList","@id":"https:\/\/infoecos.com.ar\/index.php\/el-dia-internacional-de-la-mujer-en-trenque-lauquen\/#breadcrumb","itemListElement":[{"@type":"ListItem","position":1,"name":"Portada","item":"https:\/\/infoecos.com.ar\/"},{"@type":"ListItem","position":2,"name":"El d\u00eda Internacional de la Mujer en Trenque Lauquen"}]},{"@type":"WebSite","@id":"https:\/\/infoecos.com.ar\/#website","url":"https:\/\/infoecos.com.ar\/","name":"Infoecos","description":"Noticias de trenque lauquen y la zona","publisher":{"@id":"https:\/\/infoecos.com.ar\/#organization"},"alternateName":"Noticias","potentialAction":[{"@type":"SearchAction","target":{"@type":"EntryPoint","urlTemplate":"https:\/\/infoecos.com.ar\/?s={search_term_string}"},"query-input":{"@type":"PropertyValueSpecification","valueRequired":true,"valueName":"search_term_string"}}],"inLanguage":"es"},{"@type":"Organization","@id":"https:\/\/infoecos.com.ar\/#organization","name":"Infoecos","alternateName":"Noticias","url":"https:\/\/infoecos.com.ar\/","logo":{"@type":"ImageObject","inLanguage":"es","@id":"https:\/\/infoecos.com.ar\/#\/schema\/logo\/image\/","url":"https:\/\/infoecos.com.ar\/wp-content\/uploads\/2024\/03\/cropped-logo.png","contentUrl":"https:\/\/infoecos.com.ar\/wp-content\/uploads\/2024\/03\/cropped-logo.png","width":374,"height":90,"caption":"Infoecos"},"image":{"@id":"https:\/\/infoecos.com.ar\/#\/schema\/logo\/image\/"},"sameAs":["https:\/\/www.facebook.com\/profile.php?id=100063200290284","https:\/\/x.com\/infoecos"]},{"@type":"Person","@id":"https:\/\/infoecos.com.ar\/#\/schema\/person\/8f5ace5ce73b4b4aac4b7245aee6f191","name":"Jorge Matheus","url":"https:\/\/infoecos.com.ar\/index.php\/author\/jomatheus\/"}]}},"featured_image_urls":{"full":["https:\/\/infoecos.com.ar\/wp-content\/uploads\/2021\/11\/Obra-de-la-Plaza-San-Martin-7.jpg",1010,568,false],"thumbnail":["https:\/\/infoecos.com.ar\/wp-content\/uploads\/2021\/11\/Obra-de-la-Plaza-San-Martin-7-150x150.jpg",150,150,true],"medium":["https:\/\/infoecos.com.ar\/wp-content\/uploads\/2021\/11\/Obra-de-la-Plaza-San-Martin-7-460x259.jpg",460,259,true],"medium_large":["https:\/\/infoecos.com.ar\/wp-content\/uploads\/2021\/11\/Obra-de-la-Plaza-San-Martin-7-768x432.jpg",640,360,true],"large":["https:\/\/infoecos.com.ar\/wp-content\/uploads\/2021\/11\/Obra-de-la-Plaza-San-Martin-7-920x517.jpg",640,360,true],"1536x1536":["https:\/\/infoecos.com.ar\/wp-content\/uploads\/2021\/11\/Obra-de-la-Plaza-San-Martin-7.jpg",1010,568,false],"2048x2048":["https:\/\/infoecos.com.ar\/wp-content\/uploads\/2021\/11\/Obra-de-la-Plaza-San-Martin-7.jpg",1010,568,false],"covernews-slider-full":["https:\/\/infoecos.com.ar\/wp-content\/uploads\/2021\/11\/Obra-de-la-Plaza-San-Martin-7.jpg",1010,568,false],"covernews-slider-center":["https:\/\/infoecos.com.ar\/wp-content\/uploads\/2021\/11\/Obra-de-la-Plaza-San-Martin-7-936x568.jpg",800,485,true],"covernews-featured":["https:\/\/infoecos.com.ar\/wp-content\/uploads\/2021\/11\/Obra-de-la-Plaza-San-Martin-7.jpg",1010,568,false],"covernews-medium":["https:\/\/infoecos.com.ar\/wp-content\/uploads\/2021\/11\/Obra-de-la-Plaza-San-Martin-7-720x380.jpg",540,285,true],"covernews-medium-square":["https:\/\/infoecos.com.ar\/wp-content\/uploads\/2021\/11\/Obra-de-la-Plaza-San-Martin-7-675x450.jpg",375,250,true]},"author_info":{"info":["Jorge Matheus"]},"category_info":"<a href=\"https:\/\/infoecos.com.ar\/index.php\/category\/c1nota1\/\" rel=\"category tag\">C1 N1<\/a>","tag_info":"C1 N1","comment_count":"0","_links":{"self":[{"href":"https:\/\/infoecos.com.ar\/index.php\/wp-json\/wp\/v2\/posts\/102544"}],"collection":[{"href":"https:\/\/infoecos.com.ar\/index.php\/wp-json\/wp\/v2\/posts"}],"about":[{"href":"https:\/\/infoecos.com.ar\/index.php\/wp-json\/wp\/v2\/types\/post"}],"author":[{"embeddable":true,"href":"https:\/\/infoecos.com.ar\/index.php\/wp-json\/wp\/v2\/users\/2"}],"replies":[{"embeddable":true,"href":"https:\/\/infoecos.com.ar\/index.php\/wp-json\/wp\/v2\/comments?post=102544"}],"version-history":[{"count":2,"href":"https:\/\/infoecos.com.ar\/index.php\/wp-json\/wp\/v2\/posts\/102544\/revisions"}],"predecessor-version":[{"id":102580,"href":"https:\/\/infoecos.com.ar\/index.php\/wp-json\/wp\/v2\/posts\/102544\/revisions\/102580"}],"wp:featuredmedia":[{"embeddable":true,"href":"https:\/\/infoecos.com.ar\/index.php\/wp-json\/wp\/v2\/media\/89523"}],"wp:attachment":[{"href":"https:\/\/infoecos.com.ar\/index.php\/wp-json\/wp\/v2\/media?parent=102544"}],"wp:term":[{"taxonomy":"category","embeddable":true,"href":"https:\/\/infoecos.com.ar\/index.php\/wp-json\/wp\/v2\/categories?post=102544"},{"taxonomy":"post_tag","embeddable":true,"href":"https:\/\/infoecos.com.ar\/index.php\/wp-json\/wp\/v2\/tags?post=102544"}],"curies":[{"name":"wp","href":"https:\/\/api.w.org\/{rel}","templated":true}]}}