{"id":102568,"date":"2023-03-08T02:31:04","date_gmt":"2023-03-08T05:31:04","guid":{"rendered":"https:\/\/infoecos.com.ar\/?p=102568"},"modified":"2023-03-08T02:31:05","modified_gmt":"2023-03-08T05:31:05","slug":"desarman-la-estructura-donde-estaban-los-murales-de-campodonico-y-hay-polemica","status":"publish","type":"post","link":"https:\/\/infoecos.com.ar\/index.php\/desarman-la-estructura-donde-estaban-los-murales-de-campodonico-y-hay-polemica\/","title":{"rendered":"Desarman la estructura donde estaban los murales de Campod\u00f3nico y hay pol\u00e9mica"},"content":{"rendered":"\n<p>Personal municipal de Trenque Lauquen inici\u00f3 el desarme de la estructura donde estaban las copias de los murales del reconocido muralista y artista pl\u00e1stico Rodolfo Campod\u00f3nico, en la fachada del Museo Hist\u00f3rico Regional, que est\u00e1 ubicado en un sector del Parque Municipal.<\/p>\n\n\n\n<figure class=\"wp-block-image aligncenter size-full is-resized\"><img loading=\"lazy\" decoding=\"async\" src=\"https:\/\/infoecos.com.ar\/wp-content\/uploads\/2023\/03\/Trabajos-en-el-Museo-1.jpg\" alt=\"\" class=\"wp-image-102569\" width=\"457\" height=\"304\" srcset=\"https:\/\/infoecos.com.ar\/wp-content\/uploads\/2023\/03\/Trabajos-en-el-Museo-1.jpg 986w, https:\/\/infoecos.com.ar\/wp-content\/uploads\/2023\/03\/Trabajos-en-el-Museo-1-800x533.jpg 800w, https:\/\/infoecos.com.ar\/wp-content\/uploads\/2023\/03\/Trabajos-en-el-Museo-1-768x512.jpg 768w, https:\/\/infoecos.com.ar\/wp-content\/uploads\/2023\/03\/Trabajos-en-el-Museo-1-675x450.jpg 675w\" sizes=\"(max-width: 457px) 100vw, 457px\" \/><\/figure>\n\n\n\n<p><em>Es el primer paso de una gran obra de ampliaci\u00f3n que se llevar\u00e1 adelante en el Museo Hist\u00f3rico Regional, con el fin de optimizar y jerarquizar este espacio dedicado a la historia y la cultur<\/em>a, se se\u00f1al\u00f3 en un parte de prensa.<\/p>\n\n\n\n<p>La noticia difundida por el sitio oesteba.com.ar en Facebook gener\u00f3 rechazo en algunas personas del medio. Algunas de ellas las subimos:<\/p>\n\n\n\n<p><a href=\"https:\/\/www.facebook.com\/jorge.prieto.395454?comment_id=Y29tbWVudDo2NTUyNTczMTY2MDcyNDNfNzEwNzE2NDQwNTMwMTE1&amp;__cft__[0]=AZU9piE8StyfMHkU25eZLlgMhjKql0wN775c9Pt2qgTybq8Av34YzZ3xf9hovOTyD0rJc2RKRXfv4n4azwImNJ-eaLy_rEqTWN1ItvA7tCx6ey_9y9je149sZemMCwIOECw&amp;__tn__=R]-R\">Jorge Prieto<\/a><\/p>\n\n\n\n<p><strong><em>Es lamentable tanta ignorancia urbana y cultural, el proyecto que ampliaba el museo para contener los originales en ese lugar daba jerarqu\u00eda al acceso a la ciudad, losn metieron en un galp\u00f3n casi inhabitable a pesar de que esos murales fuero realizados para vivir en la v\u00eda p\u00fablica.pero de verdad no extra\u00f1a tanta mediocridad.<\/em><\/strong><\/p>\n\n\n\n<p><a href=\"https:\/\/www.facebook.com\/tete.toniolo?comment_id=Y29tbWVudDo2NTUyNTczMTY2MDcyNDNfODg4MTQxMTYyMzk2MTk4&amp;__cft__[0]=AZU9piE8StyfMHkU25eZLlgMhjKql0wN775c9Pt2qgTybq8Av34YzZ3xf9hovOTyD0rJc2RKRXfv4n4azwImNJ-eaLy_rEqTWN1ItvA7tCx6ey_9y9je149sZemMCwIOECw&amp;__tn__=R]-R\">Tete Toniolo<\/a><\/p>\n\n\n\n<p><strong><em>Deber\u00eda retomarse el proyecto inicial para contener los originales de Campod\u00f3nico a fin de jerarquizar su obra y hacerla visible. Este museo que contiene actualmente deber\u00eda ser provisorio. Y por eso se colocaron los pa\u00f1os en el frente del Museo hist\u00f3rico. El Flaco se consideraba parte de esta comunidad. Hay que darle su lugar de relevancia.<\/em><\/strong><\/p>\n\n\n\n<p><a href=\"https:\/\/www.facebook.com\/profile.php?id=100001351791162&amp;comment_id=Y29tbWVudDo2NTUyNTczMTY2MDcyNDNfNzUwMzc2MTU2NDgyNzMy&amp;__cft__[0]=AZU9piE8StyfMHkU25eZLlgMhjKql0wN775c9Pt2qgTybq8Av34YzZ3xf9hovOTyD0rJc2RKRXfv4n4azwImNJ-eaLy_rEqTWN1ItvA7tCx6ey_9y9je149sZemMCwIOECw&amp;__tn__=R]-R\">Eduardo Olguin<\/a><\/p>\n\n\n\n<p><strong><em>C\u00f3mo siempre. Tema cultural en Trenque queda de lado. Las disculculpas Don Campod\u00f3nico. Nunca hubo gente a su altura!!!<\/em><\/strong><\/p>\n\n\n\n<p><a href=\"https:\/\/www.facebook.com\/pauloalejandro.olguin?comment_id=Y29tbWVudDo2NTUyNTczMTY2MDcyNDNfNzM0MTgzNjk0OTA4ODg4&amp;__cft__[0]=AZU9piE8StyfMHkU25eZLlgMhjKql0wN775c9Pt2qgTybq8Av34YzZ3xf9hovOTyD0rJc2RKRXfv4n4azwImNJ-eaLy_rEqTWN1ItvA7tCx6ey_9y9je149sZemMCwIOECw&amp;__tn__=R]-R\">Paulo Alejandro Olguin<\/a><\/p>\n\n\n\n<p><strong><em>Perdonelos Sr. Campodonico estos muchachos no saben lo que hacen. Lo \u00fanico que se ha dedicado Esta dirigencia municipal actual es a destruir y borrar la historia de Trenaue Lauquen. Solo quieren imitar a La Capital, nada nuevo bajo el sol viendo quienes son los dirigentes\u00a0<img loading=\"lazy\" decoding=\"async\" height=\"16\" width=\"16\" src=\"https:\/\/static.xx.fbcdn.net\/images\/emoji.php\/v9\/tfe\/1.5\/16\/1f937_200d_2642.png\" alt=\"&#x1f937;&#x200d;&#x2642;&#xfe0f;\"><img loading=\"lazy\" decoding=\"async\" height=\"16\" width=\"16\" src=\"https:\/\/static.xx.fbcdn.net\/images\/emoji.php\/v9\/tfe\/1.5\/16\/1f937_200d_2642.png\" alt=\"&#x1f937;&#x200d;&#x2642;&#xfe0f;\"><img loading=\"lazy\" decoding=\"async\" height=\"16\" width=\"16\" src=\"https:\/\/static.xx.fbcdn.net\/images\/emoji.php\/v9\/tfe\/1.5\/16\/1f937_200d_2642.png\" alt=\"&#x1f937;&#x200d;&#x2642;&#xfe0f;\"><img loading=\"lazy\" decoding=\"async\" height=\"16\" width=\"16\" src=\"https:\/\/static.xx.fbcdn.net\/images\/emoji.php\/v9\/tfe\/1.5\/16\/1f937_200d_2642.png\" alt=\"&#x1f937;&#x200d;&#x2642;&#xfe0f;\">. Simplemente no est\u00e1n a la altura de los cargos que desempe\u00f1an Trenque Lauquen cada dia con m\u00e1s deficit en todas las \u00e1reas y ellos solo saben cambiar baldosas de la plaza o hacer un puentecito en el parque.<\/em><\/strong><\/p>\n\n\n\n<p><a href=\"https:\/\/www.facebook.com\/robertoenrique.pereda?comment_id=Y29tbWVudDo2NTUyNTczMTY2MDcyNDNfMTYzNjMzMTEzMTU2NTUx&amp;__cft__[0]=AZU9piE8StyfMHkU25eZLlgMhjKql0wN775c9Pt2qgTybq8Av34YzZ3xf9hovOTyD0rJc2RKRXfv4n4azwImNJ-eaLy_rEqTWN1ItvA7tCx6ey_9y9je149sZemMCwIOECw&amp;__tn__=R]-R\">Roberto Enrique Pereda<\/a><\/p>\n\n\n\n<p><strong><em>No ten\u00eda sentido eso hay aparte el sol los da\u00f1ava no duraban , siempre reponiendo , los \u00fanico que los disfrutaban los pasajeros de los muros, siempre y cuando entrar\u00e1n por esa calle , el Maestro tiene un galp\u00f3n para el s\u00f3lo para que aprecien su trabajo<\/em><\/strong>.<\/p>\n\n\n\n<p>L<a href=\"https:\/\/www.facebook.com\/lucas.deza?comment_id=Y29tbWVudDo2NTUyNTczMTY2MDcyNDNfMTM1MTM2NzUzNTY1MTM1MA%3D%3D&amp;__cft__[0]=AZU9piE8StyfMHkU25eZLlgMhjKql0wN775c9Pt2qgTybq8Av34YzZ3xf9hovOTyD0rJc2RKRXfv4n4azwImNJ-eaLy_rEqTWN1ItvA7tCx6ey_9y9je149sZemMCwIOECw&amp;__tn__=R]-R\">ucas Deza<\/a><\/p>\n\n\n\n<p><strong><em>Pero le hicieron un museo precioso&#8230; unico. Estos murales en lona se queman por el sol.<\/em><\/strong><\/p>\n\n\n\n<figure class=\"wp-block-image aligncenter size-full is-resized\"><img loading=\"lazy\" decoding=\"async\" src=\"https:\/\/infoecos.com.ar\/wp-content\/uploads\/2023\/03\/Trabajos-en-el-Museo-2.jpg\" alt=\"\" class=\"wp-image-102570\" width=\"410\" height=\"273\" srcset=\"https:\/\/infoecos.com.ar\/wp-content\/uploads\/2023\/03\/Trabajos-en-el-Museo-2.jpg 986w, https:\/\/infoecos.com.ar\/wp-content\/uploads\/2023\/03\/Trabajos-en-el-Museo-2-800x533.jpg 800w, https:\/\/infoecos.com.ar\/wp-content\/uploads\/2023\/03\/Trabajos-en-el-Museo-2-768x512.jpg 768w, https:\/\/infoecos.com.ar\/wp-content\/uploads\/2023\/03\/Trabajos-en-el-Museo-2-675x450.jpg 675w\" sizes=\"(max-width: 410px) 100vw, 410px\" \/><\/figure>\n\n\n\n<p>Desde el municipio se explic\u00f3 que \u201cvamos a hacer una ampliaci\u00f3n, que ser\u00e1 una nueva nave del Museo y hoy nos toca desarmar toda la estructura de las copias de los murales, por un lado, para liberar la fachada del edificio y por otro para conservar la estructura y volver a armarla en otro sector\u201d.<\/p>\n\n\n\n<figure class=\"wp-block-gallery has-nested-images columns-default is-cropped wp-block-gallery-1 is-layout-flex wp-block-gallery-is-layout-flex\">\n<figure class=\"wp-block-image size-large\"><img loading=\"lazy\" decoding=\"async\" width=\"986\" height=\"657\" data-id=\"102573\" src=\"https:\/\/infoecos.com.ar\/wp-content\/uploads\/2023\/03\/Trabajos-en-el-Museo-1-1.jpg\" alt=\"\" class=\"wp-image-102573\" srcset=\"https:\/\/infoecos.com.ar\/wp-content\/uploads\/2023\/03\/Trabajos-en-el-Museo-1-1.jpg 986w, https:\/\/infoecos.com.ar\/wp-content\/uploads\/2023\/03\/Trabajos-en-el-Museo-1-1-800x533.jpg 800w, https:\/\/infoecos.com.ar\/wp-content\/uploads\/2023\/03\/Trabajos-en-el-Museo-1-1-768x512.jpg 768w, https:\/\/infoecos.com.ar\/wp-content\/uploads\/2023\/03\/Trabajos-en-el-Museo-1-1-675x450.jpg 675w\" sizes=\"(max-width: 986px) 100vw, 986px\" \/><\/figure>\n\n\n\n<figure class=\"wp-block-image size-large\"><img loading=\"lazy\" decoding=\"async\" width=\"986\" height=\"657\" data-id=\"102572\" src=\"https:\/\/infoecos.com.ar\/wp-content\/uploads\/2023\/03\/Trabajos-en-el-Museo-2-1.jpg\" alt=\"\" class=\"wp-image-102572\" srcset=\"https:\/\/infoecos.com.ar\/wp-content\/uploads\/2023\/03\/Trabajos-en-el-Museo-2-1.jpg 986w, https:\/\/infoecos.com.ar\/wp-content\/uploads\/2023\/03\/Trabajos-en-el-Museo-2-1-800x533.jpg 800w, https:\/\/infoecos.com.ar\/wp-content\/uploads\/2023\/03\/Trabajos-en-el-Museo-2-1-768x512.jpg 768w, https:\/\/infoecos.com.ar\/wp-content\/uploads\/2023\/03\/Trabajos-en-el-Museo-2-1-675x450.jpg 675w\" sizes=\"(max-width: 986px) 100vw, 986px\" \/><\/figure>\n\n\n\n<figure class=\"wp-block-image size-large\"><img loading=\"lazy\" decoding=\"async\" width=\"986\" height=\"657\" data-id=\"102574\" src=\"https:\/\/infoecos.com.ar\/wp-content\/uploads\/2023\/03\/Trabajos-en-el-Museo-3.jpg\" alt=\"\" class=\"wp-image-102574\" srcset=\"https:\/\/infoecos.com.ar\/wp-content\/uploads\/2023\/03\/Trabajos-en-el-Museo-3.jpg 986w, https:\/\/infoecos.com.ar\/wp-content\/uploads\/2023\/03\/Trabajos-en-el-Museo-3-800x533.jpg 800w, https:\/\/infoecos.com.ar\/wp-content\/uploads\/2023\/03\/Trabajos-en-el-Museo-3-768x512.jpg 768w, https:\/\/infoecos.com.ar\/wp-content\/uploads\/2023\/03\/Trabajos-en-el-Museo-3-675x450.jpg 675w\" sizes=\"(max-width: 986px) 100vw, 986px\" \/><\/figure>\n\n\n\n<figure class=\"wp-block-image size-large\"><img loading=\"lazy\" decoding=\"async\" width=\"986\" height=\"657\" data-id=\"102571\" src=\"https:\/\/infoecos.com.ar\/wp-content\/uploads\/2023\/03\/Trabajos-en-el-Museo-4.jpg\" alt=\"\" class=\"wp-image-102571\" srcset=\"https:\/\/infoecos.com.ar\/wp-content\/uploads\/2023\/03\/Trabajos-en-el-Museo-4.jpg 986w, https:\/\/infoecos.com.ar\/wp-content\/uploads\/2023\/03\/Trabajos-en-el-Museo-4-800x533.jpg 800w, https:\/\/infoecos.com.ar\/wp-content\/uploads\/2023\/03\/Trabajos-en-el-Museo-4-768x512.jpg 768w, https:\/\/infoecos.com.ar\/wp-content\/uploads\/2023\/03\/Trabajos-en-el-Museo-4-675x450.jpg 675w\" sizes=\"(max-width: 986px) 100vw, 986px\" \/><\/figure>\n\n\n\n<figure class=\"wp-block-image size-large\"><img loading=\"lazy\" decoding=\"async\" width=\"986\" height=\"657\" data-id=\"102575\" src=\"https:\/\/infoecos.com.ar\/wp-content\/uploads\/2023\/03\/Trabajos-en-el-Museo-5.jpg\" alt=\"\" class=\"wp-image-102575\" srcset=\"https:\/\/infoecos.com.ar\/wp-content\/uploads\/2023\/03\/Trabajos-en-el-Museo-5.jpg 986w, https:\/\/infoecos.com.ar\/wp-content\/uploads\/2023\/03\/Trabajos-en-el-Museo-5-800x533.jpg 800w, https:\/\/infoecos.com.ar\/wp-content\/uploads\/2023\/03\/Trabajos-en-el-Museo-5-768x512.jpg 768w, https:\/\/infoecos.com.ar\/wp-content\/uploads\/2023\/03\/Trabajos-en-el-Museo-5-675x450.jpg 675w\" sizes=\"(max-width: 986px) 100vw, 986px\" \/><\/figure>\n<\/figure>\n","protected":false},"excerpt":{"rendered":"<p>Es el primer paso de una gran obra de ampliaci\u00f3n que se llevar\u00e1 adelante en el Museo Hist\u00f3rico Regional, con el fin de optimizar y jerarquizar este espacio dedicado a la historia y la cultura, se se\u00f1al\u00f3 en un parte de prensa<\/p>\n","protected":false},"author":2,"featured_media":102571,"comment_status":"closed","ping_status":"open","sticky":false,"template":"","format":"standard","meta":{"footnotes":""},"categories":[1613],"tags":[7467],"class_list":["post-102568","post","type-post","status-publish","format-standard","has-post-thumbnail","hentry","category-noticia-secundaria","tag-ampliacion-del-museo"],"yoast_head":"<!-- This site is optimized with the Yoast SEO plugin v23.4 - https:\/\/yoast.com\/wordpress\/plugins\/seo\/ -->\n<title>Desarman la estructura donde estaban los murales de Campod\u00f3nico y hay pol\u00e9mica - Infoecos<\/title>\n<meta name=\"robots\" content=\"index, follow, max-snippet:-1, max-image-preview:large, max-video-preview:-1\" \/>\n<link rel=\"canonical\" href=\"https:\/\/infoecos.com.ar\/index.php\/desarman-la-estructura-donde-estaban-los-murales-de-campodonico-y-hay-polemica\/\" \/>\n<meta property=\"og:locale\" content=\"es_ES\" \/>\n<meta property=\"og:type\" content=\"article\" \/>\n<meta property=\"og:title\" content=\"Desarman la estructura donde estaban los murales de Campod\u00f3nico y hay pol\u00e9mica - Infoecos\" \/>\n<meta property=\"og:description\" content=\"Es el primer paso de una gran obra de ampliaci\u00f3n que se llevar\u00e1 adelante en el Museo Hist\u00f3rico Regional, con el fin de optimizar y jerarquizar este espacio dedicado a la historia y la cultura, se se\u00f1al\u00f3 en un parte de prensa\" \/>\n<meta property=\"og:url\" content=\"https:\/\/infoecos.com.ar\/index.php\/desarman-la-estructura-donde-estaban-los-murales-de-campodonico-y-hay-polemica\/\" \/>\n<meta property=\"og:site_name\" content=\"Infoecos\" \/>\n<meta property=\"article:publisher\" content=\"https:\/\/www.facebook.com\/profile.php?id=100063200290284\" \/>\n<meta property=\"article:published_time\" content=\"2023-03-08T05:31:04+00:00\" \/>\n<meta property=\"article:modified_time\" content=\"2023-03-08T05:31:05+00:00\" \/>\n<meta property=\"og:image\" content=\"https:\/\/infoecos.com.ar\/wp-content\/uploads\/2023\/03\/Trabajos-en-el-Museo-4.jpg\" \/>\n\t<meta property=\"og:image:width\" content=\"986\" \/>\n\t<meta property=\"og:image:height\" content=\"657\" \/>\n\t<meta property=\"og:image:type\" content=\"image\/jpeg\" \/>\n<meta name=\"author\" content=\"Jorge Matheus\" \/>\n<meta name=\"twitter:card\" content=\"summary_large_image\" \/>\n<meta name=\"twitter:creator\" content=\"@infoecos\" \/>\n<meta name=\"twitter:site\" content=\"@infoecos\" \/>\n<meta name=\"twitter:label1\" content=\"Escrito por\" \/>\n\t<meta name=\"twitter:data1\" content=\"Jorge Matheus\" \/>\n\t<meta name=\"twitter:label2\" content=\"Tiempo de lectura\" \/>\n\t<meta name=\"twitter:data2\" content=\"5 minutos\" \/>\n<script type=\"application\/ld+json\" class=\"yoast-schema-graph\">{\"@context\":\"https:\/\/schema.org\",\"@graph\":[{\"@type\":\"Article\",\"@id\":\"https:\/\/infoecos.com.ar\/index.php\/desarman-la-estructura-donde-estaban-los-murales-de-campodonico-y-hay-polemica\/#article\",\"isPartOf\":{\"@id\":\"https:\/\/infoecos.com.ar\/index.php\/desarman-la-estructura-donde-estaban-los-murales-de-campodonico-y-hay-polemica\/\"},\"author\":{\"name\":\"Jorge Matheus\",\"@id\":\"https:\/\/infoecos.com.ar\/#\/schema\/person\/8f5ace5ce73b4b4aac4b7245aee6f191\"},\"headline\":\"Desarman la estructura donde estaban los murales de Campod\u00f3nico y hay pol\u00e9mica\",\"datePublished\":\"2023-03-08T05:31:04+00:00\",\"dateModified\":\"2023-03-08T05:31:05+00:00\",\"mainEntityOfPage\":{\"@id\":\"https:\/\/infoecos.com.ar\/index.php\/desarman-la-estructura-donde-estaban-los-murales-de-campodonico-y-hay-polemica\/\"},\"wordCount\":491,\"publisher\":{\"@id\":\"https:\/\/infoecos.com.ar\/#organization\"},\"image\":{\"@id\":\"https:\/\/infoecos.com.ar\/index.php\/desarman-la-estructura-donde-estaban-los-murales-de-campodonico-y-hay-polemica\/#primaryimage\"},\"thumbnailUrl\":\"https:\/\/infoecos.com.ar\/wp-content\/uploads\/2023\/03\/Trabajos-en-el-Museo-4.jpg\",\"keywords\":[\"AMPLIACI\u00d3N DEL MUSEO\"],\"articleSection\":[\"Noticia Secundaria\"],\"inLanguage\":\"es\"},{\"@type\":\"WebPage\",\"@id\":\"https:\/\/infoecos.com.ar\/index.php\/desarman-la-estructura-donde-estaban-los-murales-de-campodonico-y-hay-polemica\/\",\"url\":\"https:\/\/infoecos.com.ar\/index.php\/desarman-la-estructura-donde-estaban-los-murales-de-campodonico-y-hay-polemica\/\",\"name\":\"Desarman la estructura donde estaban los murales de Campod\u00f3nico y hay pol\u00e9mica - Infoecos\",\"isPartOf\":{\"@id\":\"https:\/\/infoecos.com.ar\/#website\"},\"primaryImageOfPage\":{\"@id\":\"https:\/\/infoecos.com.ar\/index.php\/desarman-la-estructura-donde-estaban-los-murales-de-campodonico-y-hay-polemica\/#primaryimage\"},\"image\":{\"@id\":\"https:\/\/infoecos.com.ar\/index.php\/desarman-la-estructura-donde-estaban-los-murales-de-campodonico-y-hay-polemica\/#primaryimage\"},\"thumbnailUrl\":\"https:\/\/infoecos.com.ar\/wp-content\/uploads\/2023\/03\/Trabajos-en-el-Museo-4.jpg\",\"datePublished\":\"2023-03-08T05:31:04+00:00\",\"dateModified\":\"2023-03-08T05:31:05+00:00\",\"breadcrumb\":{\"@id\":\"https:\/\/infoecos.com.ar\/index.php\/desarman-la-estructura-donde-estaban-los-murales-de-campodonico-y-hay-polemica\/#breadcrumb\"},\"inLanguage\":\"es\",\"potentialAction\":[{\"@type\":\"ReadAction\",\"target\":[\"https:\/\/infoecos.com.ar\/index.php\/desarman-la-estructura-donde-estaban-los-murales-de-campodonico-y-hay-polemica\/\"]}]},{\"@type\":\"ImageObject\",\"inLanguage\":\"es\",\"@id\":\"https:\/\/infoecos.com.ar\/index.php\/desarman-la-estructura-donde-estaban-los-murales-de-campodonico-y-hay-polemica\/#primaryimage\",\"url\":\"https:\/\/infoecos.com.ar\/wp-content\/uploads\/2023\/03\/Trabajos-en-el-Museo-4.jpg\",\"contentUrl\":\"https:\/\/infoecos.com.ar\/wp-content\/uploads\/2023\/03\/Trabajos-en-el-Museo-4.jpg\",\"width\":986,\"height\":657},{\"@type\":\"BreadcrumbList\",\"@id\":\"https:\/\/infoecos.com.ar\/index.php\/desarman-la-estructura-donde-estaban-los-murales-de-campodonico-y-hay-polemica\/#breadcrumb\",\"itemListElement\":[{\"@type\":\"ListItem\",\"position\":1,\"name\":\"Portada\",\"item\":\"https:\/\/infoecos.com.ar\/\"},{\"@type\":\"ListItem\",\"position\":2,\"name\":\"Desarman la estructura donde estaban los murales de Campod\u00f3nico y hay pol\u00e9mica\"}]},{\"@type\":\"WebSite\",\"@id\":\"https:\/\/infoecos.com.ar\/#website\",\"url\":\"https:\/\/infoecos.com.ar\/\",\"name\":\"Infoecos\",\"description\":\"Noticias de trenque lauquen y la zona\",\"publisher\":{\"@id\":\"https:\/\/infoecos.com.ar\/#organization\"},\"alternateName\":\"Noticias\",\"potentialAction\":[{\"@type\":\"SearchAction\",\"target\":{\"@type\":\"EntryPoint\",\"urlTemplate\":\"https:\/\/infoecos.com.ar\/?s={search_term_string}\"},\"query-input\":{\"@type\":\"PropertyValueSpecification\",\"valueRequired\":true,\"valueName\":\"search_term_string\"}}],\"inLanguage\":\"es\"},{\"@type\":\"Organization\",\"@id\":\"https:\/\/infoecos.com.ar\/#organization\",\"name\":\"Infoecos\",\"alternateName\":\"Noticias\",\"url\":\"https:\/\/infoecos.com.ar\/\",\"logo\":{\"@type\":\"ImageObject\",\"inLanguage\":\"es\",\"@id\":\"https:\/\/infoecos.com.ar\/#\/schema\/logo\/image\/\",\"url\":\"https:\/\/infoecos.com.ar\/wp-content\/uploads\/2024\/03\/cropped-logo.png\",\"contentUrl\":\"https:\/\/infoecos.com.ar\/wp-content\/uploads\/2024\/03\/cropped-logo.png\",\"width\":374,\"height\":90,\"caption\":\"Infoecos\"},\"image\":{\"@id\":\"https:\/\/infoecos.com.ar\/#\/schema\/logo\/image\/\"},\"sameAs\":[\"https:\/\/www.facebook.com\/profile.php?id=100063200290284\",\"https:\/\/x.com\/infoecos\"]},{\"@type\":\"Person\",\"@id\":\"https:\/\/infoecos.com.ar\/#\/schema\/person\/8f5ace5ce73b4b4aac4b7245aee6f191\",\"name\":\"Jorge Matheus\",\"url\":\"https:\/\/infoecos.com.ar\/index.php\/author\/jomatheus\/\"}]}<\/script>\n<!-- \/ Yoast SEO plugin. -->","yoast_head_json":{"title":"Desarman la estructura donde estaban los murales de Campod\u00f3nico y hay pol\u00e9mica - Infoecos","robots":{"index":"index","follow":"follow","max-snippet":"max-snippet:-1","max-image-preview":"max-image-preview:large","max-video-preview":"max-video-preview:-1"},"canonical":"https:\/\/infoecos.com.ar\/index.php\/desarman-la-estructura-donde-estaban-los-murales-de-campodonico-y-hay-polemica\/","og_locale":"es_ES","og_type":"article","og_title":"Desarman la estructura donde estaban los murales de Campod\u00f3nico y hay pol\u00e9mica - Infoecos","og_description":"Es el primer paso de una gran obra de ampliaci\u00f3n que se llevar\u00e1 adelante en el Museo Hist\u00f3rico Regional, con el fin de optimizar y jerarquizar este espacio dedicado a la historia y la cultura, se se\u00f1al\u00f3 en un parte de prensa","og_url":"https:\/\/infoecos.com.ar\/index.php\/desarman-la-estructura-donde-estaban-los-murales-de-campodonico-y-hay-polemica\/","og_site_name":"Infoecos","article_publisher":"https:\/\/www.facebook.com\/profile.php?id=100063200290284","article_published_time":"2023-03-08T05:31:04+00:00","article_modified_time":"2023-03-08T05:31:05+00:00","og_image":[{"width":986,"height":657,"url":"https:\/\/infoecos.com.ar\/wp-content\/uploads\/2023\/03\/Trabajos-en-el-Museo-4.jpg","type":"image\/jpeg"}],"author":"Jorge Matheus","twitter_card":"summary_large_image","twitter_creator":"@infoecos","twitter_site":"@infoecos","twitter_misc":{"Escrito por":"Jorge Matheus","Tiempo de lectura":"5 minutos"},"schema":{"@context":"https:\/\/schema.org","@graph":[{"@type":"Article","@id":"https:\/\/infoecos.com.ar\/index.php\/desarman-la-estructura-donde-estaban-los-murales-de-campodonico-y-hay-polemica\/#article","isPartOf":{"@id":"https:\/\/infoecos.com.ar\/index.php\/desarman-la-estructura-donde-estaban-los-murales-de-campodonico-y-hay-polemica\/"},"author":{"name":"Jorge Matheus","@id":"https:\/\/infoecos.com.ar\/#\/schema\/person\/8f5ace5ce73b4b4aac4b7245aee6f191"},"headline":"Desarman la estructura donde estaban los murales de Campod\u00f3nico y hay pol\u00e9mica","datePublished":"2023-03-08T05:31:04+00:00","dateModified":"2023-03-08T05:31:05+00:00","mainEntityOfPage":{"@id":"https:\/\/infoecos.com.ar\/index.php\/desarman-la-estructura-donde-estaban-los-murales-de-campodonico-y-hay-polemica\/"},"wordCount":491,"publisher":{"@id":"https:\/\/infoecos.com.ar\/#organization"},"image":{"@id":"https:\/\/infoecos.com.ar\/index.php\/desarman-la-estructura-donde-estaban-los-murales-de-campodonico-y-hay-polemica\/#primaryimage"},"thumbnailUrl":"https:\/\/infoecos.com.ar\/wp-content\/uploads\/2023\/03\/Trabajos-en-el-Museo-4.jpg","keywords":["AMPLIACI\u00d3N DEL MUSEO"],"articleSection":["Noticia Secundaria"],"inLanguage":"es"},{"@type":"WebPage","@id":"https:\/\/infoecos.com.ar\/index.php\/desarman-la-estructura-donde-estaban-los-murales-de-campodonico-y-hay-polemica\/","url":"https:\/\/infoecos.com.ar\/index.php\/desarman-la-estructura-donde-estaban-los-murales-de-campodonico-y-hay-polemica\/","name":"Desarman la estructura donde estaban los murales de Campod\u00f3nico y hay pol\u00e9mica - Infoecos","isPartOf":{"@id":"https:\/\/infoecos.com.ar\/#website"},"primaryImageOfPage":{"@id":"https:\/\/infoecos.com.ar\/index.php\/desarman-la-estructura-donde-estaban-los-murales-de-campodonico-y-hay-polemica\/#primaryimage"},"image":{"@id":"https:\/\/infoecos.com.ar\/index.php\/desarman-la-estructura-donde-estaban-los-murales-de-campodonico-y-hay-polemica\/#primaryimage"},"thumbnailUrl":"https:\/\/infoecos.com.ar\/wp-content\/uploads\/2023\/03\/Trabajos-en-el-Museo-4.jpg","datePublished":"2023-03-08T05:31:04+00:00","dateModified":"2023-03-08T05:31:05+00:00","breadcrumb":{"@id":"https:\/\/infoecos.com.ar\/index.php\/desarman-la-estructura-donde-estaban-los-murales-de-campodonico-y-hay-polemica\/#breadcrumb"},"inLanguage":"es","potentialAction":[{"@type":"ReadAction","target":["https:\/\/infoecos.com.ar\/index.php\/desarman-la-estructura-donde-estaban-los-murales-de-campodonico-y-hay-polemica\/"]}]},{"@type":"ImageObject","inLanguage":"es","@id":"https:\/\/infoecos.com.ar\/index.php\/desarman-la-estructura-donde-estaban-los-murales-de-campodonico-y-hay-polemica\/#primaryimage","url":"https:\/\/infoecos.com.ar\/wp-content\/uploads\/2023\/03\/Trabajos-en-el-Museo-4.jpg","contentUrl":"https:\/\/infoecos.com.ar\/wp-content\/uploads\/2023\/03\/Trabajos-en-el-Museo-4.jpg","width":986,"height":657},{"@type":"BreadcrumbList","@id":"https:\/\/infoecos.com.ar\/index.php\/desarman-la-estructura-donde-estaban-los-murales-de-campodonico-y-hay-polemica\/#breadcrumb","itemListElement":[{"@type":"ListItem","position":1,"name":"Portada","item":"https:\/\/infoecos.com.ar\/"},{"@type":"ListItem","position":2,"name":"Desarman la estructura donde estaban los murales de Campod\u00f3nico y hay pol\u00e9mica"}]},{"@type":"WebSite","@id":"https:\/\/infoecos.com.ar\/#website","url":"https:\/\/infoecos.com.ar\/","name":"Infoecos","description":"Noticias de trenque lauquen y la zona","publisher":{"@id":"https:\/\/infoecos.com.ar\/#organization"},"alternateName":"Noticias","potentialAction":[{"@type":"SearchAction","target":{"@type":"EntryPoint","urlTemplate":"https:\/\/infoecos.com.ar\/?s={search_term_string}"},"query-input":{"@type":"PropertyValueSpecification","valueRequired":true,"valueName":"search_term_string"}}],"inLanguage":"es"},{"@type":"Organization","@id":"https:\/\/infoecos.com.ar\/#organization","name":"Infoecos","alternateName":"Noticias","url":"https:\/\/infoecos.com.ar\/","logo":{"@type":"ImageObject","inLanguage":"es","@id":"https:\/\/infoecos.com.ar\/#\/schema\/logo\/image\/","url":"https:\/\/infoecos.com.ar\/wp-content\/uploads\/2024\/03\/cropped-logo.png","contentUrl":"https:\/\/infoecos.com.ar\/wp-content\/uploads\/2024\/03\/cropped-logo.png","width":374,"height":90,"caption":"Infoecos"},"image":{"@id":"https:\/\/infoecos.com.ar\/#\/schema\/logo\/image\/"},"sameAs":["https:\/\/www.facebook.com\/profile.php?id=100063200290284","https:\/\/x.com\/infoecos"]},{"@type":"Person","@id":"https:\/\/infoecos.com.ar\/#\/schema\/person\/8f5ace5ce73b4b4aac4b7245aee6f191","name":"Jorge Matheus","url":"https:\/\/infoecos.com.ar\/index.php\/author\/jomatheus\/"}]}},"featured_image_urls":{"full":["https:\/\/infoecos.com.ar\/wp-content\/uploads\/2023\/03\/Trabajos-en-el-Museo-4.jpg",986,657,false],"thumbnail":["https:\/\/infoecos.com.ar\/wp-content\/uploads\/2023\/03\/Trabajos-en-el-Museo-4-300x150.jpg",300,150,true],"medium":["https:\/\/infoecos.com.ar\/wp-content\/uploads\/2023\/03\/Trabajos-en-el-Museo-4-800x533.jpg",800,533,true],"medium_large":["https:\/\/infoecos.com.ar\/wp-content\/uploads\/2023\/03\/Trabajos-en-el-Museo-4-768x512.jpg",640,427,true],"large":["https:\/\/infoecos.com.ar\/wp-content\/uploads\/2023\/03\/Trabajos-en-el-Museo-4.jpg",640,426,false],"1536x1536":["https:\/\/infoecos.com.ar\/wp-content\/uploads\/2023\/03\/Trabajos-en-el-Museo-4.jpg",986,657,false],"2048x2048":["https:\/\/infoecos.com.ar\/wp-content\/uploads\/2023\/03\/Trabajos-en-el-Museo-4.jpg",986,657,false],"covernews-slider-full":["https:\/\/infoecos.com.ar\/wp-content\/uploads\/2023\/03\/Trabajos-en-el-Museo-4.jpg",986,657,false],"covernews-slider-center":["https:\/\/infoecos.com.ar\/wp-content\/uploads\/2023\/03\/Trabajos-en-el-Museo-4-936x657.jpg",712,500,true],"covernews-featured":["https:\/\/infoecos.com.ar\/wp-content\/uploads\/2023\/03\/Trabajos-en-el-Museo-4.jpg",986,657,false],"covernews-medium":["https:\/\/infoecos.com.ar\/wp-content\/uploads\/2023\/03\/Trabajos-en-el-Museo-4-720x380.jpg",540,285,true],"covernews-medium-square":["https:\/\/infoecos.com.ar\/wp-content\/uploads\/2023\/03\/Trabajos-en-el-Museo-4-675x450.jpg",375,250,true]},"author_info":{"info":["Jorge Matheus"]},"category_info":"<a href=\"https:\/\/infoecos.com.ar\/index.php\/category\/noticia-secundaria\/\" rel=\"category tag\">Noticia Secundaria<\/a>","tag_info":"Noticia Secundaria","comment_count":"0","_links":{"self":[{"href":"https:\/\/infoecos.com.ar\/index.php\/wp-json\/wp\/v2\/posts\/102568"}],"collection":[{"href":"https:\/\/infoecos.com.ar\/index.php\/wp-json\/wp\/v2\/posts"}],"about":[{"href":"https:\/\/infoecos.com.ar\/index.php\/wp-json\/wp\/v2\/types\/post"}],"author":[{"embeddable":true,"href":"https:\/\/infoecos.com.ar\/index.php\/wp-json\/wp\/v2\/users\/2"}],"replies":[{"embeddable":true,"href":"https:\/\/infoecos.com.ar\/index.php\/wp-json\/wp\/v2\/comments?post=102568"}],"version-history":[{"count":1,"href":"https:\/\/infoecos.com.ar\/index.php\/wp-json\/wp\/v2\/posts\/102568\/revisions"}],"predecessor-version":[{"id":102576,"href":"https:\/\/infoecos.com.ar\/index.php\/wp-json\/wp\/v2\/posts\/102568\/revisions\/102576"}],"wp:featuredmedia":[{"embeddable":true,"href":"https:\/\/infoecos.com.ar\/index.php\/wp-json\/wp\/v2\/media\/102571"}],"wp:attachment":[{"href":"https:\/\/infoecos.com.ar\/index.php\/wp-json\/wp\/v2\/media?parent=102568"}],"wp:term":[{"taxonomy":"category","embeddable":true,"href":"https:\/\/infoecos.com.ar\/index.php\/wp-json\/wp\/v2\/categories?post=102568"},{"taxonomy":"post_tag","embeddable":true,"href":"https:\/\/infoecos.com.ar\/index.php\/wp-json\/wp\/v2\/tags?post=102568"}],"curies":[{"name":"wp","href":"https:\/\/api.w.org\/{rel}","templated":true}]}}