{"id":102598,"date":"2023-03-08T03:35:33","date_gmt":"2023-03-08T06:35:33","guid":{"rendered":"https:\/\/infoecos.com.ar\/?p=102598"},"modified":"2023-03-08T03:35:33","modified_gmt":"2023-03-08T06:35:33","slug":"inseguridad-en-pehuajo-violenta-agresion-a-jovenes-dentro-y-fuera-de-un-boliche","status":"publish","type":"post","link":"https:\/\/infoecos.com.ar\/index.php\/inseguridad-en-pehuajo-violenta-agresion-a-jovenes-dentro-y-fuera-de-un-boliche\/","title":{"rendered":"Inseguridad en Pehuaj\u00f3: violenta agresi\u00f3n a j\u00f3venes dentro y fuera de un boliche"},"content":{"rendered":"\n<p>Una vecina de Pehuaj\u00f3 vivi\u00f3 este fin de semana una situaci\u00f3n de tremenda violencia a la salida de un boliche, por la que termin\u00f3 internada. La joven, relat\u00f3 que estaba con sus amigas y sin querer, volc\u00f3 parte de la bebida de su vaso sobre otra chica, que inmediatamente reaccion\u00f3 mal y la agredi\u00f3 f\u00edsicamente. \u201cLa seguridad del lugar sac\u00f3 a la agresora del predio, pero cuando termin\u00f3 la noche, nos esperaban afuera\u201d, relat\u00f3 la joven en su comentario por radio M\u00e1gica.<\/p>\n\n\n\n<figure class=\"wp-block-image aligncenter size-full is-resized\"><img loading=\"lazy\" decoding=\"async\" src=\"https:\/\/infoecos.com.ar\/wp-content\/uploads\/2023\/03\/334808076_919591629285334_6792153218950412009_n.jpg\" alt=\"\" class=\"wp-image-102599\" width=\"584\" height=\"584\" srcset=\"https:\/\/infoecos.com.ar\/wp-content\/uploads\/2023\/03\/334808076_919591629285334_6792153218950412009_n.jpg 843w, https:\/\/infoecos.com.ar\/wp-content\/uploads\/2023\/03\/334808076_919591629285334_6792153218950412009_n-800x800.jpg 800w, https:\/\/infoecos.com.ar\/wp-content\/uploads\/2023\/03\/334808076_919591629285334_6792153218950412009_n-768x768.jpg 768w\" sizes=\"(max-width: 584px) 100vw, 584px\" \/><\/figure>\n\n\n\n<p>La mujer que las hab\u00eda agredido adentro del boliche estaba con su grupo de amigas esper\u00e1ndolas afuera del boliche y siguieron con la agresi\u00f3n.<\/p>\n\n\n\n<p>Le pegaron a ella y a una amiga con cadenas que ten\u00edan en las motos, y con herramientas, por lo que hubo un grupo de personas que se tiraron sobre la agredida para que no la sigan golpeando y ocurra algo peor.<\/p>\n\n\n\n<figure class=\"wp-block-image aligncenter size-full is-resized\"><img loading=\"lazy\" decoding=\"async\" src=\"https:\/\/infoecos.com.ar\/wp-content\/uploads\/2023\/03\/335275261_223722683362162_7187055593049264376_n.jpg\" alt=\"\" class=\"wp-image-102600\" width=\"568\" height=\"715\" srcset=\"https:\/\/infoecos.com.ar\/wp-content\/uploads\/2023\/03\/335275261_223722683362162_7187055593049264376_n.jpg 763w, https:\/\/infoecos.com.ar\/wp-content\/uploads\/2023\/03\/335275261_223722683362162_7187055593049264376_n-636x800.jpg 636w\" sizes=\"(max-width: 568px) 100vw, 568px\" \/><\/figure>\n\n\n\n<p>La joven se desmay\u00f3 en el lugar y debi\u00f3 ser trasladada en ambulancia al Hospital, donde qued\u00f3 internada y posteriormente recibi\u00f3 el alta, de acuerdo a lo confirmado por el hospital municipal.<\/p>\n\n\n\n<p>Seg\u00fan detallaron las familias de las chicas agredidas, se acercaron a denunciar en Polic\u00eda Comunal, pero les indicaron que por la ubicaci\u00f3n del boliche (L\u00f3pez y Planes y Namuncur\u00e1), correspond\u00eda denunciar en Polic\u00eda Rural, que luego traslada las actuaciones a Comunal; y en ese lugar, se enteraron que las agresoras ya cuentan con gran cantidad de denuncias por situaciones similares.\u00a0<\/p>\n\n\n\n<p>Fuente: Radio Magica Pehuaj\u00f3<\/p>\n\n\n\n<p><\/p>\n","protected":false},"excerpt":{"rendered":"<p>La cobertura publicada fue tomada de Radio M\u00e1gica<\/p>\n","protected":false},"author":2,"featured_media":102599,"comment_status":"closed","ping_status":"open","sticky":false,"template":"","format":"standard","meta":{"footnotes":""},"categories":[46],"tags":[7473],"class_list":["post-102598","post","type-post","status-publish","format-standard","has-post-thumbnail","hentry","category-c2nota2","tag-preocupacion-generalizada"],"yoast_head":"<!-- This site is optimized with the Yoast SEO plugin v23.4 - https:\/\/yoast.com\/wordpress\/plugins\/seo\/ -->\n<title>Inseguridad en Pehuaj\u00f3: violenta agresi\u00f3n a j\u00f3venes dentro y fuera de un boliche - Infoecos<\/title>\n<meta name=\"robots\" content=\"index, follow, max-snippet:-1, max-image-preview:large, max-video-preview:-1\" \/>\n<link rel=\"canonical\" href=\"https:\/\/infoecos.com.ar\/index.php\/inseguridad-en-pehuajo-violenta-agresion-a-jovenes-dentro-y-fuera-de-un-boliche\/\" \/>\n<meta property=\"og:locale\" content=\"es_ES\" \/>\n<meta property=\"og:type\" content=\"article\" \/>\n<meta property=\"og:title\" content=\"Inseguridad en Pehuaj\u00f3: violenta agresi\u00f3n a j\u00f3venes dentro y fuera de un boliche - Infoecos\" \/>\n<meta property=\"og:description\" content=\"La cobertura publicada fue tomada de Radio M\u00e1gica\" \/>\n<meta property=\"og:url\" content=\"https:\/\/infoecos.com.ar\/index.php\/inseguridad-en-pehuajo-violenta-agresion-a-jovenes-dentro-y-fuera-de-un-boliche\/\" \/>\n<meta property=\"og:site_name\" content=\"Infoecos\" \/>\n<meta property=\"article:publisher\" content=\"https:\/\/www.facebook.com\/profile.php?id=100063200290284\" \/>\n<meta property=\"article:published_time\" content=\"2023-03-08T06:35:33+00:00\" \/>\n<meta property=\"og:image\" content=\"https:\/\/infoecos.com.ar\/wp-content\/uploads\/2023\/03\/334808076_919591629285334_6792153218950412009_n.jpg\" \/>\n\t<meta property=\"og:image:width\" content=\"843\" \/>\n\t<meta property=\"og:image:height\" content=\"843\" \/>\n\t<meta property=\"og:image:type\" content=\"image\/jpeg\" \/>\n<meta name=\"author\" content=\"Jorge Matheus\" \/>\n<meta name=\"twitter:card\" content=\"summary_large_image\" \/>\n<meta name=\"twitter:creator\" content=\"@infoecos\" \/>\n<meta name=\"twitter:site\" content=\"@infoecos\" \/>\n<meta name=\"twitter:label1\" content=\"Escrito por\" \/>\n\t<meta name=\"twitter:data1\" content=\"Jorge Matheus\" \/>\n\t<meta name=\"twitter:label2\" content=\"Tiempo de lectura\" \/>\n\t<meta name=\"twitter:data2\" content=\"2 minutos\" \/>\n<script type=\"application\/ld+json\" class=\"yoast-schema-graph\">{\"@context\":\"https:\/\/schema.org\",\"@graph\":[{\"@type\":\"Article\",\"@id\":\"https:\/\/infoecos.com.ar\/index.php\/inseguridad-en-pehuajo-violenta-agresion-a-jovenes-dentro-y-fuera-de-un-boliche\/#article\",\"isPartOf\":{\"@id\":\"https:\/\/infoecos.com.ar\/index.php\/inseguridad-en-pehuajo-violenta-agresion-a-jovenes-dentro-y-fuera-de-un-boliche\/\"},\"author\":{\"name\":\"Jorge Matheus\",\"@id\":\"https:\/\/infoecos.com.ar\/#\/schema\/person\/8f5ace5ce73b4b4aac4b7245aee6f191\"},\"headline\":\"Inseguridad en Pehuaj\u00f3: violenta agresi\u00f3n a j\u00f3venes dentro y fuera de un boliche\",\"datePublished\":\"2023-03-08T06:35:33+00:00\",\"dateModified\":\"2023-03-08T06:35:33+00:00\",\"mainEntityOfPage\":{\"@id\":\"https:\/\/infoecos.com.ar\/index.php\/inseguridad-en-pehuajo-violenta-agresion-a-jovenes-dentro-y-fuera-de-un-boliche\/\"},\"wordCount\":272,\"publisher\":{\"@id\":\"https:\/\/infoecos.com.ar\/#organization\"},\"image\":{\"@id\":\"https:\/\/infoecos.com.ar\/index.php\/inseguridad-en-pehuajo-violenta-agresion-a-jovenes-dentro-y-fuera-de-un-boliche\/#primaryimage\"},\"thumbnailUrl\":\"https:\/\/infoecos.com.ar\/wp-content\/uploads\/2023\/03\/334808076_919591629285334_6792153218950412009_n.jpg\",\"keywords\":[\"PREOCUPACI\u00d3N GENERALIZADA\"],\"articleSection\":[\"C2 N2\"],\"inLanguage\":\"es\"},{\"@type\":\"WebPage\",\"@id\":\"https:\/\/infoecos.com.ar\/index.php\/inseguridad-en-pehuajo-violenta-agresion-a-jovenes-dentro-y-fuera-de-un-boliche\/\",\"url\":\"https:\/\/infoecos.com.ar\/index.php\/inseguridad-en-pehuajo-violenta-agresion-a-jovenes-dentro-y-fuera-de-un-boliche\/\",\"name\":\"Inseguridad en Pehuaj\u00f3: violenta agresi\u00f3n a j\u00f3venes dentro y fuera de un boliche - Infoecos\",\"isPartOf\":{\"@id\":\"https:\/\/infoecos.com.ar\/#website\"},\"primaryImageOfPage\":{\"@id\":\"https:\/\/infoecos.com.ar\/index.php\/inseguridad-en-pehuajo-violenta-agresion-a-jovenes-dentro-y-fuera-de-un-boliche\/#primaryimage\"},\"image\":{\"@id\":\"https:\/\/infoecos.com.ar\/index.php\/inseguridad-en-pehuajo-violenta-agresion-a-jovenes-dentro-y-fuera-de-un-boliche\/#primaryimage\"},\"thumbnailUrl\":\"https:\/\/infoecos.com.ar\/wp-content\/uploads\/2023\/03\/334808076_919591629285334_6792153218950412009_n.jpg\",\"datePublished\":\"2023-03-08T06:35:33+00:00\",\"dateModified\":\"2023-03-08T06:35:33+00:00\",\"breadcrumb\":{\"@id\":\"https:\/\/infoecos.com.ar\/index.php\/inseguridad-en-pehuajo-violenta-agresion-a-jovenes-dentro-y-fuera-de-un-boliche\/#breadcrumb\"},\"inLanguage\":\"es\",\"potentialAction\":[{\"@type\":\"ReadAction\",\"target\":[\"https:\/\/infoecos.com.ar\/index.php\/inseguridad-en-pehuajo-violenta-agresion-a-jovenes-dentro-y-fuera-de-un-boliche\/\"]}]},{\"@type\":\"ImageObject\",\"inLanguage\":\"es\",\"@id\":\"https:\/\/infoecos.com.ar\/index.php\/inseguridad-en-pehuajo-violenta-agresion-a-jovenes-dentro-y-fuera-de-un-boliche\/#primaryimage\",\"url\":\"https:\/\/infoecos.com.ar\/wp-content\/uploads\/2023\/03\/334808076_919591629285334_6792153218950412009_n.jpg\",\"contentUrl\":\"https:\/\/infoecos.com.ar\/wp-content\/uploads\/2023\/03\/334808076_919591629285334_6792153218950412009_n.jpg\",\"width\":843,\"height\":843},{\"@type\":\"BreadcrumbList\",\"@id\":\"https:\/\/infoecos.com.ar\/index.php\/inseguridad-en-pehuajo-violenta-agresion-a-jovenes-dentro-y-fuera-de-un-boliche\/#breadcrumb\",\"itemListElement\":[{\"@type\":\"ListItem\",\"position\":1,\"name\":\"Portada\",\"item\":\"https:\/\/infoecos.com.ar\/\"},{\"@type\":\"ListItem\",\"position\":2,\"name\":\"Inseguridad en Pehuaj\u00f3: violenta agresi\u00f3n a j\u00f3venes dentro y fuera de un boliche\"}]},{\"@type\":\"WebSite\",\"@id\":\"https:\/\/infoecos.com.ar\/#website\",\"url\":\"https:\/\/infoecos.com.ar\/\",\"name\":\"Infoecos\",\"description\":\"Noticias de trenque lauquen y la zona\",\"publisher\":{\"@id\":\"https:\/\/infoecos.com.ar\/#organization\"},\"alternateName\":\"Noticias\",\"potentialAction\":[{\"@type\":\"SearchAction\",\"target\":{\"@type\":\"EntryPoint\",\"urlTemplate\":\"https:\/\/infoecos.com.ar\/?s={search_term_string}\"},\"query-input\":{\"@type\":\"PropertyValueSpecification\",\"valueRequired\":true,\"valueName\":\"search_term_string\"}}],\"inLanguage\":\"es\"},{\"@type\":\"Organization\",\"@id\":\"https:\/\/infoecos.com.ar\/#organization\",\"name\":\"Infoecos\",\"alternateName\":\"Noticias\",\"url\":\"https:\/\/infoecos.com.ar\/\",\"logo\":{\"@type\":\"ImageObject\",\"inLanguage\":\"es\",\"@id\":\"https:\/\/infoecos.com.ar\/#\/schema\/logo\/image\/\",\"url\":\"https:\/\/infoecos.com.ar\/wp-content\/uploads\/2024\/03\/cropped-logo.png\",\"contentUrl\":\"https:\/\/infoecos.com.ar\/wp-content\/uploads\/2024\/03\/cropped-logo.png\",\"width\":374,\"height\":90,\"caption\":\"Infoecos\"},\"image\":{\"@id\":\"https:\/\/infoecos.com.ar\/#\/schema\/logo\/image\/\"},\"sameAs\":[\"https:\/\/www.facebook.com\/profile.php?id=100063200290284\",\"https:\/\/x.com\/infoecos\"]},{\"@type\":\"Person\",\"@id\":\"https:\/\/infoecos.com.ar\/#\/schema\/person\/8f5ace5ce73b4b4aac4b7245aee6f191\",\"name\":\"Jorge Matheus\",\"url\":\"https:\/\/infoecos.com.ar\/index.php\/author\/jomatheus\/\"}]}<\/script>\n<!-- \/ Yoast SEO plugin. -->","yoast_head_json":{"title":"Inseguridad en Pehuaj\u00f3: violenta agresi\u00f3n a j\u00f3venes dentro y fuera de un boliche - Infoecos","robots":{"index":"index","follow":"follow","max-snippet":"max-snippet:-1","max-image-preview":"max-image-preview:large","max-video-preview":"max-video-preview:-1"},"canonical":"https:\/\/infoecos.com.ar\/index.php\/inseguridad-en-pehuajo-violenta-agresion-a-jovenes-dentro-y-fuera-de-un-boliche\/","og_locale":"es_ES","og_type":"article","og_title":"Inseguridad en Pehuaj\u00f3: violenta agresi\u00f3n a j\u00f3venes dentro y fuera de un boliche - Infoecos","og_description":"La cobertura publicada fue tomada de Radio M\u00e1gica","og_url":"https:\/\/infoecos.com.ar\/index.php\/inseguridad-en-pehuajo-violenta-agresion-a-jovenes-dentro-y-fuera-de-un-boliche\/","og_site_name":"Infoecos","article_publisher":"https:\/\/www.facebook.com\/profile.php?id=100063200290284","article_published_time":"2023-03-08T06:35:33+00:00","og_image":[{"width":843,"height":843,"url":"https:\/\/infoecos.com.ar\/wp-content\/uploads\/2023\/03\/334808076_919591629285334_6792153218950412009_n.jpg","type":"image\/jpeg"}],"author":"Jorge Matheus","twitter_card":"summary_large_image","twitter_creator":"@infoecos","twitter_site":"@infoecos","twitter_misc":{"Escrito por":"Jorge Matheus","Tiempo de lectura":"2 minutos"},"schema":{"@context":"https:\/\/schema.org","@graph":[{"@type":"Article","@id":"https:\/\/infoecos.com.ar\/index.php\/inseguridad-en-pehuajo-violenta-agresion-a-jovenes-dentro-y-fuera-de-un-boliche\/#article","isPartOf":{"@id":"https:\/\/infoecos.com.ar\/index.php\/inseguridad-en-pehuajo-violenta-agresion-a-jovenes-dentro-y-fuera-de-un-boliche\/"},"author":{"name":"Jorge Matheus","@id":"https:\/\/infoecos.com.ar\/#\/schema\/person\/8f5ace5ce73b4b4aac4b7245aee6f191"},"headline":"Inseguridad en Pehuaj\u00f3: violenta agresi\u00f3n a j\u00f3venes dentro y fuera de un boliche","datePublished":"2023-03-08T06:35:33+00:00","dateModified":"2023-03-08T06:35:33+00:00","mainEntityOfPage":{"@id":"https:\/\/infoecos.com.ar\/index.php\/inseguridad-en-pehuajo-violenta-agresion-a-jovenes-dentro-y-fuera-de-un-boliche\/"},"wordCount":272,"publisher":{"@id":"https:\/\/infoecos.com.ar\/#organization"},"image":{"@id":"https:\/\/infoecos.com.ar\/index.php\/inseguridad-en-pehuajo-violenta-agresion-a-jovenes-dentro-y-fuera-de-un-boliche\/#primaryimage"},"thumbnailUrl":"https:\/\/infoecos.com.ar\/wp-content\/uploads\/2023\/03\/334808076_919591629285334_6792153218950412009_n.jpg","keywords":["PREOCUPACI\u00d3N GENERALIZADA"],"articleSection":["C2 N2"],"inLanguage":"es"},{"@type":"WebPage","@id":"https:\/\/infoecos.com.ar\/index.php\/inseguridad-en-pehuajo-violenta-agresion-a-jovenes-dentro-y-fuera-de-un-boliche\/","url":"https:\/\/infoecos.com.ar\/index.php\/inseguridad-en-pehuajo-violenta-agresion-a-jovenes-dentro-y-fuera-de-un-boliche\/","name":"Inseguridad en Pehuaj\u00f3: violenta agresi\u00f3n a j\u00f3venes dentro y fuera de un boliche - Infoecos","isPartOf":{"@id":"https:\/\/infoecos.com.ar\/#website"},"primaryImageOfPage":{"@id":"https:\/\/infoecos.com.ar\/index.php\/inseguridad-en-pehuajo-violenta-agresion-a-jovenes-dentro-y-fuera-de-un-boliche\/#primaryimage"},"image":{"@id":"https:\/\/infoecos.com.ar\/index.php\/inseguridad-en-pehuajo-violenta-agresion-a-jovenes-dentro-y-fuera-de-un-boliche\/#primaryimage"},"thumbnailUrl":"https:\/\/infoecos.com.ar\/wp-content\/uploads\/2023\/03\/334808076_919591629285334_6792153218950412009_n.jpg","datePublished":"2023-03-08T06:35:33+00:00","dateModified":"2023-03-08T06:35:33+00:00","breadcrumb":{"@id":"https:\/\/infoecos.com.ar\/index.php\/inseguridad-en-pehuajo-violenta-agresion-a-jovenes-dentro-y-fuera-de-un-boliche\/#breadcrumb"},"inLanguage":"es","potentialAction":[{"@type":"ReadAction","target":["https:\/\/infoecos.com.ar\/index.php\/inseguridad-en-pehuajo-violenta-agresion-a-jovenes-dentro-y-fuera-de-un-boliche\/"]}]},{"@type":"ImageObject","inLanguage":"es","@id":"https:\/\/infoecos.com.ar\/index.php\/inseguridad-en-pehuajo-violenta-agresion-a-jovenes-dentro-y-fuera-de-un-boliche\/#primaryimage","url":"https:\/\/infoecos.com.ar\/wp-content\/uploads\/2023\/03\/334808076_919591629285334_6792153218950412009_n.jpg","contentUrl":"https:\/\/infoecos.com.ar\/wp-content\/uploads\/2023\/03\/334808076_919591629285334_6792153218950412009_n.jpg","width":843,"height":843},{"@type":"BreadcrumbList","@id":"https:\/\/infoecos.com.ar\/index.php\/inseguridad-en-pehuajo-violenta-agresion-a-jovenes-dentro-y-fuera-de-un-boliche\/#breadcrumb","itemListElement":[{"@type":"ListItem","position":1,"name":"Portada","item":"https:\/\/infoecos.com.ar\/"},{"@type":"ListItem","position":2,"name":"Inseguridad en Pehuaj\u00f3: violenta agresi\u00f3n a j\u00f3venes dentro y fuera de un boliche"}]},{"@type":"WebSite","@id":"https:\/\/infoecos.com.ar\/#website","url":"https:\/\/infoecos.com.ar\/","name":"Infoecos","description":"Noticias de trenque lauquen y la zona","publisher":{"@id":"https:\/\/infoecos.com.ar\/#organization"},"alternateName":"Noticias","potentialAction":[{"@type":"SearchAction","target":{"@type":"EntryPoint","urlTemplate":"https:\/\/infoecos.com.ar\/?s={search_term_string}"},"query-input":{"@type":"PropertyValueSpecification","valueRequired":true,"valueName":"search_term_string"}}],"inLanguage":"es"},{"@type":"Organization","@id":"https:\/\/infoecos.com.ar\/#organization","name":"Infoecos","alternateName":"Noticias","url":"https:\/\/infoecos.com.ar\/","logo":{"@type":"ImageObject","inLanguage":"es","@id":"https:\/\/infoecos.com.ar\/#\/schema\/logo\/image\/","url":"https:\/\/infoecos.com.ar\/wp-content\/uploads\/2024\/03\/cropped-logo.png","contentUrl":"https:\/\/infoecos.com.ar\/wp-content\/uploads\/2024\/03\/cropped-logo.png","width":374,"height":90,"caption":"Infoecos"},"image":{"@id":"https:\/\/infoecos.com.ar\/#\/schema\/logo\/image\/"},"sameAs":["https:\/\/www.facebook.com\/profile.php?id=100063200290284","https:\/\/x.com\/infoecos"]},{"@type":"Person","@id":"https:\/\/infoecos.com.ar\/#\/schema\/person\/8f5ace5ce73b4b4aac4b7245aee6f191","name":"Jorge Matheus","url":"https:\/\/infoecos.com.ar\/index.php\/author\/jomatheus\/"}]}},"featured_image_urls":{"full":["https:\/\/infoecos.com.ar\/wp-content\/uploads\/2023\/03\/334808076_919591629285334_6792153218950412009_n.jpg",843,843,false],"thumbnail":["https:\/\/infoecos.com.ar\/wp-content\/uploads\/2023\/03\/334808076_919591629285334_6792153218950412009_n-300x150.jpg",300,150,true],"medium":["https:\/\/infoecos.com.ar\/wp-content\/uploads\/2023\/03\/334808076_919591629285334_6792153218950412009_n-800x800.jpg",800,800,true],"medium_large":["https:\/\/infoecos.com.ar\/wp-content\/uploads\/2023\/03\/334808076_919591629285334_6792153218950412009_n-768x768.jpg",640,640,true],"large":["https:\/\/infoecos.com.ar\/wp-content\/uploads\/2023\/03\/334808076_919591629285334_6792153218950412009_n.jpg",640,640,false],"1536x1536":["https:\/\/infoecos.com.ar\/wp-content\/uploads\/2023\/03\/334808076_919591629285334_6792153218950412009_n.jpg",843,843,false],"2048x2048":["https:\/\/infoecos.com.ar\/wp-content\/uploads\/2023\/03\/334808076_919591629285334_6792153218950412009_n.jpg",843,843,false],"covernews-slider-full":["https:\/\/infoecos.com.ar\/wp-content\/uploads\/2023\/03\/334808076_919591629285334_6792153218950412009_n.jpg",715,715,false],"covernews-slider-center":["https:\/\/infoecos.com.ar\/wp-content\/uploads\/2023\/03\/334808076_919591629285334_6792153218950412009_n.jpg",500,500,false],"covernews-featured":["https:\/\/infoecos.com.ar\/wp-content\/uploads\/2023\/03\/334808076_919591629285334_6792153218950412009_n.jpg",843,843,false],"covernews-medium":["https:\/\/infoecos.com.ar\/wp-content\/uploads\/2023\/03\/334808076_919591629285334_6792153218950412009_n-720x380.jpg",540,285,true],"covernews-medium-square":["https:\/\/infoecos.com.ar\/wp-content\/uploads\/2023\/03\/334808076_919591629285334_6792153218950412009_n-675x450.jpg",375,250,true]},"author_info":{"info":["Jorge Matheus"]},"category_info":"<a href=\"https:\/\/infoecos.com.ar\/index.php\/category\/c2nota2\/\" rel=\"category tag\">C2 N2<\/a>","tag_info":"C2 N2","comment_count":"0","_links":{"self":[{"href":"https:\/\/infoecos.com.ar\/index.php\/wp-json\/wp\/v2\/posts\/102598"}],"collection":[{"href":"https:\/\/infoecos.com.ar\/index.php\/wp-json\/wp\/v2\/posts"}],"about":[{"href":"https:\/\/infoecos.com.ar\/index.php\/wp-json\/wp\/v2\/types\/post"}],"author":[{"embeddable":true,"href":"https:\/\/infoecos.com.ar\/index.php\/wp-json\/wp\/v2\/users\/2"}],"replies":[{"embeddable":true,"href":"https:\/\/infoecos.com.ar\/index.php\/wp-json\/wp\/v2\/comments?post=102598"}],"version-history":[{"count":1,"href":"https:\/\/infoecos.com.ar\/index.php\/wp-json\/wp\/v2\/posts\/102598\/revisions"}],"predecessor-version":[{"id":102601,"href":"https:\/\/infoecos.com.ar\/index.php\/wp-json\/wp\/v2\/posts\/102598\/revisions\/102601"}],"wp:featuredmedia":[{"embeddable":true,"href":"https:\/\/infoecos.com.ar\/index.php\/wp-json\/wp\/v2\/media\/102599"}],"wp:attachment":[{"href":"https:\/\/infoecos.com.ar\/index.php\/wp-json\/wp\/v2\/media?parent=102598"}],"wp:term":[{"taxonomy":"category","embeddable":true,"href":"https:\/\/infoecos.com.ar\/index.php\/wp-json\/wp\/v2\/categories?post=102598"},{"taxonomy":"post_tag","embeddable":true,"href":"https:\/\/infoecos.com.ar\/index.php\/wp-json\/wp\/v2\/tags?post=102598"}],"curies":[{"name":"wp","href":"https:\/\/api.w.org\/{rel}","templated":true}]}}