{"id":102676,"date":"2023-03-09T21:55:11","date_gmt":"2023-03-10T00:55:11","guid":{"rendered":"https:\/\/infoecos.com.ar\/?p=102676"},"modified":"2023-03-10T11:26:39","modified_gmt":"2023-03-10T14:26:39","slug":"concejal-de-carhue-recurre-a-la-defensoria-del-pueblo-para-recuerar-a-la-mona-panchita","status":"publish","type":"post","link":"https:\/\/infoecos.com.ar\/index.php\/concejal-de-carhue-recurre-a-la-defensoria-del-pueblo-para-recuerar-a-la-mona-panchita\/","title":{"rendered":"Concejal de Carhu\u00e9 recurre a la Defensor\u00eda del Pueblo para recuperar a la Mona \u00abPanchita\u00bb"},"content":{"rendered":"\n<p>La Concejal de Iniciativa Vecinal de Adolfo Alsina, Mary Stevssel resolvi\u00f3 recurrir a la Defensor\u00eda del Pueblo a los fines de recuperar la \u00abpotestad\u00bb de la Mona Panchita que fuera interdictada por el  Departamento de Delitos Ambientales de la Polic\u00eda Federal Argentina en una acci\u00f3n que orden\u00f3 el Juzgado Federal con asiento en la ciudad de Pehuaj\u00f3. <\/p>\n\n\n\n<figure class=\"wp-block-image aligncenter size-full is-resized\"><img loading=\"lazy\" decoding=\"async\" src=\"https:\/\/infoecos.com.ar\/wp-content\/uploads\/2023\/03\/FotoJet-4.jpg\" alt=\"\" class=\"wp-image-102677\" width=\"528\" height=\"301\" srcset=\"https:\/\/infoecos.com.ar\/wp-content\/uploads\/2023\/03\/FotoJet-4.jpg 1060w, https:\/\/infoecos.com.ar\/wp-content\/uploads\/2023\/03\/FotoJet-4-800x457.jpg 800w, https:\/\/infoecos.com.ar\/wp-content\/uploads\/2023\/03\/FotoJet-4-768x438.jpg 768w, https:\/\/infoecos.com.ar\/wp-content\/uploads\/2023\/03\/FotoJet-4-1024x584.jpg 1024w\" sizes=\"(max-width: 528px) 100vw, 528px\" \/><\/figure>\n\n\n\n<p>La edil a trav\u00e9s de las redes sociales expuso que \u00abla Defensor\u00eda tiene un \u00e1rea de Derecho Animal con profesionales y personal especializados en el tema y en el cual evaluar\u00e1n el hecho de modo m\u00e1s riguroso con la finalidad de revertir el caso y con el objetivo final de recuperar la \u00abPotestad\u00bb sobre Panchita\u00bb. <\/p>\n\n\n\n<p>\u00abPanchita\u00bb fue trasladada a las instalaciones de un centro de rehabilitaci\u00f3n y conservaci\u00f3n de primates, ubicado en La Cumbre, provincia de C\u00f3rdoba, se supo este jueves.<\/p>\n\n\n\n<p>La edil ha manifestado que&nbsp;<em><strong>\u00abdestaco la atenci\u00f3n y empat\u00eda brindada sobre todo por la Defensor\u00eda del Pueblo con sede en Bah\u00eda Blanca, d\u00e1ndome la tranquilidad de entender plenamente la situaci\u00f3n y que ellos tienen un \u00e1rea de DERECHO ANIMAL con profesionales y personal especializados en el tema y en el cual evaluar\u00e1n el hecho de modo m\u00e1s riguroso con la finalidad de revertir el caso con hechos reales, ciertos, concretos y con el objetivo final de recuperar la \u00abPotestad\u00bb sobre Panchita para SU FAMILIA DE SIEMPRELa pretensi\u00f3n del organismo es \u00e9sa. Que vuelva con Alberto y su se\u00f1ora y a su casa<\/strong>\u00ab.<\/em><\/p>\n\n\n\n<p><em><strong>\u00abEs fundamental, valioso e importante toda la movida del pueblo que se produjo en forma masiva y natural, contenci\u00f3n, marchas, publicaciones porque realmente \u00e9so moviliza, permite que mucha mucha gente conozca la historia real, fiel, sincera. Panchita no puede hablar, ni elegir un abogado para contar su historia, pero sus emociones y afectos superan la humana( su llanto\u2026.ped\u00eda ayuda a gritos y hablaban de la falta de consideraci\u00f3n hacia ella)<\/strong><\/em>\u00ab, se\u00f1al\u00f3 en declaraciones que publica el sitio diarioderivera.com.ar.<\/p>\n\n\n\n<figure class=\"wp-block-image aligncenter size-full is-resized\"><img loading=\"lazy\" decoding=\"async\" src=\"https:\/\/infoecos.com.ar\/wp-content\/uploads\/2023\/03\/334606951_546795937292344_738421689848153416_n.jpg\" alt=\"\" class=\"wp-image-102678\" width=\"509\" height=\"229\" srcset=\"https:\/\/infoecos.com.ar\/wp-content\/uploads\/2023\/03\/334606951_546795937292344_738421689848153416_n.jpg 1160w, https:\/\/infoecos.com.ar\/wp-content\/uploads\/2023\/03\/334606951_546795937292344_738421689848153416_n-800x360.jpg 800w, https:\/\/infoecos.com.ar\/wp-content\/uploads\/2023\/03\/334606951_546795937292344_738421689848153416_n-768x346.jpg 768w, https:\/\/infoecos.com.ar\/wp-content\/uploads\/2023\/03\/334606951_546795937292344_738421689848153416_n-1024x461.jpg 1024w\" sizes=\"(max-width: 509px) 100vw, 509px\" \/><\/figure>\n\n\n\n<p>Finalmente expres\u00f3&nbsp;que <strong><em>\u00abPor eso todos lucharemos por ella, nuestra lucha y defensa es aut\u00e9ntica y la pelearemos con demostraciones y hechos reales \u2026NO COMO SE REALIZO LA DENUNCIA EN FORMA ANONIMA\u2026..EL ANONIMATO ES COBARD\u00cdA PURA, por eso yo creo y tengo mucha f\u00e9 que triunfar\u00e1 lo BUENO.Sigamos juntando firmas tambi\u00e9n\u2026.porque ayudar\u00e1n mucho a que el Pueblo y la familia Sallago sean escuchados y atendidos en su situaci\u00f3n<\/em>\u00ab<\/strong>.<\/p>\n","protected":false},"excerpt":{"rendered":"<p>La mascota fue trasladada por el Departamento de Delitos Ambientales de la Polic\u00eda Federal Argentina en una acci\u00f3n que orden\u00f3 el Juzgado Federal con asiento en Pehuaj\u00f3<\/p>\n","protected":false},"author":2,"featured_media":102677,"comment_status":"closed","ping_status":"open","sticky":false,"template":"","format":"standard","meta":{"footnotes":""},"categories":[29],"tags":[7484],"class_list":["post-102676","post","type-post","status-publish","format-standard","has-post-thumbnail","hentry","category-c2nota1","tag-panchita-esta-en-cordoba"],"yoast_head":"<!-- This site is optimized with the Yoast SEO plugin v23.4 - https:\/\/yoast.com\/wordpress\/plugins\/seo\/ -->\n<title>Concejal de Carhu\u00e9 recurre a la Defensor\u00eda del Pueblo para recuperar a la Mona &quot;Panchita&quot; - Infoecos<\/title>\n<meta name=\"robots\" content=\"index, follow, max-snippet:-1, max-image-preview:large, max-video-preview:-1\" \/>\n<link rel=\"canonical\" href=\"https:\/\/infoecos.com.ar\/index.php\/concejal-de-carhue-recurre-a-la-defensoria-del-pueblo-para-recuerar-a-la-mona-panchita\/\" \/>\n<meta property=\"og:locale\" content=\"es_ES\" \/>\n<meta property=\"og:type\" content=\"article\" \/>\n<meta property=\"og:title\" content=\"Concejal de Carhu\u00e9 recurre a la Defensor\u00eda del Pueblo para recuperar a la Mona &quot;Panchita&quot; - Infoecos\" \/>\n<meta property=\"og:description\" content=\"La mascota fue trasladada por el Departamento de Delitos Ambientales de la Polic\u00eda Federal Argentina en una acci\u00f3n que orden\u00f3 el Juzgado Federal con asiento en Pehuaj\u00f3\" \/>\n<meta property=\"og:url\" content=\"https:\/\/infoecos.com.ar\/index.php\/concejal-de-carhue-recurre-a-la-defensoria-del-pueblo-para-recuerar-a-la-mona-panchita\/\" \/>\n<meta property=\"og:site_name\" content=\"Infoecos\" \/>\n<meta property=\"article:publisher\" content=\"https:\/\/www.facebook.com\/profile.php?id=100063200290284\" \/>\n<meta property=\"article:published_time\" content=\"2023-03-10T00:55:11+00:00\" \/>\n<meta property=\"article:modified_time\" content=\"2023-03-10T14:26:39+00:00\" \/>\n<meta property=\"og:image\" content=\"https:\/\/infoecos.com.ar\/wp-content\/uploads\/2023\/03\/FotoJet-4.jpg\" \/>\n\t<meta property=\"og:image:width\" content=\"1060\" \/>\n\t<meta property=\"og:image:height\" content=\"605\" \/>\n\t<meta property=\"og:image:type\" content=\"image\/jpeg\" \/>\n<meta name=\"author\" content=\"Jorge Matheus\" \/>\n<meta name=\"twitter:card\" content=\"summary_large_image\" \/>\n<meta name=\"twitter:creator\" content=\"@infoecos\" \/>\n<meta name=\"twitter:site\" content=\"@infoecos\" \/>\n<meta name=\"twitter:label1\" content=\"Escrito por\" \/>\n\t<meta name=\"twitter:data1\" content=\"Jorge Matheus\" \/>\n\t<meta name=\"twitter:label2\" content=\"Tiempo de lectura\" \/>\n\t<meta name=\"twitter:data2\" content=\"3 minutos\" \/>\n<script type=\"application\/ld+json\" class=\"yoast-schema-graph\">{\"@context\":\"https:\/\/schema.org\",\"@graph\":[{\"@type\":\"Article\",\"@id\":\"https:\/\/infoecos.com.ar\/index.php\/concejal-de-carhue-recurre-a-la-defensoria-del-pueblo-para-recuerar-a-la-mona-panchita\/#article\",\"isPartOf\":{\"@id\":\"https:\/\/infoecos.com.ar\/index.php\/concejal-de-carhue-recurre-a-la-defensoria-del-pueblo-para-recuerar-a-la-mona-panchita\/\"},\"author\":{\"name\":\"Jorge Matheus\",\"@id\":\"https:\/\/infoecos.com.ar\/#\/schema\/person\/8f5ace5ce73b4b4aac4b7245aee6f191\"},\"headline\":\"Concejal de Carhu\u00e9 recurre a la Defensor\u00eda del Pueblo para recuperar a la Mona \u00abPanchita\u00bb\",\"datePublished\":\"2023-03-10T00:55:11+00:00\",\"dateModified\":\"2023-03-10T14:26:39+00:00\",\"mainEntityOfPage\":{\"@id\":\"https:\/\/infoecos.com.ar\/index.php\/concejal-de-carhue-recurre-a-la-defensoria-del-pueblo-para-recuerar-a-la-mona-panchita\/\"},\"wordCount\":440,\"publisher\":{\"@id\":\"https:\/\/infoecos.com.ar\/#organization\"},\"image\":{\"@id\":\"https:\/\/infoecos.com.ar\/index.php\/concejal-de-carhue-recurre-a-la-defensoria-del-pueblo-para-recuerar-a-la-mona-panchita\/#primaryimage\"},\"thumbnailUrl\":\"https:\/\/infoecos.com.ar\/wp-content\/uploads\/2023\/03\/FotoJet-4.jpg\",\"keywords\":[\"PANCHITA EST\u00c1 EN C\u00d3RDOBA\"],\"articleSection\":[\"C2 nota 1\"],\"inLanguage\":\"es\"},{\"@type\":\"WebPage\",\"@id\":\"https:\/\/infoecos.com.ar\/index.php\/concejal-de-carhue-recurre-a-la-defensoria-del-pueblo-para-recuerar-a-la-mona-panchita\/\",\"url\":\"https:\/\/infoecos.com.ar\/index.php\/concejal-de-carhue-recurre-a-la-defensoria-del-pueblo-para-recuerar-a-la-mona-panchita\/\",\"name\":\"Concejal de Carhu\u00e9 recurre a la Defensor\u00eda del Pueblo para recuperar a la Mona \\\"Panchita\\\" - Infoecos\",\"isPartOf\":{\"@id\":\"https:\/\/infoecos.com.ar\/#website\"},\"primaryImageOfPage\":{\"@id\":\"https:\/\/infoecos.com.ar\/index.php\/concejal-de-carhue-recurre-a-la-defensoria-del-pueblo-para-recuerar-a-la-mona-panchita\/#primaryimage\"},\"image\":{\"@id\":\"https:\/\/infoecos.com.ar\/index.php\/concejal-de-carhue-recurre-a-la-defensoria-del-pueblo-para-recuerar-a-la-mona-panchita\/#primaryimage\"},\"thumbnailUrl\":\"https:\/\/infoecos.com.ar\/wp-content\/uploads\/2023\/03\/FotoJet-4.jpg\",\"datePublished\":\"2023-03-10T00:55:11+00:00\",\"dateModified\":\"2023-03-10T14:26:39+00:00\",\"breadcrumb\":{\"@id\":\"https:\/\/infoecos.com.ar\/index.php\/concejal-de-carhue-recurre-a-la-defensoria-del-pueblo-para-recuerar-a-la-mona-panchita\/#breadcrumb\"},\"inLanguage\":\"es\",\"potentialAction\":[{\"@type\":\"ReadAction\",\"target\":[\"https:\/\/infoecos.com.ar\/index.php\/concejal-de-carhue-recurre-a-la-defensoria-del-pueblo-para-recuerar-a-la-mona-panchita\/\"]}]},{\"@type\":\"ImageObject\",\"inLanguage\":\"es\",\"@id\":\"https:\/\/infoecos.com.ar\/index.php\/concejal-de-carhue-recurre-a-la-defensoria-del-pueblo-para-recuerar-a-la-mona-panchita\/#primaryimage\",\"url\":\"https:\/\/infoecos.com.ar\/wp-content\/uploads\/2023\/03\/FotoJet-4.jpg\",\"contentUrl\":\"https:\/\/infoecos.com.ar\/wp-content\/uploads\/2023\/03\/FotoJet-4.jpg\",\"width\":1060,\"height\":605},{\"@type\":\"BreadcrumbList\",\"@id\":\"https:\/\/infoecos.com.ar\/index.php\/concejal-de-carhue-recurre-a-la-defensoria-del-pueblo-para-recuerar-a-la-mona-panchita\/#breadcrumb\",\"itemListElement\":[{\"@type\":\"ListItem\",\"position\":1,\"name\":\"Portada\",\"item\":\"https:\/\/infoecos.com.ar\/\"},{\"@type\":\"ListItem\",\"position\":2,\"name\":\"Concejal de Carhu\u00e9 recurre a la Defensor\u00eda del Pueblo para recuperar a la Mona \u00abPanchita\u00bb\"}]},{\"@type\":\"WebSite\",\"@id\":\"https:\/\/infoecos.com.ar\/#website\",\"url\":\"https:\/\/infoecos.com.ar\/\",\"name\":\"Infoecos\",\"description\":\"Noticias de trenque lauquen y la zona\",\"publisher\":{\"@id\":\"https:\/\/infoecos.com.ar\/#organization\"},\"alternateName\":\"Noticias\",\"potentialAction\":[{\"@type\":\"SearchAction\",\"target\":{\"@type\":\"EntryPoint\",\"urlTemplate\":\"https:\/\/infoecos.com.ar\/?s={search_term_string}\"},\"query-input\":{\"@type\":\"PropertyValueSpecification\",\"valueRequired\":true,\"valueName\":\"search_term_string\"}}],\"inLanguage\":\"es\"},{\"@type\":\"Organization\",\"@id\":\"https:\/\/infoecos.com.ar\/#organization\",\"name\":\"Infoecos\",\"alternateName\":\"Noticias\",\"url\":\"https:\/\/infoecos.com.ar\/\",\"logo\":{\"@type\":\"ImageObject\",\"inLanguage\":\"es\",\"@id\":\"https:\/\/infoecos.com.ar\/#\/schema\/logo\/image\/\",\"url\":\"https:\/\/infoecos.com.ar\/wp-content\/uploads\/2024\/03\/cropped-logo.png\",\"contentUrl\":\"https:\/\/infoecos.com.ar\/wp-content\/uploads\/2024\/03\/cropped-logo.png\",\"width\":374,\"height\":90,\"caption\":\"Infoecos\"},\"image\":{\"@id\":\"https:\/\/infoecos.com.ar\/#\/schema\/logo\/image\/\"},\"sameAs\":[\"https:\/\/www.facebook.com\/profile.php?id=100063200290284\",\"https:\/\/x.com\/infoecos\"]},{\"@type\":\"Person\",\"@id\":\"https:\/\/infoecos.com.ar\/#\/schema\/person\/8f5ace5ce73b4b4aac4b7245aee6f191\",\"name\":\"Jorge Matheus\",\"url\":\"https:\/\/infoecos.com.ar\/index.php\/author\/jomatheus\/\"}]}<\/script>\n<!-- \/ Yoast SEO plugin. -->","yoast_head_json":{"title":"Concejal de Carhu\u00e9 recurre a la Defensor\u00eda del Pueblo para recuperar a la Mona \"Panchita\" - Infoecos","robots":{"index":"index","follow":"follow","max-snippet":"max-snippet:-1","max-image-preview":"max-image-preview:large","max-video-preview":"max-video-preview:-1"},"canonical":"https:\/\/infoecos.com.ar\/index.php\/concejal-de-carhue-recurre-a-la-defensoria-del-pueblo-para-recuerar-a-la-mona-panchita\/","og_locale":"es_ES","og_type":"article","og_title":"Concejal de Carhu\u00e9 recurre a la Defensor\u00eda del Pueblo para recuperar a la Mona \"Panchita\" - Infoecos","og_description":"La mascota fue trasladada por el Departamento de Delitos Ambientales de la Polic\u00eda Federal Argentina en una acci\u00f3n que orden\u00f3 el Juzgado Federal con asiento en Pehuaj\u00f3","og_url":"https:\/\/infoecos.com.ar\/index.php\/concejal-de-carhue-recurre-a-la-defensoria-del-pueblo-para-recuerar-a-la-mona-panchita\/","og_site_name":"Infoecos","article_publisher":"https:\/\/www.facebook.com\/profile.php?id=100063200290284","article_published_time":"2023-03-10T00:55:11+00:00","article_modified_time":"2023-03-10T14:26:39+00:00","og_image":[{"width":1060,"height":605,"url":"https:\/\/infoecos.com.ar\/wp-content\/uploads\/2023\/03\/FotoJet-4.jpg","type":"image\/jpeg"}],"author":"Jorge Matheus","twitter_card":"summary_large_image","twitter_creator":"@infoecos","twitter_site":"@infoecos","twitter_misc":{"Escrito por":"Jorge Matheus","Tiempo de lectura":"3 minutos"},"schema":{"@context":"https:\/\/schema.org","@graph":[{"@type":"Article","@id":"https:\/\/infoecos.com.ar\/index.php\/concejal-de-carhue-recurre-a-la-defensoria-del-pueblo-para-recuerar-a-la-mona-panchita\/#article","isPartOf":{"@id":"https:\/\/infoecos.com.ar\/index.php\/concejal-de-carhue-recurre-a-la-defensoria-del-pueblo-para-recuerar-a-la-mona-panchita\/"},"author":{"name":"Jorge Matheus","@id":"https:\/\/infoecos.com.ar\/#\/schema\/person\/8f5ace5ce73b4b4aac4b7245aee6f191"},"headline":"Concejal de Carhu\u00e9 recurre a la Defensor\u00eda del Pueblo para recuperar a la Mona \u00abPanchita\u00bb","datePublished":"2023-03-10T00:55:11+00:00","dateModified":"2023-03-10T14:26:39+00:00","mainEntityOfPage":{"@id":"https:\/\/infoecos.com.ar\/index.php\/concejal-de-carhue-recurre-a-la-defensoria-del-pueblo-para-recuerar-a-la-mona-panchita\/"},"wordCount":440,"publisher":{"@id":"https:\/\/infoecos.com.ar\/#organization"},"image":{"@id":"https:\/\/infoecos.com.ar\/index.php\/concejal-de-carhue-recurre-a-la-defensoria-del-pueblo-para-recuerar-a-la-mona-panchita\/#primaryimage"},"thumbnailUrl":"https:\/\/infoecos.com.ar\/wp-content\/uploads\/2023\/03\/FotoJet-4.jpg","keywords":["PANCHITA EST\u00c1 EN C\u00d3RDOBA"],"articleSection":["C2 nota 1"],"inLanguage":"es"},{"@type":"WebPage","@id":"https:\/\/infoecos.com.ar\/index.php\/concejal-de-carhue-recurre-a-la-defensoria-del-pueblo-para-recuerar-a-la-mona-panchita\/","url":"https:\/\/infoecos.com.ar\/index.php\/concejal-de-carhue-recurre-a-la-defensoria-del-pueblo-para-recuerar-a-la-mona-panchita\/","name":"Concejal de Carhu\u00e9 recurre a la Defensor\u00eda del Pueblo para recuperar a la Mona \"Panchita\" - Infoecos","isPartOf":{"@id":"https:\/\/infoecos.com.ar\/#website"},"primaryImageOfPage":{"@id":"https:\/\/infoecos.com.ar\/index.php\/concejal-de-carhue-recurre-a-la-defensoria-del-pueblo-para-recuerar-a-la-mona-panchita\/#primaryimage"},"image":{"@id":"https:\/\/infoecos.com.ar\/index.php\/concejal-de-carhue-recurre-a-la-defensoria-del-pueblo-para-recuerar-a-la-mona-panchita\/#primaryimage"},"thumbnailUrl":"https:\/\/infoecos.com.ar\/wp-content\/uploads\/2023\/03\/FotoJet-4.jpg","datePublished":"2023-03-10T00:55:11+00:00","dateModified":"2023-03-10T14:26:39+00:00","breadcrumb":{"@id":"https:\/\/infoecos.com.ar\/index.php\/concejal-de-carhue-recurre-a-la-defensoria-del-pueblo-para-recuerar-a-la-mona-panchita\/#breadcrumb"},"inLanguage":"es","potentialAction":[{"@type":"ReadAction","target":["https:\/\/infoecos.com.ar\/index.php\/concejal-de-carhue-recurre-a-la-defensoria-del-pueblo-para-recuerar-a-la-mona-panchita\/"]}]},{"@type":"ImageObject","inLanguage":"es","@id":"https:\/\/infoecos.com.ar\/index.php\/concejal-de-carhue-recurre-a-la-defensoria-del-pueblo-para-recuerar-a-la-mona-panchita\/#primaryimage","url":"https:\/\/infoecos.com.ar\/wp-content\/uploads\/2023\/03\/FotoJet-4.jpg","contentUrl":"https:\/\/infoecos.com.ar\/wp-content\/uploads\/2023\/03\/FotoJet-4.jpg","width":1060,"height":605},{"@type":"BreadcrumbList","@id":"https:\/\/infoecos.com.ar\/index.php\/concejal-de-carhue-recurre-a-la-defensoria-del-pueblo-para-recuerar-a-la-mona-panchita\/#breadcrumb","itemListElement":[{"@type":"ListItem","position":1,"name":"Portada","item":"https:\/\/infoecos.com.ar\/"},{"@type":"ListItem","position":2,"name":"Concejal de Carhu\u00e9 recurre a la Defensor\u00eda del Pueblo para recuperar a la Mona \u00abPanchita\u00bb"}]},{"@type":"WebSite","@id":"https:\/\/infoecos.com.ar\/#website","url":"https:\/\/infoecos.com.ar\/","name":"Infoecos","description":"Noticias de trenque lauquen y la zona","publisher":{"@id":"https:\/\/infoecos.com.ar\/#organization"},"alternateName":"Noticias","potentialAction":[{"@type":"SearchAction","target":{"@type":"EntryPoint","urlTemplate":"https:\/\/infoecos.com.ar\/?s={search_term_string}"},"query-input":{"@type":"PropertyValueSpecification","valueRequired":true,"valueName":"search_term_string"}}],"inLanguage":"es"},{"@type":"Organization","@id":"https:\/\/infoecos.com.ar\/#organization","name":"Infoecos","alternateName":"Noticias","url":"https:\/\/infoecos.com.ar\/","logo":{"@type":"ImageObject","inLanguage":"es","@id":"https:\/\/infoecos.com.ar\/#\/schema\/logo\/image\/","url":"https:\/\/infoecos.com.ar\/wp-content\/uploads\/2024\/03\/cropped-logo.png","contentUrl":"https:\/\/infoecos.com.ar\/wp-content\/uploads\/2024\/03\/cropped-logo.png","width":374,"height":90,"caption":"Infoecos"},"image":{"@id":"https:\/\/infoecos.com.ar\/#\/schema\/logo\/image\/"},"sameAs":["https:\/\/www.facebook.com\/profile.php?id=100063200290284","https:\/\/x.com\/infoecos"]},{"@type":"Person","@id":"https:\/\/infoecos.com.ar\/#\/schema\/person\/8f5ace5ce73b4b4aac4b7245aee6f191","name":"Jorge Matheus","url":"https:\/\/infoecos.com.ar\/index.php\/author\/jomatheus\/"}]}},"featured_image_urls":{"full":["https:\/\/infoecos.com.ar\/wp-content\/uploads\/2023\/03\/FotoJet-4.jpg",1060,605,false],"thumbnail":["https:\/\/infoecos.com.ar\/wp-content\/uploads\/2023\/03\/FotoJet-4-300x150.jpg",300,150,true],"medium":["https:\/\/infoecos.com.ar\/wp-content\/uploads\/2023\/03\/FotoJet-4-800x457.jpg",800,457,true],"medium_large":["https:\/\/infoecos.com.ar\/wp-content\/uploads\/2023\/03\/FotoJet-4-768x438.jpg",640,365,true],"large":["https:\/\/infoecos.com.ar\/wp-content\/uploads\/2023\/03\/FotoJet-4.jpg",640,365,false],"1536x1536":["https:\/\/infoecos.com.ar\/wp-content\/uploads\/2023\/03\/FotoJet-4.jpg",1060,605,false],"2048x2048":["https:\/\/infoecos.com.ar\/wp-content\/uploads\/2023\/03\/FotoJet-4.jpg",1060,605,false],"covernews-slider-full":["https:\/\/infoecos.com.ar\/wp-content\/uploads\/2023\/03\/FotoJet-4.jpg",1060,605,false],"covernews-slider-center":["https:\/\/infoecos.com.ar\/wp-content\/uploads\/2023\/03\/FotoJet-4-936x605.jpg",774,500,true],"covernews-featured":["https:\/\/infoecos.com.ar\/wp-content\/uploads\/2023\/03\/FotoJet-4-1024x584.jpg",1024,584,true],"covernews-medium":["https:\/\/infoecos.com.ar\/wp-content\/uploads\/2023\/03\/FotoJet-4-720x380.jpg",540,285,true],"covernews-medium-square":["https:\/\/infoecos.com.ar\/wp-content\/uploads\/2023\/03\/FotoJet-4-675x450.jpg",375,250,true]},"author_info":{"info":["Jorge Matheus"]},"category_info":"<a href=\"https:\/\/infoecos.com.ar\/index.php\/category\/c2nota1\/\" rel=\"category tag\">C2 nota 1<\/a>","tag_info":"C2 nota 1","comment_count":"0","_links":{"self":[{"href":"https:\/\/infoecos.com.ar\/index.php\/wp-json\/wp\/v2\/posts\/102676"}],"collection":[{"href":"https:\/\/infoecos.com.ar\/index.php\/wp-json\/wp\/v2\/posts"}],"about":[{"href":"https:\/\/infoecos.com.ar\/index.php\/wp-json\/wp\/v2\/types\/post"}],"author":[{"embeddable":true,"href":"https:\/\/infoecos.com.ar\/index.php\/wp-json\/wp\/v2\/users\/2"}],"replies":[{"embeddable":true,"href":"https:\/\/infoecos.com.ar\/index.php\/wp-json\/wp\/v2\/comments?post=102676"}],"version-history":[{"count":2,"href":"https:\/\/infoecos.com.ar\/index.php\/wp-json\/wp\/v2\/posts\/102676\/revisions"}],"predecessor-version":[{"id":102696,"href":"https:\/\/infoecos.com.ar\/index.php\/wp-json\/wp\/v2\/posts\/102676\/revisions\/102696"}],"wp:featuredmedia":[{"embeddable":true,"href":"https:\/\/infoecos.com.ar\/index.php\/wp-json\/wp\/v2\/media\/102677"}],"wp:attachment":[{"href":"https:\/\/infoecos.com.ar\/index.php\/wp-json\/wp\/v2\/media?parent=102676"}],"wp:term":[{"taxonomy":"category","embeddable":true,"href":"https:\/\/infoecos.com.ar\/index.php\/wp-json\/wp\/v2\/categories?post=102676"},{"taxonomy":"post_tag","embeddable":true,"href":"https:\/\/infoecos.com.ar\/index.php\/wp-json\/wp\/v2\/tags?post=102676"}],"curies":[{"name":"wp","href":"https:\/\/api.w.org\/{rel}","templated":true}]}}